{"id":1011,"date":"2023-05-26T18:18:12","date_gmt":"2023-05-26T16:18:12","guid":{"rendered":"https:\/\/eglisecatholiqueniger.org\/?p=1011"},"modified":"2023-05-26T18:19:18","modified_gmt":"2023-05-26T16:19:18","slug":"une-catechese-qui-forme-et-transforme","status":"publish","type":"post","link":"https:\/\/eglisecatholiqueniger.org\/index.php\/2023\/05\/26\/une-catechese-qui-forme-et-transforme\/","title":{"rendered":"UNE CAT\u00c9CH\u00c8SE QUI FORME ET TRANSFORME"},"content":{"rendered":"<div class=\"x11i5rnm xat24cr x1mh8g0r x1vvkbs xtlvy1s x126k92a\">\n<div dir=\"auto\"><\/div>\n<div dir=\"auto\"><\/div>\n<div dir=\"auto\"><img loading=\"lazy\" decoding=\"async\" class=\"alignnone size-medium wp-image-1012\" src=\"http:\/\/eglisecatholiqueniger.org\/wp-content\/uploads\/2023\/05\/02-300x200.jpg\" alt=\"\" width=\"300\" height=\"200\" srcset=\"https:\/\/eglisecatholiqueniger.org\/wp-content\/uploads\/2023\/05\/02-300x200.jpg 300w, https:\/\/eglisecatholiqueniger.org\/wp-content\/uploads\/2023\/05\/02-274x183.jpg 274w, https:\/\/eglisecatholiqueniger.org\/wp-content\/uploads\/2023\/05\/02-80x54.jpg 80w, https:\/\/eglisecatholiqueniger.org\/wp-content\/uploads\/2023\/05\/02-130x87.jpg 130w, https:\/\/eglisecatholiqueniger.org\/wp-content\/uploads\/2023\/05\/02-359x240.jpg 359w, https:\/\/eglisecatholiqueniger.org\/wp-content\/uploads\/2023\/05\/02-85x57.jpg 85w, https:\/\/eglisecatholiqueniger.org\/wp-content\/uploads\/2023\/05\/02-546x365.jpg 546w, https:\/\/eglisecatholiqueniger.org\/wp-content\/uploads\/2023\/05\/02-165x109.jpg 165w, https:\/\/eglisecatholiqueniger.org\/wp-content\/uploads\/2023\/05\/02-347x233.jpg 347w, https:\/\/eglisecatholiqueniger.org\/wp-content\/uploads\/2023\/05\/02-112x75.jpg 112w, https:\/\/eglisecatholiqueniger.org\/wp-content\/uploads\/2023\/05\/02-179x120.jpg 179w, https:\/\/eglisecatholiqueniger.org\/wp-content\/uploads\/2023\/05\/02-170x113.jpg 170w, https:\/\/eglisecatholiqueniger.org\/wp-content\/uploads\/2023\/05\/02-81x55.jpg 81w, https:\/\/eglisecatholiqueniger.org\/wp-content\/uploads\/2023\/05\/02-765x510.jpg 765w, https:\/\/eglisecatholiqueniger.org\/wp-content\/uploads\/2023\/05\/02.jpg 640w\" sizes=\"auto, (max-width: 300px) 100vw, 300px\" \/><img loading=\"lazy\" decoding=\"async\" class=\"alignnone size-medium wp-image-1014\" src=\"http:\/\/eglisecatholiqueniger.org\/wp-content\/uploads\/2023\/05\/04-300x200.jpg\" alt=\"\" width=\"300\" height=\"200\" srcset=\"https:\/\/eglisecatholiqueniger.org\/wp-content\/uploads\/2023\/05\/04-300x200.jpg 300w, https:\/\/eglisecatholiqueniger.org\/wp-content\/uploads\/2023\/05\/04-274x183.jpg 274w, https:\/\/eglisecatholiqueniger.org\/wp-content\/uploads\/2023\/05\/04-80x54.jpg 80w, https:\/\/eglisecatholiqueniger.org\/wp-content\/uploads\/2023\/05\/04-130x87.jpg 130w, https:\/\/eglisecatholiqueniger.org\/wp-content\/uploads\/2023\/05\/04-359x240.jpg 359w, https:\/\/eglisecatholiqueniger.org\/wp-content\/uploads\/2023\/05\/04-85x57.jpg 85w, https:\/\/eglisecatholiqueniger.org\/wp-content\/uploads\/2023\/05\/04-546x365.jpg 546w, https:\/\/eglisecatholiqueniger.org\/wp-content\/uploads\/2023\/05\/04-165x109.jpg 165w, https:\/\/eglisecatholiqueniger.org\/wp-content\/uploads\/2023\/05\/04-347x233.jpg 347w, https:\/\/eglisecatholiqueniger.org\/wp-content\/uploads\/2023\/05\/04-112x75.jpg 112w, https:\/\/eglisecatholiqueniger.org\/wp-content\/uploads\/2023\/05\/04-179x120.jpg 179w, https:\/\/eglisecatholiqueniger.org\/wp-content\/uploads\/2023\/05\/04-170x113.jpg 170w, https:\/\/eglisecatholiqueniger.org\/wp-content\/uploads\/2023\/05\/04-81x55.jpg 81w, https:\/\/eglisecatholiqueniger.org\/wp-content\/uploads\/2023\/05\/04-765x510.jpg 765w, https:\/\/eglisecatholiqueniger.org\/wp-content\/uploads\/2023\/05\/04.jpg 640w\" sizes=\"auto, (max-width: 300px) 100vw, 300px\" \/>La Cath\u00e9drale Notre Dame du Perp\u00e9tuel Secours de Niamey a eu le privil\u00e8ge d&rsquo;abriter le dimanche 21 mai 2023 la c\u00e9l\u00e9bration de la toue premi\u00e8re journ\u00e9e dioc\u00e9saine de la cat\u00e9ch\u00e8se . La Sainte Eucharistie qui a d\u00e9but\u00e9e \u00e0 9 h tr\u00e8s pr\u00e9cise et r\u00e9unie Toute l\u2019\u00c9glise, a \u00e9t\u00e9 onctueusement pr\u00e9sid\u00e9e par Monseigneur Laurent LOMPO, Archev\u00eaque de Niamey et conc\u00e9l\u00e9br\u00e9 par une dizaine de pr\u00eatres.<\/div>\n<div dir=\"auto\">Religieux, religieuses et Cat\u00e9chistes venus des paroisses des diff\u00e9rents secteurs de l&rsquo;Archidioc\u00e8se et les fid\u00e8les ont r\u00e9pondus massivement pr\u00e9sents au rendez-vous de cet \u00e9v\u00e8nement de foi au point ou la cath\u00e9drale \u00e9tait devenue trop exig\u00fce pour contenir tout le monde.<\/div>\n<div dir=\"auto\">Monseigneur Laurent LOMPO dans son hom\u00e9lie a montr\u00e9 que le th\u00e8me choisi pour la journ\u00e9e:&lt;&lt;Pour une Cat\u00e9ch\u00e8se qui forme et transforme&gt;&gt; est parfaitement en harmonie avec celui de cette ann\u00e9e pastorale&lt;&lt; \u00c9glise &#8211; famille de Dieu,\u00e0 travers un la\u00efcat form\u00e9 engage &#8211; toi pour la transformation de ton milieu&gt;&gt;.<\/div>\n<div dir=\"auto\"><\/div>\n<div dir=\"auto\"><img loading=\"lazy\" decoding=\"async\" class=\"alignnone size-medium wp-image-1016\" src=\"http:\/\/eglisecatholiqueniger.org\/wp-content\/uploads\/2023\/05\/Cate.00016-300x200.jpg\" alt=\"\" width=\"300\" height=\"200\" srcset=\"https:\/\/eglisecatholiqueniger.org\/wp-content\/uploads\/2023\/05\/Cate.00016-300x200.jpg 300w, https:\/\/eglisecatholiqueniger.org\/wp-content\/uploads\/2023\/05\/Cate.00016-274x183.jpg 274w, https:\/\/eglisecatholiqueniger.org\/wp-content\/uploads\/2023\/05\/Cate.00016-80x54.jpg 80w, https:\/\/eglisecatholiqueniger.org\/wp-content\/uploads\/2023\/05\/Cate.00016-130x87.jpg 130w, https:\/\/eglisecatholiqueniger.org\/wp-content\/uploads\/2023\/05\/Cate.00016-359x240.jpg 359w, https:\/\/eglisecatholiqueniger.org\/wp-content\/uploads\/2023\/05\/Cate.00016-85x57.jpg 85w, https:\/\/eglisecatholiqueniger.org\/wp-content\/uploads\/2023\/05\/Cate.00016-546x365.jpg 546w, https:\/\/eglisecatholiqueniger.org\/wp-content\/uploads\/2023\/05\/Cate.00016-165x109.jpg 165w, https:\/\/eglisecatholiqueniger.org\/wp-content\/uploads\/2023\/05\/Cate.00016-347x233.jpg 347w, https:\/\/eglisecatholiqueniger.org\/wp-content\/uploads\/2023\/05\/Cate.00016-112x75.jpg 112w, https:\/\/eglisecatholiqueniger.org\/wp-content\/uploads\/2023\/05\/Cate.00016-179x120.jpg 179w, https:\/\/eglisecatholiqueniger.org\/wp-content\/uploads\/2023\/05\/Cate.00016-170x113.jpg 170w, https:\/\/eglisecatholiqueniger.org\/wp-content\/uploads\/2023\/05\/Cate.00016-81x55.jpg 81w, https:\/\/eglisecatholiqueniger.org\/wp-content\/uploads\/2023\/05\/Cate.00016-765x510.jpg 765w, https:\/\/eglisecatholiqueniger.org\/wp-content\/uploads\/2023\/05\/Cate.00016.jpg 640w\" sizes=\"auto, (max-width: 300px) 100vw, 300px\" \/> <img loading=\"lazy\" decoding=\"async\" class=\"alignnone size-medium wp-image-1017\" src=\"http:\/\/eglisecatholiqueniger.org\/wp-content\/uploads\/2023\/05\/012-300x200.jpg\" alt=\"\" width=\"300\" height=\"200\" srcset=\"https:\/\/eglisecatholiqueniger.org\/wp-content\/uploads\/2023\/05\/012-300x200.jpg 300w, https:\/\/eglisecatholiqueniger.org\/wp-content\/uploads\/2023\/05\/012-274x183.jpg 274w, https:\/\/eglisecatholiqueniger.org\/wp-content\/uploads\/2023\/05\/012-80x54.jpg 80w, https:\/\/eglisecatholiqueniger.org\/wp-content\/uploads\/2023\/05\/012-130x87.jpg 130w, https:\/\/eglisecatholiqueniger.org\/wp-content\/uploads\/2023\/05\/012-359x240.jpg 359w, https:\/\/eglisecatholiqueniger.org\/wp-content\/uploads\/2023\/05\/012-85x57.jpg 85w, https:\/\/eglisecatholiqueniger.org\/wp-content\/uploads\/2023\/05\/012-546x365.jpg 546w, https:\/\/eglisecatholiqueniger.org\/wp-content\/uploads\/2023\/05\/012-165x109.jpg 165w, https:\/\/eglisecatholiqueniger.org\/wp-content\/uploads\/2023\/05\/012-347x233.jpg 347w, https:\/\/eglisecatholiqueniger.org\/wp-content\/uploads\/2023\/05\/012-112x75.jpg 112w, https:\/\/eglisecatholiqueniger.org\/wp-content\/uploads\/2023\/05\/012-179x120.jpg 179w, https:\/\/eglisecatholiqueniger.org\/wp-content\/uploads\/2023\/05\/012-170x113.jpg 170w, https:\/\/eglisecatholiqueniger.org\/wp-content\/uploads\/2023\/05\/012-81x55.jpg 81w, https:\/\/eglisecatholiqueniger.org\/wp-content\/uploads\/2023\/05\/012-765x510.jpg 765w, https:\/\/eglisecatholiqueniger.org\/wp-content\/uploads\/2023\/05\/012.jpg 640w\" sizes=\"auto, (max-width: 300px) 100vw, 300px\" \/>IL n&rsquo;a pas manqu\u00e9 de rappeler la place capitale de la parole de Dieu dans la cat\u00e9ch\u00e8se qui rev\u00eat une place importante pour toute \u00c9glise locale qui se veut solidement construite. IL a invit\u00e9 toue l&rsquo;assembl\u00e9e \u00e0 s&rsquo;impliquer davantage dans cette activit\u00e9. Il n&rsquo;a pas tout de m\u00eame manqu\u00e9 de saluer l&rsquo;engagement des cat\u00e9chistes .<\/div>\n<div dir=\"auto\">Au terme de la c\u00e9l\u00e9bration des cat\u00e9chistes vivant et travaillant dans deux zones d&rsquo;ins\u00e9curit\u00e9 ont t\u00e9moign\u00e9s , et apr\u00e8s quelques cat\u00e9chistes ont \u00e9t\u00e9 distingu\u00e9s pour leur d\u00e9vouement \u00e0 la t\u00e2che et ce depuis 25 ans , c&rsquo;est un signe pour t\u00e9moigner de notre gratitude et aussi encourager les nouveaux \u00e0 suivre l&rsquo;exemple<\/div>\n<\/div>\n<div dir=\"auto\"><img loading=\"lazy\" decoding=\"async\" class=\"alignnone size-medium wp-image-1026\" src=\"http:\/\/eglisecatholiqueniger.org\/wp-content\/uploads\/2023\/05\/015-300x200.jpg\" alt=\"\" width=\"300\" height=\"200\" srcset=\"https:\/\/eglisecatholiqueniger.org\/wp-content\/uploads\/2023\/05\/015-300x200.jpg 300w, https:\/\/eglisecatholiqueniger.org\/wp-content\/uploads\/2023\/05\/015-274x183.jpg 274w, https:\/\/eglisecatholiqueniger.org\/wp-content\/uploads\/2023\/05\/015-80x54.jpg 80w, https:\/\/eglisecatholiqueniger.org\/wp-content\/uploads\/2023\/05\/015-130x87.jpg 130w, https:\/\/eglisecatholiqueniger.org\/wp-content\/uploads\/2023\/05\/015-359x240.jpg 359w, https:\/\/eglisecatholiqueniger.org\/wp-content\/uploads\/2023\/05\/015-85x57.jpg 85w, https:\/\/eglisecatholiqueniger.org\/wp-content\/uploads\/2023\/05\/015-546x365.jpg 546w, https:\/\/eglisecatholiqueniger.org\/wp-content\/uploads\/2023\/05\/015-165x109.jpg 165w, https:\/\/eglisecatholiqueniger.org\/wp-content\/uploads\/2023\/05\/015-347x233.jpg 347w, https:\/\/eglisecatholiqueniger.org\/wp-content\/uploads\/2023\/05\/015-112x75.jpg 112w, https:\/\/eglisecatholiqueniger.org\/wp-content\/uploads\/2023\/05\/015-179x120.jpg 179w, https:\/\/eglisecatholiqueniger.org\/wp-content\/uploads\/2023\/05\/015-170x113.jpg 170w, https:\/\/eglisecatholiqueniger.org\/wp-content\/uploads\/2023\/05\/015-81x55.jpg 81w, https:\/\/eglisecatholiqueniger.org\/wp-content\/uploads\/2023\/05\/015-765x510.jpg 765w, https:\/\/eglisecatholiqueniger.org\/wp-content\/uploads\/2023\/05\/015.jpg 640w\" sizes=\"auto, (max-width: 300px) 100vw, 300px\" \/> <img loading=\"lazy\" decoding=\"async\" class=\"alignnone size-medium wp-image-1020\" src=\"http:\/\/eglisecatholiqueniger.org\/wp-content\/uploads\/2023\/05\/025-300x200.jpg\" alt=\"\" width=\"300\" height=\"200\" srcset=\"https:\/\/eglisecatholiqueniger.org\/wp-content\/uploads\/2023\/05\/025-300x200.jpg 300w, https:\/\/eglisecatholiqueniger.org\/wp-content\/uploads\/2023\/05\/025-274x183.jpg 274w, https:\/\/eglisecatholiqueniger.org\/wp-content\/uploads\/2023\/05\/025-80x54.jpg 80w, https:\/\/eglisecatholiqueniger.org\/wp-content\/uploads\/2023\/05\/025-130x87.jpg 130w, https:\/\/eglisecatholiqueniger.org\/wp-content\/uploads\/2023\/05\/025-359x240.jpg 359w, https:\/\/eglisecatholiqueniger.org\/wp-content\/uploads\/2023\/05\/025-85x57.jpg 85w, https:\/\/eglisecatholiqueniger.org\/wp-content\/uploads\/2023\/05\/025-546x365.jpg 546w, https:\/\/eglisecatholiqueniger.org\/wp-content\/uploads\/2023\/05\/025-165x109.jpg 165w, https:\/\/eglisecatholiqueniger.org\/wp-content\/uploads\/2023\/05\/025-347x233.jpg 347w, https:\/\/eglisecatholiqueniger.org\/wp-content\/uploads\/2023\/05\/025-112x75.jpg 112w, https:\/\/eglisecatholiqueniger.org\/wp-content\/uploads\/2023\/05\/025-179x120.jpg 179w, https:\/\/eglisecatholiqueniger.org\/wp-content\/uploads\/2023\/05\/025-170x113.jpg 170w, https:\/\/eglisecatholiqueniger.org\/wp-content\/uploads\/2023\/05\/025-81x55.jpg 81w, https:\/\/eglisecatholiqueniger.org\/wp-content\/uploads\/2023\/05\/025-765x510.jpg 765w, https:\/\/eglisecatholiqueniger.org\/wp-content\/uploads\/2023\/05\/025.jpg 640w\" sizes=\"auto, (max-width: 300px) 100vw, 300px\" \/><\/div>\n<div class=\"x11i5rnm xat24cr x1mh8g0r x1vvkbs xtlvy1s x126k92a\">\n<div dir=\"auto\">Notre journ\u00e9e dioc\u00e9saine a \u00e9t\u00e9 un moment de partage et d&rsquo;\u00e9change autours d&rsquo;animation , il y a eu la vente des repas et la journ\u00e9e s&rsquo;est achev\u00e9e par des danses pr\u00e9sent\u00e9es par les paroisses<\/div>\n<div dir=\"auto\"><img loading=\"lazy\" decoding=\"async\" class=\"size-medium wp-image-1021 aligncenter\" src=\"http:\/\/eglisecatholiqueniger.org\/wp-content\/uploads\/2023\/05\/030-300x200.jpg\" alt=\"\" width=\"300\" height=\"200\" srcset=\"https:\/\/eglisecatholiqueniger.org\/wp-content\/uploads\/2023\/05\/030-300x200.jpg 300w, https:\/\/eglisecatholiqueniger.org\/wp-content\/uploads\/2023\/05\/030-274x183.jpg 274w, https:\/\/eglisecatholiqueniger.org\/wp-content\/uploads\/2023\/05\/030-80x54.jpg 80w, https:\/\/eglisecatholiqueniger.org\/wp-content\/uploads\/2023\/05\/030-130x87.jpg 130w, https:\/\/eglisecatholiqueniger.org\/wp-content\/uploads\/2023\/05\/030-359x240.jpg 359w, https:\/\/eglisecatholiqueniger.org\/wp-content\/uploads\/2023\/05\/030-85x57.jpg 85w, https:\/\/eglisecatholiqueniger.org\/wp-content\/uploads\/2023\/05\/030-546x365.jpg 546w, https:\/\/eglisecatholiqueniger.org\/wp-content\/uploads\/2023\/05\/030-165x109.jpg 165w, https:\/\/eglisecatholiqueniger.org\/wp-content\/uploads\/2023\/05\/030-347x233.jpg 347w, https:\/\/eglisecatholiqueniger.org\/wp-content\/uploads\/2023\/05\/030-112x75.jpg 112w, https:\/\/eglisecatholiqueniger.org\/wp-content\/uploads\/2023\/05\/030-179x120.jpg 179w, https:\/\/eglisecatholiqueniger.org\/wp-content\/uploads\/2023\/05\/030-170x113.jpg 170w, https:\/\/eglisecatholiqueniger.org\/wp-content\/uploads\/2023\/05\/030-81x55.jpg 81w, https:\/\/eglisecatholiqueniger.org\/wp-content\/uploads\/2023\/05\/030-765x510.jpg 765w, https:\/\/eglisecatholiqueniger.org\/wp-content\/uploads\/2023\/05\/030.jpg 640w\" sizes=\"auto, (max-width: 300px) 100vw, 300px\" \/><\/div>\n<\/div>\n","protected":false},"excerpt":{"rendered":"<p>La Cath\u00e9drale Notre Dame du Perp\u00e9tuel Secours de Niamey a eu le privil\u00e8ge d&rsquo;abriter le dimanche 21 mai 2023 la c\u00e9l\u00e9bration de la toue premi\u00e8re journ\u00e9e dioc\u00e9saine de la cat\u00e9ch\u00e8se &#8230;<\/p>\n","protected":false},"author":1,"featured_media":0,"comment_status":"open","ping_status":"open","sticky":false,"template":"","format":"standard","meta":{"footnotes":""},"categories":[1],"tags":[],"class_list":["post-1011","post","type-post","status-publish","format-standard","category-non-classe"],"_links":{"self":[{"href":"https:\/\/eglisecatholiqueniger.org\/index.php\/wp-json\/wp\/v2\/posts\/1011","targetHints":{"allow":["GET"]}}],"collection":[{"href":"https:\/\/eglisecatholiqueniger.org\/index.php\/wp-json\/wp\/v2\/posts"}],"about":[{"href":"https:\/\/eglisecatholiqueniger.org\/index.php\/wp-json\/wp\/v2\/types\/post"}],"author":[{"embeddable":true,"href":"https:\/\/eglisecatholiqueniger.org\/index.php\/wp-json\/wp\/v2\/users\/1"}],"replies":[{"embeddable":true,"href":"https:\/\/eglisecatholiqueniger.org\/index.php\/wp-json\/wp\/v2\/comments?post=1011"}],"version-history":[{"count":9,"href":"https:\/\/eglisecatholiqueniger.org\/index.php\/wp-json\/wp\/v2\/posts\/1011\/revisions"}],"predecessor-version":[{"id":1029,"href":"https:\/\/eglisecatholiqueniger.org\/index.php\/wp-json\/wp\/v2\/posts\/1011\/revisions\/1029"}],"wp:attachment":[{"href":"https:\/\/eglisecatholiqueniger.org\/index.php\/wp-json\/wp\/v2\/media?parent=1011"}],"wp:term":[{"taxonomy":"category","embeddable":true,"href":"https:\/\/eglisecatholiqueniger.org\/index.php\/wp-json\/wp\/v2\/categories?post=1011"},{"taxonomy":"post_tag","embeddable":true,"href":"https:\/\/eglisecatholiqueniger.org\/index.php\/wp-json\/wp\/v2\/tags?post=1011"}],"curies":[{"name":"wp","href":"https:\/\/api.w.org\/{rel}","templated":true}]}}