{"id":1031,"date":"2023-07-12T17:04:26","date_gmt":"2023-07-12T15:04:26","guid":{"rendered":"https:\/\/eglisecatholiqueniger.org\/?p=1031"},"modified":"2023-07-12T17:04:26","modified_gmt":"2023-07-12T15:04:26","slug":"ordination-presbyterale-de-labbe-laurent-woba","status":"publish","type":"post","link":"https:\/\/eglisecatholiqueniger.org\/index.php\/2023\/07\/12\/ordination-presbyterale-de-labbe-laurent-woba\/","title":{"rendered":"Ordination Presbyt\u00e9rale de l\u2019Abb\u00e9  Laurent WOBA"},"content":{"rendered":"<p>Le samedi 8 juillet, c\u2019est avec joie que la Communaut\u00e9 catholique du Niger a particip\u00e9 \u00e0 l\u2019ordination presbyt\u00e9rale de l\u2019Abb\u00e9 Laurent Djalouona WOBA.<\/p>\n<p>C\u2019est l\u2019Archev\u00eaque de l\u2019Archidioc\u00e8se de Niamey, Mgr Laurent Lompo qui a ordonn\u00e9 le nouveau pr\u00eatre, dans la Cath\u00e9drale de Niamey<\/p>\n<p>A 17 heures, \u00e0 l\u2019heure o\u00f9 a d\u00e9but\u00e9 la messe d\u2019ordination, les chr\u00e9tiens catholiques venus de tous les horizons, les amis des autres religions et des d\u00e9l\u00e9gations venues de Makalondi, Kankani, Bomoanga, ont assist\u00e9 \u00e0 la c\u00e9l\u00e9bration. \u00a0le nouveau pr\u00eatre est originaire d de la Paroisse Saint Charles de Foucauld de Kankani. Commune rurale de makalondi, D\u00e9partement de Torodi.<\/p>\n<p><img loading=\"lazy\" decoding=\"async\" class=\"size-medium wp-image-1032 alignleft\" src=\"http:\/\/eglisecatholiqueniger.org\/wp-content\/uploads\/2023\/07\/IMG-20230709-WA0066-200x300.jpg\" alt=\"\" width=\"200\" height=\"300\" srcset=\"https:\/\/eglisecatholiqueniger.org\/wp-content\/uploads\/2023\/07\/IMG-20230709-WA0066-200x300.jpg 200w, https:\/\/eglisecatholiqueniger.org\/wp-content\/uploads\/2023\/07\/IMG-20230709-WA0066-683x1024.jpg 683w, https:\/\/eglisecatholiqueniger.org\/wp-content\/uploads\/2023\/07\/IMG-20230709-WA0066.jpg 720w\" sizes=\"auto, (max-width: 200px) 100vw, 200px\" \/>\u00ab Nous pouvons rendre gr\u00e2ce au Seigneur pour le don de sacerdoce qui conf\u00e8re \u00e0 chacun de ceux que le Seigneur choisit, \u00ab un pouvoir sacr\u00e9 de former et conduire le peuple sacerdotal, pour accomplir, dans le r\u00f4le du Christ, le sacrifice eucharistique et l\u2019offrir \u00e0 Dieu au nom du peuple tout entier \u00bb. Une t\u00e2che noble et difficile \u00e0 laquelle le Seigneur convie en ce jour, notre fr\u00e8re et ami l\u2019abb\u00e9 Laurent djalouona WOBA. Il re\u00e7oit, la gr\u00e2ce sacerdotale par l\u2019imposition des mains de son excellence Mgr Laurent Lompo qui a fait de lui, un pr\u00eatre de J\u00e9sus Christ pour l\u2019\u00e9ternit\u00e9.<\/p>\n<p>&nbsp;<\/p>\n<p>Comme il est \u00e9tabli, la succession des ap\u00f4tres dans l\u2019\u00c9glise est assur\u00e9e par les \u00e9v\u00eaques qui ont la lourde responsabilit\u00e9 d\u2019associer \u00e0 leur minist\u00e8re des hommes choisis par Dieu pour collaborer dans l\u2019annonce de la Bonne nouvelle du salut. C\u2019est ainsi qu\u2019\u00e0 la suite du t\u00e9moignage que portera le vicaire \u00e9piscopal en faveur de l\u2019abb\u00e9 Laurent\u00a0 djalouona, candidat au sacerdoce, au nom de toute la communaut\u00e9 chr\u00e9tienne, avec les conseils et la b\u00e9n\u00e9diction de sa famille, le p\u00e8re \u00e9v\u00eaque va authentifier et confirmer cet appel en choisissant au nom de l\u2019Eglise notre fr\u00e8re Laurent djalouona WOBA \u00a0comme pr\u00eatre. L\u2019assembl\u00e9e des fid\u00e8les va ratifier ce choix par l\u2019acclamation et le chant du gloria.<img loading=\"lazy\" decoding=\"async\" class=\"size-medium wp-image-1033 alignleft\" src=\"http:\/\/eglisecatholiqueniger.org\/wp-content\/uploads\/2023\/07\/APN6108-300x200.jpg\" alt=\"\" width=\"300\" height=\"200\" srcset=\"https:\/\/eglisecatholiqueniger.org\/wp-content\/uploads\/2023\/07\/APN6108-300x200.jpg 300w, https:\/\/eglisecatholiqueniger.org\/wp-content\/uploads\/2023\/07\/APN6108-1024x683.jpg 1024w, https:\/\/eglisecatholiqueniger.org\/wp-content\/uploads\/2023\/07\/APN6108-768x512.jpg 768w, https:\/\/eglisecatholiqueniger.org\/wp-content\/uploads\/2023\/07\/APN6108-1536x1025.jpg 1536w, https:\/\/eglisecatholiqueniger.org\/wp-content\/uploads\/2023\/07\/APN6108-2048x1367.jpg 2048w, https:\/\/eglisecatholiqueniger.org\/wp-content\/uploads\/2023\/07\/APN6108-274x183.jpg 274w, https:\/\/eglisecatholiqueniger.org\/wp-content\/uploads\/2023\/07\/APN6108-80x54.jpg 80w, https:\/\/eglisecatholiqueniger.org\/wp-content\/uploads\/2023\/07\/APN6108-130x87.jpg 130w, https:\/\/eglisecatholiqueniger.org\/wp-content\/uploads\/2023\/07\/APN6108-359x240.jpg 359w, https:\/\/eglisecatholiqueniger.org\/wp-content\/uploads\/2023\/07\/APN6108-85x57.jpg 85w, https:\/\/eglisecatholiqueniger.org\/wp-content\/uploads\/2023\/07\/APN6108-546x365.jpg 546w, https:\/\/eglisecatholiqueniger.org\/wp-content\/uploads\/2023\/07\/APN6108-165x109.jpg 165w, https:\/\/eglisecatholiqueniger.org\/wp-content\/uploads\/2023\/07\/APN6108-347x233.jpg 347w, https:\/\/eglisecatholiqueniger.org\/wp-content\/uploads\/2023\/07\/APN6108-112x75.jpg 112w, https:\/\/eglisecatholiqueniger.org\/wp-content\/uploads\/2023\/07\/APN6108-179x120.jpg 179w, https:\/\/eglisecatholiqueniger.org\/wp-content\/uploads\/2023\/07\/APN6108-170x113.jpg 170w, https:\/\/eglisecatholiqueniger.org\/wp-content\/uploads\/2023\/07\/APN6108-81x55.jpg 81w, https:\/\/eglisecatholiqueniger.org\/wp-content\/uploads\/2023\/07\/APN6108-765x510.jpg 765w\" sizes=\"auto, (max-width: 300px) 100vw, 300px\" \/><\/p>\n<p>C\u2019est au tour de l\u2019appel de l\u2019ordonnant qui r\u00e9pond et qui s\u2019avance vers son destin.<\/p>\n<p>Dans son hom\u00e9lie, Mgr Laurent Lompo dira que \u00ab\u00a0Par le bapt\u00eame, nous sommes tous consacr\u00e9s au Christ\u00a0: \u00a0pr\u00eatre, proph\u00e8te et roi. Par le bapt\u00eame, nous sommes reli\u00e9s au Christ, int\u00e9gr\u00e9s dans une famille appel\u00e9e l\u2019Eglise pour travailler comme membres actifs au rayonnement de celle-ci dans un monde avec ces joies et ses peines.<\/p>\n<p>Par l\u2019ordination diaconale, mon fils Laurent Djalouona WOBA tu as \u00e9t\u00e9 consacr\u00e9 au <em>\u00ab\u00a0Christ cou\u00a0\u00bb<\/em> pour le service. Par l\u2019ordination presbyt\u00e9rale, tu seras tout \u00e0 l\u2019heure consacr\u00e9 au <em>\u00ab\u00a0Christ t\u00eate\u00a0\u00bb<\/em> pour regarder avec ses yeux le monde, \u00e9couter avec ses oreilles les hommes et les femmes sans distinction de race, d\u2019ethnie et de religion, parler avec sa bouche pour proclamer la v\u00e9rit\u00e9 dans l\u2019amour. Par l\u2019ordination presbyt\u00e9rale, tu es choisi par J\u00e9sus notre grand pr\u00eatre parfait non pas par m\u00e9rite, encore moins par ton intelligence et ta provenance de la grande famille WOBA, mais tout simplement pour que tu puisses \u00eatre serviteur comme lui dans l\u2019\u00c9glise servante.<img loading=\"lazy\" decoding=\"async\" class=\"size-medium wp-image-1034 alignright\" src=\"http:\/\/eglisecatholiqueniger.org\/wp-content\/uploads\/2023\/07\/APN6134-300x200.jpg\" alt=\"\" width=\"300\" height=\"200\" srcset=\"https:\/\/eglisecatholiqueniger.org\/wp-content\/uploads\/2023\/07\/APN6134-300x200.jpg 300w, https:\/\/eglisecatholiqueniger.org\/wp-content\/uploads\/2023\/07\/APN6134-1024x683.jpg 1024w, https:\/\/eglisecatholiqueniger.org\/wp-content\/uploads\/2023\/07\/APN6134-768x512.jpg 768w, https:\/\/eglisecatholiqueniger.org\/wp-content\/uploads\/2023\/07\/APN6134-1536x1025.jpg 1536w, https:\/\/eglisecatholiqueniger.org\/wp-content\/uploads\/2023\/07\/APN6134-2048x1367.jpg 2048w, https:\/\/eglisecatholiqueniger.org\/wp-content\/uploads\/2023\/07\/APN6134-274x183.jpg 274w, https:\/\/eglisecatholiqueniger.org\/wp-content\/uploads\/2023\/07\/APN6134-80x54.jpg 80w, https:\/\/eglisecatholiqueniger.org\/wp-content\/uploads\/2023\/07\/APN6134-130x87.jpg 130w, https:\/\/eglisecatholiqueniger.org\/wp-content\/uploads\/2023\/07\/APN6134-359x240.jpg 359w, https:\/\/eglisecatholiqueniger.org\/wp-content\/uploads\/2023\/07\/APN6134-85x57.jpg 85w, https:\/\/eglisecatholiqueniger.org\/wp-content\/uploads\/2023\/07\/APN6134-546x365.jpg 546w, https:\/\/eglisecatholiqueniger.org\/wp-content\/uploads\/2023\/07\/APN6134-165x109.jpg 165w, https:\/\/eglisecatholiqueniger.org\/wp-content\/uploads\/2023\/07\/APN6134-347x233.jpg 347w, https:\/\/eglisecatholiqueniger.org\/wp-content\/uploads\/2023\/07\/APN6134-112x75.jpg 112w, https:\/\/eglisecatholiqueniger.org\/wp-content\/uploads\/2023\/07\/APN6134-179x120.jpg 179w, https:\/\/eglisecatholiqueniger.org\/wp-content\/uploads\/2023\/07\/APN6134-170x113.jpg 170w, https:\/\/eglisecatholiqueniger.org\/wp-content\/uploads\/2023\/07\/APN6134-81x55.jpg 81w, https:\/\/eglisecatholiqueniger.org\/wp-content\/uploads\/2023\/07\/APN6134-765x510.jpg 765w\" sizes=\"auto, (max-width: 300px) 100vw, 300px\" \/><\/p>\n<p>C\u2019est Dieu qui t\u2019a choisi, pris parmi tes fr\u00e8res gurmance de Kankani. Il faut bien retenir aujourd\u2019hui et pour toujours que ce n\u2019est pas parce que tu es le meilleur que son regard s\u2019est pos\u00e9 sur toi. S\u2019il l\u2019a voulu dans sa bont\u00e9, c\u2019est pour que tu suives le chemin que lui-m\u00eame a emprunt\u00e9 pour sauver les p\u00e9cheurs que nous sommes.<\/p>\n<p><em>\u00ab\u00a0Lui, de condition divine, ne retient pas jalousement le rang qui l\u2019\u00e9galait \u00e0 Dieu. Mais il s\u2019an\u00e9antit lui-m\u00eame, prenant la condition d\u2019esclave, et devenant semblable aux hommes. S\u2019\u00e9tant comport\u00e9 comme un homme, il s\u2019humilia plus encore, ob\u00e9issant jusqu\u2019\u00e0 la mort et la mort sur la croix\u00a0! Aussi, Dieu l\u2019a-t-il donn\u00e9 le nom qui est au-dessus de tout nom\u00a0\u00bb<\/em> (Ph 2,6-9).<\/p>\n<p>En devenant pr\u00eatre, je te conseille de suivre ce chemin pour mieux accomplir la mission pour laquelle\u00a0Dieu lui-m\u00eame te confie, Pour convertir les c\u0153urs de toutes les personnes vers qui Dieu t\u2019enverrait, cela ne peut se faire que dans <em>l\u2019humilit\u00e9<\/em>. Tu ne deviens pas pr\u00eatre pour r\u00e9gner en chef comme tes oncles LOMPO, mais pour conduire le troupeau dans l\u2019abaissement. Dieu t\u2019a choisi pr\u00eatre pour \u00eatre serviteur et non un commandant aux multiples galons.<img loading=\"lazy\" decoding=\"async\" class=\"size-medium wp-image-1035 alignright\" src=\"http:\/\/eglisecatholiqueniger.org\/wp-content\/uploads\/2023\/07\/IMG-20230709-WA0055-300x200.jpg\" alt=\"\" width=\"300\" height=\"200\" srcset=\"https:\/\/eglisecatholiqueniger.org\/wp-content\/uploads\/2023\/07\/IMG-20230709-WA0055-300x200.jpg 300w, https:\/\/eglisecatholiqueniger.org\/wp-content\/uploads\/2023\/07\/IMG-20230709-WA0055-1024x683.jpg 1024w, https:\/\/eglisecatholiqueniger.org\/wp-content\/uploads\/2023\/07\/IMG-20230709-WA0055-768x512.jpg 768w, https:\/\/eglisecatholiqueniger.org\/wp-content\/uploads\/2023\/07\/IMG-20230709-WA0055-274x183.jpg 274w, https:\/\/eglisecatholiqueniger.org\/wp-content\/uploads\/2023\/07\/IMG-20230709-WA0055-80x54.jpg 80w, https:\/\/eglisecatholiqueniger.org\/wp-content\/uploads\/2023\/07\/IMG-20230709-WA0055-130x87.jpg 130w, https:\/\/eglisecatholiqueniger.org\/wp-content\/uploads\/2023\/07\/IMG-20230709-WA0055-359x240.jpg 359w, https:\/\/eglisecatholiqueniger.org\/wp-content\/uploads\/2023\/07\/IMG-20230709-WA0055-85x57.jpg 85w, https:\/\/eglisecatholiqueniger.org\/wp-content\/uploads\/2023\/07\/IMG-20230709-WA0055-546x365.jpg 546w, https:\/\/eglisecatholiqueniger.org\/wp-content\/uploads\/2023\/07\/IMG-20230709-WA0055-165x109.jpg 165w, https:\/\/eglisecatholiqueniger.org\/wp-content\/uploads\/2023\/07\/IMG-20230709-WA0055-347x233.jpg 347w, https:\/\/eglisecatholiqueniger.org\/wp-content\/uploads\/2023\/07\/IMG-20230709-WA0055-112x75.jpg 112w, https:\/\/eglisecatholiqueniger.org\/wp-content\/uploads\/2023\/07\/IMG-20230709-WA0055-179x120.jpg 179w, https:\/\/eglisecatholiqueniger.org\/wp-content\/uploads\/2023\/07\/IMG-20230709-WA0055-170x113.jpg 170w, https:\/\/eglisecatholiqueniger.org\/wp-content\/uploads\/2023\/07\/IMG-20230709-WA0055-81x55.jpg 81w, https:\/\/eglisecatholiqueniger.org\/wp-content\/uploads\/2023\/07\/IMG-20230709-WA0055-765x510.jpg 765w, https:\/\/eglisecatholiqueniger.org\/wp-content\/uploads\/2023\/07\/IMG-20230709-WA0055.jpg 1080w\" sizes=\"auto, (max-width: 300px) 100vw, 300px\" \/><\/p>\n<p>Mgr Laurent LOMPO pr\u00e9cise :<strong>Il s\u2019agit d\u2019\u00eatre toujours \u00ab\u00a0ami du Christ\u00a0\u00bb dans les diff\u00e9rents sacrements et familier de la Parole de Dieu au quotidien.<\/strong> C\u2019est la seule condition qui te permettra d\u2019\u00eatre un pr\u00eatre <strong>serviteur humble, patient, indulgent qui pardonne et qui aime les autres sans hypocrisie.<\/strong><\/p>\n<p>Chers fils Laurent,<\/p>\n<p>Si tu te tournais pour regarder tous ceux et celles qui sont l\u00e0 ce soir pour t\u2019accompagner, tu trembleras dans ta belle dalmatique car ils sont nombreux.<\/p>\n<p>Ils sont venus de loin \u00e0 v\u00e9lo malgr\u00e9 la grande ins\u00e9curit\u00e9 pour te manifester leur foi, leur amour et leur engagement \u00e0 t\u2019accompagner pour que tu sois et restes un pr\u00eatre <strong>serviteur <\/strong>des\u00a0:<\/p>\n<ul>\n<li>Enfants et des jeunes\u00a0;<\/li>\n<li>Adultes (hommes et femmes)\u00a0;\u00a0 <img loading=\"lazy\" decoding=\"async\" class=\"size-medium wp-image-1039 alignleft\" src=\"http:\/\/eglisecatholiqueniger.org\/wp-content\/uploads\/2023\/07\/IMG-20230709-WA0046-300x200.jpg\" alt=\"\" width=\"300\" height=\"200\" srcset=\"https:\/\/eglisecatholiqueniger.org\/wp-content\/uploads\/2023\/07\/IMG-20230709-WA0046-300x200.jpg 300w, https:\/\/eglisecatholiqueniger.org\/wp-content\/uploads\/2023\/07\/IMG-20230709-WA0046-1024x683.jpg 1024w, https:\/\/eglisecatholiqueniger.org\/wp-content\/uploads\/2023\/07\/IMG-20230709-WA0046-768x512.jpg 768w, https:\/\/eglisecatholiqueniger.org\/wp-content\/uploads\/2023\/07\/IMG-20230709-WA0046-274x183.jpg 274w, https:\/\/eglisecatholiqueniger.org\/wp-content\/uploads\/2023\/07\/IMG-20230709-WA0046-80x54.jpg 80w, https:\/\/eglisecatholiqueniger.org\/wp-content\/uploads\/2023\/07\/IMG-20230709-WA0046-130x87.jpg 130w, https:\/\/eglisecatholiqueniger.org\/wp-content\/uploads\/2023\/07\/IMG-20230709-WA0046-359x240.jpg 359w, https:\/\/eglisecatholiqueniger.org\/wp-content\/uploads\/2023\/07\/IMG-20230709-WA0046-85x57.jpg 85w, https:\/\/eglisecatholiqueniger.org\/wp-content\/uploads\/2023\/07\/IMG-20230709-WA0046-546x365.jpg 546w, https:\/\/eglisecatholiqueniger.org\/wp-content\/uploads\/2023\/07\/IMG-20230709-WA0046-165x109.jpg 165w, https:\/\/eglisecatholiqueniger.org\/wp-content\/uploads\/2023\/07\/IMG-20230709-WA0046-347x233.jpg 347w, https:\/\/eglisecatholiqueniger.org\/wp-content\/uploads\/2023\/07\/IMG-20230709-WA0046-112x75.jpg 112w, https:\/\/eglisecatholiqueniger.org\/wp-content\/uploads\/2023\/07\/IMG-20230709-WA0046-179x120.jpg 179w, https:\/\/eglisecatholiqueniger.org\/wp-content\/uploads\/2023\/07\/IMG-20230709-WA0046-170x113.jpg 170w, https:\/\/eglisecatholiqueniger.org\/wp-content\/uploads\/2023\/07\/IMG-20230709-WA0046-81x55.jpg 81w, https:\/\/eglisecatholiqueniger.org\/wp-content\/uploads\/2023\/07\/IMG-20230709-WA0046-765x510.jpg 765w, https:\/\/eglisecatholiqueniger.org\/wp-content\/uploads\/2023\/07\/IMG-20230709-WA0046.jpg 1080w\" sizes=\"auto, (max-width: 300px) 100vw, 300px\" \/><\/li>\n<li>Pauvres\u00a0;<\/li>\n<li>Chr\u00e9tiens\u00a0;<\/li>\n<li>Musulmans\u00a0;<\/li>\n<li>de la religion traditionnelle\u00a0;<\/li>\n<li>Un pr\u00eatre de relations non pas par int\u00e9r\u00eat, mais de mani\u00e8re gratuite comme le Christ\u00a0;<\/li>\n<li>Un pr\u00eatre ouvert au monde d\u2019aujourd\u2019hui.Que par nos pri\u00e8res et l\u2019aide de l\u2019Esprit, le Seigneur t\u2019accorde la sagesse et la joie dans ton minist\u00e8re sacerdotal, maintenant et pour les si\u00e8cles des si\u00e8cles<\/li>\n<\/ul>\n<p>A la fin de la messe,\u00a0 les invit\u00e9s se sont retrouv\u00e9s dans la cour de l\u2019Archev\u00each\u00e9 pour le partage fraternel du repas qu&rsquo;a offert Mgr \u00e0 l&rsquo;occasion de l&rsquo;ordination\u00a0<img loading=\"lazy\" decoding=\"async\" class=\"size-medium wp-image-1040 alignleft\" src=\"http:\/\/eglisecatholiqueniger.org\/wp-content\/uploads\/2023\/07\/IMG-20230709-WA0063-300x200.jpg\" alt=\"\" width=\"300\" height=\"200\" srcset=\"https:\/\/eglisecatholiqueniger.org\/wp-content\/uploads\/2023\/07\/IMG-20230709-WA0063-300x200.jpg 300w, https:\/\/eglisecatholiqueniger.org\/wp-content\/uploads\/2023\/07\/IMG-20230709-WA0063-1024x683.jpg 1024w, https:\/\/eglisecatholiqueniger.org\/wp-content\/uploads\/2023\/07\/IMG-20230709-WA0063-768x512.jpg 768w, https:\/\/eglisecatholiqueniger.org\/wp-content\/uploads\/2023\/07\/IMG-20230709-WA0063-274x183.jpg 274w, https:\/\/eglisecatholiqueniger.org\/wp-content\/uploads\/2023\/07\/IMG-20230709-WA0063-80x54.jpg 80w, https:\/\/eglisecatholiqueniger.org\/wp-content\/uploads\/2023\/07\/IMG-20230709-WA0063-130x87.jpg 130w, https:\/\/eglisecatholiqueniger.org\/wp-content\/uploads\/2023\/07\/IMG-20230709-WA0063-359x240.jpg 359w, https:\/\/eglisecatholiqueniger.org\/wp-content\/uploads\/2023\/07\/IMG-20230709-WA0063-85x57.jpg 85w, https:\/\/eglisecatholiqueniger.org\/wp-content\/uploads\/2023\/07\/IMG-20230709-WA0063-546x365.jpg 546w, https:\/\/eglisecatholiqueniger.org\/wp-content\/uploads\/2023\/07\/IMG-20230709-WA0063-165x109.jpg 165w, https:\/\/eglisecatholiqueniger.org\/wp-content\/uploads\/2023\/07\/IMG-20230709-WA0063-347x233.jpg 347w, https:\/\/eglisecatholiqueniger.org\/wp-content\/uploads\/2023\/07\/IMG-20230709-WA0063-112x75.jpg 112w, https:\/\/eglisecatholiqueniger.org\/wp-content\/uploads\/2023\/07\/IMG-20230709-WA0063-179x120.jpg 179w, https:\/\/eglisecatholiqueniger.org\/wp-content\/uploads\/2023\/07\/IMG-20230709-WA0063-170x113.jpg 170w, https:\/\/eglisecatholiqueniger.org\/wp-content\/uploads\/2023\/07\/IMG-20230709-WA0063-81x55.jpg 81w, https:\/\/eglisecatholiqueniger.org\/wp-content\/uploads\/2023\/07\/IMG-20230709-WA0063-765x510.jpg 765w, https:\/\/eglisecatholiqueniger.org\/wp-content\/uploads\/2023\/07\/IMG-20230709-WA0063.jpg 1080w\" sizes=\"auto, (max-width: 300px) 100vw, 300px\" \/><\/p>\n","protected":false},"excerpt":{"rendered":"<p>Le samedi 8 juillet, c\u2019est avec joie que la Communaut\u00e9 catholique du Niger a particip\u00e9 \u00e0 l\u2019ordination presbyt\u00e9rale de l\u2019Abb\u00e9 Laurent Djalouona WOBA. C\u2019est l\u2019Archev\u00eaque de l\u2019Archidioc\u00e8se de Niamey, Mgr &#8230;<\/p>\n","protected":false},"author":1,"featured_media":0,"comment_status":"open","ping_status":"open","sticky":false,"template":"","format":"standard","meta":{"footnotes":""},"categories":[1],"tags":[],"class_list":["post-1031","post","type-post","status-publish","format-standard","category-non-classe"],"_links":{"self":[{"href":"https:\/\/eglisecatholiqueniger.org\/index.php\/wp-json\/wp\/v2\/posts\/1031","targetHints":{"allow":["GET"]}}],"collection":[{"href":"https:\/\/eglisecatholiqueniger.org\/index.php\/wp-json\/wp\/v2\/posts"}],"about":[{"href":"https:\/\/eglisecatholiqueniger.org\/index.php\/wp-json\/wp\/v2\/types\/post"}],"author":[{"embeddable":true,"href":"https:\/\/eglisecatholiqueniger.org\/index.php\/wp-json\/wp\/v2\/users\/1"}],"replies":[{"embeddable":true,"href":"https:\/\/eglisecatholiqueniger.org\/index.php\/wp-json\/wp\/v2\/comments?post=1031"}],"version-history":[{"count":2,"href":"https:\/\/eglisecatholiqueniger.org\/index.php\/wp-json\/wp\/v2\/posts\/1031\/revisions"}],"predecessor-version":[{"id":1042,"href":"https:\/\/eglisecatholiqueniger.org\/index.php\/wp-json\/wp\/v2\/posts\/1031\/revisions\/1042"}],"wp:attachment":[{"href":"https:\/\/eglisecatholiqueniger.org\/index.php\/wp-json\/wp\/v2\/media?parent=1031"}],"wp:term":[{"taxonomy":"category","embeddable":true,"href":"https:\/\/eglisecatholiqueniger.org\/index.php\/wp-json\/wp\/v2\/categories?post=1031"},{"taxonomy":"post_tag","embeddable":true,"href":"https:\/\/eglisecatholiqueniger.org\/index.php\/wp-json\/wp\/v2\/tags?post=1031"}],"curies":[{"name":"wp","href":"https:\/\/api.w.org\/{rel}","templated":true}]}}