{"id":1048,"date":"2023-08-11T12:44:36","date_gmt":"2023-08-11T10:44:36","guid":{"rendered":"https:\/\/eglisecatholiqueniger.org\/?p=1048"},"modified":"2023-08-11T12:44:36","modified_gmt":"2023-08-11T10:44:36","slug":"appel-a-la-priere-des-eveques-du-niger","status":"publish","type":"post","link":"https:\/\/eglisecatholiqueniger.org\/index.php\/2023\/08\/11\/appel-a-la-priere-des-eveques-du-niger\/","title":{"rendered":"Appel \u00e0 la pri\u00e8re des \u00c9v\u00eaques du Niger"},"content":{"rendered":"<div>\n<div class=\"\" dir=\"auto\">\n<div id=\":rau:\" class=\"x1iorvi4 x1pi30zi x1swvt13 xjkvuk6\" data-ad-comet-preview=\"message\" data-ad-preview=\"message\">\n<div class=\"x78zum5 xdt5ytf xz62fqu x16ldp7u\">\n<div class=\"xu06os2 x1ok221b\">\n<div class=\"xdj266r x11i5rnm xat24cr x1mh8g0r x1vvkbs x126k92a\">\n<div dir=\"auto\">Appel \u00e0 la pri\u00e8re des \u00c9v\u00eaques du Niger<\/div>\n<\/div>\n<div class=\"x11i5rnm xat24cr x1mh8g0r x1vvkbs xtlvy1s x126k92a\">\n<div dir=\"auto\">Chers fr\u00e8res et s\u0153urs en Christ, \u00ab\u00a0La paix du Seigneur soit avec vous!\u00a0\u00bb<\/div>\n<div dir=\"auto\">Depuis quelques jours, notre cher pays le Niger vit une situation difficile qui plonge les populations dans l&rsquo;inqui\u00e9tude et la peur, au regard des sanctions et des menaces d&rsquo;attaque des institutions sous-r\u00e9gionales qui p\u00e8sent sur elles.<\/div>\n<div dir=\"auto\">Nous, vos P\u00e8res \u00c9v\u00eaques du Niger, suivons de pr\u00e8s les \u00e9v\u00e9nements et exprimons notre vive pr\u00e9occupation face \u00e0 cela. Nous saisissons l&rsquo;occasion pour r\u00e9affirmer l&rsquo;attachement de l&rsquo;Eglise \u00e0 la paix et \u00e0 la justice.<\/div>\n<\/div>\n<div class=\"x11i5rnm xat24cr x1mh8g0r x1vvkbs xtlvy1s x126k92a\">\n<div dir=\"auto\">Convaincus que, \u00ab si le Seigneur ne b\u00e2tit la maison, en vain travaillent les b\u00e2tisseurs \u00bb (Ps 126, 1), nous venons, par la pr\u00e9sente, demander l&rsquo;organisation d&rsquo;un triduum de pri\u00e8res sur toutes les paroisses de nos deux dioc\u00e8ses (Maradi et Niamey), les 13, 14 et 15 ao\u00fbt 2023. Par ailleurs, la journ\u00e9e du vendredi 18 ao\u00fbt 2023 est d\u00e9clar\u00e9e journ\u00e9e de je\u00fbne dans nos dioc\u00e8ses. Cela, pour demander au Seigneur d&rsquo;\u00e9viter \u00e0 notre cher pays la guerre et le chaos.<\/div>\n<div dir=\"auto\">Ainsi, dans chaque paroisse, selon le moment qui convient, les fid\u00e8les se rassembleront pour r\u00e9citer le chapelet et c\u00e9l\u00e9brer, ensuite, l&rsquo;Eucharistie.<\/div>\n<\/div>\n<div class=\"x11i5rnm xat24cr x1mh8g0r x1vvkbs xtlvy1s x126k92a\">\n<div dir=\"auto\">Unis \u00e0 vous par l&rsquo;affection et la pri\u00e8re, nous demandons au Seigneur d&rsquo;accorder sa gr\u00e2ce de paix \u00e0 notre pays le Niger et au monde.<\/div>\n<\/div>\n<div class=\"x11i5rnm xat24cr x1mh8g0r x1vvkbs xtlvy1s x126k92a\">\n<div dir=\"auto\">Pour les \u00c9v\u00eaques du Niger<\/div>\n<div dir=\"auto\">Mgr Laurent LOMPO, Archev\u00eaque de Niamey<\/div>\n<\/div>\n<\/div>\n<\/div>\n<\/div>\n<\/div>\n<\/div>\n","protected":false},"excerpt":{"rendered":"<p>Appel \u00e0 la pri\u00e8re des \u00c9v\u00eaques du Niger Chers fr\u00e8res et s\u0153urs en Christ, \u00ab\u00a0La paix du Seigneur soit avec vous!\u00a0\u00bb Depuis quelques jours, notre cher pays le Niger vit &#8230;<\/p>\n","protected":false},"author":1,"featured_media":0,"comment_status":"open","ping_status":"open","sticky":false,"template":"","format":"standard","meta":{"footnotes":""},"categories":[1],"tags":[],"class_list":["post-1048","post","type-post","status-publish","format-standard","category-non-classe"],"_links":{"self":[{"href":"https:\/\/eglisecatholiqueniger.org\/index.php\/wp-json\/wp\/v2\/posts\/1048","targetHints":{"allow":["GET"]}}],"collection":[{"href":"https:\/\/eglisecatholiqueniger.org\/index.php\/wp-json\/wp\/v2\/posts"}],"about":[{"href":"https:\/\/eglisecatholiqueniger.org\/index.php\/wp-json\/wp\/v2\/types\/post"}],"author":[{"embeddable":true,"href":"https:\/\/eglisecatholiqueniger.org\/index.php\/wp-json\/wp\/v2\/users\/1"}],"replies":[{"embeddable":true,"href":"https:\/\/eglisecatholiqueniger.org\/index.php\/wp-json\/wp\/v2\/comments?post=1048"}],"version-history":[{"count":1,"href":"https:\/\/eglisecatholiqueniger.org\/index.php\/wp-json\/wp\/v2\/posts\/1048\/revisions"}],"predecessor-version":[{"id":1049,"href":"https:\/\/eglisecatholiqueniger.org\/index.php\/wp-json\/wp\/v2\/posts\/1048\/revisions\/1049"}],"wp:attachment":[{"href":"https:\/\/eglisecatholiqueniger.org\/index.php\/wp-json\/wp\/v2\/media?parent=1048"}],"wp:term":[{"taxonomy":"category","embeddable":true,"href":"https:\/\/eglisecatholiqueniger.org\/index.php\/wp-json\/wp\/v2\/categories?post=1048"},{"taxonomy":"post_tag","embeddable":true,"href":"https:\/\/eglisecatholiqueniger.org\/index.php\/wp-json\/wp\/v2\/tags?post=1048"}],"curies":[{"name":"wp","href":"https:\/\/api.w.org\/{rel}","templated":true}]}}