{"id":1051,"date":"2023-09-12T19:05:22","date_gmt":"2023-09-12T17:05:22","guid":{"rendered":"https:\/\/eglisecatholiqueniger.org\/?p=1051"},"modified":"2023-09-12T19:05:22","modified_gmt":"2023-09-12T17:05:22","slug":"au-camp-vocationnel-2023-la-joie-est-au-rendez-vous","status":"publish","type":"post","link":"https:\/\/eglisecatholiqueniger.org\/index.php\/2023\/09\/12\/au-camp-vocationnel-2023-la-joie-est-au-rendez-vous\/","title":{"rendered":"Au Camp vocationnel 2023, la joie est au rendez-vous !"},"content":{"rendered":"<p><strong><em><img loading=\"lazy\" decoding=\"async\" class=\"size-medium wp-image-1052 alignleft\" src=\"http:\/\/eglisecatholiqueniger.org\/wp-content\/uploads\/2023\/09\/CAMP-VOCA-2023-5-300x200.jpg\" alt=\"\" width=\"300\" height=\"200\" srcset=\"https:\/\/eglisecatholiqueniger.org\/wp-content\/uploads\/2023\/09\/CAMP-VOCA-2023-5-300x200.jpg 300w, https:\/\/eglisecatholiqueniger.org\/wp-content\/uploads\/2023\/09\/CAMP-VOCA-2023-5-1024x683.jpg 1024w, https:\/\/eglisecatholiqueniger.org\/wp-content\/uploads\/2023\/09\/CAMP-VOCA-2023-5-768x512.jpg 768w, https:\/\/eglisecatholiqueniger.org\/wp-content\/uploads\/2023\/09\/CAMP-VOCA-2023-5-1536x1025.jpg 1536w, https:\/\/eglisecatholiqueniger.org\/wp-content\/uploads\/2023\/09\/CAMP-VOCA-2023-5-2048x1367.jpg 2048w, https:\/\/eglisecatholiqueniger.org\/wp-content\/uploads\/2023\/09\/CAMP-VOCA-2023-5-274x183.jpg 274w, https:\/\/eglisecatholiqueniger.org\/wp-content\/uploads\/2023\/09\/CAMP-VOCA-2023-5-80x54.jpg 80w, https:\/\/eglisecatholiqueniger.org\/wp-content\/uploads\/2023\/09\/CAMP-VOCA-2023-5-130x87.jpg 130w, https:\/\/eglisecatholiqueniger.org\/wp-content\/uploads\/2023\/09\/CAMP-VOCA-2023-5-359x240.jpg 359w, https:\/\/eglisecatholiqueniger.org\/wp-content\/uploads\/2023\/09\/CAMP-VOCA-2023-5-85x57.jpg 85w, https:\/\/eglisecatholiqueniger.org\/wp-content\/uploads\/2023\/09\/CAMP-VOCA-2023-5-546x365.jpg 546w, https:\/\/eglisecatholiqueniger.org\/wp-content\/uploads\/2023\/09\/CAMP-VOCA-2023-5-165x109.jpg 165w, https:\/\/eglisecatholiqueniger.org\/wp-content\/uploads\/2023\/09\/CAMP-VOCA-2023-5-347x233.jpg 347w, https:\/\/eglisecatholiqueniger.org\/wp-content\/uploads\/2023\/09\/CAMP-VOCA-2023-5-112x75.jpg 112w, https:\/\/eglisecatholiqueniger.org\/wp-content\/uploads\/2023\/09\/CAMP-VOCA-2023-5-179x120.jpg 179w, https:\/\/eglisecatholiqueniger.org\/wp-content\/uploads\/2023\/09\/CAMP-VOCA-2023-5-170x113.jpg 170w, https:\/\/eglisecatholiqueniger.org\/wp-content\/uploads\/2023\/09\/CAMP-VOCA-2023-5-81x55.jpg 81w, https:\/\/eglisecatholiqueniger.org\/wp-content\/uploads\/2023\/09\/CAMP-VOCA-2023-5-765x510.jpg 765w\" sizes=\"auto, (max-width: 300px) 100vw, 300px\" \/>\u00ab\u00a0Vocandi, dans la joie, sois t\u00e9moin de J\u00e9sus-Christ pour la transformation de ton milieu\u00a0\u00bb.<\/em><\/strong> Tel est le th\u00e8me du camp vocationnel 2023, qui a eu lieu du 5 au 10 septembre 2023, au Lyc\u00e9e Professionnel Issa B\u00e9ri de Niamey, tenu par les Fr\u00e8res des Ecoles Chr\u00e9tiennes (FEC). Une centaine de jeunes vocandis venus des paroisses de l\u2019Archidioc\u00e8se de Niamey et du Dioc\u00e8se de Maradi, accompagn\u00e9s par une vingtaine d\u2019accompagnateurs, y ont pris part.<\/p>\n<p>Arriv\u00e9s \u00e0 Issa B\u00e9ri dans la matin\u00e9e du mardi 5 septembre 2023, les jeunes ont juste eu le temps de marquer les retrouvailles, avant de c\u00e9l\u00e9brer la messe d\u2019ouverture, pr\u00e9sid\u00e9e par le p\u00e8re Anthony Coudjofio, Vicaire G\u00e9n\u00e9ral de l\u2019Archidioc\u00e8se de Niamey. Puis, dans l\u2019apr\u00e8s-midi, ils ont \u00e9cout\u00e9 les t\u00e9moignages des deux derniers pr\u00eatres ordonn\u00e9s l\u2019an dernier et cette ann\u00e9e : respectivement, P\u00e8res Aim\u00e9 Combary et Laurent Woba. Ils ont partag\u00e9 avec leurs jeunes fr\u00e8res et s\u0153urs leurs exp\u00e9riences de cheminement vocationnel. Les communications ont commenc\u00e9 le lendemain et ce, jusqu\u2019au samedi, \u00e0 12h 30. Cinq jours durant, les participants au camp ont eu droit \u00e0 plusieurs communications aussi int\u00e9ressantes qu\u2019enrichissantes. Elles portaient sur plusieurs sujets\u00a0: <strong><em>\u00ab\u00a0Les joies de la mission\u00a0\u00bb, \u00ab\u00a0Les Conseils \u00e9vang\u00e9liques\u00a0\u00bb, \u00ab\u00a0L\u2019Exorcisme\u00a0\u00bb, \u00ab\u00a0Vocation et sexualit\u00e9\u00a0\u00bb, \u00ab\u00a0Discernement de sa vocation\u00a0\u00bb.<\/em><\/strong> Les communications ont eu lieu les matins et les apr\u00e8s-midis.<\/p>\n<p>Pendant leur s\u00e9jour au Lyc\u00e9e Issa B\u00e9ri, les participants ont re\u00e7u plusieurs visites de pr\u00eatres, de religieuses, et du premier responsable de l\u2019Archidioc\u00e8se de Niamey : Mgr Laurent Lompo. Il les a exhort\u00e9s \u00e0 r\u00e9pondre \u00e0 l\u2019appel de Dieu en commen\u00e7ant d\u2019abord par travailler bien \u00e0 l\u2019\u00e9cole; il leur a aussi demander\u00a0 d\u2019assumer les difficult\u00e9s qui se pr\u00e9sentent \u00e0 eux sur le chemin de la foi et de l&rsquo;appel \u00e0 la vie consacr\u00e9e. Il les a beaucoup encourag\u00e9s \u00e0 garder l\u2019esp\u00e9rance, malgr\u00e9 les \u00e9preuves de la vie.<\/p>\n<p><img loading=\"lazy\" decoding=\"async\" class=\"alignnone  wp-image-1053\" src=\"http:\/\/eglisecatholiqueniger.org\/wp-content\/uploads\/2023\/09\/CAMP-VOCA-2023-1-300x200.jpg\" alt=\"\" width=\"188\" height=\"126\" srcset=\"https:\/\/eglisecatholiqueniger.org\/wp-content\/uploads\/2023\/09\/CAMP-VOCA-2023-1-300x200.jpg 300w, https:\/\/eglisecatholiqueniger.org\/wp-content\/uploads\/2023\/09\/CAMP-VOCA-2023-1-1024x683.jpg 1024w, https:\/\/eglisecatholiqueniger.org\/wp-content\/uploads\/2023\/09\/CAMP-VOCA-2023-1-768x512.jpg 768w, https:\/\/eglisecatholiqueniger.org\/wp-content\/uploads\/2023\/09\/CAMP-VOCA-2023-1-1536x1025.jpg 1536w, https:\/\/eglisecatholiqueniger.org\/wp-content\/uploads\/2023\/09\/CAMP-VOCA-2023-1-2048x1367.jpg 2048w, https:\/\/eglisecatholiqueniger.org\/wp-content\/uploads\/2023\/09\/CAMP-VOCA-2023-1-274x183.jpg 274w, https:\/\/eglisecatholiqueniger.org\/wp-content\/uploads\/2023\/09\/CAMP-VOCA-2023-1-364x245.jpg 364w, https:\/\/eglisecatholiqueniger.org\/wp-content\/uploads\/2023\/09\/CAMP-VOCA-2023-1-80x54.jpg 80w, https:\/\/eglisecatholiqueniger.org\/wp-content\/uploads\/2023\/09\/CAMP-VOCA-2023-1-130x87.jpg 130w, https:\/\/eglisecatholiqueniger.org\/wp-content\/uploads\/2023\/09\/CAMP-VOCA-2023-1-359x240.jpg 359w, https:\/\/eglisecatholiqueniger.org\/wp-content\/uploads\/2023\/09\/CAMP-VOCA-2023-1-85x57.jpg 85w, https:\/\/eglisecatholiqueniger.org\/wp-content\/uploads\/2023\/09\/CAMP-VOCA-2023-1-546x365.jpg 546w, https:\/\/eglisecatholiqueniger.org\/wp-content\/uploads\/2023\/09\/CAMP-VOCA-2023-1-266x179.jpg 266w, https:\/\/eglisecatholiqueniger.org\/wp-content\/uploads\/2023\/09\/CAMP-VOCA-2023-1-347x233.jpg 347w, https:\/\/eglisecatholiqueniger.org\/wp-content\/uploads\/2023\/09\/CAMP-VOCA-2023-1-112x75.jpg 112w, https:\/\/eglisecatholiqueniger.org\/wp-content\/uploads\/2023\/09\/CAMP-VOCA-2023-1-179x120.jpg 179w, https:\/\/eglisecatholiqueniger.org\/wp-content\/uploads\/2023\/09\/CAMP-VOCA-2023-1-170x113.jpg 170w, https:\/\/eglisecatholiqueniger.org\/wp-content\/uploads\/2023\/09\/CAMP-VOCA-2023-1-81x55.jpg 81w, https:\/\/eglisecatholiqueniger.org\/wp-content\/uploads\/2023\/09\/CAMP-VOCA-2023-1-765x510.jpg 765w\" sizes=\"auto, (max-width: 188px) 100vw, 188px\" \/><img loading=\"lazy\" decoding=\"async\" class=\"alignnone  wp-image-1054\" src=\"http:\/\/eglisecatholiqueniger.org\/wp-content\/uploads\/2023\/09\/CAMP-VOCA-2023-4-300x200.jpg\" alt=\"\" width=\"190\" height=\"126\" srcset=\"https:\/\/eglisecatholiqueniger.org\/wp-content\/uploads\/2023\/09\/CAMP-VOCA-2023-4-300x200.jpg 300w, https:\/\/eglisecatholiqueniger.org\/wp-content\/uploads\/2023\/09\/CAMP-VOCA-2023-4-1024x683.jpg 1024w, https:\/\/eglisecatholiqueniger.org\/wp-content\/uploads\/2023\/09\/CAMP-VOCA-2023-4-768x512.jpg 768w, https:\/\/eglisecatholiqueniger.org\/wp-content\/uploads\/2023\/09\/CAMP-VOCA-2023-4-1536x1025.jpg 1536w, https:\/\/eglisecatholiqueniger.org\/wp-content\/uploads\/2023\/09\/CAMP-VOCA-2023-4-2048x1367.jpg 2048w, https:\/\/eglisecatholiqueniger.org\/wp-content\/uploads\/2023\/09\/CAMP-VOCA-2023-4-274x183.jpg 274w, https:\/\/eglisecatholiqueniger.org\/wp-content\/uploads\/2023\/09\/CAMP-VOCA-2023-4-80x54.jpg 80w, https:\/\/eglisecatholiqueniger.org\/wp-content\/uploads\/2023\/09\/CAMP-VOCA-2023-4-130x87.jpg 130w, https:\/\/eglisecatholiqueniger.org\/wp-content\/uploads\/2023\/09\/CAMP-VOCA-2023-4-359x240.jpg 359w, https:\/\/eglisecatholiqueniger.org\/wp-content\/uploads\/2023\/09\/CAMP-VOCA-2023-4-85x57.jpg 85w, https:\/\/eglisecatholiqueniger.org\/wp-content\/uploads\/2023\/09\/CAMP-VOCA-2023-4-546x365.jpg 546w, https:\/\/eglisecatholiqueniger.org\/wp-content\/uploads\/2023\/09\/CAMP-VOCA-2023-4-165x109.jpg 165w, https:\/\/eglisecatholiqueniger.org\/wp-content\/uploads\/2023\/09\/CAMP-VOCA-2023-4-112x75.jpg 112w, https:\/\/eglisecatholiqueniger.org\/wp-content\/uploads\/2023\/09\/CAMP-VOCA-2023-4-179x120.jpg 179w, https:\/\/eglisecatholiqueniger.org\/wp-content\/uploads\/2023\/09\/CAMP-VOCA-2023-4-170x113.jpg 170w, https:\/\/eglisecatholiqueniger.org\/wp-content\/uploads\/2023\/09\/CAMP-VOCA-2023-4-81x55.jpg 81w, https:\/\/eglisecatholiqueniger.org\/wp-content\/uploads\/2023\/09\/CAMP-VOCA-2023-4-765x510.jpg 765w\" sizes=\"auto, (max-width: 190px) 100vw, 190px\" \/><img loading=\"lazy\" decoding=\"async\" class=\"alignnone  wp-image-1055\" src=\"http:\/\/eglisecatholiqueniger.org\/wp-content\/uploads\/2023\/09\/CAMP-VOCA-2023-3-300x200.jpg\" alt=\"\" width=\"191\" height=\"127\" srcset=\"https:\/\/eglisecatholiqueniger.org\/wp-content\/uploads\/2023\/09\/CAMP-VOCA-2023-3-300x200.jpg 300w, https:\/\/eglisecatholiqueniger.org\/wp-content\/uploads\/2023\/09\/CAMP-VOCA-2023-3-1024x683.jpg 1024w, https:\/\/eglisecatholiqueniger.org\/wp-content\/uploads\/2023\/09\/CAMP-VOCA-2023-3-768x512.jpg 768w, https:\/\/eglisecatholiqueniger.org\/wp-content\/uploads\/2023\/09\/CAMP-VOCA-2023-3-1536x1025.jpg 1536w, https:\/\/eglisecatholiqueniger.org\/wp-content\/uploads\/2023\/09\/CAMP-VOCA-2023-3-2048x1367.jpg 2048w, https:\/\/eglisecatholiqueniger.org\/wp-content\/uploads\/2023\/09\/CAMP-VOCA-2023-3-274x183.jpg 274w, https:\/\/eglisecatholiqueniger.org\/wp-content\/uploads\/2023\/09\/CAMP-VOCA-2023-3-80x54.jpg 80w, https:\/\/eglisecatholiqueniger.org\/wp-content\/uploads\/2023\/09\/CAMP-VOCA-2023-3-130x87.jpg 130w, https:\/\/eglisecatholiqueniger.org\/wp-content\/uploads\/2023\/09\/CAMP-VOCA-2023-3-359x240.jpg 359w, https:\/\/eglisecatholiqueniger.org\/wp-content\/uploads\/2023\/09\/CAMP-VOCA-2023-3-85x57.jpg 85w, https:\/\/eglisecatholiqueniger.org\/wp-content\/uploads\/2023\/09\/CAMP-VOCA-2023-3-546x365.jpg 546w, https:\/\/eglisecatholiqueniger.org\/wp-content\/uploads\/2023\/09\/CAMP-VOCA-2023-3-165x109.jpg 165w, https:\/\/eglisecatholiqueniger.org\/wp-content\/uploads\/2023\/09\/CAMP-VOCA-2023-3-347x233.jpg 347w, https:\/\/eglisecatholiqueniger.org\/wp-content\/uploads\/2023\/09\/CAMP-VOCA-2023-3-112x75.jpg 112w, https:\/\/eglisecatholiqueniger.org\/wp-content\/uploads\/2023\/09\/CAMP-VOCA-2023-3-179x120.jpg 179w, https:\/\/eglisecatholiqueniger.org\/wp-content\/uploads\/2023\/09\/CAMP-VOCA-2023-3-170x113.jpg 170w, https:\/\/eglisecatholiqueniger.org\/wp-content\/uploads\/2023\/09\/CAMP-VOCA-2023-3-81x55.jpg 81w, https:\/\/eglisecatholiqueniger.org\/wp-content\/uploads\/2023\/09\/CAMP-VOCA-2023-3-765x510.jpg 765w\" sizes=\"auto, (max-width: 191px) 100vw, 191px\" \/><\/p>\n<p>Dans l\u2019apr\u00e8s-midi du vendredi, les jeunes ont re\u00e7u le Sacrement de R\u00e9conciliation. Ce fut un moment de grande ferveur spirituelle et de rencontre avec le Seigneur.<\/p>\n<p>Le camp s\u2019est achev\u00e9 le dimanche avec la messe des v\u0153ux perp\u00e9tuels de la S\u0153ur Marie-Andr\u00e9 Brigitte Welend\u00e9, de la paroisse Saint Jean-Baptiste de Dolbel, dans l\u2019Institut des S\u0153urs de la Fraternit\u00e9 des Servantes du Christ. Elles sont install\u00e9es dans le Dioc\u00e8se de Maradi et \u0153uvrent pour l\u2019\u00e9vang\u00e9lisation par la promotion humaine.<\/p>\n<p>Dans son hom\u00e9lie, Mgr Laurent Lompo, Archev\u00eaque de Niamey, usant de la parent\u00e9 \u00e0 plaisanterie qui existe entre sonra\u00ef (ethnie de la s\u0153ur Andr\u00e9) et gourmantch\u00e9s (ethnie de l\u2019\u00e9v\u00eaque), a f\u00e9licit\u00e9 la S\u0153ur Andr\u00e9 pour le don de sa vie au Seigneur, avant de l\u2019inviter \u00e0 avancer au large sans peur, jusqu\u2019au bout. Il lui a aussi conseill\u00e9 de rester ob\u00e9issante et disponible pour la mission quelle qu\u2019elle soit, d&rsquo;\u00eatre humble, et de vivre dans la fraternit\u00e9 et la v\u00e9rit\u00e9 avec ses cons\u0153urs.<\/p>\n<p>Notons que beaucoup de pr\u00eatres, religieux, religieuses, la\u00efques consacr\u00e9es et fid\u00e8les la\u00efcs ont pris part \u00e0 la messe. Y \u00e9taient aussi pr\u00e9sents Mgr Ambroise Ou\u00e9draogo, Ev\u00eaque de Maradi, et le p\u00e8re Flavien Somda, Vicaire G\u00e9n\u00e9ral de Maradi.<\/p>\n<p>La messe s\u2019est d\u00e9roul\u00e9e dans une ambiance de recueillement et de f\u00eate. Dans la joie, la communaut\u00e9 chr\u00e9tienne a rendu gr\u00e2ce \u00e0 Dieu qui continue de pourvoir au bien de son Peuple, en choisissant en son sein des missionnaires.<\/p>\n<p><img loading=\"lazy\" decoding=\"async\" class=\"alignnone  wp-image-1056\" src=\"http:\/\/eglisecatholiqueniger.org\/wp-content\/uploads\/2023\/09\/APN7617-200x300.jpg\" alt=\"\" width=\"75\" height=\"113\" srcset=\"https:\/\/eglisecatholiqueniger.org\/wp-content\/uploads\/2023\/09\/APN7617-200x300.jpg 200w, https:\/\/eglisecatholiqueniger.org\/wp-content\/uploads\/2023\/09\/APN7617-683x1024.jpg 683w, https:\/\/eglisecatholiqueniger.org\/wp-content\/uploads\/2023\/09\/APN7617-768x1151.jpg 768w, https:\/\/eglisecatholiqueniger.org\/wp-content\/uploads\/2023\/09\/APN7617-1025x1536.jpg 1025w, https:\/\/eglisecatholiqueniger.org\/wp-content\/uploads\/2023\/09\/APN7617-1367x2048.jpg 1367w, https:\/\/eglisecatholiqueniger.org\/wp-content\/uploads\/2023\/09\/APN7617-scaled.jpg 1708w\" sizes=\"auto, (max-width: 75px) 100vw, 75px\" \/><img loading=\"lazy\" decoding=\"async\" class=\"alignnone  wp-image-1057\" src=\"http:\/\/eglisecatholiqueniger.org\/wp-content\/uploads\/2023\/09\/APN7642-300x200.jpg\" alt=\"\" width=\"170\" height=\"113\" srcset=\"https:\/\/eglisecatholiqueniger.org\/wp-content\/uploads\/2023\/09\/APN7642-300x200.jpg 300w, https:\/\/eglisecatholiqueniger.org\/wp-content\/uploads\/2023\/09\/APN7642-1024x683.jpg 1024w, https:\/\/eglisecatholiqueniger.org\/wp-content\/uploads\/2023\/09\/APN7642-768x512.jpg 768w, https:\/\/eglisecatholiqueniger.org\/wp-content\/uploads\/2023\/09\/APN7642-1536x1025.jpg 1536w, https:\/\/eglisecatholiqueniger.org\/wp-content\/uploads\/2023\/09\/APN7642-2048x1367.jpg 2048w, https:\/\/eglisecatholiqueniger.org\/wp-content\/uploads\/2023\/09\/APN7642-274x183.jpg 274w, https:\/\/eglisecatholiqueniger.org\/wp-content\/uploads\/2023\/09\/APN7642-364x245.jpg 364w, https:\/\/eglisecatholiqueniger.org\/wp-content\/uploads\/2023\/09\/APN7642-80x54.jpg 80w, https:\/\/eglisecatholiqueniger.org\/wp-content\/uploads\/2023\/09\/APN7642-130x87.jpg 130w, https:\/\/eglisecatholiqueniger.org\/wp-content\/uploads\/2023\/09\/APN7642-359x240.jpg 359w, https:\/\/eglisecatholiqueniger.org\/wp-content\/uploads\/2023\/09\/APN7642-85x57.jpg 85w, https:\/\/eglisecatholiqueniger.org\/wp-content\/uploads\/2023\/09\/APN7642-546x365.jpg 546w, https:\/\/eglisecatholiqueniger.org\/wp-content\/uploads\/2023\/09\/APN7642-266x179.jpg 266w, https:\/\/eglisecatholiqueniger.org\/wp-content\/uploads\/2023\/09\/APN7642-165x109.jpg 165w, https:\/\/eglisecatholiqueniger.org\/wp-content\/uploads\/2023\/09\/APN7642-347x233.jpg 347w, https:\/\/eglisecatholiqueniger.org\/wp-content\/uploads\/2023\/09\/APN7642-112x75.jpg 112w, https:\/\/eglisecatholiqueniger.org\/wp-content\/uploads\/2023\/09\/APN7642-179x120.jpg 179w, https:\/\/eglisecatholiqueniger.org\/wp-content\/uploads\/2023\/09\/APN7642-170x113.jpg 170w, https:\/\/eglisecatholiqueniger.org\/wp-content\/uploads\/2023\/09\/APN7642-81x55.jpg 81w, https:\/\/eglisecatholiqueniger.org\/wp-content\/uploads\/2023\/09\/APN7642-765x510.jpg 765w\" sizes=\"auto, (max-width: 170px) 100vw, 170px\" \/><img loading=\"lazy\" decoding=\"async\" class=\"alignnone  wp-image-1058\" src=\"http:\/\/eglisecatholiqueniger.org\/wp-content\/uploads\/2023\/09\/APN7772-300x200.jpg\" alt=\"\" width=\"168\" height=\"112\" srcset=\"https:\/\/eglisecatholiqueniger.org\/wp-content\/uploads\/2023\/09\/APN7772-300x200.jpg 300w, https:\/\/eglisecatholiqueniger.org\/wp-content\/uploads\/2023\/09\/APN7772-1024x683.jpg 1024w, https:\/\/eglisecatholiqueniger.org\/wp-content\/uploads\/2023\/09\/APN7772-768x512.jpg 768w, https:\/\/eglisecatholiqueniger.org\/wp-content\/uploads\/2023\/09\/APN7772-1536x1025.jpg 1536w, https:\/\/eglisecatholiqueniger.org\/wp-content\/uploads\/2023\/09\/APN7772-2048x1367.jpg 2048w, https:\/\/eglisecatholiqueniger.org\/wp-content\/uploads\/2023\/09\/APN7772-274x183.jpg 274w, https:\/\/eglisecatholiqueniger.org\/wp-content\/uploads\/2023\/09\/APN7772-364x245.jpg 364w, https:\/\/eglisecatholiqueniger.org\/wp-content\/uploads\/2023\/09\/APN7772-80x54.jpg 80w, https:\/\/eglisecatholiqueniger.org\/wp-content\/uploads\/2023\/09\/APN7772-130x87.jpg 130w, https:\/\/eglisecatholiqueniger.org\/wp-content\/uploads\/2023\/09\/APN7772-359x240.jpg 359w, https:\/\/eglisecatholiqueniger.org\/wp-content\/uploads\/2023\/09\/APN7772-85x57.jpg 85w, https:\/\/eglisecatholiqueniger.org\/wp-content\/uploads\/2023\/09\/APN7772-546x365.jpg 546w, https:\/\/eglisecatholiqueniger.org\/wp-content\/uploads\/2023\/09\/APN7772-266x179.jpg 266w, https:\/\/eglisecatholiqueniger.org\/wp-content\/uploads\/2023\/09\/APN7772-165x109.jpg 165w, https:\/\/eglisecatholiqueniger.org\/wp-content\/uploads\/2023\/09\/APN7772-347x233.jpg 347w, https:\/\/eglisecatholiqueniger.org\/wp-content\/uploads\/2023\/09\/APN7772-112x75.jpg 112w, https:\/\/eglisecatholiqueniger.org\/wp-content\/uploads\/2023\/09\/APN7772-179x120.jpg 179w, https:\/\/eglisecatholiqueniger.org\/wp-content\/uploads\/2023\/09\/APN7772-170x113.jpg 170w, https:\/\/eglisecatholiqueniger.org\/wp-content\/uploads\/2023\/09\/APN7772-81x55.jpg 81w, https:\/\/eglisecatholiqueniger.org\/wp-content\/uploads\/2023\/09\/APN7772-765x510.jpg 765w\" sizes=\"auto, (max-width: 168px) 100vw, 168px\" \/><img loading=\"lazy\" decoding=\"async\" class=\"alignnone  wp-image-1059\" src=\"http:\/\/eglisecatholiqueniger.org\/wp-content\/uploads\/2023\/09\/APN7806-300x200.jpg\" alt=\"\" width=\"170\" height=\"113\" srcset=\"https:\/\/eglisecatholiqueniger.org\/wp-content\/uploads\/2023\/09\/APN7806-300x200.jpg 300w, https:\/\/eglisecatholiqueniger.org\/wp-content\/uploads\/2023\/09\/APN7806-1024x683.jpg 1024w, https:\/\/eglisecatholiqueniger.org\/wp-content\/uploads\/2023\/09\/APN7806-768x512.jpg 768w, https:\/\/eglisecatholiqueniger.org\/wp-content\/uploads\/2023\/09\/APN7806-1536x1025.jpg 1536w, https:\/\/eglisecatholiqueniger.org\/wp-content\/uploads\/2023\/09\/APN7806-2048x1367.jpg 2048w, https:\/\/eglisecatholiqueniger.org\/wp-content\/uploads\/2023\/09\/APN7806-274x183.jpg 274w, https:\/\/eglisecatholiqueniger.org\/wp-content\/uploads\/2023\/09\/APN7806-364x245.jpg 364w, https:\/\/eglisecatholiqueniger.org\/wp-content\/uploads\/2023\/09\/APN7806-80x54.jpg 80w, https:\/\/eglisecatholiqueniger.org\/wp-content\/uploads\/2023\/09\/APN7806-130x87.jpg 130w, https:\/\/eglisecatholiqueniger.org\/wp-content\/uploads\/2023\/09\/APN7806-359x240.jpg 359w, https:\/\/eglisecatholiqueniger.org\/wp-content\/uploads\/2023\/09\/APN7806-85x57.jpg 85w, https:\/\/eglisecatholiqueniger.org\/wp-content\/uploads\/2023\/09\/APN7806-546x365.jpg 546w, https:\/\/eglisecatholiqueniger.org\/wp-content\/uploads\/2023\/09\/APN7806-266x179.jpg 266w, https:\/\/eglisecatholiqueniger.org\/wp-content\/uploads\/2023\/09\/APN7806-165x109.jpg 165w, https:\/\/eglisecatholiqueniger.org\/wp-content\/uploads\/2023\/09\/APN7806-347x233.jpg 347w, https:\/\/eglisecatholiqueniger.org\/wp-content\/uploads\/2023\/09\/APN7806-112x75.jpg 112w, https:\/\/eglisecatholiqueniger.org\/wp-content\/uploads\/2023\/09\/APN7806-179x120.jpg 179w, https:\/\/eglisecatholiqueniger.org\/wp-content\/uploads\/2023\/09\/APN7806-170x113.jpg 170w, https:\/\/eglisecatholiqueniger.org\/wp-content\/uploads\/2023\/09\/APN7806-81x55.jpg 81w, https:\/\/eglisecatholiqueniger.org\/wp-content\/uploads\/2023\/09\/APN7806-765x510.jpg 765w\" sizes=\"auto, (max-width: 170px) 100vw, 170px\" \/><\/p>\n","protected":false},"excerpt":{"rendered":"<p>\u00ab\u00a0Vocandi, dans la joie, sois t\u00e9moin de J\u00e9sus-Christ pour la transformation de ton milieu\u00a0\u00bb. Tel est le th\u00e8me du camp vocationnel 2023, qui a eu lieu du 5 au 10 &#8230;<\/p>\n","protected":false},"author":1,"featured_media":0,"comment_status":"open","ping_status":"open","sticky":false,"template":"","format":"standard","meta":{"footnotes":""},"categories":[1],"tags":[],"class_list":["post-1051","post","type-post","status-publish","format-standard","category-non-classe"],"_links":{"self":[{"href":"https:\/\/eglisecatholiqueniger.org\/index.php\/wp-json\/wp\/v2\/posts\/1051","targetHints":{"allow":["GET"]}}],"collection":[{"href":"https:\/\/eglisecatholiqueniger.org\/index.php\/wp-json\/wp\/v2\/posts"}],"about":[{"href":"https:\/\/eglisecatholiqueniger.org\/index.php\/wp-json\/wp\/v2\/types\/post"}],"author":[{"embeddable":true,"href":"https:\/\/eglisecatholiqueniger.org\/index.php\/wp-json\/wp\/v2\/users\/1"}],"replies":[{"embeddable":true,"href":"https:\/\/eglisecatholiqueniger.org\/index.php\/wp-json\/wp\/v2\/comments?post=1051"}],"version-history":[{"count":5,"href":"https:\/\/eglisecatholiqueniger.org\/index.php\/wp-json\/wp\/v2\/posts\/1051\/revisions"}],"predecessor-version":[{"id":1064,"href":"https:\/\/eglisecatholiqueniger.org\/index.php\/wp-json\/wp\/v2\/posts\/1051\/revisions\/1064"}],"wp:attachment":[{"href":"https:\/\/eglisecatholiqueniger.org\/index.php\/wp-json\/wp\/v2\/media?parent=1051"}],"wp:term":[{"taxonomy":"category","embeddable":true,"href":"https:\/\/eglisecatholiqueniger.org\/index.php\/wp-json\/wp\/v2\/categories?post=1051"},{"taxonomy":"post_tag","embeddable":true,"href":"https:\/\/eglisecatholiqueniger.org\/index.php\/wp-json\/wp\/v2\/tags?post=1051"}],"curies":[{"name":"wp","href":"https:\/\/api.w.org\/{rel}","templated":true}]}}