{"id":1118,"date":"2023-10-13T17:00:30","date_gmt":"2023-10-13T15:00:30","guid":{"rendered":"https:\/\/eglisecatholiqueniger.org\/?p=1118"},"modified":"2023-10-13T17:00:30","modified_gmt":"2023-10-13T15:00:30","slug":"ouverture-de-lassemblee-diocesaine-2023","status":"publish","type":"post","link":"https:\/\/eglisecatholiqueniger.org\/index.php\/2023\/10\/13\/ouverture-de-lassemblee-diocesaine-2023\/","title":{"rendered":"OUVERTURE DE L\u2019ASSEMBL\u00c9E DIOC\u00c9SAINE 2023"},"content":{"rendered":"<p><img loading=\"lazy\" decoding=\"async\" class=\"alignnone  wp-image-1123\" src=\"http:\/\/eglisecatholiqueniger.org\/wp-content\/uploads\/2023\/10\/mot003-300x200.jpg\" alt=\"\" width=\"275\" height=\"183\" srcset=\"https:\/\/eglisecatholiqueniger.org\/wp-content\/uploads\/2023\/10\/mot003-300x200.jpg 300w, https:\/\/eglisecatholiqueniger.org\/wp-content\/uploads\/2023\/10\/mot003-274x183.jpg 274w, https:\/\/eglisecatholiqueniger.org\/wp-content\/uploads\/2023\/10\/mot003-80x54.jpg 80w, https:\/\/eglisecatholiqueniger.org\/wp-content\/uploads\/2023\/10\/mot003-130x87.jpg 130w, https:\/\/eglisecatholiqueniger.org\/wp-content\/uploads\/2023\/10\/mot003-359x240.jpg 359w, https:\/\/eglisecatholiqueniger.org\/wp-content\/uploads\/2023\/10\/mot003-85x57.jpg 85w, https:\/\/eglisecatholiqueniger.org\/wp-content\/uploads\/2023\/10\/mot003-546x365.jpg 546w, https:\/\/eglisecatholiqueniger.org\/wp-content\/uploads\/2023\/10\/mot003-165x109.jpg 165w, https:\/\/eglisecatholiqueniger.org\/wp-content\/uploads\/2023\/10\/mot003-112x75.jpg 112w, https:\/\/eglisecatholiqueniger.org\/wp-content\/uploads\/2023\/10\/mot003-179x120.jpg 179w, https:\/\/eglisecatholiqueniger.org\/wp-content\/uploads\/2023\/10\/mot003-170x113.jpg 170w, https:\/\/eglisecatholiqueniger.org\/wp-content\/uploads\/2023\/10\/mot003-81x55.jpg 81w, https:\/\/eglisecatholiqueniger.org\/wp-content\/uploads\/2023\/10\/mot003-765x510.jpg 765w, https:\/\/eglisecatholiqueniger.org\/wp-content\/uploads\/2023\/10\/mot003.jpg 640w\" sizes=\"auto, (max-width: 275px) 100vw, 275px\" \/> \u00a0 <img loading=\"lazy\" decoding=\"async\" class=\"alignnone  wp-image-1120\" src=\"http:\/\/eglisecatholiqueniger.org\/wp-content\/uploads\/2023\/10\/mot-006-300x200.jpg\" alt=\"\" width=\"275\" height=\"183\" srcset=\"https:\/\/eglisecatholiqueniger.org\/wp-content\/uploads\/2023\/10\/mot-006-300x200.jpg 300w, https:\/\/eglisecatholiqueniger.org\/wp-content\/uploads\/2023\/10\/mot-006-274x183.jpg 274w, https:\/\/eglisecatholiqueniger.org\/wp-content\/uploads\/2023\/10\/mot-006-80x54.jpg 80w, https:\/\/eglisecatholiqueniger.org\/wp-content\/uploads\/2023\/10\/mot-006-130x87.jpg 130w, https:\/\/eglisecatholiqueniger.org\/wp-content\/uploads\/2023\/10\/mot-006-359x240.jpg 359w, https:\/\/eglisecatholiqueniger.org\/wp-content\/uploads\/2023\/10\/mot-006-85x57.jpg 85w, https:\/\/eglisecatholiqueniger.org\/wp-content\/uploads\/2023\/10\/mot-006-546x365.jpg 546w, https:\/\/eglisecatholiqueniger.org\/wp-content\/uploads\/2023\/10\/mot-006-165x109.jpg 165w, https:\/\/eglisecatholiqueniger.org\/wp-content\/uploads\/2023\/10\/mot-006-112x75.jpg 112w, https:\/\/eglisecatholiqueniger.org\/wp-content\/uploads\/2023\/10\/mot-006-179x120.jpg 179w, https:\/\/eglisecatholiqueniger.org\/wp-content\/uploads\/2023\/10\/mot-006-170x113.jpg 170w, https:\/\/eglisecatholiqueniger.org\/wp-content\/uploads\/2023\/10\/mot-006-81x55.jpg 81w, https:\/\/eglisecatholiqueniger.org\/wp-content\/uploads\/2023\/10\/mot-006-765x510.jpg 765w, https:\/\/eglisecatholiqueniger.org\/wp-content\/uploads\/2023\/10\/mot-006.jpg 640w\" sizes=\"auto, (max-width: 275px) 100vw, 275px\" \/><\/p>\n<p>Cette ann\u00e9e, comme celles ant\u00e9rieures, nous avons encore la joie d\u2019accueillir des fr\u00e8res et s\u0153urs. Certains sont de passage, comme \u00e0 l\u2019accoutum\u00e9e, pour nous saluer et nous manifester leur amour et leur soutien ; d\u2019autres arrivent pour rester, en vue de contribuer \u00e0 la mission d\u2019\u00e9vang\u00e9lisation au Niger. Bienvenue aussi \u00e0 tous les pr\u00eatres, religieux, religieuses, s\u00e9minaristes nouvellement arriv\u00e9s au Niger pour la mission. Au nom de toute la Communaut\u00e9 chr\u00e9tienne de l\u2019Archidioc\u00e8se de Niamey et en mon nom propre, je vous remercie de tout c\u0153ur pour toute l\u2019\u0153uvre que vous avez accomplie, et accomplirez en cette terre nig\u00e9rienne.<\/p>\n<p>Que la graine d\u2019\u00c9vangile que vous avez sem\u00e9e porte beaucoup de fruits pour la gloire de Dieu et le bien de l\u2019Eglise-Famille de Dieu qui est au Niger.<\/p>\n<p>Je voudrai profiter de cette occasion pour exprimer \u00e0 nouveau ma profonde gratitude \u00e0 tous les agents pastoraux de ce dioc\u00e8se pour tout ce que vous faites pour t\u00e9moigner de l\u2019amour du Christ au milieu de ce peuple nig\u00e9rien qui en a tant besoin en ce moment crucial.<\/p>\n<p>Cette ann\u00e9e, je voudrai vous embarquer tous, avec les fid\u00e8les la\u00efcs de notre Archidioc\u00e8se, dans une nouvelle aventure. Pour cela, nous avons choisi, pour guider toutes nos actions durant cette ann\u00e9e pastorale, le th\u00e8me suivant\u00a0: <strong><em>\u00ab\u00a0En Eglise-Famille de Dieu, marchons ensemble pour la transformation de notre milieu\u00a0\u00bb.<\/em><\/strong><\/p>\n<p>Co<img loading=\"lazy\" decoding=\"async\" class=\"alignnone  wp-image-1119\" src=\"http:\/\/eglisecatholiqueniger.org\/wp-content\/uploads\/2023\/10\/mot-007-300x200.jpg\" alt=\"\" width=\"275\" height=\"183\" srcset=\"https:\/\/eglisecatholiqueniger.org\/wp-content\/uploads\/2023\/10\/mot-007-300x200.jpg 300w, https:\/\/eglisecatholiqueniger.org\/wp-content\/uploads\/2023\/10\/mot-007-274x183.jpg 274w, https:\/\/eglisecatholiqueniger.org\/wp-content\/uploads\/2023\/10\/mot-007-80x54.jpg 80w, https:\/\/eglisecatholiqueniger.org\/wp-content\/uploads\/2023\/10\/mot-007-130x87.jpg 130w, https:\/\/eglisecatholiqueniger.org\/wp-content\/uploads\/2023\/10\/mot-007-359x240.jpg 359w, https:\/\/eglisecatholiqueniger.org\/wp-content\/uploads\/2023\/10\/mot-007-85x57.jpg 85w, https:\/\/eglisecatholiqueniger.org\/wp-content\/uploads\/2023\/10\/mot-007-546x365.jpg 546w, https:\/\/eglisecatholiqueniger.org\/wp-content\/uploads\/2023\/10\/mot-007-165x109.jpg 165w, https:\/\/eglisecatholiqueniger.org\/wp-content\/uploads\/2023\/10\/mot-007-112x75.jpg 112w, https:\/\/eglisecatholiqueniger.org\/wp-content\/uploads\/2023\/10\/mot-007-179x120.jpg 179w, https:\/\/eglisecatholiqueniger.org\/wp-content\/uploads\/2023\/10\/mot-007-170x113.jpg 170w, https:\/\/eglisecatholiqueniger.org\/wp-content\/uploads\/2023\/10\/mot-007-81x55.jpg 81w, https:\/\/eglisecatholiqueniger.org\/wp-content\/uploads\/2023\/10\/mot-007-765x510.jpg 765w, https:\/\/eglisecatholiqueniger.org\/wp-content\/uploads\/2023\/10\/mot-007.jpg 640w\" sizes=\"auto, (max-width: 275px) 100vw, 275px\" \/> \u00a0 <img loading=\"lazy\" decoding=\"async\" class=\"alignnone  wp-image-1124\" src=\"http:\/\/eglisecatholiqueniger.org\/wp-content\/uploads\/2023\/10\/mot001-300x200.jpg\" alt=\"\" width=\"275\" height=\"183\" srcset=\"https:\/\/eglisecatholiqueniger.org\/wp-content\/uploads\/2023\/10\/mot001-300x200.jpg 300w, https:\/\/eglisecatholiqueniger.org\/wp-content\/uploads\/2023\/10\/mot001-274x183.jpg 274w, https:\/\/eglisecatholiqueniger.org\/wp-content\/uploads\/2023\/10\/mot001-80x54.jpg 80w, https:\/\/eglisecatholiqueniger.org\/wp-content\/uploads\/2023\/10\/mot001-130x87.jpg 130w, https:\/\/eglisecatholiqueniger.org\/wp-content\/uploads\/2023\/10\/mot001-359x240.jpg 359w, https:\/\/eglisecatholiqueniger.org\/wp-content\/uploads\/2023\/10\/mot001-85x57.jpg 85w, https:\/\/eglisecatholiqueniger.org\/wp-content\/uploads\/2023\/10\/mot001-546x365.jpg 546w, https:\/\/eglisecatholiqueniger.org\/wp-content\/uploads\/2023\/10\/mot001-165x109.jpg 165w, https:\/\/eglisecatholiqueniger.org\/wp-content\/uploads\/2023\/10\/mot001-112x75.jpg 112w, https:\/\/eglisecatholiqueniger.org\/wp-content\/uploads\/2023\/10\/mot001-179x120.jpg 179w, https:\/\/eglisecatholiqueniger.org\/wp-content\/uploads\/2023\/10\/mot001-170x113.jpg 170w, https:\/\/eglisecatholiqueniger.org\/wp-content\/uploads\/2023\/10\/mot001-81x55.jpg 81w, https:\/\/eglisecatholiqueniger.org\/wp-content\/uploads\/2023\/10\/mot001-765x510.jpg 765w, https:\/\/eglisecatholiqueniger.org\/wp-content\/uploads\/2023\/10\/mot001.jpg 640w\" sizes=\"auto, (max-width: 275px) 100vw, 275px\" \/><\/p>\n<p>mme vous pouvez l\u2019imaginer, l\u2019esprit de ce th\u00e8me cadre avec le th\u00e8me de la <strong>synodalit\u00e9<\/strong>, c\u00e9l\u00e9br\u00e9e en ce moment m\u00eame, \u00e0 travers le Synode qui se tient \u00e0 Rome. En effet, notre objectif est de vous emmener tous, en tant que baptis\u00e9s, \u00e0 nous engager sur le chemin de communion et de transformation du monde que nous trace le Seigneur par l\u2019interm\u00e9diaire du Pape Fran\u00e7ois.<\/p>\n<p>Dans son hom\u00e9lie de la messe d\u2019ouverture du Synode, le 4 octobre dernier, le Pape Fran\u00e7ois, en effet, demandait aux participants de <strong><em>\u00ab\u00a0marcher ensemble sous le regard de J\u00e9sus\u2026\u00a0\u00bb<\/em> et de cultiver la <em>\u00ab\u00a0sagesse spirituelle\u2026 d\u2019une Eglise qui, avec un esprit joyeux, contemple l\u2019action de Dieu et discerne le pr\u00e9sent\u00a0\u00bb<\/em><\/strong><em>.<\/em>Se laisser inspirer et guider par Dieu, au-del\u00e0 de nos convictions et volont\u00e9s personnelles, c\u2019est la cl\u00e9 pour arriver \u00e0 rendre le Christ vraiment pr\u00e9sent et agissant dans le monde de ce temps, qu\u2019il faut sans cesse chercher \u00e0 mieux comprendre et aimer. Ceci dit, transformer notre milieu de vie, comme le sugg\u00e8re notre th\u00e8me d\u2019ann\u00e9e, n\u2019est possible que si nous acceptons de nous convertir tous et chacun, pour vivre constamment les valeurs de l\u2019Evangile, r\u00e9f\u00e9rence de toute vie chr\u00e9tienne en recherche de paix.<\/p>\n<p>La volont\u00e9 de Dieu, c\u2019est aussi\u00a0la paix, comme le fait comprendre l\u2019auteur du psaume 84 (85)\u00a0: <em>\u00ab\u00a0J\u2019\u00e9coute : que dira le Seigneur Dieu ? d\u00e9clare-t-il. Ce qu\u2019il dit, c\u2019est la paix pour son peuple et ses fid\u00e8les.\u00a0\u00bb.<\/em> A l\u2019heure o\u00f9 notre cher pays le Niger vit un moment difficile, suite \u00e0 des menaces ext\u00e9rieures, nous devons travailler tous et chacun \u00e0 promouvoir la <strong><em>Paix, la Coh\u00e9sion Sociale et l\u2019Unit\u00e9 Nationale <\/em><\/strong>partout o\u00f9 nous nous trouvons. Telle est la mission de transformation que le Seigneur nous confie en ce moment o\u00f9 tout le peuple nig\u00e9rien se mobilise pour la r\u00e9ussite des assises nationales apr\u00e8s le co\u00fbt d\u2019\u00e9tat du 26 juillet 2023.<\/p>\n<p><img loading=\"lazy\" decoding=\"async\" class=\"alignnone  wp-image-1121\" src=\"http:\/\/eglisecatholiqueniger.org\/wp-content\/uploads\/2023\/10\/mot-011-300x200.jpg\" alt=\"\" width=\"275\" height=\"183\" srcset=\"https:\/\/eglisecatholiqueniger.org\/wp-content\/uploads\/2023\/10\/mot-011-300x200.jpg 300w, https:\/\/eglisecatholiqueniger.org\/wp-content\/uploads\/2023\/10\/mot-011-274x183.jpg 274w, https:\/\/eglisecatholiqueniger.org\/wp-content\/uploads\/2023\/10\/mot-011-80x54.jpg 80w, https:\/\/eglisecatholiqueniger.org\/wp-content\/uploads\/2023\/10\/mot-011-130x87.jpg 130w, https:\/\/eglisecatholiqueniger.org\/wp-content\/uploads\/2023\/10\/mot-011-359x240.jpg 359w, https:\/\/eglisecatholiqueniger.org\/wp-content\/uploads\/2023\/10\/mot-011-85x57.jpg 85w, https:\/\/eglisecatholiqueniger.org\/wp-content\/uploads\/2023\/10\/mot-011-546x365.jpg 546w, https:\/\/eglisecatholiqueniger.org\/wp-content\/uploads\/2023\/10\/mot-011-165x109.jpg 165w, https:\/\/eglisecatholiqueniger.org\/wp-content\/uploads\/2023\/10\/mot-011-112x75.jpg 112w, https:\/\/eglisecatholiqueniger.org\/wp-content\/uploads\/2023\/10\/mot-011-179x120.jpg 179w, https:\/\/eglisecatholiqueniger.org\/wp-content\/uploads\/2023\/10\/mot-011-170x113.jpg 170w, https:\/\/eglisecatholiqueniger.org\/wp-content\/uploads\/2023\/10\/mot-011-81x55.jpg 81w, https:\/\/eglisecatholiqueniger.org\/wp-content\/uploads\/2023\/10\/mot-011-765x510.jpg 765w, https:\/\/eglisecatholiqueniger.org\/wp-content\/uploads\/2023\/10\/mot-011.jpg 640w\" sizes=\"auto, (max-width: 275px) 100vw, 275px\" \/>\u00a0 <img loading=\"lazy\" decoding=\"async\" class=\"alignnone  wp-image-1127\" src=\"http:\/\/eglisecatholiqueniger.org\/wp-content\/uploads\/2023\/10\/mot012-300x200.jpg\" alt=\"\" width=\"275\" height=\"183\" srcset=\"https:\/\/eglisecatholiqueniger.org\/wp-content\/uploads\/2023\/10\/mot012-300x200.jpg 300w, https:\/\/eglisecatholiqueniger.org\/wp-content\/uploads\/2023\/10\/mot012-274x183.jpg 274w, https:\/\/eglisecatholiqueniger.org\/wp-content\/uploads\/2023\/10\/mot012-80x54.jpg 80w, https:\/\/eglisecatholiqueniger.org\/wp-content\/uploads\/2023\/10\/mot012-130x87.jpg 130w, https:\/\/eglisecatholiqueniger.org\/wp-content\/uploads\/2023\/10\/mot012-359x240.jpg 359w, https:\/\/eglisecatholiqueniger.org\/wp-content\/uploads\/2023\/10\/mot012-85x57.jpg 85w, https:\/\/eglisecatholiqueniger.org\/wp-content\/uploads\/2023\/10\/mot012-546x365.jpg 546w, https:\/\/eglisecatholiqueniger.org\/wp-content\/uploads\/2023\/10\/mot012-165x109.jpg 165w, https:\/\/eglisecatholiqueniger.org\/wp-content\/uploads\/2023\/10\/mot012-112x75.jpg 112w, https:\/\/eglisecatholiqueniger.org\/wp-content\/uploads\/2023\/10\/mot012-179x120.jpg 179w, https:\/\/eglisecatholiqueniger.org\/wp-content\/uploads\/2023\/10\/mot012-170x113.jpg 170w, https:\/\/eglisecatholiqueniger.org\/wp-content\/uploads\/2023\/10\/mot012-81x55.jpg 81w, https:\/\/eglisecatholiqueniger.org\/wp-content\/uploads\/2023\/10\/mot012-765x510.jpg 765w, https:\/\/eglisecatholiqueniger.org\/wp-content\/uploads\/2023\/10\/mot012.jpg 640w\" sizes=\"auto, (max-width: 275px) 100vw, 275px\" \/><\/p>\n<p>Comme le disait le Pape Fran\u00e7ois, <strong><em>\u00ab\u00a0dans le dialogue synodal, dans cette belle \u201cmarche dans l\u2019Esprit Saint\u201d que nous entreprenons ensemble en tant que Peuple de Dieu, nous pouvons grandir dans l\u2019unit\u00e9 et l\u2019amiti\u00e9 avec le Seigneur (et avec nos fr\u00e8res et s\u0153urs de toute confession religieuse) pour regarder les d\u00e9fis d\u2019aujourd\u2019hui avec son regard\u00a0\u00bb.<\/em><\/strong><\/p>\n<p>Dans ce sens, au cours de cette assembl\u00e9e dioc\u00e9saine, nous aurons\u00a0:<\/p>\n<ol>\n<li>Le t\u00e9moignage vid\u00e9o du P\u00e8re Luigi Maccalli lib\u00e9r\u00e9 de sa captivit\u00e9 depuis 2020\u00a0;<\/li>\n<li>La pr\u00e9sentation et des \u00e9changes autour des d\u00e9fis de l\u2019ann\u00e9e pastorale 2021-2022 par secteur\u00a0;<\/li>\n<li>Une cat\u00e9ch\u00e8se sur le th\u00e8me de l\u2019ann\u00e9e en lien avec l\u2019Eglise Catholique au Niger et la synodalit\u00e9\u00a0;<\/li>\n<li>Une r\u00e9collection\u00a0sur une \u00ab\u00a0Spiritualit\u00e9 pour nous catholiques dans le contexte actuel du Niger\u00a0\u00bb\u00a0;<\/li>\n<li>(et enfin) Le bilan des actions de l\u2019ann\u00e9e pastorale 2022-2023 par paroisse en vue de formuler d\u2019autres actions pour 2023-2024..<\/li>\n<\/ol>\n<p>Je formule le v\u0153u que chacun de nous et tous ensemble, nous prenions nos b\u00e2tons de p\u00e8lerins pour pr\u00eacher partout la paix par nos paroles, etsurtout par nos actes en tant que t\u00e9moins de l\u2019\u00c9vangile\u00a0 .<\/p>\n<p>Bonne assembl\u00e9e dioc\u00e9saine \u00e0 toutes et \u00e0 tous\u00a0!<\/p>\n<p><img loading=\"lazy\" decoding=\"async\" class=\"wp-image-1126 aligncenter\" src=\"http:\/\/eglisecatholiqueniger.org\/wp-content\/uploads\/2023\/10\/mot013-300x200.jpg\" alt=\"\" width=\"329\" height=\"219\" srcset=\"https:\/\/eglisecatholiqueniger.org\/wp-content\/uploads\/2023\/10\/mot013-300x200.jpg 300w, https:\/\/eglisecatholiqueniger.org\/wp-content\/uploads\/2023\/10\/mot013-274x183.jpg 274w, https:\/\/eglisecatholiqueniger.org\/wp-content\/uploads\/2023\/10\/mot013-80x54.jpg 80w, https:\/\/eglisecatholiqueniger.org\/wp-content\/uploads\/2023\/10\/mot013-130x87.jpg 130w, https:\/\/eglisecatholiqueniger.org\/wp-content\/uploads\/2023\/10\/mot013-359x240.jpg 359w, https:\/\/eglisecatholiqueniger.org\/wp-content\/uploads\/2023\/10\/mot013-85x57.jpg 85w, https:\/\/eglisecatholiqueniger.org\/wp-content\/uploads\/2023\/10\/mot013-546x365.jpg 546w, https:\/\/eglisecatholiqueniger.org\/wp-content\/uploads\/2023\/10\/mot013-165x109.jpg 165w, https:\/\/eglisecatholiqueniger.org\/wp-content\/uploads\/2023\/10\/mot013-112x75.jpg 112w, https:\/\/eglisecatholiqueniger.org\/wp-content\/uploads\/2023\/10\/mot013-179x120.jpg 179w, https:\/\/eglisecatholiqueniger.org\/wp-content\/uploads\/2023\/10\/mot013-170x113.jpg 170w, https:\/\/eglisecatholiqueniger.org\/wp-content\/uploads\/2023\/10\/mot013-81x55.jpg 81w, https:\/\/eglisecatholiqueniger.org\/wp-content\/uploads\/2023\/10\/mot013-765x510.jpg 765w, https:\/\/eglisecatholiqueniger.org\/wp-content\/uploads\/2023\/10\/mot013.jpg 640w\" sizes=\"auto, (max-width: 329px) 100vw, 329px\" \/><\/p>\n<p>Je vous remercie.<\/p>\n<p>Mgr Laurent LOMPO<\/p>\n<p><em>Archev\u00eaque de Niamey<\/em><\/p>\n","protected":false},"excerpt":{"rendered":"<p>\u00a0 Cette ann\u00e9e, comme celles ant\u00e9rieures, nous avons encore la joie d\u2019accueillir des fr\u00e8res et s\u0153urs. Certains sont de passage, comme \u00e0 l\u2019accoutum\u00e9e, pour nous saluer et nous manifester leur &#8230;<\/p>\n","protected":false},"author":1,"featured_media":0,"comment_status":"open","ping_status":"open","sticky":false,"template":"","format":"standard","meta":{"footnotes":""},"categories":[1],"tags":[],"class_list":["post-1118","post","type-post","status-publish","format-standard","category-non-classe"],"_links":{"self":[{"href":"https:\/\/eglisecatholiqueniger.org\/index.php\/wp-json\/wp\/v2\/posts\/1118","targetHints":{"allow":["GET"]}}],"collection":[{"href":"https:\/\/eglisecatholiqueniger.org\/index.php\/wp-json\/wp\/v2\/posts"}],"about":[{"href":"https:\/\/eglisecatholiqueniger.org\/index.php\/wp-json\/wp\/v2\/types\/post"}],"author":[{"embeddable":true,"href":"https:\/\/eglisecatholiqueniger.org\/index.php\/wp-json\/wp\/v2\/users\/1"}],"replies":[{"embeddable":true,"href":"https:\/\/eglisecatholiqueniger.org\/index.php\/wp-json\/wp\/v2\/comments?post=1118"}],"version-history":[{"count":3,"href":"https:\/\/eglisecatholiqueniger.org\/index.php\/wp-json\/wp\/v2\/posts\/1118\/revisions"}],"predecessor-version":[{"id":1132,"href":"https:\/\/eglisecatholiqueniger.org\/index.php\/wp-json\/wp\/v2\/posts\/1118\/revisions\/1132"}],"wp:attachment":[{"href":"https:\/\/eglisecatholiqueniger.org\/index.php\/wp-json\/wp\/v2\/media?parent=1118"}],"wp:term":[{"taxonomy":"category","embeddable":true,"href":"https:\/\/eglisecatholiqueniger.org\/index.php\/wp-json\/wp\/v2\/categories?post=1118"},{"taxonomy":"post_tag","embeddable":true,"href":"https:\/\/eglisecatholiqueniger.org\/index.php\/wp-json\/wp\/v2\/tags?post=1118"}],"curies":[{"name":"wp","href":"https:\/\/api.w.org\/{rel}","templated":true}]}}