{"id":1134,"date":"2023-10-14T19:00:51","date_gmt":"2023-10-14T17:00:51","guid":{"rendered":"https:\/\/eglisecatholiqueniger.org\/?p=1134"},"modified":"2023-10-14T19:00:51","modified_gmt":"2023-10-14T17:00:51","slug":"assemblee-diocesaine-2023","status":"publish","type":"post","link":"https:\/\/eglisecatholiqueniger.org\/index.php\/2023\/10\/14\/assemblee-diocesaine-2023\/","title":{"rendered":"Assembl\u00e9e Dioc\u00e9saine 2023"},"content":{"rendered":"<p>T\u00e9moignage du P\u00e8re PIER LUIGI MACCALLI<\/p>\n<p><img loading=\"lazy\" decoding=\"async\" class=\"alignnone  wp-image-1135\" src=\"http:\/\/eglisecatholiqueniger.org\/wp-content\/uploads\/2023\/10\/001-300x200.jpg\" alt=\"\" width=\"275\" height=\"183\" srcset=\"https:\/\/eglisecatholiqueniger.org\/wp-content\/uploads\/2023\/10\/001-300x200.jpg 300w, https:\/\/eglisecatholiqueniger.org\/wp-content\/uploads\/2023\/10\/001-274x183.jpg 274w, https:\/\/eglisecatholiqueniger.org\/wp-content\/uploads\/2023\/10\/001-80x54.jpg 80w, https:\/\/eglisecatholiqueniger.org\/wp-content\/uploads\/2023\/10\/001-130x87.jpg 130w, https:\/\/eglisecatholiqueniger.org\/wp-content\/uploads\/2023\/10\/001-359x240.jpg 359w, https:\/\/eglisecatholiqueniger.org\/wp-content\/uploads\/2023\/10\/001-85x57.jpg 85w, https:\/\/eglisecatholiqueniger.org\/wp-content\/uploads\/2023\/10\/001-546x365.jpg 546w, https:\/\/eglisecatholiqueniger.org\/wp-content\/uploads\/2023\/10\/001-165x109.jpg 165w, https:\/\/eglisecatholiqueniger.org\/wp-content\/uploads\/2023\/10\/001-112x75.jpg 112w, https:\/\/eglisecatholiqueniger.org\/wp-content\/uploads\/2023\/10\/001-179x120.jpg 179w, https:\/\/eglisecatholiqueniger.org\/wp-content\/uploads\/2023\/10\/001-170x113.jpg 170w, https:\/\/eglisecatholiqueniger.org\/wp-content\/uploads\/2023\/10\/001-81x55.jpg 81w, https:\/\/eglisecatholiqueniger.org\/wp-content\/uploads\/2023\/10\/001-765x510.jpg 765w, https:\/\/eglisecatholiqueniger.org\/wp-content\/uploads\/2023\/10\/001.jpg 640w\" sizes=\"auto, (max-width: 275px) 100vw, 275px\" \/>\u00a0\u00a0 <img loading=\"lazy\" decoding=\"async\" class=\"alignnone  wp-image-1137\" src=\"http:\/\/eglisecatholiqueniger.org\/wp-content\/uploads\/2023\/10\/003-300x200.jpg\" alt=\"\" width=\"275\" height=\"183\" srcset=\"https:\/\/eglisecatholiqueniger.org\/wp-content\/uploads\/2023\/10\/003-300x200.jpg 300w, https:\/\/eglisecatholiqueniger.org\/wp-content\/uploads\/2023\/10\/003-274x183.jpg 274w, https:\/\/eglisecatholiqueniger.org\/wp-content\/uploads\/2023\/10\/003-80x54.jpg 80w, https:\/\/eglisecatholiqueniger.org\/wp-content\/uploads\/2023\/10\/003-130x87.jpg 130w, https:\/\/eglisecatholiqueniger.org\/wp-content\/uploads\/2023\/10\/003-359x240.jpg 359w, https:\/\/eglisecatholiqueniger.org\/wp-content\/uploads\/2023\/10\/003-85x57.jpg 85w, https:\/\/eglisecatholiqueniger.org\/wp-content\/uploads\/2023\/10\/003-546x365.jpg 546w, https:\/\/eglisecatholiqueniger.org\/wp-content\/uploads\/2023\/10\/003-165x109.jpg 165w, https:\/\/eglisecatholiqueniger.org\/wp-content\/uploads\/2023\/10\/003-112x75.jpg 112w, https:\/\/eglisecatholiqueniger.org\/wp-content\/uploads\/2023\/10\/003-179x120.jpg 179w, https:\/\/eglisecatholiqueniger.org\/wp-content\/uploads\/2023\/10\/003-170x113.jpg 170w, https:\/\/eglisecatholiqueniger.org\/wp-content\/uploads\/2023\/10\/003-81x55.jpg 81w, https:\/\/eglisecatholiqueniger.org\/wp-content\/uploads\/2023\/10\/003-765x510.jpg 765w, https:\/\/eglisecatholiqueniger.org\/wp-content\/uploads\/2023\/10\/003.jpg 640w\" sizes=\"auto, (max-width: 275px) 100vw, 275px\" \/><\/p>\n<p>Apr\u00e8s le mot d\u2019ouverture de Mgr Laurent LOMPO, les participants \u00e0 l\u2019assembl\u00e9e dioc\u00e9saine ont suivi une projection sur le t\u00e9moignage du P\u00e8re Luigi Maccalli ancien cur\u00e9 de la paroisse Saint Esprit de Bomoanga enlev\u00e9 en septembre 2018. Un \u00e9l\u00e9ment qui a une dur\u00e9e de 35 mn<\/p>\n<p>Dans l\u2019\u00e9l\u00e9ment le p\u00e8re disait\u00a0: \u00abMon histoire est bien connue et document\u00e9e\u00bb vous trouverez les d\u00e9tails dans le livre que j\u2019ai \u00e9cris \u00ab<strong><em>Chaines de Libert\u00e9<\/em><\/strong>\u00bb, dans cette vid\u00e9o je me limite \u00e0 r\u00e9sumer en 3 mots l\u2019essentiel de mon histoire. Trois (3) mots qui commencent tous par la lettre C :<\/p>\n<p>1- Cha\u00eenes (interrogations)\u00a0;<\/p>\n<p>2- Croix (silence)\u00a0;<\/p>\n<p>3- Chapelet (l\u2019essentiel).<\/p>\n<p><img loading=\"lazy\" decoding=\"async\" class=\"alignnone  wp-image-1139\" src=\"http:\/\/eglisecatholiqueniger.org\/wp-content\/uploads\/2023\/10\/004-300x200.jpg\" alt=\"\" width=\"275\" height=\"183\" srcset=\"https:\/\/eglisecatholiqueniger.org\/wp-content\/uploads\/2023\/10\/004-300x200.jpg 300w, https:\/\/eglisecatholiqueniger.org\/wp-content\/uploads\/2023\/10\/004-274x183.jpg 274w, https:\/\/eglisecatholiqueniger.org\/wp-content\/uploads\/2023\/10\/004-80x54.jpg 80w, https:\/\/eglisecatholiqueniger.org\/wp-content\/uploads\/2023\/10\/004-130x87.jpg 130w, https:\/\/eglisecatholiqueniger.org\/wp-content\/uploads\/2023\/10\/004-359x240.jpg 359w, https:\/\/eglisecatholiqueniger.org\/wp-content\/uploads\/2023\/10\/004-85x57.jpg 85w, https:\/\/eglisecatholiqueniger.org\/wp-content\/uploads\/2023\/10\/004-546x365.jpg 546w, https:\/\/eglisecatholiqueniger.org\/wp-content\/uploads\/2023\/10\/004-165x109.jpg 165w, https:\/\/eglisecatholiqueniger.org\/wp-content\/uploads\/2023\/10\/004-112x75.jpg 112w, https:\/\/eglisecatholiqueniger.org\/wp-content\/uploads\/2023\/10\/004-179x120.jpg 179w, https:\/\/eglisecatholiqueniger.org\/wp-content\/uploads\/2023\/10\/004-170x113.jpg 170w, https:\/\/eglisecatholiqueniger.org\/wp-content\/uploads\/2023\/10\/004-81x55.jpg 81w, https:\/\/eglisecatholiqueniger.org\/wp-content\/uploads\/2023\/10\/004-765x510.jpg 765w, https:\/\/eglisecatholiqueniger.org\/wp-content\/uploads\/2023\/10\/004.jpg 640w\" sizes=\"auto, (max-width: 275px) 100vw, 275px\" \/> \u00a0 <img loading=\"lazy\" decoding=\"async\" class=\"alignnone  wp-image-1138\" src=\"http:\/\/eglisecatholiqueniger.org\/wp-content\/uploads\/2023\/10\/005-300x200.jpg\" alt=\"\" width=\"275\" height=\"183\" srcset=\"https:\/\/eglisecatholiqueniger.org\/wp-content\/uploads\/2023\/10\/005-300x200.jpg 300w, https:\/\/eglisecatholiqueniger.org\/wp-content\/uploads\/2023\/10\/005-274x183.jpg 274w, https:\/\/eglisecatholiqueniger.org\/wp-content\/uploads\/2023\/10\/005-80x54.jpg 80w, https:\/\/eglisecatholiqueniger.org\/wp-content\/uploads\/2023\/10\/005-130x87.jpg 130w, https:\/\/eglisecatholiqueniger.org\/wp-content\/uploads\/2023\/10\/005-359x240.jpg 359w, https:\/\/eglisecatholiqueniger.org\/wp-content\/uploads\/2023\/10\/005-85x57.jpg 85w, https:\/\/eglisecatholiqueniger.org\/wp-content\/uploads\/2023\/10\/005-546x365.jpg 546w, https:\/\/eglisecatholiqueniger.org\/wp-content\/uploads\/2023\/10\/005-165x109.jpg 165w, https:\/\/eglisecatholiqueniger.org\/wp-content\/uploads\/2023\/10\/005-112x75.jpg 112w, https:\/\/eglisecatholiqueniger.org\/wp-content\/uploads\/2023\/10\/005-179x120.jpg 179w, https:\/\/eglisecatholiqueniger.org\/wp-content\/uploads\/2023\/10\/005-170x113.jpg 170w, https:\/\/eglisecatholiqueniger.org\/wp-content\/uploads\/2023\/10\/005-81x55.jpg 81w, https:\/\/eglisecatholiqueniger.org\/wp-content\/uploads\/2023\/10\/005-765x510.jpg 765w, https:\/\/eglisecatholiqueniger.org\/wp-content\/uploads\/2023\/10\/005.jpg 640w\" sizes=\"auto, (max-width: 275px) 100vw, 275px\" \/><\/p>\n","protected":false},"excerpt":{"rendered":"<p>T\u00e9moignage du P\u00e8re PIER LUIGI MACCALLI \u00a0\u00a0 Apr\u00e8s le mot d\u2019ouverture de Mgr Laurent LOMPO, les participants \u00e0 l\u2019assembl\u00e9e dioc\u00e9saine ont suivi une projection sur le t\u00e9moignage du P\u00e8re Luigi &#8230;<\/p>\n","protected":false},"author":1,"featured_media":0,"comment_status":"open","ping_status":"open","sticky":false,"template":"","format":"standard","meta":{"footnotes":""},"categories":[1],"tags":[],"class_list":["post-1134","post","type-post","status-publish","format-standard","category-non-classe"],"_links":{"self":[{"href":"https:\/\/eglisecatholiqueniger.org\/index.php\/wp-json\/wp\/v2\/posts\/1134","targetHints":{"allow":["GET"]}}],"collection":[{"href":"https:\/\/eglisecatholiqueniger.org\/index.php\/wp-json\/wp\/v2\/posts"}],"about":[{"href":"https:\/\/eglisecatholiqueniger.org\/index.php\/wp-json\/wp\/v2\/types\/post"}],"author":[{"embeddable":true,"href":"https:\/\/eglisecatholiqueniger.org\/index.php\/wp-json\/wp\/v2\/users\/1"}],"replies":[{"embeddable":true,"href":"https:\/\/eglisecatholiqueniger.org\/index.php\/wp-json\/wp\/v2\/comments?post=1134"}],"version-history":[{"count":3,"href":"https:\/\/eglisecatholiqueniger.org\/index.php\/wp-json\/wp\/v2\/posts\/1134\/revisions"}],"predecessor-version":[{"id":1142,"href":"https:\/\/eglisecatholiqueniger.org\/index.php\/wp-json\/wp\/v2\/posts\/1134\/revisions\/1142"}],"wp:attachment":[{"href":"https:\/\/eglisecatholiqueniger.org\/index.php\/wp-json\/wp\/v2\/media?parent=1134"}],"wp:term":[{"taxonomy":"category","embeddable":true,"href":"https:\/\/eglisecatholiqueniger.org\/index.php\/wp-json\/wp\/v2\/categories?post=1134"},{"taxonomy":"post_tag","embeddable":true,"href":"https:\/\/eglisecatholiqueniger.org\/index.php\/wp-json\/wp\/v2\/tags?post=1134"}],"curies":[{"name":"wp","href":"https:\/\/api.w.org\/{rel}","templated":true}]}}