{"id":1144,"date":"2023-10-16T15:04:25","date_gmt":"2023-10-16T13:04:25","guid":{"rendered":"https:\/\/eglisecatholiqueniger.org\/?p=1144"},"modified":"2023-10-17T16:12:16","modified_gmt":"2023-10-17T14:12:16","slug":"assemblee-diocesaine-2023-jour-1-apres-midi","status":"publish","type":"post","link":"https:\/\/eglisecatholiqueniger.org\/index.php\/2023\/10\/16\/assemblee-diocesaine-2023-jour-1-apres-midi\/","title":{"rendered":"Assembl\u00e9e dioc\u00e9saine 2023. Jour 1 apr\u00e8s-midi"},"content":{"rendered":"<p><img loading=\"lazy\" decoding=\"async\" class=\"size-medium wp-image-1146 aligncenter\" src=\"http:\/\/eglisecatholiqueniger.org\/wp-content\/uploads\/2023\/10\/catechese-Eveque001-300x200.jpg\" alt=\"\" width=\"300\" height=\"200\" srcset=\"https:\/\/eglisecatholiqueniger.org\/wp-content\/uploads\/2023\/10\/catechese-Eveque001-300x200.jpg 300w, https:\/\/eglisecatholiqueniger.org\/wp-content\/uploads\/2023\/10\/catechese-Eveque001-274x183.jpg 274w, https:\/\/eglisecatholiqueniger.org\/wp-content\/uploads\/2023\/10\/catechese-Eveque001-80x54.jpg 80w, https:\/\/eglisecatholiqueniger.org\/wp-content\/uploads\/2023\/10\/catechese-Eveque001-130x87.jpg 130w, https:\/\/eglisecatholiqueniger.org\/wp-content\/uploads\/2023\/10\/catechese-Eveque001-359x240.jpg 359w, https:\/\/eglisecatholiqueniger.org\/wp-content\/uploads\/2023\/10\/catechese-Eveque001-85x57.jpg 85w, https:\/\/eglisecatholiqueniger.org\/wp-content\/uploads\/2023\/10\/catechese-Eveque001-546x365.jpg 546w, https:\/\/eglisecatholiqueniger.org\/wp-content\/uploads\/2023\/10\/catechese-Eveque001-165x109.jpg 165w, https:\/\/eglisecatholiqueniger.org\/wp-content\/uploads\/2023\/10\/catechese-Eveque001-347x233.jpg 347w, https:\/\/eglisecatholiqueniger.org\/wp-content\/uploads\/2023\/10\/catechese-Eveque001-112x75.jpg 112w, https:\/\/eglisecatholiqueniger.org\/wp-content\/uploads\/2023\/10\/catechese-Eveque001-179x120.jpg 179w, https:\/\/eglisecatholiqueniger.org\/wp-content\/uploads\/2023\/10\/catechese-Eveque001-170x113.jpg 170w, https:\/\/eglisecatholiqueniger.org\/wp-content\/uploads\/2023\/10\/catechese-Eveque001-81x55.jpg 81w, https:\/\/eglisecatholiqueniger.org\/wp-content\/uploads\/2023\/10\/catechese-Eveque001-765x510.jpg 765w, https:\/\/eglisecatholiqueniger.org\/wp-content\/uploads\/2023\/10\/catechese-Eveque001.jpg 640w\" sizes=\"auto, (max-width: 300px) 100vw, 300px\" \/><\/p>\n<p style=\"text-align: left;\">Continuons \u00e0 suivre les travaux de l\u2019assembl\u00e9e dioc\u00e9saine 2023. L\u2019apr\u00e8s midi du jeudi 12 octobre, les participants ont eu droit \u00e0 la cat\u00e9ch\u00e8se anim\u00e9 par Mgr Laurent LOMPO sur le th\u00e8me de notre ann\u00e9e pastorale 2023-2024.\u00a0<strong><em>\u00ab\u00a0En Eglise-Famille de Dieu, marchons ensemble pour la transformation de notre milieu\u00a0\u00bb.<\/em><\/strong> En lien avec la synodalit\u00e9, l\u2019archev\u00eaque \u00e0 pris le soin d\u00e9gager quelques pistes pour notre vivre ensemble en tant que catholiques dans la soci\u00e9t\u00e9 nig\u00e9rienne.<\/p>\n<p>C\u2019est quoi une Eglise synodale\u00a0?<\/p>\n<p>Une Eglise synodale est une Eglise <strong>d\u00e9cl\u00e9ricalis\u00e9e<\/strong> (d\u00e9charg\u00e9e de l\u2019esprit cl\u00e9rical), o\u00f9 le clerg\u00e9 (Pape, \u00c9v\u00eaques, pr\u00eatres, diacres) <strong>n\u2019est pas au centre mais au service des chr\u00e9tiens.<\/strong><\/p>\n<p>A travers la synodalit\u00e9, le Pape invite l\u2019Eglise dans tous ses d\u00e9membrements \u00e0 l\u2019<strong>ouverture<\/strong>, c\u2019est-\u00e0-dire l\u2019acceptation \u00e0 se <strong>laisser bouger et transformer<\/strong>. Il n\u2019y a pas de synodalit\u00e9 sans prise de <strong>conscience de changement d\u2019habitude et de mentalit\u00e9<\/strong>. Il s\u2019agit d\u2019une r\u00e9volution \u00e0 l\u2019int\u00e9rieur de l\u2019\u00c9glise pour un dialogue franc, constructif qui permet \u00e0 chacun de se sentir fr\u00e8re, ou s\u0153ur dans la famille de Dieu.<\/p>\n<p>En nous r\u00e9f\u00e9rant \u00e0 la volont\u00e9 du Pape Fran\u00e7ois pour l\u2019Eglise Universelle qui se veut signe du Royaume, nous voulons que notre Eglise-Famille de Dieu au Niger soit aussi \u00e0 l\u2019instar des autres, une Eglise-Famille de Dieu qui\u00a0:<\/p>\n<ol>\n<li>Marche\u00a0;<\/li>\n<li>Qui se rencontre\u00a0;<\/li>\n<li>Qui \u00e9coute\u00a0;<\/li>\n<li>Qui discerne.<\/li>\n<\/ol>\n<ul>\n<li><strong>Une Eglise-Famille de Dieu qui marche\u00a0:<\/strong><\/li>\n<li><img loading=\"lazy\" decoding=\"async\" class=\"alignnone wp-image-1124\" src=\"http:\/\/eglisecatholiqueniger.org\/wp-content\/uploads\/2023\/10\/mot001-300x200.jpg\" alt=\"\" width=\"275\" height=\"183\" srcset=\"https:\/\/eglisecatholiqueniger.org\/wp-content\/uploads\/2023\/10\/mot001-300x200.jpg 300w, https:\/\/eglisecatholiqueniger.org\/wp-content\/uploads\/2023\/10\/mot001-274x183.jpg 274w, https:\/\/eglisecatholiqueniger.org\/wp-content\/uploads\/2023\/10\/mot001-80x54.jpg 80w, https:\/\/eglisecatholiqueniger.org\/wp-content\/uploads\/2023\/10\/mot001-130x87.jpg 130w, https:\/\/eglisecatholiqueniger.org\/wp-content\/uploads\/2023\/10\/mot001-359x240.jpg 359w, https:\/\/eglisecatholiqueniger.org\/wp-content\/uploads\/2023\/10\/mot001-85x57.jpg 85w, https:\/\/eglisecatholiqueniger.org\/wp-content\/uploads\/2023\/10\/mot001-546x365.jpg 546w, https:\/\/eglisecatholiqueniger.org\/wp-content\/uploads\/2023\/10\/mot001-165x109.jpg 165w, https:\/\/eglisecatholiqueniger.org\/wp-content\/uploads\/2023\/10\/mot001-112x75.jpg 112w, https:\/\/eglisecatholiqueniger.org\/wp-content\/uploads\/2023\/10\/mot001-179x120.jpg 179w, https:\/\/eglisecatholiqueniger.org\/wp-content\/uploads\/2023\/10\/mot001-170x113.jpg 170w, https:\/\/eglisecatholiqueniger.org\/wp-content\/uploads\/2023\/10\/mot001-81x55.jpg 81w, https:\/\/eglisecatholiqueniger.org\/wp-content\/uploads\/2023\/10\/mot001-765x510.jpg 765w, https:\/\/eglisecatholiqueniger.org\/wp-content\/uploads\/2023\/10\/mot001.jpg 640w\" sizes=\"auto, (max-width: 275px) 100vw, 275px\" \/> \u00a0 \u00a0 <img loading=\"lazy\" decoding=\"async\" class=\"alignnone wp-image-1149\" src=\"http:\/\/eglisecatholiqueniger.org\/wp-content\/uploads\/2023\/10\/Catechese-002-300x200.jpg\" alt=\"\" width=\"275\" height=\"183\" srcset=\"https:\/\/eglisecatholiqueniger.org\/wp-content\/uploads\/2023\/10\/Catechese-002-300x200.jpg 300w, https:\/\/eglisecatholiqueniger.org\/wp-content\/uploads\/2023\/10\/Catechese-002-274x183.jpg 274w, https:\/\/eglisecatholiqueniger.org\/wp-content\/uploads\/2023\/10\/Catechese-002-80x54.jpg 80w, https:\/\/eglisecatholiqueniger.org\/wp-content\/uploads\/2023\/10\/Catechese-002-130x87.jpg 130w, https:\/\/eglisecatholiqueniger.org\/wp-content\/uploads\/2023\/10\/Catechese-002-359x240.jpg 359w, https:\/\/eglisecatholiqueniger.org\/wp-content\/uploads\/2023\/10\/Catechese-002-85x57.jpg 85w, https:\/\/eglisecatholiqueniger.org\/wp-content\/uploads\/2023\/10\/Catechese-002-546x365.jpg 546w, https:\/\/eglisecatholiqueniger.org\/wp-content\/uploads\/2023\/10\/Catechese-002-165x109.jpg 165w, https:\/\/eglisecatholiqueniger.org\/wp-content\/uploads\/2023\/10\/Catechese-002-112x75.jpg 112w, https:\/\/eglisecatholiqueniger.org\/wp-content\/uploads\/2023\/10\/Catechese-002-179x120.jpg 179w, https:\/\/eglisecatholiqueniger.org\/wp-content\/uploads\/2023\/10\/Catechese-002-170x113.jpg 170w, https:\/\/eglisecatholiqueniger.org\/wp-content\/uploads\/2023\/10\/Catechese-002-81x55.jpg 81w, https:\/\/eglisecatholiqueniger.org\/wp-content\/uploads\/2023\/10\/Catechese-002-765x510.jpg 765w, https:\/\/eglisecatholiqueniger.org\/wp-content\/uploads\/2023\/10\/Catechese-002.jpg 640w\" sizes=\"auto, (max-width: 275px) 100vw, 275px\" \/><\/li>\n<\/ul>\n<p>Nous appartenons culturellement \u00e0 notre famille humaine par le nom que nous portons\u00a0: par exemple\u00a0:Ouoba, Lompo (chez les gourmantch\u00e9s), Diallo (chez les peulhs), Dabir\u00e9 (chez les Dagara), Ou\u00e9draogo (chez les mossi), SOSSOU chez les (Dassa), Ndong (chez les S\u00e9r\u00e8ne) \u2026 etc.<\/p>\n<p>Tous et toutes ici, nous appartenons \u00e0 l\u2019Eglise par le bapt\u00eame qui nous fait membre \u00e0 part enti\u00e8re.<\/p>\n<p>Par le bapt\u00eame, nous sommes tous fils et filles de Dieu appel\u00e9s \u00e0 marcher ensemble sans consid\u00e9ration aucune car en Dieu, c\u2019est la <strong>fraternit\u00e9<\/strong> qui importe et non les titres.<\/p>\n<p>\u00ab\u00a0Il n\u2019y a ni Juif ni Grec, il n\u2019y a ni esclave ni homme libre, il n\u2019y a ni homme ni femme, car tous vous ne faites qu\u2019un dans le Christ J\u00e9sus\u00a0\u00bb (Ga 3,28).<\/p>\n<p>Si nous sommes tous fr\u00e8res et s\u0153urs dans le Christ au nom de la foi, nous sommes appel\u00e9s \u00e0 marcher ensemble main dans la main pour transformer le monde.<\/p>\n<p>Marcher ensemble signifie mort en soi au quotidien pour privil\u00e9gier les relations <strong>interpersonnelles et humaines<\/strong>. Marcher ensemble, exige de chacun de nous une descente comme le Christ dans la lettre de Saint Paul aux Philippiens 2,6-11.<\/p>\n<p>Marcher ensemble dans l\u2019Eglise-Famille de Dieu demande \u00e0 ce que chaque fid\u00e8le <strong>connaisse son r\u00f4le<\/strong> et respecte le r\u00f4le des autres.<\/p>\n<p>&nbsp;<\/p>\n<ul>\n<li><strong>Une Eglise-Famille de Dieu qui se rencontre\u00a0:<\/strong><\/li>\n<\/ul>\n<p>Nous ne pouvons rencontrer les autres qu\u2019en <strong>se levant<\/strong>, qu\u2019en <strong>marchant<\/strong>, qu\u2019en se <strong>dirigeant<\/strong> vers.<\/p>\n<p>Sans mouvement, il n\u2019est pas possible de rencontrer les autres. Malheureusement nous sommes dans l\u2019Eglise en oubliant que toute la vie publique de J\u00e9sus a \u00e9t\u00e9 une marche, une rencontre avec les cat\u00e9gories de personnes (riches, pauvres, petits, malades \u2026 etc) en vue de transformer leur vie\u00a0:<\/p>\n<ul>\n<li>Les disciples d\u2019Emma\u00fcs Lc 24,18-35<\/li>\n<li>J\u00e9sus chez Zach\u00e9e (Lc 19,1-10)<\/li>\n<li>La r\u00e9surrection de Lazare (Jn 11, 1-44)<\/li>\n<li>La gu\u00e9rison de la belle m\u00e8re de Pierre (Lc4, 38-41)<\/li>\n<\/ul>\n<p>Nous devons \u00eatre une Eglise en \u00ab\u00a0sortie\u00a0\u00bb comme le dit le Pape Fran\u00e7ois. Mais malheureusement, nous les consacr\u00e9s, nous sommes de nos jours piqu\u00e9s par le virus de l\u2019inertie (synonymes\u00a0: engourdissement, fain\u00e9antise, immobilisme, inaction). Nous n\u2019allons plus \u00e0 la rencontre des personnes, mais nous attendons qu\u2019elles viennent vers nous. Nous sommes devenus des bureaucrates, des enseignants, des m\u00e9decins, des fonctionnaires de Dieu.<\/p>\n<p>Si nous voulons toucher les gens, nous devons aller au march\u00e9 pour rencontrer les commer\u00e7ants, \u00e0 l\u2019h\u00f4pital pour soulager les malades, dans les prisons pour donner du courage \u00e0 ceux qui d\u00e9sesp\u00e8rent de la vie.<\/p>\n<p>Sortons de nos sacristies pour rencontrer les musulmans, nos fr\u00e8res des \u00e9glises \u00e9vang\u00e9liques, en un mot les hommes et les femmes de notre soci\u00e9t\u00e9.<\/p>\n<p><img loading=\"lazy\" decoding=\"async\" class=\"alignnone wp-image-1123\" src=\"http:\/\/eglisecatholiqueniger.org\/wp-content\/uploads\/2023\/10\/mot003-300x200.jpg\" alt=\"\" width=\"275\" height=\"183\" srcset=\"https:\/\/eglisecatholiqueniger.org\/wp-content\/uploads\/2023\/10\/mot003-300x200.jpg 300w, https:\/\/eglisecatholiqueniger.org\/wp-content\/uploads\/2023\/10\/mot003-274x183.jpg 274w, https:\/\/eglisecatholiqueniger.org\/wp-content\/uploads\/2023\/10\/mot003-80x54.jpg 80w, https:\/\/eglisecatholiqueniger.org\/wp-content\/uploads\/2023\/10\/mot003-130x87.jpg 130w, https:\/\/eglisecatholiqueniger.org\/wp-content\/uploads\/2023\/10\/mot003-359x240.jpg 359w, https:\/\/eglisecatholiqueniger.org\/wp-content\/uploads\/2023\/10\/mot003-85x57.jpg 85w, https:\/\/eglisecatholiqueniger.org\/wp-content\/uploads\/2023\/10\/mot003-546x365.jpg 546w, https:\/\/eglisecatholiqueniger.org\/wp-content\/uploads\/2023\/10\/mot003-165x109.jpg 165w, https:\/\/eglisecatholiqueniger.org\/wp-content\/uploads\/2023\/10\/mot003-112x75.jpg 112w, https:\/\/eglisecatholiqueniger.org\/wp-content\/uploads\/2023\/10\/mot003-179x120.jpg 179w, https:\/\/eglisecatholiqueniger.org\/wp-content\/uploads\/2023\/10\/mot003-170x113.jpg 170w, https:\/\/eglisecatholiqueniger.org\/wp-content\/uploads\/2023\/10\/mot003-81x55.jpg 81w, https:\/\/eglisecatholiqueniger.org\/wp-content\/uploads\/2023\/10\/mot003-765x510.jpg 765w, https:\/\/eglisecatholiqueniger.org\/wp-content\/uploads\/2023\/10\/mot003.jpg 640w\" sizes=\"auto, (max-width: 275px) 100vw, 275px\" \/> \u00a0\u00a0 <img loading=\"lazy\" decoding=\"async\" class=\"alignnone size-medium wp-image-1139\" src=\"http:\/\/eglisecatholiqueniger.org\/wp-content\/uploads\/2023\/10\/004-300x200.jpg\" alt=\"\" width=\"300\" height=\"200\" srcset=\"https:\/\/eglisecatholiqueniger.org\/wp-content\/uploads\/2023\/10\/004-300x200.jpg 300w, https:\/\/eglisecatholiqueniger.org\/wp-content\/uploads\/2023\/10\/004-274x183.jpg 274w, https:\/\/eglisecatholiqueniger.org\/wp-content\/uploads\/2023\/10\/004-80x54.jpg 80w, https:\/\/eglisecatholiqueniger.org\/wp-content\/uploads\/2023\/10\/004-130x87.jpg 130w, https:\/\/eglisecatholiqueniger.org\/wp-content\/uploads\/2023\/10\/004-359x240.jpg 359w, https:\/\/eglisecatholiqueniger.org\/wp-content\/uploads\/2023\/10\/004-85x57.jpg 85w, https:\/\/eglisecatholiqueniger.org\/wp-content\/uploads\/2023\/10\/004-546x365.jpg 546w, https:\/\/eglisecatholiqueniger.org\/wp-content\/uploads\/2023\/10\/004-165x109.jpg 165w, https:\/\/eglisecatholiqueniger.org\/wp-content\/uploads\/2023\/10\/004-347x233.jpg 347w, https:\/\/eglisecatholiqueniger.org\/wp-content\/uploads\/2023\/10\/004-112x75.jpg 112w, https:\/\/eglisecatholiqueniger.org\/wp-content\/uploads\/2023\/10\/004-179x120.jpg 179w, https:\/\/eglisecatholiqueniger.org\/wp-content\/uploads\/2023\/10\/004-170x113.jpg 170w, https:\/\/eglisecatholiqueniger.org\/wp-content\/uploads\/2023\/10\/004-81x55.jpg 81w, https:\/\/eglisecatholiqueniger.org\/wp-content\/uploads\/2023\/10\/004-765x510.jpg 765w, https:\/\/eglisecatholiqueniger.org\/wp-content\/uploads\/2023\/10\/004.jpg 640w\" sizes=\"auto, (max-width: 300px) 100vw, 300px\" \/><\/p>\n<ul>\n<li><strong>Une Eglise-Famille de Dieu qui \u00e9coute\u00a0:<\/strong><\/li>\n<\/ul>\n<p>L\u2019Eglise \u00e0 laquelle nous appartenons existe pour \u00e9couter le cri des hommes et des femmes de la soci\u00e9t\u00e9.<\/p>\n<p>Ecouter signifie entendre, pr\u00eater attention \u00e0 l\u2019autre qui est un fr\u00e8re, une s\u0153ur en vue de l\u2019aider \u00e0 grandir.<\/p>\n<p>Aujourd\u2019hui avec le rythme de la soci\u00e9t\u00e9, nous n\u2019avons plus du temps pour l\u2019autre. Nous pensons tout r\u00e9soudre avec la course \u00e0 la montre et cela nous \u00e9loigne de l\u2019essentiel.<\/p>\n<p>L\u2019Eglise doit \u00e9couter la voix du Ma\u00eetre si elle veut \u00eatre <strong>sel et lumi\u00e8re <\/strong>dans le monde d\u2019aujourd\u2019hui.<\/p>\n<p><strong><em>\u00ab\u00a0Je suis la vigne, vous les serments. Celui qui demeure en moi, et moi en lui, celui l\u00e0 porte beaucoup de fruits, car hors de moi vous ne pouvez rien faire\u00a0\u00bb<\/em><\/strong> (Jn 15,5).<\/p>\n<p>Si dans notre Eglise-Famille, nous nous \u00e9loignons de Dieu lui-m\u00eame, comment pouvons-nous \u00eatre \u00e0 l\u2019\u00e9coute de nos fr\u00e8res et s\u0153urs, les humains\u00a0?<\/p>\n<p>Il est vraiment temps que notre Eglise-Famille de Dieu au Niger revienne \u00e0 ses options fondamentales premi\u00e8res qui consistent \u00e0 <strong>s\u2019asseoir sur la natte<\/strong> pour <strong>\u00e9couter et partager les aspirations du peuple<\/strong> sans <strong>se laisser distraire par tout ce qui n\u2019est pas essentiel.<\/strong><\/p>\n<p>Au mois de mai 2023, \u00e0 l\u2019occasion de l\u2019Assembl\u00e9e G\u00e9n\u00e9rale de Caritas Internationalis, le Pape Fran\u00e7ois nous disait ceci\u00a0: \u00ab\u00a0Vous les \u00e9v\u00eaques ayez du temps pour \u00e9couter le peuple de Dieu dont vous avez la charge. Ayez une oreille attentive \u00e0 tous ceux et celles qui viennent vers vous. Ne soyez pas seulement des administrateurs, mais des pasteurs et des bergers qui \u00e9coutent les brebis et les guident\u00a0\u00bb.<\/p>\n<p><img loading=\"lazy\" decoding=\"async\" class=\"alignnone wp-image-1122\" src=\"http:\/\/eglisecatholiqueniger.org\/wp-content\/uploads\/2023\/10\/mot-005-300x200.jpg\" alt=\"\" width=\"275\" height=\"183\" srcset=\"https:\/\/eglisecatholiqueniger.org\/wp-content\/uploads\/2023\/10\/mot-005-300x200.jpg 300w, https:\/\/eglisecatholiqueniger.org\/wp-content\/uploads\/2023\/10\/mot-005-274x183.jpg 274w, https:\/\/eglisecatholiqueniger.org\/wp-content\/uploads\/2023\/10\/mot-005-80x54.jpg 80w, https:\/\/eglisecatholiqueniger.org\/wp-content\/uploads\/2023\/10\/mot-005-130x87.jpg 130w, https:\/\/eglisecatholiqueniger.org\/wp-content\/uploads\/2023\/10\/mot-005-359x240.jpg 359w, https:\/\/eglisecatholiqueniger.org\/wp-content\/uploads\/2023\/10\/mot-005-85x57.jpg 85w, https:\/\/eglisecatholiqueniger.org\/wp-content\/uploads\/2023\/10\/mot-005-546x365.jpg 546w, https:\/\/eglisecatholiqueniger.org\/wp-content\/uploads\/2023\/10\/mot-005-165x109.jpg 165w, https:\/\/eglisecatholiqueniger.org\/wp-content\/uploads\/2023\/10\/mot-005-112x75.jpg 112w, https:\/\/eglisecatholiqueniger.org\/wp-content\/uploads\/2023\/10\/mot-005-179x120.jpg 179w, https:\/\/eglisecatholiqueniger.org\/wp-content\/uploads\/2023\/10\/mot-005-170x113.jpg 170w, https:\/\/eglisecatholiqueniger.org\/wp-content\/uploads\/2023\/10\/mot-005-81x55.jpg 81w, https:\/\/eglisecatholiqueniger.org\/wp-content\/uploads\/2023\/10\/mot-005-765x510.jpg 765w, https:\/\/eglisecatholiqueniger.org\/wp-content\/uploads\/2023\/10\/mot-005.jpg 640w\" sizes=\"auto, (max-width: 275px) 100vw, 275px\" \/><\/p>\n<p>Ces mots du Pape Fran\u00e7ois doivent r\u00e9sonner non pas seulement dans les oreilles des \u00e9v\u00eaques, mais dans celles de tous les consacr\u00e9s et les la\u00efcs dans l\u2019Eglise aujourd\u2019hui. Soyons des hommes et des femmes <strong>disponibles<\/strong>, <strong>accessibles, ouverts<\/strong>, toujours <strong>dispos\u00e9s <\/strong>comme le Christ \u00e0 <strong>\u00e9couter les cris de la soci\u00e9t\u00e9<\/strong>.<\/p>\n<ul>\n<li><strong>Une Eglise-Famille de Dieu qui discerne\u00a0:<\/strong><\/li>\n<\/ul>\n<p>Se laisser questionner par les \u00e9v\u00e8nements. Notre Eglise doit \u00eatre \u00e0 l\u2019\u00e9coute des cris du peuple. Si nous savons \u00e9couter, nous pouvons <strong>discerner<\/strong> et aller \u00e0 l\u2019essentiel. Notre Eglise a besoin des personnes qui sachent discerner, se poser des questions et lire les signes du temps. Ne soyons pas indiff\u00e9rents, ayons des yeux ouverts pour regarder l\u2019autre.<\/p>\n<p>La Parole du <strong>riche et de Lazare<\/strong> (Lc16, 19-31) nous invite \u00e0 ne pas mettre de <strong>barri\u00e8re<\/strong> entre nous, entre les gens vers qui l\u2019Eglise nous envoie. Si le riche a \u00e9t\u00e9 surpris dans l\u2019au-del\u00e0, c\u2019est tout simplement parce qu\u2019il a ferm\u00e9 son c\u0153ur, sa maison, sa porte \u00e0 l\u2019autre.<\/p>\n<p>C\u2019est parce qu\u2019il a construit un mur pour ne pas <strong>voir<\/strong> ni <strong>lire<\/strong> les signes du temps.<\/p>\n<p>Nous devons au Niger nous centrer sur l\u2019<strong>essentiel<\/strong> et l\u2019essentiel, c\u2019est la <strong>fraternit\u00e9<\/strong> (cf p\u00e8re Luigi).<\/p>\n<p>Nous devons rester humains et la mission, n\u2019est <strong>qu\u2019humanisation<\/strong>.<\/p>\n<p>\u00ab\u00a0Ce que l\u2019homme humanise, Dieu divinise\u00a0\u00bb (p\u00e8re Fran\u00e7ois j\u00e9suite).<\/p>\n<p>Dialoguer est un privil\u00e8ge et surtout au Niger o\u00f9 nous vivons avec la grande <strong>majorit\u00e9 musulmane<\/strong>.<\/p>\n<p><strong><em>\u00abEn Eglise-Famille de Dieu, marchons ensemble pour la transformation de notre milieu\u00a0\u00bb.<\/em><\/strong> Dans un esprit synodal, nous sommes invit\u00e9s plus que jamais \u00e0 marcher, \u00e0 faire l\u2019effort de nous rencontrer \u00e0 \u00e9couter et \u00e0 discerner ensemble les signes du temps. C\u2019est un imp\u00e9ratif pour \u00eatre sel et lumi\u00e8re dans la soci\u00e9t\u00e9 nig\u00e9rienne qui nous regarde et attend de nous des signes d\u2019esp\u00e9rance en ce moment difficile.<\/p>\n<p><img loading=\"lazy\" decoding=\"async\" class=\"alignnone wp-image-1129\" src=\"http:\/\/eglisecatholiqueniger.org\/wp-content\/uploads\/2023\/10\/mot013-1-300x200.jpg\" alt=\"\" width=\"275\" height=\"183\" srcset=\"https:\/\/eglisecatholiqueniger.org\/wp-content\/uploads\/2023\/10\/mot013-1-300x200.jpg 300w, https:\/\/eglisecatholiqueniger.org\/wp-content\/uploads\/2023\/10\/mot013-1-274x183.jpg 274w, https:\/\/eglisecatholiqueniger.org\/wp-content\/uploads\/2023\/10\/mot013-1-80x54.jpg 80w, https:\/\/eglisecatholiqueniger.org\/wp-content\/uploads\/2023\/10\/mot013-1-130x87.jpg 130w, https:\/\/eglisecatholiqueniger.org\/wp-content\/uploads\/2023\/10\/mot013-1-359x240.jpg 359w, https:\/\/eglisecatholiqueniger.org\/wp-content\/uploads\/2023\/10\/mot013-1-85x57.jpg 85w, https:\/\/eglisecatholiqueniger.org\/wp-content\/uploads\/2023\/10\/mot013-1-546x365.jpg 546w, https:\/\/eglisecatholiqueniger.org\/wp-content\/uploads\/2023\/10\/mot013-1-165x109.jpg 165w, https:\/\/eglisecatholiqueniger.org\/wp-content\/uploads\/2023\/10\/mot013-1-112x75.jpg 112w, https:\/\/eglisecatholiqueniger.org\/wp-content\/uploads\/2023\/10\/mot013-1-179x120.jpg 179w, https:\/\/eglisecatholiqueniger.org\/wp-content\/uploads\/2023\/10\/mot013-1-170x113.jpg 170w, https:\/\/eglisecatholiqueniger.org\/wp-content\/uploads\/2023\/10\/mot013-1-81x55.jpg 81w, https:\/\/eglisecatholiqueniger.org\/wp-content\/uploads\/2023\/10\/mot013-1-765x510.jpg 765w, https:\/\/eglisecatholiqueniger.org\/wp-content\/uploads\/2023\/10\/mot013-1.jpg 640w\" sizes=\"auto, (max-width: 275px) 100vw, 275px\" \/> \u00a0 <img loading=\"lazy\" decoding=\"async\" class=\"alignnone wp-image-1104\" src=\"http:\/\/eglisecatholiqueniger.org\/wp-content\/uploads\/2023\/10\/rencontre004-300x200.jpg\" alt=\"\" width=\"275\" height=\"183\" srcset=\"https:\/\/eglisecatholiqueniger.org\/wp-content\/uploads\/2023\/10\/rencontre004-300x200.jpg 300w, https:\/\/eglisecatholiqueniger.org\/wp-content\/uploads\/2023\/10\/rencontre004-274x183.jpg 274w, https:\/\/eglisecatholiqueniger.org\/wp-content\/uploads\/2023\/10\/rencontre004-80x54.jpg 80w, https:\/\/eglisecatholiqueniger.org\/wp-content\/uploads\/2023\/10\/rencontre004-130x87.jpg 130w, https:\/\/eglisecatholiqueniger.org\/wp-content\/uploads\/2023\/10\/rencontre004-359x240.jpg 359w, https:\/\/eglisecatholiqueniger.org\/wp-content\/uploads\/2023\/10\/rencontre004-85x57.jpg 85w, https:\/\/eglisecatholiqueniger.org\/wp-content\/uploads\/2023\/10\/rencontre004-546x365.jpg 546w, https:\/\/eglisecatholiqueniger.org\/wp-content\/uploads\/2023\/10\/rencontre004-165x109.jpg 165w, https:\/\/eglisecatholiqueniger.org\/wp-content\/uploads\/2023\/10\/rencontre004-112x75.jpg 112w, https:\/\/eglisecatholiqueniger.org\/wp-content\/uploads\/2023\/10\/rencontre004-179x120.jpg 179w, https:\/\/eglisecatholiqueniger.org\/wp-content\/uploads\/2023\/10\/rencontre004-170x113.jpg 170w, https:\/\/eglisecatholiqueniger.org\/wp-content\/uploads\/2023\/10\/rencontre004-81x55.jpg 81w, https:\/\/eglisecatholiqueniger.org\/wp-content\/uploads\/2023\/10\/rencontre004-765x510.jpg 765w, https:\/\/eglisecatholiqueniger.org\/wp-content\/uploads\/2023\/10\/rencontre004.jpg 640w\" sizes=\"auto, (max-width: 275px) 100vw, 275px\" \/><\/p>\n","protected":false},"excerpt":{"rendered":"<p>Continuons \u00e0 suivre les travaux de l\u2019assembl\u00e9e dioc\u00e9saine 2023. L\u2019apr\u00e8s midi du jeudi 12 octobre, les participants ont eu droit \u00e0 la cat\u00e9ch\u00e8se anim\u00e9 par Mgr Laurent LOMPO sur le &#8230;<\/p>\n","protected":false},"author":1,"featured_media":0,"comment_status":"open","ping_status":"open","sticky":false,"template":"","format":"standard","meta":{"footnotes":""},"categories":[1],"tags":[],"class_list":["post-1144","post","type-post","status-publish","format-standard","category-non-classe"],"_links":{"self":[{"href":"https:\/\/eglisecatholiqueniger.org\/index.php\/wp-json\/wp\/v2\/posts\/1144","targetHints":{"allow":["GET"]}}],"collection":[{"href":"https:\/\/eglisecatholiqueniger.org\/index.php\/wp-json\/wp\/v2\/posts"}],"about":[{"href":"https:\/\/eglisecatholiqueniger.org\/index.php\/wp-json\/wp\/v2\/types\/post"}],"author":[{"embeddable":true,"href":"https:\/\/eglisecatholiqueniger.org\/index.php\/wp-json\/wp\/v2\/users\/1"}],"replies":[{"embeddable":true,"href":"https:\/\/eglisecatholiqueniger.org\/index.php\/wp-json\/wp\/v2\/comments?post=1144"}],"version-history":[{"count":12,"href":"https:\/\/eglisecatholiqueniger.org\/index.php\/wp-json\/wp\/v2\/posts\/1144\/revisions"}],"predecessor-version":[{"id":1161,"href":"https:\/\/eglisecatholiqueniger.org\/index.php\/wp-json\/wp\/v2\/posts\/1144\/revisions\/1161"}],"wp:attachment":[{"href":"https:\/\/eglisecatholiqueniger.org\/index.php\/wp-json\/wp\/v2\/media?parent=1144"}],"wp:term":[{"taxonomy":"category","embeddable":true,"href":"https:\/\/eglisecatholiqueniger.org\/index.php\/wp-json\/wp\/v2\/categories?post=1144"},{"taxonomy":"post_tag","embeddable":true,"href":"https:\/\/eglisecatholiqueniger.org\/index.php\/wp-json\/wp\/v2\/tags?post=1144"}],"curies":[{"name":"wp","href":"https:\/\/api.w.org\/{rel}","templated":true}]}}