{"id":1162,"date":"2023-10-17T17:25:35","date_gmt":"2023-10-17T15:25:35","guid":{"rendered":"https:\/\/eglisecatholiqueniger.org\/?p=1162"},"modified":"2023-10-17T17:25:35","modified_gmt":"2023-10-17T15:25:35","slug":"quelle-spiritualite-pour-nous-catholiques-dans-le-contexte-actuel-du-niger","status":"publish","type":"post","link":"https:\/\/eglisecatholiqueniger.org\/index.php\/2023\/10\/17\/quelle-spiritualite-pour-nous-catholiques-dans-le-contexte-actuel-du-niger\/","title":{"rendered":"\u00ab\u00a0Quelle spiritualit\u00e9 pour nous catholiques dans le contexte actuel du Niger\u00a0?\u00a0\u00bb"},"content":{"rendered":"<p>L<img loading=\"lazy\" decoding=\"async\" class=\"alignnone size-medium wp-image-1167\" src=\"http:\/\/eglisecatholiqueniger.org\/wp-content\/uploads\/2023\/10\/spiritualite-300x200.jpg\" alt=\"\" width=\"300\" height=\"200\" srcset=\"https:\/\/eglisecatholiqueniger.org\/wp-content\/uploads\/2023\/10\/spiritualite-300x200.jpg 300w, https:\/\/eglisecatholiqueniger.org\/wp-content\/uploads\/2023\/10\/spiritualite-274x183.jpg 274w, https:\/\/eglisecatholiqueniger.org\/wp-content\/uploads\/2023\/10\/spiritualite-80x54.jpg 80w, https:\/\/eglisecatholiqueniger.org\/wp-content\/uploads\/2023\/10\/spiritualite-130x87.jpg 130w, https:\/\/eglisecatholiqueniger.org\/wp-content\/uploads\/2023\/10\/spiritualite-359x240.jpg 359w, https:\/\/eglisecatholiqueniger.org\/wp-content\/uploads\/2023\/10\/spiritualite-85x57.jpg 85w, https:\/\/eglisecatholiqueniger.org\/wp-content\/uploads\/2023\/10\/spiritualite-546x365.jpg 546w, https:\/\/eglisecatholiqueniger.org\/wp-content\/uploads\/2023\/10\/spiritualite-165x109.jpg 165w, https:\/\/eglisecatholiqueniger.org\/wp-content\/uploads\/2023\/10\/spiritualite-347x233.jpg 347w, https:\/\/eglisecatholiqueniger.org\/wp-content\/uploads\/2023\/10\/spiritualite-112x75.jpg 112w, https:\/\/eglisecatholiqueniger.org\/wp-content\/uploads\/2023\/10\/spiritualite-179x120.jpg 179w, https:\/\/eglisecatholiqueniger.org\/wp-content\/uploads\/2023\/10\/spiritualite-170x113.jpg 170w, https:\/\/eglisecatholiqueniger.org\/wp-content\/uploads\/2023\/10\/spiritualite-81x55.jpg 81w, https:\/\/eglisecatholiqueniger.org\/wp-content\/uploads\/2023\/10\/spiritualite-765x510.jpg 765w, https:\/\/eglisecatholiqueniger.org\/wp-content\/uploads\/2023\/10\/spiritualite.jpg 640w\" sizes=\"auto, (max-width: 300px) 100vw, 300px\" \/><\/p>\n<p>e vendredi 13 octobre, \u00a0\u00a0S\u0153ur Odile OGOU de la congr\u00e9gation de \u00a0Notre Dame des Ap\u00f4tres propose \u00a0la r\u00e9collection du jour\u00a0 qui avait pour th\u00e8me<\/p>\n<p><strong>\u00ab\u00a0Quelle spiritualit\u00e9 pour nous catholiques dans le contexte actuel du Nig<\/strong><strong>er\u00a0?\u00a0\u00bb<\/strong><\/p>\n<p>Pour entrer dans la r\u00e9alit\u00e9 de ce th\u00e8me qui nous est propos\u00e9, la logique voudra que nous commencions \u00e0 mettre en vue le contexte actuel du Niger pour apr\u00e8s r\u00e9fl\u00e9chir \u00e0 une spiritualit\u00e9 adapt\u00e9e ou ad\u00e9quat\u00e9e.<\/p>\n<p>Mais si nous allons \u00e9taler ici le contexte actuel du Niger, je crois que nous n\u2019en finirons pas avant une semaine, tellement le gouffre d\u2019injustice, d\u2019ins\u00e9curit\u00e9, de pauvret\u00e9 et de mis\u00e8re ne cesse de se creuser de jour en jour autour de nous.<\/p>\n<p>Il suffit de prendre un bout de temps d\u2019\u00e9coute des p\u00e8res et m\u00e8res de famille pour comprendre un petit bout de la mis\u00e8re qui engloutit les gens.<\/p>\n<p>On nous parle de croissance visible du PIB (Produit Int\u00e9rieur Brut) au Nig\u00e9ren 2022 ; reste \u00e0 savoir de quel c\u00f4t\u00e9 se trouve cette visibilit\u00e9 ! Bref pour se rendre compte du contexte actuel du Niger, il faut rentrer dans le myst\u00e8re de l\u2019incarnation. Oui mes fr\u00e8res et s\u0153urs, comment peut-on connaitre quelqu\u2019un si l\u2019on ne vit pas avec la personne? c&rsquo;est une r\u00e9alit\u00e9 poignante qui nous interpelle.<\/p>\n<p>La seule spiritualit\u00e9 que nous devons \u00e9pouser est LA SPIRITUALIT\u00c9 DE L\u2019INCARNATION.<\/p>\n<p>CETTE SPIRITUALIT\u00c9 DE L\u2019INCARNATION, je la vois sous deux aspects:<\/p>\n<p><img loading=\"lazy\" decoding=\"async\" class=\"alignnone wp-image-1169\" src=\"http:\/\/eglisecatholiqueniger.org\/wp-content\/uploads\/2023\/10\/communication-05-300x200.jpg\" alt=\"\" width=\"275\" height=\"183\" srcset=\"https:\/\/eglisecatholiqueniger.org\/wp-content\/uploads\/2023\/10\/communication-05-300x200.jpg 300w, https:\/\/eglisecatholiqueniger.org\/wp-content\/uploads\/2023\/10\/communication-05-274x183.jpg 274w, https:\/\/eglisecatholiqueniger.org\/wp-content\/uploads\/2023\/10\/communication-05-80x54.jpg 80w, https:\/\/eglisecatholiqueniger.org\/wp-content\/uploads\/2023\/10\/communication-05-130x87.jpg 130w, https:\/\/eglisecatholiqueniger.org\/wp-content\/uploads\/2023\/10\/communication-05-359x240.jpg 359w, https:\/\/eglisecatholiqueniger.org\/wp-content\/uploads\/2023\/10\/communication-05-85x57.jpg 85w, https:\/\/eglisecatholiqueniger.org\/wp-content\/uploads\/2023\/10\/communication-05-546x365.jpg 546w, https:\/\/eglisecatholiqueniger.org\/wp-content\/uploads\/2023\/10\/communication-05-165x109.jpg 165w, https:\/\/eglisecatholiqueniger.org\/wp-content\/uploads\/2023\/10\/communication-05-112x75.jpg 112w, https:\/\/eglisecatholiqueniger.org\/wp-content\/uploads\/2023\/10\/communication-05-179x120.jpg 179w, https:\/\/eglisecatholiqueniger.org\/wp-content\/uploads\/2023\/10\/communication-05-170x113.jpg 170w, https:\/\/eglisecatholiqueniger.org\/wp-content\/uploads\/2023\/10\/communication-05-81x55.jpg 81w, https:\/\/eglisecatholiqueniger.org\/wp-content\/uploads\/2023\/10\/communication-05-765x510.jpg 765w, https:\/\/eglisecatholiqueniger.org\/wp-content\/uploads\/2023\/10\/communication-05.jpg 640w\" sizes=\"auto, (max-width: 275px) 100vw, 275px\" \/> \u00a0\u00a0\u00a0\u00a0\u00a0 <img loading=\"lazy\" decoding=\"async\" class=\"alignnone wp-image-1123\" src=\"http:\/\/eglisecatholiqueniger.org\/wp-content\/uploads\/2023\/10\/mot003-300x200.jpg\" alt=\"\" width=\"275\" height=\"183\" srcset=\"https:\/\/eglisecatholiqueniger.org\/wp-content\/uploads\/2023\/10\/mot003-300x200.jpg 300w, https:\/\/eglisecatholiqueniger.org\/wp-content\/uploads\/2023\/10\/mot003-274x183.jpg 274w, https:\/\/eglisecatholiqueniger.org\/wp-content\/uploads\/2023\/10\/mot003-80x54.jpg 80w, https:\/\/eglisecatholiqueniger.org\/wp-content\/uploads\/2023\/10\/mot003-130x87.jpg 130w, https:\/\/eglisecatholiqueniger.org\/wp-content\/uploads\/2023\/10\/mot003-359x240.jpg 359w, https:\/\/eglisecatholiqueniger.org\/wp-content\/uploads\/2023\/10\/mot003-85x57.jpg 85w, https:\/\/eglisecatholiqueniger.org\/wp-content\/uploads\/2023\/10\/mot003-546x365.jpg 546w, https:\/\/eglisecatholiqueniger.org\/wp-content\/uploads\/2023\/10\/mot003-165x109.jpg 165w, https:\/\/eglisecatholiqueniger.org\/wp-content\/uploads\/2023\/10\/mot003-112x75.jpg 112w, https:\/\/eglisecatholiqueniger.org\/wp-content\/uploads\/2023\/10\/mot003-179x120.jpg 179w, https:\/\/eglisecatholiqueniger.org\/wp-content\/uploads\/2023\/10\/mot003-170x113.jpg 170w, https:\/\/eglisecatholiqueniger.org\/wp-content\/uploads\/2023\/10\/mot003-81x55.jpg 81w, https:\/\/eglisecatholiqueniger.org\/wp-content\/uploads\/2023\/10\/mot003-765x510.jpg 765w, https:\/\/eglisecatholiqueniger.org\/wp-content\/uploads\/2023\/10\/mot003.jpg 640w\" sizes=\"auto, (max-width: 275px) 100vw, 275px\" \/><\/p>\n<ul>\n<li>Laisser J\u00e9sus descendre jusqu\u2019au fond de ma mis\u00e8re personnelle en tant qu\u2019individu et dans la mis\u00e8re de ma famille ou de ma communaut\u00e9.<\/li>\n<li>Aller porter J\u00e9sus dans la mis\u00e8re de nos fr\u00e8res et s\u0153urs.<\/li>\n<li><strong>Laisser J\u00e9sus descendre jusqu\u2019au fond de ma mis\u00e8re personnelle en<\/strong><strong> tant <\/strong><strong>qu\u2019individu et dans la mis\u00e8re de ma famille<\/strong><strong> ou<\/strong><strong> de ma communaut\u00e9.<\/strong><\/li>\n<\/ul>\n<p>La Spiritualit\u00e9 de l\u2019Incarnation est clairement expliqu\u00e9e dans la lettre de Saint Paul Ap\u00f4tre aux Philippiens en son chapitre 2.<\/p>\n<p><strong>\u00ab\u00a0Le Christ J\u00e9sus, ayant la condition de Dieu, ne retint pas jalousement le rang qui l\u2019\u00e9galait \u00e0 Dieu. Mais il s\u2019est an\u00e9anti, prenant la condition de serviteur, devenant semblable aux hommes. \u00bb<\/strong><\/p>\n<p>De condition Divine qu\u2019il est, J\u00e9sus s\u2019est abaiss\u00e9 jusqu\u2019au fond de notre mis\u00e8re humaine pour nous communiquer sa divinit\u00e9. Il n\u2019est pas rest\u00e9 du haut de son ciel pour nous tirer vers sa divinit\u00e9.<\/p>\n<p>Est-ce que je prends conscience de cette pr\u00e9sence de Dieu, de J\u00e9sus humain dans ma vie\u00a0?<\/p>\n<p>Mes pri\u00e8res, mes eucharisties, comment je les vis\u00a0?<\/p>\n<p>Comment je laisse le temps \u00e0 J\u00e9sus, vrai homme, me parler \u00e0 travers sa parole\u00a0?<\/p>\n<p>Souvent nous nous habituons\u00e0 nos diff\u00e9rentes c\u00e9l\u00e9brations. Aller \u00e0 la messe, dire la messe, faire mes pri\u00e8res, mes m\u00e9ditations, &#8230;sont devenus une habitude au point que je n\u2019en per\u00e7ois plus la port\u00e9e. C\u2019est comme un devoir que j\u2019accomplis.Est-ce que je laisse J\u00e9sus habiter en moi\u00a0comme Il est venu dans le sein de la Vierge Marie\u00a0?<\/p>\n<p>J\u00e9sus est venu vivre en moi,Il est venu rester avec moi, Il est venu me sauver car \u00ab\u00a0Dieu veut que tous les hommes soient sauv\u00e9s et parviennent \u00e0 la connaissance de la v\u00e9rit\u00e9\u00a0\u00bb (1Tm 2, 4). C\u2019est l\u00e0 le noyau, l\u2019aspect fort de la Spiritualit\u00e9 de l\u2019Incarnation. \u00ab\u00a0Ce n\u2019est plus moi qui vis ; c\u2019est le Christ qui vit en moi\u00a0\u00bb (Gal 2, 20). Laisser J\u00e9sus vivre en moi, c\u2019est l\u00e0 le premier aspect de la spiritualit\u00e9 en g\u00e9n\u00e9ral. \u00ab\u00a0Celui qui m\u2019aime garde ma Parole. Mon P\u00e8re l\u2019aimera, nous viendrons \u00e0 lui et \u00e9tablirons en lui notre demeure\u00a0\u00bb (Jn 14, 21-23).<\/p>\n<p>Quand je laisse la parole de Dieu entrer dans ma vie, quand je permets \u00e0 j\u00e9sus de m\u2019interpeler, quand je vis de la vie de J\u00e9sus, je deviens petit \u00e0 petit le rayonnement de la lumi\u00e8re du Christ, le reflet de l\u2019esprit de J\u00e9sus. \u00c0 ce propos le Pape Benoit XVI dit dans <em>VerbumDomini<\/em> : \u00ab\u00a0Christ vient demeurer dans notre vie. Chaque chr\u00e9tien qui croit, nous rappelle Saint Ambroise, con\u00e7oit et engendre, en un certain sens, le Verbe de Dieu en lui-m\u00eame : s\u2019il n\u2019y a qu\u2019une seule M\u00e8re du Christ selon la chair, en revanche, selon la foi, le Christ est le fruit de tous. Donc ce qui est arriv\u00e9 \u00e0 Marie peut arriver en chacun de nous chaque jour, dans l\u2019\u00e9coute de la Parole de Dieu dans la c\u00e9l\u00e9bration des sacrements\u00a0\u00bb. Nous voil\u00e0 remplis de la pr\u00e9sence de J\u00e9sus par le myst\u00e8re de l\u2019incarnation. Alors si je suis vraiment rempli de l&rsquo;Esprit du Christ, il est impossible pour moi de rester l\u00e0 \u00e0 regarder le ciel. Je ne peux plus rester sur place je suis comme propuls\u00e9 vers les autres pour leur porter ce J\u00e9sus qui vit en moi\u2026.<\/p>\n<p><img loading=\"lazy\" decoding=\"async\" class=\"alignnone wp-image-1138\" src=\"http:\/\/eglisecatholiqueniger.org\/wp-content\/uploads\/2023\/10\/005-300x200.jpg\" alt=\"\" width=\"276\" height=\"184\" srcset=\"https:\/\/eglisecatholiqueniger.org\/wp-content\/uploads\/2023\/10\/005-300x200.jpg 300w, https:\/\/eglisecatholiqueniger.org\/wp-content\/uploads\/2023\/10\/005-274x183.jpg 274w, https:\/\/eglisecatholiqueniger.org\/wp-content\/uploads\/2023\/10\/005-80x54.jpg 80w, https:\/\/eglisecatholiqueniger.org\/wp-content\/uploads\/2023\/10\/005-130x87.jpg 130w, https:\/\/eglisecatholiqueniger.org\/wp-content\/uploads\/2023\/10\/005-359x240.jpg 359w, https:\/\/eglisecatholiqueniger.org\/wp-content\/uploads\/2023\/10\/005-85x57.jpg 85w, https:\/\/eglisecatholiqueniger.org\/wp-content\/uploads\/2023\/10\/005-546x365.jpg 546w, https:\/\/eglisecatholiqueniger.org\/wp-content\/uploads\/2023\/10\/005-165x109.jpg 165w, https:\/\/eglisecatholiqueniger.org\/wp-content\/uploads\/2023\/10\/005-347x233.jpg 347w, https:\/\/eglisecatholiqueniger.org\/wp-content\/uploads\/2023\/10\/005-112x75.jpg 112w, https:\/\/eglisecatholiqueniger.org\/wp-content\/uploads\/2023\/10\/005-179x120.jpg 179w, https:\/\/eglisecatholiqueniger.org\/wp-content\/uploads\/2023\/10\/005-170x113.jpg 170w, https:\/\/eglisecatholiqueniger.org\/wp-content\/uploads\/2023\/10\/005-81x55.jpg 81w, https:\/\/eglisecatholiqueniger.org\/wp-content\/uploads\/2023\/10\/005-765x510.jpg 765w, https:\/\/eglisecatholiqueniger.org\/wp-content\/uploads\/2023\/10\/005.jpg 640w\" sizes=\"auto, (max-width: 276px) 100vw, 276px\" \/> \u00a0 <img loading=\"lazy\" decoding=\"async\" class=\"alignnone wp-image-1174\" src=\"http:\/\/eglisecatholiqueniger.org\/wp-content\/uploads\/2023\/10\/communication-300x200.jpg\" alt=\"\" width=\"275\" height=\"183\" srcset=\"https:\/\/eglisecatholiqueniger.org\/wp-content\/uploads\/2023\/10\/communication-300x200.jpg 300w, https:\/\/eglisecatholiqueniger.org\/wp-content\/uploads\/2023\/10\/communication-274x183.jpg 274w, https:\/\/eglisecatholiqueniger.org\/wp-content\/uploads\/2023\/10\/communication-80x54.jpg 80w, https:\/\/eglisecatholiqueniger.org\/wp-content\/uploads\/2023\/10\/communication-130x87.jpg 130w, https:\/\/eglisecatholiqueniger.org\/wp-content\/uploads\/2023\/10\/communication-359x240.jpg 359w, https:\/\/eglisecatholiqueniger.org\/wp-content\/uploads\/2023\/10\/communication-85x57.jpg 85w, https:\/\/eglisecatholiqueniger.org\/wp-content\/uploads\/2023\/10\/communication-546x365.jpg 546w, https:\/\/eglisecatholiqueniger.org\/wp-content\/uploads\/2023\/10\/communication-165x109.jpg 165w, https:\/\/eglisecatholiqueniger.org\/wp-content\/uploads\/2023\/10\/communication-112x75.jpg 112w, https:\/\/eglisecatholiqueniger.org\/wp-content\/uploads\/2023\/10\/communication-179x120.jpg 179w, https:\/\/eglisecatholiqueniger.org\/wp-content\/uploads\/2023\/10\/communication-170x113.jpg 170w, https:\/\/eglisecatholiqueniger.org\/wp-content\/uploads\/2023\/10\/communication-81x55.jpg 81w, https:\/\/eglisecatholiqueniger.org\/wp-content\/uploads\/2023\/10\/communication-765x510.jpg 765w, https:\/\/eglisecatholiqueniger.org\/wp-content\/uploads\/2023\/10\/communication.jpg 640w\" sizes=\"auto, (max-width: 275px) 100vw, 275px\" \/><\/p>\n<p><strong>Notre devoir comme chr\u00e9tien<\/strong><strong>,<\/strong><strong> surtout comme agents pastoraux est <\/strong><strong>de <\/strong><strong>faire entrer l\u2019Esprit de j\u00e9sus dans la r\u00e9alit\u00e9 quotidienne des gens. Car non seulement que Dieu a pris chair de notre chair<\/strong><strong>, <\/strong><strong>mais encore il nous dit \u00ab \u2026\u00a0et moi je suis avec vous tous les jours jusqu\u2019\u00e0 la fin des temps.\u00a0\u00bb Mt 28,20<\/strong><\/p>\n","protected":false},"excerpt":{"rendered":"<p>L e vendredi 13 octobre, \u00a0\u00a0S\u0153ur Odile OGOU de la congr\u00e9gation de \u00a0Notre Dame des Ap\u00f4tres propose \u00a0la r\u00e9collection du jour\u00a0 qui avait pour th\u00e8me \u00ab\u00a0Quelle spiritualit\u00e9 pour nous catholiques &#8230;<\/p>\n","protected":false},"author":1,"featured_media":0,"comment_status":"open","ping_status":"open","sticky":false,"template":"","format":"standard","meta":{"footnotes":""},"categories":[1],"tags":[],"class_list":["post-1162","post","type-post","status-publish","format-standard","category-non-classe"],"_links":{"self":[{"href":"https:\/\/eglisecatholiqueniger.org\/index.php\/wp-json\/wp\/v2\/posts\/1162","targetHints":{"allow":["GET"]}}],"collection":[{"href":"https:\/\/eglisecatholiqueniger.org\/index.php\/wp-json\/wp\/v2\/posts"}],"about":[{"href":"https:\/\/eglisecatholiqueniger.org\/index.php\/wp-json\/wp\/v2\/types\/post"}],"author":[{"embeddable":true,"href":"https:\/\/eglisecatholiqueniger.org\/index.php\/wp-json\/wp\/v2\/users\/1"}],"replies":[{"embeddable":true,"href":"https:\/\/eglisecatholiqueniger.org\/index.php\/wp-json\/wp\/v2\/comments?post=1162"}],"version-history":[{"count":12,"href":"https:\/\/eglisecatholiqueniger.org\/index.php\/wp-json\/wp\/v2\/posts\/1162\/revisions"}],"predecessor-version":[{"id":1180,"href":"https:\/\/eglisecatholiqueniger.org\/index.php\/wp-json\/wp\/v2\/posts\/1162\/revisions\/1180"}],"wp:attachment":[{"href":"https:\/\/eglisecatholiqueniger.org\/index.php\/wp-json\/wp\/v2\/media?parent=1162"}],"wp:term":[{"taxonomy":"category","embeddable":true,"href":"https:\/\/eglisecatholiqueniger.org\/index.php\/wp-json\/wp\/v2\/categories?post=1162"},{"taxonomy":"post_tag","embeddable":true,"href":"https:\/\/eglisecatholiqueniger.org\/index.php\/wp-json\/wp\/v2\/tags?post=1162"}],"curies":[{"name":"wp","href":"https:\/\/api.w.org\/{rel}","templated":true}]}}