{"id":1218,"date":"2023-10-18T17:34:04","date_gmt":"2023-10-18T15:34:04","guid":{"rendered":"https:\/\/eglisecatholiqueniger.org\/?p=1218"},"modified":"2023-10-18T17:34:04","modified_gmt":"2023-10-18T15:34:04","slug":"ouverture-du-jubile-de-diamant-de-lecole-mission-garcons","status":"publish","type":"post","link":"https:\/\/eglisecatholiqueniger.org\/index.php\/2023\/10\/18\/ouverture-du-jubile-de-diamant-de-lecole-mission-garcons\/","title":{"rendered":"Ouverture du jubil\u00e9 de diamant de l\u2019\u00e9cole mission Gar\u00e7ons."},"content":{"rendered":"<p><img loading=\"lazy\" decoding=\"async\" class=\"alignnone  wp-image-1209\" src=\"http:\/\/eglisecatholiqueniger.org\/wp-content\/uploads\/2023\/10\/jubile12-300x200.jpg\" alt=\"\" width=\"275\" height=\"183\" srcset=\"https:\/\/eglisecatholiqueniger.org\/wp-content\/uploads\/2023\/10\/jubile12-300x200.jpg 300w, https:\/\/eglisecatholiqueniger.org\/wp-content\/uploads\/2023\/10\/jubile12-274x183.jpg 274w, https:\/\/eglisecatholiqueniger.org\/wp-content\/uploads\/2023\/10\/jubile12-80x54.jpg 80w, https:\/\/eglisecatholiqueniger.org\/wp-content\/uploads\/2023\/10\/jubile12-130x87.jpg 130w, https:\/\/eglisecatholiqueniger.org\/wp-content\/uploads\/2023\/10\/jubile12-359x240.jpg 359w, https:\/\/eglisecatholiqueniger.org\/wp-content\/uploads\/2023\/10\/jubile12-85x57.jpg 85w, https:\/\/eglisecatholiqueniger.org\/wp-content\/uploads\/2023\/10\/jubile12-546x365.jpg 546w, https:\/\/eglisecatholiqueniger.org\/wp-content\/uploads\/2023\/10\/jubile12-165x109.jpg 165w, https:\/\/eglisecatholiqueniger.org\/wp-content\/uploads\/2023\/10\/jubile12-112x75.jpg 112w, https:\/\/eglisecatholiqueniger.org\/wp-content\/uploads\/2023\/10\/jubile12-179x120.jpg 179w, https:\/\/eglisecatholiqueniger.org\/wp-content\/uploads\/2023\/10\/jubile12-170x113.jpg 170w, https:\/\/eglisecatholiqueniger.org\/wp-content\/uploads\/2023\/10\/jubile12-81x55.jpg 81w, https:\/\/eglisecatholiqueniger.org\/wp-content\/uploads\/2023\/10\/jubile12-765x510.jpg 765w, https:\/\/eglisecatholiqueniger.org\/wp-content\/uploads\/2023\/10\/jubile12.jpg 640w\" sizes=\"auto, (max-width: 275px) 100vw, 275px\" \/> \u00a0\u00a0 <img loading=\"lazy\" decoding=\"async\" class=\"alignnone  wp-image-1206\" src=\"http:\/\/eglisecatholiqueniger.org\/wp-content\/uploads\/2023\/10\/jubile-4-300x200.jpg\" alt=\"\" width=\"273\" height=\"182\" srcset=\"https:\/\/eglisecatholiqueniger.org\/wp-content\/uploads\/2023\/10\/jubile-4-300x200.jpg 300w, https:\/\/eglisecatholiqueniger.org\/wp-content\/uploads\/2023\/10\/jubile-4-274x183.jpg 274w, https:\/\/eglisecatholiqueniger.org\/wp-content\/uploads\/2023\/10\/jubile-4-80x54.jpg 80w, https:\/\/eglisecatholiqueniger.org\/wp-content\/uploads\/2023\/10\/jubile-4-130x87.jpg 130w, https:\/\/eglisecatholiqueniger.org\/wp-content\/uploads\/2023\/10\/jubile-4-359x240.jpg 359w, https:\/\/eglisecatholiqueniger.org\/wp-content\/uploads\/2023\/10\/jubile-4-85x57.jpg 85w, https:\/\/eglisecatholiqueniger.org\/wp-content\/uploads\/2023\/10\/jubile-4-546x365.jpg 546w, https:\/\/eglisecatholiqueniger.org\/wp-content\/uploads\/2023\/10\/jubile-4-165x109.jpg 165w, https:\/\/eglisecatholiqueniger.org\/wp-content\/uploads\/2023\/10\/jubile-4-347x233.jpg 347w, https:\/\/eglisecatholiqueniger.org\/wp-content\/uploads\/2023\/10\/jubile-4-112x75.jpg 112w, https:\/\/eglisecatholiqueniger.org\/wp-content\/uploads\/2023\/10\/jubile-4-179x120.jpg 179w, https:\/\/eglisecatholiqueniger.org\/wp-content\/uploads\/2023\/10\/jubile-4-170x113.jpg 170w, https:\/\/eglisecatholiqueniger.org\/wp-content\/uploads\/2023\/10\/jubile-4-81x55.jpg 81w, https:\/\/eglisecatholiqueniger.org\/wp-content\/uploads\/2023\/10\/jubile-4-765x510.jpg 765w, https:\/\/eglisecatholiqueniger.org\/wp-content\/uploads\/2023\/10\/jubile-4.jpg 640w\" sizes=\"auto, (max-width: 273px) 100vw, 273px\" \/><\/p>\n<p>Nous sommes r\u00e9unis ce matin de ce jour 16 octobre 2023, autour de l\u2019\u00e9quipe \u00e9ducative de l\u2019\u00e9cole Mission Gar\u00e7ons, pour le lancement de l\u2019ouverture de son jubil\u00e9 de diamant.<\/p>\n<p>En effet, 1949-2024, cet \u00e9tablissement durant l\u2019ann\u00e9e scolaire 2023-2024 f\u00eate ses 75 ans d\u2019activit\u00e9s au service de toutes les couches sociales de la ville de Niamey voire du Niger.<\/p>\n<p><strong>\u00a0<\/strong><strong>75<\/strong> ans pendant lesquelles, l\u2019\u00e9cole Mission Gar\u00e7ons a vu passer dans ses mains plusieurs g\u00e9n\u00e9rations (d\u2019arri\u00e8re-grand-p\u00e8re \u00e0 l\u2019arri\u00e8re-petit-fils). Il n\u2019est un secret pour personne, qu\u2019elle a contribu\u00e9 dans une moindre mesure \u00e0 la formation des \u00e9lites du pays.<\/p>\n<p><img loading=\"lazy\" decoding=\"async\" class=\"alignnone  wp-image-1213\" src=\"http:\/\/eglisecatholiqueniger.org\/wp-content\/uploads\/2023\/10\/jubile-8-300x200.jpg\" alt=\"\" width=\"275\" height=\"183\" srcset=\"https:\/\/eglisecatholiqueniger.org\/wp-content\/uploads\/2023\/10\/jubile-8-300x200.jpg 300w, https:\/\/eglisecatholiqueniger.org\/wp-content\/uploads\/2023\/10\/jubile-8-274x183.jpg 274w, https:\/\/eglisecatholiqueniger.org\/wp-content\/uploads\/2023\/10\/jubile-8-80x54.jpg 80w, https:\/\/eglisecatholiqueniger.org\/wp-content\/uploads\/2023\/10\/jubile-8-130x87.jpg 130w, https:\/\/eglisecatholiqueniger.org\/wp-content\/uploads\/2023\/10\/jubile-8-359x240.jpg 359w, https:\/\/eglisecatholiqueniger.org\/wp-content\/uploads\/2023\/10\/jubile-8-85x57.jpg 85w, https:\/\/eglisecatholiqueniger.org\/wp-content\/uploads\/2023\/10\/jubile-8-546x365.jpg 546w, https:\/\/eglisecatholiqueniger.org\/wp-content\/uploads\/2023\/10\/jubile-8-165x109.jpg 165w, https:\/\/eglisecatholiqueniger.org\/wp-content\/uploads\/2023\/10\/jubile-8-112x75.jpg 112w, https:\/\/eglisecatholiqueniger.org\/wp-content\/uploads\/2023\/10\/jubile-8-179x120.jpg 179w, https:\/\/eglisecatholiqueniger.org\/wp-content\/uploads\/2023\/10\/jubile-8-170x113.jpg 170w, https:\/\/eglisecatholiqueniger.org\/wp-content\/uploads\/2023\/10\/jubile-8-81x55.jpg 81w, https:\/\/eglisecatholiqueniger.org\/wp-content\/uploads\/2023\/10\/jubile-8-765x510.jpg 765w, https:\/\/eglisecatholiqueniger.org\/wp-content\/uploads\/2023\/10\/jubile-8.jpg 640w\" sizes=\"auto, (max-width: 275px) 100vw, 275px\" \/> \u00a0 <img loading=\"lazy\" decoding=\"async\" class=\"alignnone  wp-image-1212\" src=\"http:\/\/eglisecatholiqueniger.org\/wp-content\/uploads\/2023\/10\/jubile-15-300x200.jpg\" alt=\"\" width=\"275\" height=\"183\" srcset=\"https:\/\/eglisecatholiqueniger.org\/wp-content\/uploads\/2023\/10\/jubile-15-300x200.jpg 300w, https:\/\/eglisecatholiqueniger.org\/wp-content\/uploads\/2023\/10\/jubile-15-274x183.jpg 274w, https:\/\/eglisecatholiqueniger.org\/wp-content\/uploads\/2023\/10\/jubile-15-80x54.jpg 80w, https:\/\/eglisecatholiqueniger.org\/wp-content\/uploads\/2023\/10\/jubile-15-130x87.jpg 130w, https:\/\/eglisecatholiqueniger.org\/wp-content\/uploads\/2023\/10\/jubile-15-359x240.jpg 359w, https:\/\/eglisecatholiqueniger.org\/wp-content\/uploads\/2023\/10\/jubile-15-85x57.jpg 85w, https:\/\/eglisecatholiqueniger.org\/wp-content\/uploads\/2023\/10\/jubile-15-546x365.jpg 546w, https:\/\/eglisecatholiqueniger.org\/wp-content\/uploads\/2023\/10\/jubile-15-165x109.jpg 165w, https:\/\/eglisecatholiqueniger.org\/wp-content\/uploads\/2023\/10\/jubile-15-112x75.jpg 112w, https:\/\/eglisecatholiqueniger.org\/wp-content\/uploads\/2023\/10\/jubile-15-179x120.jpg 179w, https:\/\/eglisecatholiqueniger.org\/wp-content\/uploads\/2023\/10\/jubile-15-170x113.jpg 170w, https:\/\/eglisecatholiqueniger.org\/wp-content\/uploads\/2023\/10\/jubile-15-81x55.jpg 81w, https:\/\/eglisecatholiqueniger.org\/wp-content\/uploads\/2023\/10\/jubile-15-765x510.jpg 765w, https:\/\/eglisecatholiqueniger.org\/wp-content\/uploads\/2023\/10\/jubile-15.jpg 640w\" sizes=\"auto, (max-width: 275px) 100vw, 275px\" \/><\/p>\n<p><strong>A <\/strong>ce titre, nous f\u00e9licitons tous les \u00e9ducateurs qui ont avec abn\u00e9gation particip\u00e9 \u00e0 leur formation. Ces f\u00e9licitations vont \u00e0 l\u2019endroit des parents d\u2019\u00e9l\u00e8ves qui, depuis 1949 nous ont fait confiance en inscrivant leurs enfants dans cette \u00e9cole qui est la s\u0153ur jumelle de l\u2019\u00e9cole Mission Gar\u00e7ons de Dogondoutchi.<\/p>\n<p><strong>\u00a0<\/strong><strong>Il <\/strong>nous plait de rappeler que le premier directeur qui a dirig\u00e9 l\u2019\u00e9cole Mission Gar\u00e7ons \u00e9tait notre R\u00e9v\u00e9rend p\u00e8re Hippolyte Berlier, premier \u00c9v\u00eaque du Niger, qui a sans aucun doute servi la nation nig\u00e9rienne. Que \u00a0son \u00e2me repose en paix.<\/p>\n<p><img loading=\"lazy\" decoding=\"async\" class=\"alignnone  wp-image-1208\" src=\"http:\/\/eglisecatholiqueniger.org\/wp-content\/uploads\/2023\/10\/jubile-6-300x200.jpg\" alt=\"\" width=\"275\" height=\"183\" srcset=\"https:\/\/eglisecatholiqueniger.org\/wp-content\/uploads\/2023\/10\/jubile-6-300x200.jpg 300w, https:\/\/eglisecatholiqueniger.org\/wp-content\/uploads\/2023\/10\/jubile-6-274x183.jpg 274w, https:\/\/eglisecatholiqueniger.org\/wp-content\/uploads\/2023\/10\/jubile-6-80x54.jpg 80w, https:\/\/eglisecatholiqueniger.org\/wp-content\/uploads\/2023\/10\/jubile-6-130x87.jpg 130w, https:\/\/eglisecatholiqueniger.org\/wp-content\/uploads\/2023\/10\/jubile-6-359x240.jpg 359w, https:\/\/eglisecatholiqueniger.org\/wp-content\/uploads\/2023\/10\/jubile-6-85x57.jpg 85w, https:\/\/eglisecatholiqueniger.org\/wp-content\/uploads\/2023\/10\/jubile-6-546x365.jpg 546w, https:\/\/eglisecatholiqueniger.org\/wp-content\/uploads\/2023\/10\/jubile-6-165x109.jpg 165w, https:\/\/eglisecatholiqueniger.org\/wp-content\/uploads\/2023\/10\/jubile-6-112x75.jpg 112w, https:\/\/eglisecatholiqueniger.org\/wp-content\/uploads\/2023\/10\/jubile-6-179x120.jpg 179w, https:\/\/eglisecatholiqueniger.org\/wp-content\/uploads\/2023\/10\/jubile-6-170x113.jpg 170w, https:\/\/eglisecatholiqueniger.org\/wp-content\/uploads\/2023\/10\/jubile-6-81x55.jpg 81w, https:\/\/eglisecatholiqueniger.org\/wp-content\/uploads\/2023\/10\/jubile-6-765x510.jpg 765w, https:\/\/eglisecatholiqueniger.org\/wp-content\/uploads\/2023\/10\/jubile-6.jpg 640w\" sizes=\"auto, (max-width: 275px) 100vw, 275px\" \/> \u00a0 <img loading=\"lazy\" decoding=\"async\" class=\"alignnone  wp-image-1202\" src=\"http:\/\/eglisecatholiqueniger.org\/wp-content\/uploads\/2023\/10\/IMG_0031-300x200.jpg\" alt=\"\" width=\"275\" height=\"183\" srcset=\"https:\/\/eglisecatholiqueniger.org\/wp-content\/uploads\/2023\/10\/IMG_0031-300x200.jpg 300w, https:\/\/eglisecatholiqueniger.org\/wp-content\/uploads\/2023\/10\/IMG_0031-1024x683.jpg 1024w, https:\/\/eglisecatholiqueniger.org\/wp-content\/uploads\/2023\/10\/IMG_0031-768x512.jpg 768w, https:\/\/eglisecatholiqueniger.org\/wp-content\/uploads\/2023\/10\/IMG_0031-1536x1024.jpg 1536w, https:\/\/eglisecatholiqueniger.org\/wp-content\/uploads\/2023\/10\/IMG_0031-2048x1365.jpg 2048w, https:\/\/eglisecatholiqueniger.org\/wp-content\/uploads\/2023\/10\/IMG_0031-274x183.jpg 274w, https:\/\/eglisecatholiqueniger.org\/wp-content\/uploads\/2023\/10\/IMG_0031-80x54.jpg 80w, https:\/\/eglisecatholiqueniger.org\/wp-content\/uploads\/2023\/10\/IMG_0031-130x87.jpg 130w, https:\/\/eglisecatholiqueniger.org\/wp-content\/uploads\/2023\/10\/IMG_0031-359x240.jpg 359w, https:\/\/eglisecatholiqueniger.org\/wp-content\/uploads\/2023\/10\/IMG_0031-85x57.jpg 85w, https:\/\/eglisecatholiqueniger.org\/wp-content\/uploads\/2023\/10\/IMG_0031-546x365.jpg 546w, https:\/\/eglisecatholiqueniger.org\/wp-content\/uploads\/2023\/10\/IMG_0031-165x109.jpg 165w, https:\/\/eglisecatholiqueniger.org\/wp-content\/uploads\/2023\/10\/IMG_0031-112x75.jpg 112w, https:\/\/eglisecatholiqueniger.org\/wp-content\/uploads\/2023\/10\/IMG_0031-179x120.jpg 179w, https:\/\/eglisecatholiqueniger.org\/wp-content\/uploads\/2023\/10\/IMG_0031-170x113.jpg 170w, https:\/\/eglisecatholiqueniger.org\/wp-content\/uploads\/2023\/10\/IMG_0031-81x55.jpg 81w, https:\/\/eglisecatholiqueniger.org\/wp-content\/uploads\/2023\/10\/IMG_0031-765x510.jpg 765w\" sizes=\"auto, (max-width: 275px) 100vw, 275px\" \/><\/p>\n<p><strong>N<\/strong>ous lan\u00e7ons un appel \u00e0 l\u2019endroit des anciens \u00e9l\u00e8ves de cette \u00e9cole \u00e0, non seulement aider pour l\u2019organisation des activit\u00e9s rentrant dans la comm\u00e9moration du jubil\u00e9 mais surtout \u00e0 cr\u00e9er une chaine de solidarit\u00e9 autour de toute activit\u00e9 que leur \u00e9cole entreprend.<\/p>\n<p><strong>\u00a0<\/strong><strong>Cet<\/strong> appel va \u00e0 l\u2019endroit du bureau des parents d\u2019\u00e9l\u00e8ves de l\u2019\u00e9cole avec le soutien de l\u2019UDAPEC et de l\u2019UNAPEC pour une f\u00eate r\u00e9ussie dans une fraternit\u00e9 sans faille.<\/p>\n<p><strong>C<\/strong>hers \u00e9l\u00e8ves, vous qui \u00eates actuellement sur les bancs de l\u2019\u00e9cole Mission Gar\u00e7ons, nous vous exhortons \u00e0 travailler pour \u00eatre la fiert\u00e9 de vos parents.<\/p>\n<p><strong>C<\/strong>\u2019est avec vous que votre \u00e9cole f\u00eate ses 75 ans, alors, montrez \u00e0 vos ain\u00e9s que vous savez organiser des activit\u00e9s culturelles \u00e0 la hauteur de l\u2019\u00e9v\u00e8nement\u00a0!<\/p>\n<p><strong>A<\/strong>vec ce souhait, nous d\u00e9clarons ouvert le jubil\u00e9 de diamant de l\u2019\u00e9cole Mission Gar\u00e7ons\u00a0!<\/p>\n<p><strong>\u00a0<\/strong><strong>N<\/strong>ous prions Dieu le mis\u00e9ricordieux de b\u00e9nir votre ann\u00e9e scolaire 2023-2024 et toutes vos activit\u00e9s\u00a0<strong>!<\/strong><\/p>\n<p><img loading=\"lazy\" decoding=\"async\" class=\"alignnone  wp-image-1205\" src=\"http:\/\/eglisecatholiqueniger.org\/wp-content\/uploads\/2023\/10\/famille-ecole-300x200.jpg\" alt=\"\" width=\"275\" height=\"183\" srcset=\"https:\/\/eglisecatholiqueniger.org\/wp-content\/uploads\/2023\/10\/famille-ecole-300x200.jpg 300w, https:\/\/eglisecatholiqueniger.org\/wp-content\/uploads\/2023\/10\/famille-ecole-274x183.jpg 274w, https:\/\/eglisecatholiqueniger.org\/wp-content\/uploads\/2023\/10\/famille-ecole-80x54.jpg 80w, https:\/\/eglisecatholiqueniger.org\/wp-content\/uploads\/2023\/10\/famille-ecole-130x87.jpg 130w, https:\/\/eglisecatholiqueniger.org\/wp-content\/uploads\/2023\/10\/famille-ecole-359x240.jpg 359w, https:\/\/eglisecatholiqueniger.org\/wp-content\/uploads\/2023\/10\/famille-ecole-85x57.jpg 85w, https:\/\/eglisecatholiqueniger.org\/wp-content\/uploads\/2023\/10\/famille-ecole-546x365.jpg 546w, https:\/\/eglisecatholiqueniger.org\/wp-content\/uploads\/2023\/10\/famille-ecole-165x109.jpg 165w, https:\/\/eglisecatholiqueniger.org\/wp-content\/uploads\/2023\/10\/famille-ecole-112x75.jpg 112w, https:\/\/eglisecatholiqueniger.org\/wp-content\/uploads\/2023\/10\/famille-ecole-179x120.jpg 179w, https:\/\/eglisecatholiqueniger.org\/wp-content\/uploads\/2023\/10\/famille-ecole-170x113.jpg 170w, https:\/\/eglisecatholiqueniger.org\/wp-content\/uploads\/2023\/10\/famille-ecole-81x55.jpg 81w, https:\/\/eglisecatholiqueniger.org\/wp-content\/uploads\/2023\/10\/famille-ecole-765x510.jpg 765w, https:\/\/eglisecatholiqueniger.org\/wp-content\/uploads\/2023\/10\/famille-ecole.jpg 448w\" sizes=\"auto, (max-width: 275px) 100vw, 275px\" \/>\u00a0 <img loading=\"lazy\" decoding=\"async\" class=\"alignnone  wp-image-1210\" src=\"http:\/\/eglisecatholiqueniger.org\/wp-content\/uploads\/2023\/10\/famille-ecole-2-300x200.jpg\" alt=\"\" width=\"275\" height=\"183\" srcset=\"https:\/\/eglisecatholiqueniger.org\/wp-content\/uploads\/2023\/10\/famille-ecole-2-300x200.jpg 300w, https:\/\/eglisecatholiqueniger.org\/wp-content\/uploads\/2023\/10\/famille-ecole-2-274x183.jpg 274w, https:\/\/eglisecatholiqueniger.org\/wp-content\/uploads\/2023\/10\/famille-ecole-2-80x54.jpg 80w, https:\/\/eglisecatholiqueniger.org\/wp-content\/uploads\/2023\/10\/famille-ecole-2-130x87.jpg 130w, https:\/\/eglisecatholiqueniger.org\/wp-content\/uploads\/2023\/10\/famille-ecole-2-359x240.jpg 359w, https:\/\/eglisecatholiqueniger.org\/wp-content\/uploads\/2023\/10\/famille-ecole-2-85x57.jpg 85w, https:\/\/eglisecatholiqueniger.org\/wp-content\/uploads\/2023\/10\/famille-ecole-2-546x365.jpg 546w, https:\/\/eglisecatholiqueniger.org\/wp-content\/uploads\/2023\/10\/famille-ecole-2-165x109.jpg 165w, https:\/\/eglisecatholiqueniger.org\/wp-content\/uploads\/2023\/10\/famille-ecole-2-112x75.jpg 112w, https:\/\/eglisecatholiqueniger.org\/wp-content\/uploads\/2023\/10\/famille-ecole-2-179x120.jpg 179w, https:\/\/eglisecatholiqueniger.org\/wp-content\/uploads\/2023\/10\/famille-ecole-2-170x113.jpg 170w, https:\/\/eglisecatholiqueniger.org\/wp-content\/uploads\/2023\/10\/famille-ecole-2-81x55.jpg 81w, https:\/\/eglisecatholiqueniger.org\/wp-content\/uploads\/2023\/10\/famille-ecole-2-765x510.jpg 765w, https:\/\/eglisecatholiqueniger.org\/wp-content\/uploads\/2023\/10\/famille-ecole-2.jpg 640w\" sizes=\"auto, (max-width: 275px) 100vw, 275px\" \/><\/p>\n<p>amen<\/p>\n<p>&nbsp;<\/p>\n<p>&nbsp;<\/p>\n<p>&nbsp;<\/p>\n","protected":false},"excerpt":{"rendered":"<p>\u00a0\u00a0 Nous sommes r\u00e9unis ce matin de ce jour 16 octobre 2023, autour de l\u2019\u00e9quipe \u00e9ducative de l\u2019\u00e9cole Mission Gar\u00e7ons, pour le lancement de l\u2019ouverture de son jubil\u00e9 de diamant. &#8230;<\/p>\n","protected":false},"author":1,"featured_media":0,"comment_status":"open","ping_status":"open","sticky":false,"template":"","format":"standard","meta":{"footnotes":""},"categories":[1],"tags":[],"class_list":["post-1218","post","type-post","status-publish","format-standard","category-non-classe"],"_links":{"self":[{"href":"https:\/\/eglisecatholiqueniger.org\/index.php\/wp-json\/wp\/v2\/posts\/1218","targetHints":{"allow":["GET"]}}],"collection":[{"href":"https:\/\/eglisecatholiqueniger.org\/index.php\/wp-json\/wp\/v2\/posts"}],"about":[{"href":"https:\/\/eglisecatholiqueniger.org\/index.php\/wp-json\/wp\/v2\/types\/post"}],"author":[{"embeddable":true,"href":"https:\/\/eglisecatholiqueniger.org\/index.php\/wp-json\/wp\/v2\/users\/1"}],"replies":[{"embeddable":true,"href":"https:\/\/eglisecatholiqueniger.org\/index.php\/wp-json\/wp\/v2\/comments?post=1218"}],"version-history":[{"count":3,"href":"https:\/\/eglisecatholiqueniger.org\/index.php\/wp-json\/wp\/v2\/posts\/1218\/revisions"}],"predecessor-version":[{"id":1221,"href":"https:\/\/eglisecatholiqueniger.org\/index.php\/wp-json\/wp\/v2\/posts\/1218\/revisions\/1221"}],"wp:attachment":[{"href":"https:\/\/eglisecatholiqueniger.org\/index.php\/wp-json\/wp\/v2\/media?parent=1218"}],"wp:term":[{"taxonomy":"category","embeddable":true,"href":"https:\/\/eglisecatholiqueniger.org\/index.php\/wp-json\/wp\/v2\/categories?post=1218"},{"taxonomy":"post_tag","embeddable":true,"href":"https:\/\/eglisecatholiqueniger.org\/index.php\/wp-json\/wp\/v2\/tags?post=1218"}],"curies":[{"name":"wp","href":"https:\/\/api.w.org\/{rel}","templated":true}]}}