{"id":1222,"date":"2023-10-19T14:34:38","date_gmt":"2023-10-19T12:34:38","guid":{"rendered":"https:\/\/eglisecatholiqueniger.org\/?p=1222"},"modified":"2023-10-19T14:34:38","modified_gmt":"2023-10-19T12:34:38","slug":"promotion-de-la-paix-et-de-la-cohesion-sociale-linitiative-paix-au-sahel-entend-renforcer-son-impact-sur-les-pays-de-mise-en-oeuvre","status":"publish","type":"post","link":"https:\/\/eglisecatholiqueniger.org\/index.php\/2023\/10\/19\/promotion-de-la-paix-et-de-la-cohesion-sociale-linitiative-paix-au-sahel-entend-renforcer-son-impact-sur-les-pays-de-mise-en-oeuvre\/","title":{"rendered":"Promotion de la paix et de la coh\u00e9sion sociale\u00a0: L\u2019Initiative paix au Sahel entend renforcer son impact sur les pays de mise en \u0153uvre"},"content":{"rendered":"<p><strong> <img loading=\"lazy\" decoding=\"async\" class=\"size-medium wp-image-1224 aligncenter\" src=\"http:\/\/eglisecatholiqueniger.org\/wp-content\/uploads\/2023\/10\/ouaga-300x132.jpg\" alt=\"\" width=\"300\" height=\"132\" srcset=\"https:\/\/eglisecatholiqueniger.org\/wp-content\/uploads\/2023\/10\/ouaga-300x132.jpg 300w, https:\/\/eglisecatholiqueniger.org\/wp-content\/uploads\/2023\/10\/ouaga-1024x449.jpg 1024w, https:\/\/eglisecatholiqueniger.org\/wp-content\/uploads\/2023\/10\/ouaga-768x337.jpg 768w, https:\/\/eglisecatholiqueniger.org\/wp-content\/uploads\/2023\/10\/ouaga.jpg 1080w\" sizes=\"auto, (max-width: 300px) 100vw, 300px\" \/><\/strong><\/p>\n<p><strong>Ouagadougou abrite du 17 au 20 octobre 2023, un atelier r\u00e9gional des groupes de travail de l\u2019Initiative paix au Sahel (SPI). Venus du Ghana, du Mali, du Niger, de la C\u00f4te d\u2019Ivoire et du Burkina Faso, les participants vont non seulement passer en revue les acquis engrang\u00e9s par l\u2019Initiative paix au Sahel, mais aussi r\u00e9fl\u00e9chir sur les orientations \u00e0 donner \u00e0 l\u2019initiative afin de renforcer son impact sur les pays de mise en \u0153uvre. Les travaux ont \u00e9t\u00e9 officiellement lanc\u00e9s ce 17 octobre 2023 par le pr\u00e9sident de la coordination r\u00e9gionale de l\u2019initiative SPI, Monseigneur Alexandre Yikyi Bazi\u00e9. <\/strong><\/p>\n<p>Lanc\u00e9e en novembre 2019 par les conf\u00e9rences \u00e9piscopales r\u00e9unies d\u2019Afrique de l\u2019Ouest en partenariat avec Catholic relief services (CRS), l\u2019Initiative paix au Sahel se veut une contribution de l\u2019\u00e9glise catholique, \u00e0 la paix, la coh\u00e9sion sociale et la r\u00e9ponse humanitaire. A travers diff\u00e9rentes activit\u00e9s, l\u2019initiative entend renforcer la dynamique sous r\u00e9gionale, afin de susciter des actions pouvant impacter positivement la qualit\u00e9 du vivre ensemble dans les diff\u00e9rentes communaut\u00e9s.<\/p>\n<p>Le pr\u00e9sent atelier r\u00e9gional se tient \u00e0 la suite d\u2019un pr\u00e9c\u00e9dent atelier organis\u00e9 en 2022 et qui avait permis aux groupes de travail d\u2019identifier des orientations et des axes strat\u00e9giques plus adapt\u00e9s \u00e0 la promotion de la paix au Sahel. Ce sont donc les acquis engrang\u00e9s par les orientations identifi\u00e9es en 2022, qui seront \u00e9valu\u00e9s au cours de la rencontre ouverte ce jour.<\/p>\n<p>&nbsp;<\/p>\n<p>De mani\u00e8re sp\u00e9cifique, il va s\u2019agir de passer en revue les activit\u00e9s men\u00e9es au cours de l\u2019ann\u00e9e \u00e9coul\u00e9e, de proc\u00e9der \u00e0 une analyse de la situation s\u00e9curitaire r\u00e9gionale en vue de relever les axes d\u2019orientation de l\u2019initiative sur les trois ans \u00e0 venir et de proc\u00e9der \u00e0 une planification triennale des activit\u00e9s. Les participants vont \u00e9galement convenir des grandes lignes des activit\u00e9s qui seront men\u00e9es au cours de l\u2019ann\u00e9e 2024 et d\u00e9terminer la vision et les r\u00e9sultats \u00e0 atteindre en vue de la tenue d\u2019un atelier de plaidoyer de haut niveau pr\u00e9vu \u00e0 Rome en 2024.<\/p>\n<p>Pour le pr\u00e9sident de la coordination r\u00e9gionale de l\u2019initiative SPI, Monseigneur Alexandre Yikyi Bazi\u00e9, cet atelier devrait aussi permettre de mieux appr\u00e9hender les attentes des populations dans la gestion de la crise que vivent les pays du Sahel. \u00ab\u00a0Le pr\u00e9sent atelier veut aider la zone du Sahel, \u00e0 r\u00e9pondre aux attentes de nos populations. Et nous pensons que les attentes majeures ce sont l\u2019am\u00e9lioration de la r\u00e9ponse humanitaire, l\u2019am\u00e9lioration de la mobilisation des ressources humaines et financi\u00e8res ainsi que le renforcement de la r\u00e9silience communautaire et de la coh\u00e9sion sociale\u00a0\u00bb, a-t-il laiss\u00e9 entendre. Il ajoute qu\u2019il est important que le monde entier, tourne le regard vers le drame que vivent les populations du Sahel, victimes des violences terroristes.<\/p>\n<p>&nbsp;<\/p>\n<p>Apr\u00e8s plusieurs ann\u00e9es de mise en \u0153uvre, plusieurs acquis sont \u00e0 mettre au compte du SPI. Ce sont entre autres la formation d\u2019ambassadeurs de la paix, qui ont vu leurs capacit\u00e9s renforc\u00e9es pour conna\u00eetre les m\u00e9canismes des conflits et qui peuvent \u00eatre des m\u00e9diateurs dans les crises que connaissent les communaut\u00e9s ainsi que la formation de journalistes pour la pratique d\u2019un journalisme facteur de paix et de coh\u00e9sion sociale en temps de crise. A cela s\u2019ajoutent des aides humanitaires apport\u00e9es avec l\u2019appui de CRS aux personnes d\u00e9plac\u00e9es internes.<\/p>\n<p>La repr\u00e9sentante de la ministre de l\u2019action humanitaire, Regina Compaor\u00e9, a laiss\u00e9 entendre que le d\u00e9ploiement d\u2019une strat\u00e9gie sous r\u00e9gionale est indispensable dans la promotion de la coh\u00e9sion sociale et la lutte contre le terrorisme, d\u2019o\u00f9 la pertinence de l\u2019initiative SPI. \u00ab\u00a0L\u2019initiative paix au Sahel qui comprend le Burkina, le Ghana, le Mali, le Niger et la C\u00f4te d\u2019Ivoire, est \u00e0 saluer. Sa dimension sous r\u00e9gionale est un atout majeur pour le partage d\u2019exp\u00e9riences et la mutualisation des ressources et des efforts\u00a0\u00bb, a-t-elle ajout\u00e9.<\/p>\n<p>&nbsp;<\/p>\n<p>L\u2019initiative SPI est mise en \u0153uvre, avec l\u2019appui technique et financier de Catholic relief services. Jenifer Overton, directrice r\u00e9gionale Afrique de l\u2019Ouest de CRS, a r\u00e9affirm\u00e9 l\u2019engagement de son organisation \u00e0 accompagner les pays ouest-africains dans leur qu\u00eate d\u2019une paix durable. Elle a soulign\u00e9 la n\u00e9cessit\u00e9 pour ces pays, de travailler en synergie pour mettre fin \u00e0 la crise que traverse le Sahel. \u00ab\u00a0En travaillant ensemble, nous pouvons apporter des solutions concr\u00e8tes pour mettre fin aux conflits, \u00e0 la violence, au d\u00e9placement et \u00e0 la mis\u00e8re, et r\u00e9pondre aux d\u00e9fis auxquels sont confront\u00e9s nos communaut\u00e9s. Nous devons investir davantage dans la coh\u00e9sion sociale et le d\u00e9veloppement durable dans ces pays, pour adresser les causes profondes de cette crise et mettre fin \u00e0 la souffrance\u00a0\u00bb, a-t-elle affirm\u00e9.<\/p>\n<p><strong>Armelle Ou\u00e9draogo<br \/>\nLefaso.net<\/strong><\/p>\n","protected":false},"excerpt":{"rendered":"<p>Ouagadougou abrite du 17 au 20 octobre 2023, un atelier r\u00e9gional des groupes de travail de l\u2019Initiative paix au Sahel (SPI). Venus du Ghana, du Mali, du Niger, de la &#8230;<\/p>\n","protected":false},"author":1,"featured_media":0,"comment_status":"open","ping_status":"open","sticky":false,"template":"","format":"standard","meta":{"footnotes":""},"categories":[1],"tags":[],"class_list":["post-1222","post","type-post","status-publish","format-standard","category-non-classe"],"_links":{"self":[{"href":"https:\/\/eglisecatholiqueniger.org\/index.php\/wp-json\/wp\/v2\/posts\/1222","targetHints":{"allow":["GET"]}}],"collection":[{"href":"https:\/\/eglisecatholiqueniger.org\/index.php\/wp-json\/wp\/v2\/posts"}],"about":[{"href":"https:\/\/eglisecatholiqueniger.org\/index.php\/wp-json\/wp\/v2\/types\/post"}],"author":[{"embeddable":true,"href":"https:\/\/eglisecatholiqueniger.org\/index.php\/wp-json\/wp\/v2\/users\/1"}],"replies":[{"embeddable":true,"href":"https:\/\/eglisecatholiqueniger.org\/index.php\/wp-json\/wp\/v2\/comments?post=1222"}],"version-history":[{"count":2,"href":"https:\/\/eglisecatholiqueniger.org\/index.php\/wp-json\/wp\/v2\/posts\/1222\/revisions"}],"predecessor-version":[{"id":1225,"href":"https:\/\/eglisecatholiqueniger.org\/index.php\/wp-json\/wp\/v2\/posts\/1222\/revisions\/1225"}],"wp:attachment":[{"href":"https:\/\/eglisecatholiqueniger.org\/index.php\/wp-json\/wp\/v2\/media?parent=1222"}],"wp:term":[{"taxonomy":"category","embeddable":true,"href":"https:\/\/eglisecatholiqueniger.org\/index.php\/wp-json\/wp\/v2\/categories?post=1222"},{"taxonomy":"post_tag","embeddable":true,"href":"https:\/\/eglisecatholiqueniger.org\/index.php\/wp-json\/wp\/v2\/tags?post=1222"}],"curies":[{"name":"wp","href":"https:\/\/api.w.org\/{rel}","templated":true}]}}