{"id":1230,"date":"2023-11-08T16:24:07","date_gmt":"2023-11-08T15:24:07","guid":{"rendered":"https:\/\/eglisecatholiqueniger.org\/?p=1230"},"modified":"2023-11-08T16:26:31","modified_gmt":"2023-11-08T15:26:31","slug":"10-ans-a-sainte-monique-de-la-francophonie-de-niamey","status":"publish","type":"post","link":"https:\/\/eglisecatholiqueniger.org\/index.php\/2023\/11\/08\/10-ans-a-sainte-monique-de-la-francophonie-de-niamey\/","title":{"rendered":"10 ans \u00e0 Sainte Monique de la Francophonie de Niamey"},"content":{"rendered":"<p><img loading=\"lazy\" decoding=\"async\" class=\"alignnone wp-image-1233\" src=\"http:\/\/eglisecatholiqueniger.org\/wp-content\/uploads\/2023\/11\/Monique001-300x168.jpg\" alt=\"\" width=\"275\" height=\"154\" srcset=\"https:\/\/eglisecatholiqueniger.org\/wp-content\/uploads\/2023\/11\/Monique001-300x168.jpg 300w, https:\/\/eglisecatholiqueniger.org\/wp-content\/uploads\/2023\/11\/Monique001.jpg 640w\" sizes=\"auto, (max-width: 275px) 100vw, 275px\" \/> <img loading=\"lazy\" decoding=\"async\" class=\"alignnone wp-image-1231\" src=\"http:\/\/eglisecatholiqueniger.org\/wp-content\/uploads\/2023\/11\/Monique002-300x168.jpg\" alt=\"\" width=\"275\" height=\"154\" srcset=\"https:\/\/eglisecatholiqueniger.org\/wp-content\/uploads\/2023\/11\/Monique002-300x168.jpg 300w, https:\/\/eglisecatholiqueniger.org\/wp-content\/uploads\/2023\/11\/Monique002.jpg 640w\" sizes=\"auto, (max-width: 275px) 100vw, 275px\" \/><\/p>\n<p>L\u2019\u00e9difice a pr\u00e9c\u00e9d\u00e9 la communaut\u00e9\u00a0! En effet c\u2019est en vertu des jeux de la Francophonie de 2005 que le dioc\u00e8se a eu l\u2019id\u00e9e de cet espace qui aurait du, ensuite, se transformer en foyer des universitaires catholiques\u2026 C\u2019est donc apr\u00e8s, petit \u00e0 petit, que la communaut\u00e9 a pu grandir jusqu\u2019\u00e0 f\u00eater ses premier 10 ans de cheminement. En effet c\u2019est l\u2019Esprit qui a fait son petit bonhomme de chemin dans le quartier et aux alentours afin de cr\u00e9er une communaut\u00e9 qui puisse manifester sa tendresse et mis\u00e9ricorde.<\/p>\n<p>Le nom de Monique n\u2019a pas \u00e9t\u00e9 choisi au hasard\u00a0! Elle est africaine, sainte m\u00e8re du th\u00e9ologien St Augustin dont la paroisse n\u2019est pas loin de la Francophonie. Il a donc sembl\u00e9 bon de prendre Monique comme \u2018patronne\u2019, c&rsquo;est-\u00e0-dire mod\u00e8le et intercession, en tant que m\u00e8re dont les larmes ont contribu\u00e9 \u00e0 transformer son fils\u00a0Le nom de la communaut\u00e9, Monique, a \u00e9t\u00e9 choisi par la communaut\u00e9 et approuv\u00e9 par le P\u00e8re \u00e9v\u00eaque du moment, Michel Cartat\u00e9guy qui, en 2013, a pr\u00e9sent\u00e9 le P. Mauro Armanino \u00a0SMA comme \u2018administrateur\u2019 de la naissante communaut\u00e9!<\/p>\n<p><img loading=\"lazy\" decoding=\"async\" class=\"alignnone size-medium wp-image-1235\" src=\"http:\/\/eglisecatholiqueniger.org\/wp-content\/uploads\/2023\/11\/IMonique0031-300x168.jpg\" alt=\"\" width=\"300\" height=\"168\" srcset=\"https:\/\/eglisecatholiqueniger.org\/wp-content\/uploads\/2023\/11\/IMonique0031-300x168.jpg 300w, https:\/\/eglisecatholiqueniger.org\/wp-content\/uploads\/2023\/11\/IMonique0031.jpg 640w\" sizes=\"auto, (max-width: 300px) 100vw, 300px\" \/>\u00a0 <img loading=\"lazy\" decoding=\"async\" class=\"alignnone size-medium wp-image-1238\" src=\"http:\/\/eglisecatholiqueniger.org\/wp-content\/uploads\/2023\/11\/monique-006-300x168.jpg\" alt=\"\" width=\"300\" height=\"168\" srcset=\"https:\/\/eglisecatholiqueniger.org\/wp-content\/uploads\/2023\/11\/monique-006-300x168.jpg 300w, https:\/\/eglisecatholiqueniger.org\/wp-content\/uploads\/2023\/11\/monique-006.jpg 640w\" sizes=\"auto, (max-width: 300px) 100vw, 300px\" \/><\/p>\n<p>On a d\u00e9but\u00e9 avec une dizaine de personnes, en bas, la crypte, et puis, petit \u00e0 petit la communaut\u00e9 c\u2019est agrandie et comme l\u2019arbre de la parabole a eu des branches sur lesquelles les oiseaux sont venus s\u2019abriter. Il y a un mosa\u00efque ou un brassage de nationalit\u00e9s ce qui donne une touche multiculturelle aux cheminement de la communaut\u00e9. La pr\u00e9sence des gourmantch\u00e9s et d\u2019autres nig\u00e9riens se m\u00e9lange avec les ressortissants des Pays de la sous r\u00e9gion et m\u00eame d\u2019ailleurs. En effet, depuis le d\u00e9but la communaut\u00e9 a su accueillir des migrants et r\u00e9fugi\u00e9s dont l\u2019histoire de souffrance et d\u2019esp\u00e9rance ont trouver \u00e9coute et respect.<\/p>\n<p><img loading=\"lazy\" decoding=\"async\" class=\"alignnone size-medium wp-image-1242\" src=\"http:\/\/eglisecatholiqueniger.org\/wp-content\/uploads\/2023\/11\/Monique-0038-300x168.jpg\" alt=\"\" width=\"300\" height=\"168\" srcset=\"https:\/\/eglisecatholiqueniger.org\/wp-content\/uploads\/2023\/11\/Monique-0038-300x168.jpg 300w, https:\/\/eglisecatholiqueniger.org\/wp-content\/uploads\/2023\/11\/Monique-0038.jpg 640w\" sizes=\"auto, (max-width: 300px) 100vw, 300px\" \/>\u00a0 <img loading=\"lazy\" decoding=\"async\" class=\"alignnone size-medium wp-image-1244\" src=\"http:\/\/eglisecatholiqueniger.org\/wp-content\/uploads\/2023\/11\/Moniquz0024-300x168.jpg\" alt=\"\" width=\"300\" height=\"168\" srcset=\"https:\/\/eglisecatholiqueniger.org\/wp-content\/uploads\/2023\/11\/Moniquz0024-300x168.jpg 300w, https:\/\/eglisecatholiqueniger.org\/wp-content\/uploads\/2023\/11\/Moniquz0024.jpg 640w\" sizes=\"auto, (max-width: 300px) 100vw, 300px\" \/><\/p>\n<p>La centra lit\u00e9 de la Parole de Dieu, avec la \u2018lectio divina\u2019, une Parole \u00e9cout\u00e9e, c\u00e9l\u00e9br\u00e9e et t\u00e9moign\u00e9e ont constitu\u00e9, avec chaque premier dimanche de r\u00e9collection\/t\u00e9moignage et partage convivial, ont fa\u00e7onn\u00e9 l\u2019identit\u00e9 de la petite communaut\u00e9. Elle, depuis le d\u00e9but, s\u2019est voulue comme une famille dans laquelle la cordialit\u00e9 et la simplicit\u00e9 dans les relations constitue le soubassement afin de pr\u00e9senter un visage \u2018maternel\u2019, humain, de l\u2019\u00c9glise famille de Dieu ! Le future est ouvert \u00e0 l\u2019action de l\u2019Esprit et ce n\u2019est pas par hasard si, le jour anniversaire des 10 ans, on a aussi c\u00e9l\u00e9br\u00e9 les confirmation pour des jeunes et des enfants. La pr\u00e9sence amicale de notre P\u00e8re \u00c9v\u00eaque Laurent Lompo a accompagn\u00e9, avec celle du P\u00e8re Anthony, les premiers pas de la communaut\u00e9 jusqu\u2019\u00e0 la f\u00eate du 5 novembre pass\u00e9. Une joie partag\u00e9 par un bon nombre d\u2019amis qui ont appr\u00e9ci\u00e9<\/p>\n<p><img loading=\"lazy\" decoding=\"async\" class=\"alignnone size-medium wp-image-1253\" src=\"http:\/\/eglisecatholiqueniger.org\/wp-content\/uploads\/2023\/11\/Monique0022-1-300x168.jpg\" alt=\"\" width=\"300\" height=\"168\" srcset=\"https:\/\/eglisecatholiqueniger.org\/wp-content\/uploads\/2023\/11\/Monique0022-1-300x168.jpg 300w, https:\/\/eglisecatholiqueniger.org\/wp-content\/uploads\/2023\/11\/Monique0022-1.jpg 640w\" sizes=\"auto, (max-width: 300px) 100vw, 300px\" \/>\u00a0 <img loading=\"lazy\" decoding=\"async\" class=\"alignnone size-medium wp-image-1255\" src=\"http:\/\/eglisecatholiqueniger.org\/wp-content\/uploads\/2023\/11\/Monique0021-300x168.jpg\" alt=\"\" width=\"300\" height=\"168\" srcset=\"https:\/\/eglisecatholiqueniger.org\/wp-content\/uploads\/2023\/11\/Monique0021-300x168.jpg 300w, https:\/\/eglisecatholiqueniger.org\/wp-content\/uploads\/2023\/11\/Monique0021.jpg 640w\" sizes=\"auto, (max-width: 300px) 100vw, 300px\" \/><\/p>\n<p>P.Mauro Armanino<\/p>\n","protected":false},"excerpt":{"rendered":"<p>L\u2019\u00e9difice a pr\u00e9c\u00e9d\u00e9 la communaut\u00e9\u00a0! En effet c\u2019est en vertu des jeux de la Francophonie de 2005 que le dioc\u00e8se a eu l\u2019id\u00e9e de cet espace qui aurait du, ensuite, &#8230;<\/p>\n","protected":false},"author":1,"featured_media":0,"comment_status":"open","ping_status":"open","sticky":false,"template":"","format":"standard","meta":{"footnotes":""},"categories":[1],"tags":[],"class_list":["post-1230","post","type-post","status-publish","format-standard","category-non-classe"],"_links":{"self":[{"href":"https:\/\/eglisecatholiqueniger.org\/index.php\/wp-json\/wp\/v2\/posts\/1230","targetHints":{"allow":["GET"]}}],"collection":[{"href":"https:\/\/eglisecatholiqueniger.org\/index.php\/wp-json\/wp\/v2\/posts"}],"about":[{"href":"https:\/\/eglisecatholiqueniger.org\/index.php\/wp-json\/wp\/v2\/types\/post"}],"author":[{"embeddable":true,"href":"https:\/\/eglisecatholiqueniger.org\/index.php\/wp-json\/wp\/v2\/users\/1"}],"replies":[{"embeddable":true,"href":"https:\/\/eglisecatholiqueniger.org\/index.php\/wp-json\/wp\/v2\/comments?post=1230"}],"version-history":[{"count":5,"href":"https:\/\/eglisecatholiqueniger.org\/index.php\/wp-json\/wp\/v2\/posts\/1230\/revisions"}],"predecessor-version":[{"id":1260,"href":"https:\/\/eglisecatholiqueniger.org\/index.php\/wp-json\/wp\/v2\/posts\/1230\/revisions\/1260"}],"wp:attachment":[{"href":"https:\/\/eglisecatholiqueniger.org\/index.php\/wp-json\/wp\/v2\/media?parent=1230"}],"wp:term":[{"taxonomy":"category","embeddable":true,"href":"https:\/\/eglisecatholiqueniger.org\/index.php\/wp-json\/wp\/v2\/categories?post=1230"},{"taxonomy":"post_tag","embeddable":true,"href":"https:\/\/eglisecatholiqueniger.org\/index.php\/wp-json\/wp\/v2\/tags?post=1230"}],"curies":[{"name":"wp","href":"https:\/\/api.w.org\/{rel}","templated":true}]}}