{"id":1271,"date":"2023-11-18T14:07:01","date_gmt":"2023-11-18T13:07:01","guid":{"rendered":"https:\/\/eglisecatholiqueniger.org\/?p=1271"},"modified":"2023-11-18T14:11:34","modified_gmt":"2023-11-18T13:11:34","slug":"dans-un-elan-de-solidarite-mobilisons-nous-davantage-pour-soutenir-le-niger-notre-pays","status":"publish","type":"post","link":"https:\/\/eglisecatholiqueniger.org\/index.php\/2023\/11\/18\/dans-un-elan-de-solidarite-mobilisons-nous-davantage-pour-soutenir-le-niger-notre-pays\/","title":{"rendered":"Dans un \u00e9lan de solidarit\u00e9, mobilisons-nous davantage pour soutenir le Niger notre Pays."},"content":{"rendered":"<p><strong>Le CSD (<\/strong><em>Comit\u00e9 de Solidarit\u00e9 et de D\u00e9veloppement<\/em><strong>) travaillant pour le rayonnement de la charit\u00e9 chr\u00e9tienne informe les fid\u00e8les paroissiens de la tenue de la semaine de Solidarit\u00e9 du 26 Novembre au 3 D\u00e9cembre 2023.<\/strong><\/p>\n<p><strong>Nous avons mobilis\u00e9 l\u2019an dernier la somme de 715.165 F qui ont servi \u00e0 venir en aide \u00e0 nos Fr\u00e8res et S\u0153urs de Dolbel, Makalondi, Tera, Torodi victimes de l\u2019ins\u00e9curit\u00e9 ; et de Niamey victime d\u2019inondation.<\/strong><\/p>\n<p><img loading=\"lazy\" decoding=\"async\" class=\"size-medium wp-image-1267 alignleft\" src=\"http:\/\/eglisecatholiqueniger.org\/wp-content\/uploads\/2023\/11\/IMG-20231117-WA0066-225x300.jpg\" alt=\"\" width=\"225\" height=\"300\" srcset=\"https:\/\/eglisecatholiqueniger.org\/wp-content\/uploads\/2023\/11\/IMG-20231117-WA0066-225x300.jpg 225w, https:\/\/eglisecatholiqueniger.org\/wp-content\/uploads\/2023\/11\/IMG-20231117-WA0066-768x1024.jpg 768w, https:\/\/eglisecatholiqueniger.org\/wp-content\/uploads\/2023\/11\/IMG-20231117-WA0066-1152x1536.jpg 1152w, https:\/\/eglisecatholiqueniger.org\/wp-content\/uploads\/2023\/11\/IMG-20231117-WA0066.jpg 1200w\" sizes=\"auto, (max-width: 225px) 100vw, 225px\" \/><\/p>\n<p>&nbsp;<\/p>\n<p>&nbsp;<\/p>\n<p>&nbsp;<\/p>\n<p><span style=\"font-size: 20px;\"><strong><span style=\"font-family: arial, helvetica, sans-serif;\">Cette ann\u00e9e,<\/span> <span style=\"font-family: arial, helvetica, sans-serif;\">le lancement aura lieu sur la paroisse Saint Gabriel de Garbado, le Dimanche 26 Novembre 2023 \u00e0 09h.<\/span><\/strong><\/span><\/p>\n<p>&nbsp;<\/p>\n<p>&nbsp;<\/p>\n","protected":false},"excerpt":{"rendered":"<p>Le CSD (Comit\u00e9 de Solidarit\u00e9 et de D\u00e9veloppement) travaillant pour le rayonnement de la charit\u00e9 chr\u00e9tienne informe les fid\u00e8les paroissiens de la tenue de la semaine de Solidarit\u00e9 du 26 &#8230;<\/p>\n","protected":false},"author":1,"featured_media":0,"comment_status":"open","ping_status":"open","sticky":false,"template":"","format":"standard","meta":{"footnotes":""},"categories":[1],"tags":[],"class_list":["post-1271","post","type-post","status-publish","format-standard","category-non-classe"],"_links":{"self":[{"href":"https:\/\/eglisecatholiqueniger.org\/index.php\/wp-json\/wp\/v2\/posts\/1271","targetHints":{"allow":["GET"]}}],"collection":[{"href":"https:\/\/eglisecatholiqueniger.org\/index.php\/wp-json\/wp\/v2\/posts"}],"about":[{"href":"https:\/\/eglisecatholiqueniger.org\/index.php\/wp-json\/wp\/v2\/types\/post"}],"author":[{"embeddable":true,"href":"https:\/\/eglisecatholiqueniger.org\/index.php\/wp-json\/wp\/v2\/users\/1"}],"replies":[{"embeddable":true,"href":"https:\/\/eglisecatholiqueniger.org\/index.php\/wp-json\/wp\/v2\/comments?post=1271"}],"version-history":[{"count":7,"href":"https:\/\/eglisecatholiqueniger.org\/index.php\/wp-json\/wp\/v2\/posts\/1271\/revisions"}],"predecessor-version":[{"id":1276,"href":"https:\/\/eglisecatholiqueniger.org\/index.php\/wp-json\/wp\/v2\/posts\/1271\/revisions\/1276"}],"wp:attachment":[{"href":"https:\/\/eglisecatholiqueniger.org\/index.php\/wp-json\/wp\/v2\/media?parent=1271"}],"wp:term":[{"taxonomy":"category","embeddable":true,"href":"https:\/\/eglisecatholiqueniger.org\/index.php\/wp-json\/wp\/v2\/categories?post=1271"},{"taxonomy":"post_tag","embeddable":true,"href":"https:\/\/eglisecatholiqueniger.org\/index.php\/wp-json\/wp\/v2\/tags?post=1271"}],"curies":[{"name":"wp","href":"https:\/\/api.w.org\/{rel}","templated":true}]}}