{"id":1300,"date":"2023-12-02T19:05:28","date_gmt":"2023-12-02T18:05:28","guid":{"rendered":"https:\/\/eglisecatholiqueniger.org\/?p=1300"},"modified":"2023-12-02T19:05:28","modified_gmt":"2023-12-02T18:05:28","slug":"jdj-2023-jeune-le-coeur-brulant-fais-la-paix-avec-ton-environnement","status":"publish","type":"post","link":"https:\/\/eglisecatholiqueniger.org\/index.php\/2023\/12\/02\/jdj-2023-jeune-le-coeur-brulant-fais-la-paix-avec-ton-environnement\/","title":{"rendered":"JDJ 2023 JEUNE, Le C\u0152UR BRULANT FAIS LA PAIX AVEC TON ENVIRONNEMENT"},"content":{"rendered":"<div class=\"\" dir=\"auto\">\n<div id=\":r2j:\" class=\"x1iorvi4 x1pi30zi x1l90r2v x1swvt13\" data-ad-comet-preview=\"message\" data-ad-preview=\"message\">\n<div class=\"x78zum5 xdt5ytf xz62fqu x16ldp7u\">\n<div class=\"xu06os2 x1ok221b\">\n<div class=\"xdj266r x11i5rnm xat24cr x1mh8g0r x1vvkbs x126k92a\">\n<div dir=\"auto\" style=\"text-align: center;\">J D J 2023\u00a0\u00a0\u00a0\u00a0 <img loading=\"lazy\" decoding=\"async\" class=\" wp-image-1301 alignleft\" src=\"http:\/\/eglisecatholiqueniger.org\/wp-content\/uploads\/2023\/12\/0002-300x200.jpg\" alt=\"\" width=\"242\" height=\"161\" srcset=\"https:\/\/eglisecatholiqueniger.org\/wp-content\/uploads\/2023\/12\/0002-300x200.jpg 300w, https:\/\/eglisecatholiqueniger.org\/wp-content\/uploads\/2023\/12\/0002-274x183.jpg 274w, https:\/\/eglisecatholiqueniger.org\/wp-content\/uploads\/2023\/12\/0002-80x54.jpg 80w, https:\/\/eglisecatholiqueniger.org\/wp-content\/uploads\/2023\/12\/0002-130x87.jpg 130w, https:\/\/eglisecatholiqueniger.org\/wp-content\/uploads\/2023\/12\/0002-359x240.jpg 359w, https:\/\/eglisecatholiqueniger.org\/wp-content\/uploads\/2023\/12\/0002-85x57.jpg 85w, https:\/\/eglisecatholiqueniger.org\/wp-content\/uploads\/2023\/12\/0002-546x365.jpg 546w, https:\/\/eglisecatholiqueniger.org\/wp-content\/uploads\/2023\/12\/0002-165x109.jpg 165w, https:\/\/eglisecatholiqueniger.org\/wp-content\/uploads\/2023\/12\/0002-347x233.jpg 347w, https:\/\/eglisecatholiqueniger.org\/wp-content\/uploads\/2023\/12\/0002-112x75.jpg 112w, https:\/\/eglisecatholiqueniger.org\/wp-content\/uploads\/2023\/12\/0002-179x120.jpg 179w, https:\/\/eglisecatholiqueniger.org\/wp-content\/uploads\/2023\/12\/0002-170x113.jpg 170w, https:\/\/eglisecatholiqueniger.org\/wp-content\/uploads\/2023\/12\/0002-81x55.jpg 81w, https:\/\/eglisecatholiqueniger.org\/wp-content\/uploads\/2023\/12\/0002-765x510.jpg 765w, https:\/\/eglisecatholiqueniger.org\/wp-content\/uploads\/2023\/12\/0002.jpg 640w\" sizes=\"auto, (max-width: 242px) 100vw, 242px\" \/><\/div>\n<div dir=\"auto\">La seconde \u00e9dition des Journ\u00e9es dioc\u00e9saines de la jeunesse s\u2019est ouverte \u00e0 Niamey le vendredi 24 novembre 2023 dans la cour du coll\u00e8ge Mariama. Rassemblement des jeunes catholiques venus des diff\u00e9rents secteurs du dioc\u00e8se (Doutchi, Gaya, Dosso, Makalondi Kankani Bomoanga, Torodi et les huit paroisses de Niamey.<\/div>\n<div dir=\"auto\">la Journ\u00e9e dioc\u00e9saine des jeunes est c\u00e9l\u00e9br\u00e9e sous le th\u00e8me : \u00ab JEUNE, Le C\u0152UR BRULANT FAIS LA PAIX AVEC TON ENVIRONNEMENT<\/div>\n<div dir=\"auto\">Ce th\u00e8me nous invite tous \u00e0 \u00eatre les protagonistes de la mission et pour continuer \u00e0 nous inculquer l\u2019esprit de paix pas seulement avec les hommes mais aussi avec la nature<\/div>\n<\/div>\n<div dir=\"auto\"><img loading=\"lazy\" decoding=\"async\" class=\"alignnone wp-image-1302\" src=\"http:\/\/eglisecatholiqueniger.org\/wp-content\/uploads\/2023\/12\/0006-300x200.jpg\" alt=\"\" width=\"200\" height=\"133\" srcset=\"https:\/\/eglisecatholiqueniger.org\/wp-content\/uploads\/2023\/12\/0006-300x200.jpg 300w, https:\/\/eglisecatholiqueniger.org\/wp-content\/uploads\/2023\/12\/0006-274x183.jpg 274w, https:\/\/eglisecatholiqueniger.org\/wp-content\/uploads\/2023\/12\/0006-80x54.jpg 80w, https:\/\/eglisecatholiqueniger.org\/wp-content\/uploads\/2023\/12\/0006-130x87.jpg 130w, https:\/\/eglisecatholiqueniger.org\/wp-content\/uploads\/2023\/12\/0006-359x240.jpg 359w, https:\/\/eglisecatholiqueniger.org\/wp-content\/uploads\/2023\/12\/0006-85x57.jpg 85w, https:\/\/eglisecatholiqueniger.org\/wp-content\/uploads\/2023\/12\/0006-546x365.jpg 546w, https:\/\/eglisecatholiqueniger.org\/wp-content\/uploads\/2023\/12\/0006-165x109.jpg 165w, https:\/\/eglisecatholiqueniger.org\/wp-content\/uploads\/2023\/12\/0006-347x233.jpg 347w, https:\/\/eglisecatholiqueniger.org\/wp-content\/uploads\/2023\/12\/0006-112x75.jpg 112w, https:\/\/eglisecatholiqueniger.org\/wp-content\/uploads\/2023\/12\/0006-179x120.jpg 179w, https:\/\/eglisecatholiqueniger.org\/wp-content\/uploads\/2023\/12\/0006-170x113.jpg 170w, https:\/\/eglisecatholiqueniger.org\/wp-content\/uploads\/2023\/12\/0006-81x55.jpg 81w, https:\/\/eglisecatholiqueniger.org\/wp-content\/uploads\/2023\/12\/0006-765x510.jpg 765w, https:\/\/eglisecatholiqueniger.org\/wp-content\/uploads\/2023\/12\/0006.jpg 640w\" sizes=\"auto, (max-width: 200px) 100vw, 200px\" \/><img loading=\"lazy\" decoding=\"async\" class=\"alignnone wp-image-1303\" src=\"http:\/\/eglisecatholiqueniger.org\/wp-content\/uploads\/2023\/12\/0008-300x200.jpg\" alt=\"\" width=\"200\" height=\"133\" srcset=\"https:\/\/eglisecatholiqueniger.org\/wp-content\/uploads\/2023\/12\/0008-300x200.jpg 300w, https:\/\/eglisecatholiqueniger.org\/wp-content\/uploads\/2023\/12\/0008-274x183.jpg 274w, https:\/\/eglisecatholiqueniger.org\/wp-content\/uploads\/2023\/12\/0008-80x54.jpg 80w, https:\/\/eglisecatholiqueniger.org\/wp-content\/uploads\/2023\/12\/0008-130x87.jpg 130w, https:\/\/eglisecatholiqueniger.org\/wp-content\/uploads\/2023\/12\/0008-359x240.jpg 359w, https:\/\/eglisecatholiqueniger.org\/wp-content\/uploads\/2023\/12\/0008-85x57.jpg 85w, https:\/\/eglisecatholiqueniger.org\/wp-content\/uploads\/2023\/12\/0008-546x365.jpg 546w, https:\/\/eglisecatholiqueniger.org\/wp-content\/uploads\/2023\/12\/0008-165x109.jpg 165w, https:\/\/eglisecatholiqueniger.org\/wp-content\/uploads\/2023\/12\/0008-347x233.jpg 347w, https:\/\/eglisecatholiqueniger.org\/wp-content\/uploads\/2023\/12\/0008-112x75.jpg 112w, https:\/\/eglisecatholiqueniger.org\/wp-content\/uploads\/2023\/12\/0008-179x120.jpg 179w, https:\/\/eglisecatholiqueniger.org\/wp-content\/uploads\/2023\/12\/0008-170x113.jpg 170w, https:\/\/eglisecatholiqueniger.org\/wp-content\/uploads\/2023\/12\/0008-81x55.jpg 81w, https:\/\/eglisecatholiqueniger.org\/wp-content\/uploads\/2023\/12\/0008-765x510.jpg 765w, https:\/\/eglisecatholiqueniger.org\/wp-content\/uploads\/2023\/12\/0008.jpg 640w\" sizes=\"auto, (max-width: 200px) 100vw, 200px\" \/><img loading=\"lazy\" decoding=\"async\" class=\"alignnone wp-image-1304\" src=\"http:\/\/eglisecatholiqueniger.org\/wp-content\/uploads\/2023\/12\/00011-300x200.jpg\" alt=\"\" width=\"200\" height=\"133\" srcset=\"https:\/\/eglisecatholiqueniger.org\/wp-content\/uploads\/2023\/12\/00011-300x200.jpg 300w, https:\/\/eglisecatholiqueniger.org\/wp-content\/uploads\/2023\/12\/00011-274x183.jpg 274w, https:\/\/eglisecatholiqueniger.org\/wp-content\/uploads\/2023\/12\/00011-80x54.jpg 80w, https:\/\/eglisecatholiqueniger.org\/wp-content\/uploads\/2023\/12\/00011-130x87.jpg 130w, https:\/\/eglisecatholiqueniger.org\/wp-content\/uploads\/2023\/12\/00011-359x240.jpg 359w, https:\/\/eglisecatholiqueniger.org\/wp-content\/uploads\/2023\/12\/00011-85x57.jpg 85w, https:\/\/eglisecatholiqueniger.org\/wp-content\/uploads\/2023\/12\/00011-546x365.jpg 546w, https:\/\/eglisecatholiqueniger.org\/wp-content\/uploads\/2023\/12\/00011-165x109.jpg 165w, https:\/\/eglisecatholiqueniger.org\/wp-content\/uploads\/2023\/12\/00011-347x233.jpg 347w, https:\/\/eglisecatholiqueniger.org\/wp-content\/uploads\/2023\/12\/00011-112x75.jpg 112w, https:\/\/eglisecatholiqueniger.org\/wp-content\/uploads\/2023\/12\/00011-179x120.jpg 179w, https:\/\/eglisecatholiqueniger.org\/wp-content\/uploads\/2023\/12\/00011-170x113.jpg 170w, https:\/\/eglisecatholiqueniger.org\/wp-content\/uploads\/2023\/12\/00011-81x55.jpg 81w, https:\/\/eglisecatholiqueniger.org\/wp-content\/uploads\/2023\/12\/00011-765x510.jpg 765w, https:\/\/eglisecatholiqueniger.org\/wp-content\/uploads\/2023\/12\/00011.jpg 640w\" sizes=\"auto, (max-width: 200px) 100vw, 200px\" \/><\/div>\n<div dir=\"auto\">les Journ\u00e9es Dioc\u00e9saines des Jeunes s\u2019inscrivent dans le cadre des Journ\u00e9es Mondiales des Jeunes (JMJ), c\u00e9l\u00e9br\u00e9es depuis quelques ann\u00e9es, dans les dioc\u00e8ses du monde entier, le dimanche du Christ Roi de l\u2019Univers<\/div>\n<div dir=\"auto\">le Samedi les jeunes ont eu pour activit\u00e9\u00a0 la plantation d\u2019arbre, suivi de la cat\u00e9ch\u00e8se<\/div>\n<div dir=\"auto\"><img loading=\"lazy\" decoding=\"async\" class=\"alignnone  wp-image-1313\" src=\"http:\/\/eglisecatholiqueniger.org\/wp-content\/uploads\/2023\/12\/j-d-j-PLANTATION-009-300x168.jpg\" alt=\"\" width=\"200\" height=\"112\" srcset=\"https:\/\/eglisecatholiqueniger.org\/wp-content\/uploads\/2023\/12\/j-d-j-PLANTATION-009-300x168.jpg 300w, https:\/\/eglisecatholiqueniger.org\/wp-content\/uploads\/2023\/12\/j-d-j-PLANTATION-009.jpg 640w\" sizes=\"auto, (max-width: 200px) 100vw, 200px\" \/><img loading=\"lazy\" decoding=\"async\" class=\"alignnone  wp-image-1312\" src=\"http:\/\/eglisecatholiqueniger.org\/wp-content\/uploads\/2023\/12\/j-d-j-PLANTATION-006-300x168.jpg\" alt=\"\" width=\"202\" height=\"113\" srcset=\"https:\/\/eglisecatholiqueniger.org\/wp-content\/uploads\/2023\/12\/j-d-j-PLANTATION-006-300x168.jpg 300w, https:\/\/eglisecatholiqueniger.org\/wp-content\/uploads\/2023\/12\/j-d-j-PLANTATION-006.jpg 640w\" sizes=\"auto, (max-width: 202px) 100vw, 202px\" \/><img loading=\"lazy\" decoding=\"async\" class=\"alignnone  wp-image-1314\" src=\"http:\/\/eglisecatholiqueniger.org\/wp-content\/uploads\/2023\/12\/j-d-j-PLANTATION-0010-300x168.jpg\" alt=\"\" width=\"200\" height=\"112\" srcset=\"https:\/\/eglisecatholiqueniger.org\/wp-content\/uploads\/2023\/12\/j-d-j-PLANTATION-0010-300x168.jpg 300w, https:\/\/eglisecatholiqueniger.org\/wp-content\/uploads\/2023\/12\/j-d-j-PLANTATION-0010.jpg 640w\" sizes=\"auto, (max-width: 200px) 100vw, 200px\" \/><\/div>\n<div dir=\"auto\">C\u00e9l\u00e9bration eucharistique\u00a0 le dimanche par le vicaire g\u00e9n\u00e9ral<\/div>\n<div dir=\"auto\"><img loading=\"lazy\" decoding=\"async\" class=\"alignnone  wp-image-1318\" src=\"http:\/\/eglisecatholiqueniger.org\/wp-content\/uploads\/2023\/12\/012-300x168.jpg\" alt=\"\" width=\"200\" height=\"112\" srcset=\"https:\/\/eglisecatholiqueniger.org\/wp-content\/uploads\/2023\/12\/012-300x168.jpg 300w, https:\/\/eglisecatholiqueniger.org\/wp-content\/uploads\/2023\/12\/012.jpg 640w\" sizes=\"auto, (max-width: 200px) 100vw, 200px\" \/><img loading=\"lazy\" decoding=\"async\" class=\"alignnone  wp-image-1319\" src=\"http:\/\/eglisecatholiqueniger.org\/wp-content\/uploads\/2023\/12\/013-300x168.jpg\" alt=\"\" width=\"200\" height=\"112\" srcset=\"https:\/\/eglisecatholiqueniger.org\/wp-content\/uploads\/2023\/12\/013-300x168.jpg 300w, https:\/\/eglisecatholiqueniger.org\/wp-content\/uploads\/2023\/12\/013.jpg 640w\" sizes=\"auto, (max-width: 200px) 100vw, 200px\" \/><img loading=\"lazy\" decoding=\"async\" class=\"alignnone  wp-image-1320\" src=\"http:\/\/eglisecatholiqueniger.org\/wp-content\/uploads\/2023\/12\/015-300x168.jpg\" alt=\"\" width=\"202\" height=\"113\" srcset=\"https:\/\/eglisecatholiqueniger.org\/wp-content\/uploads\/2023\/12\/015-300x168.jpg 300w, https:\/\/eglisecatholiqueniger.org\/wp-content\/uploads\/2023\/12\/015-768x431.jpg 768w, https:\/\/eglisecatholiqueniger.org\/wp-content\/uploads\/2023\/12\/015.jpg 800w\" sizes=\"auto, (max-width: 202px) 100vw, 202px\" \/><\/div>\n<div dir=\"auto\">Action de gr\u00e2ce<\/div>\n<div dir=\"auto\"><img loading=\"lazy\" decoding=\"async\" class=\"alignnone  wp-image-1330\" src=\"http:\/\/eglisecatholiqueniger.org\/wp-content\/uploads\/2023\/12\/033-300x168.jpg\" alt=\"\" width=\"202\" height=\"113\" srcset=\"https:\/\/eglisecatholiqueniger.org\/wp-content\/uploads\/2023\/12\/033-300x168.jpg 300w, https:\/\/eglisecatholiqueniger.org\/wp-content\/uploads\/2023\/12\/033.jpg 640w\" sizes=\"auto, (max-width: 202px) 100vw, 202px\" \/><img loading=\"lazy\" decoding=\"async\" class=\"alignnone  wp-image-1331\" src=\"http:\/\/eglisecatholiqueniger.org\/wp-content\/uploads\/2023\/12\/034-300x168.jpg\" alt=\"\" width=\"200\" height=\"112\" srcset=\"https:\/\/eglisecatholiqueniger.org\/wp-content\/uploads\/2023\/12\/034-300x168.jpg 300w, https:\/\/eglisecatholiqueniger.org\/wp-content\/uploads\/2023\/12\/034.jpg 640w\" sizes=\"auto, (max-width: 200px) 100vw, 200px\" \/><img loading=\"lazy\" decoding=\"async\" class=\"alignnone  wp-image-1332\" src=\"http:\/\/eglisecatholiqueniger.org\/wp-content\/uploads\/2023\/12\/036-300x168.jpg\" alt=\"\" width=\"200\" height=\"112\" srcset=\"https:\/\/eglisecatholiqueniger.org\/wp-content\/uploads\/2023\/12\/036-300x168.jpg 300w, https:\/\/eglisecatholiqueniger.org\/wp-content\/uploads\/2023\/12\/036.jpg 640w\" sizes=\"auto, (max-width: 200px) 100vw, 200px\" \/><\/div>\n<div dir=\"auto\"><\/div>\n<div dir=\"auto\">l&rsquo;envoi en mission par Secteur<\/div>\n<div dir=\"auto\"><img loading=\"lazy\" decoding=\"async\" class=\"alignnone  wp-image-1322\" src=\"http:\/\/eglisecatholiqueniger.org\/wp-content\/uploads\/2023\/12\/044-300x168.jpg\" alt=\"\" width=\"200\" height=\"112\" srcset=\"https:\/\/eglisecatholiqueniger.org\/wp-content\/uploads\/2023\/12\/044-300x168.jpg 300w, https:\/\/eglisecatholiqueniger.org\/wp-content\/uploads\/2023\/12\/044.jpg 640w\" sizes=\"auto, (max-width: 200px) 100vw, 200px\" \/><img loading=\"lazy\" decoding=\"async\" class=\"alignnone  wp-image-1323\" src=\"http:\/\/eglisecatholiqueniger.org\/wp-content\/uploads\/2023\/12\/046-300x168.jpg\" alt=\"\" width=\"202\" height=\"113\" srcset=\"https:\/\/eglisecatholiqueniger.org\/wp-content\/uploads\/2023\/12\/046-300x168.jpg 300w, https:\/\/eglisecatholiqueniger.org\/wp-content\/uploads\/2023\/12\/046.jpg 640w\" sizes=\"auto, (max-width: 202px) 100vw, 202px\" \/><img loading=\"lazy\" decoding=\"async\" class=\"alignnone  wp-image-1324\" src=\"http:\/\/eglisecatholiqueniger.org\/wp-content\/uploads\/2023\/12\/045-300x168.jpg\" alt=\"\" width=\"200\" height=\"112\" srcset=\"https:\/\/eglisecatholiqueniger.org\/wp-content\/uploads\/2023\/12\/045-300x168.jpg 300w, https:\/\/eglisecatholiqueniger.org\/wp-content\/uploads\/2023\/12\/045.jpg 640w\" sizes=\"auto, (max-width: 200px) 100vw, 200px\" \/><\/div>\n<div dir=\"auto\"><\/div>\n<div dir=\"auto\">Quelques groupes<\/div>\n<div dir=\"auto\"><img loading=\"lazy\" decoding=\"async\" class=\"alignnone  wp-image-1326\" src=\"http:\/\/eglisecatholiqueniger.org\/wp-content\/uploads\/2023\/12\/050-300x168.jpg\" alt=\"\" width=\"200\" height=\"112\" srcset=\"https:\/\/eglisecatholiqueniger.org\/wp-content\/uploads\/2023\/12\/050-300x168.jpg 300w, https:\/\/eglisecatholiqueniger.org\/wp-content\/uploads\/2023\/12\/050.jpg 640w\" sizes=\"auto, (max-width: 200px) 100vw, 200px\" \/><img loading=\"lazy\" decoding=\"async\" class=\"alignnone  wp-image-1327\" src=\"http:\/\/eglisecatholiqueniger.org\/wp-content\/uploads\/2023\/12\/052-300x168.jpg\" alt=\"\" width=\"202\" height=\"113\" srcset=\"https:\/\/eglisecatholiqueniger.org\/wp-content\/uploads\/2023\/12\/052-300x168.jpg 300w, https:\/\/eglisecatholiqueniger.org\/wp-content\/uploads\/2023\/12\/052.jpg 640w\" sizes=\"auto, (max-width: 202px) 100vw, 202px\" \/><img loading=\"lazy\" decoding=\"async\" class=\"alignnone  wp-image-1328\" src=\"http:\/\/eglisecatholiqueniger.org\/wp-content\/uploads\/2023\/12\/054-300x168.jpg\" alt=\"\" width=\"202\" height=\"113\" srcset=\"https:\/\/eglisecatholiqueniger.org\/wp-content\/uploads\/2023\/12\/054-300x168.jpg 300w, https:\/\/eglisecatholiqueniger.org\/wp-content\/uploads\/2023\/12\/054.jpg 640w\" sizes=\"auto, (max-width: 202px) 100vw, 202px\" \/><\/div>\n<\/div>\n<\/div>\n<\/div>\n<div dir=\"auto\"><\/div>\n<\/div>\n<div dir=\"auto\"><\/div>\n","protected":false},"excerpt":{"rendered":"<p>J D J 2023\u00a0\u00a0\u00a0\u00a0 La seconde \u00e9dition des Journ\u00e9es dioc\u00e9saines de la jeunesse s\u2019est ouverte \u00e0 Niamey le vendredi 24 novembre 2023 dans la cour du coll\u00e8ge Mariama. Rassemblement des &#8230;<\/p>\n","protected":false},"author":1,"featured_media":0,"comment_status":"open","ping_status":"open","sticky":false,"template":"","format":"standard","meta":{"footnotes":""},"categories":[1],"tags":[],"class_list":["post-1300","post","type-post","status-publish","format-standard","category-non-classe"],"_links":{"self":[{"href":"https:\/\/eglisecatholiqueniger.org\/index.php\/wp-json\/wp\/v2\/posts\/1300","targetHints":{"allow":["GET"]}}],"collection":[{"href":"https:\/\/eglisecatholiqueniger.org\/index.php\/wp-json\/wp\/v2\/posts"}],"about":[{"href":"https:\/\/eglisecatholiqueniger.org\/index.php\/wp-json\/wp\/v2\/types\/post"}],"author":[{"embeddable":true,"href":"https:\/\/eglisecatholiqueniger.org\/index.php\/wp-json\/wp\/v2\/users\/1"}],"replies":[{"embeddable":true,"href":"https:\/\/eglisecatholiqueniger.org\/index.php\/wp-json\/wp\/v2\/comments?post=1300"}],"version-history":[{"count":12,"href":"https:\/\/eglisecatholiqueniger.org\/index.php\/wp-json\/wp\/v2\/posts\/1300\/revisions"}],"predecessor-version":[{"id":1333,"href":"https:\/\/eglisecatholiqueniger.org\/index.php\/wp-json\/wp\/v2\/posts\/1300\/revisions\/1333"}],"wp:attachment":[{"href":"https:\/\/eglisecatholiqueniger.org\/index.php\/wp-json\/wp\/v2\/media?parent=1300"}],"wp:term":[{"taxonomy":"category","embeddable":true,"href":"https:\/\/eglisecatholiqueniger.org\/index.php\/wp-json\/wp\/v2\/categories?post=1300"},{"taxonomy":"post_tag","embeddable":true,"href":"https:\/\/eglisecatholiqueniger.org\/index.php\/wp-json\/wp\/v2\/tags?post=1300"}],"curies":[{"name":"wp","href":"https:\/\/api.w.org\/{rel}","templated":true}]}}