{"id":1340,"date":"2023-12-25T00:52:18","date_gmt":"2023-12-24T23:52:18","guid":{"rendered":"https:\/\/eglisecatholiqueniger.org\/?p=1340"},"modified":"2023-12-26T12:59:40","modified_gmt":"2023-12-26T11:59:40","slug":"noel-2023-a-la-cathedrale-de-niamey","status":"publish","type":"post","link":"https:\/\/eglisecatholiqueniger.org\/index.php\/2023\/12\/25\/noel-2023-a-la-cathedrale-de-niamey\/","title":{"rendered":"No\u00ebl 2023 \u00e0 la cath\u00e9drale de Niamey"},"content":{"rendered":"<p><strong><img loading=\"lazy\" decoding=\"async\" class=\"alignnone size-medium wp-image-1345\" src=\"http:\/\/eglisecatholiqueniger.org\/wp-content\/uploads\/2023\/12\/Noel-2023.-011-300x200.jpg\" alt=\"\" width=\"300\" height=\"200\" srcset=\"https:\/\/eglisecatholiqueniger.org\/wp-content\/uploads\/2023\/12\/Noel-2023.-011-300x200.jpg 300w, https:\/\/eglisecatholiqueniger.org\/wp-content\/uploads\/2023\/12\/Noel-2023.-011-274x183.jpg 274w, https:\/\/eglisecatholiqueniger.org\/wp-content\/uploads\/2023\/12\/Noel-2023.-011-80x54.jpg 80w, https:\/\/eglisecatholiqueniger.org\/wp-content\/uploads\/2023\/12\/Noel-2023.-011-130x87.jpg 130w, https:\/\/eglisecatholiqueniger.org\/wp-content\/uploads\/2023\/12\/Noel-2023.-011-359x240.jpg 359w, https:\/\/eglisecatholiqueniger.org\/wp-content\/uploads\/2023\/12\/Noel-2023.-011-85x57.jpg 85w, https:\/\/eglisecatholiqueniger.org\/wp-content\/uploads\/2023\/12\/Noel-2023.-011-546x365.jpg 546w, https:\/\/eglisecatholiqueniger.org\/wp-content\/uploads\/2023\/12\/Noel-2023.-011-165x109.jpg 165w, https:\/\/eglisecatholiqueniger.org\/wp-content\/uploads\/2023\/12\/Noel-2023.-011-347x233.jpg 347w, https:\/\/eglisecatholiqueniger.org\/wp-content\/uploads\/2023\/12\/Noel-2023.-011-112x75.jpg 112w, https:\/\/eglisecatholiqueniger.org\/wp-content\/uploads\/2023\/12\/Noel-2023.-011-179x120.jpg 179w, https:\/\/eglisecatholiqueniger.org\/wp-content\/uploads\/2023\/12\/Noel-2023.-011-170x113.jpg 170w, https:\/\/eglisecatholiqueniger.org\/wp-content\/uploads\/2023\/12\/Noel-2023.-011-81x55.jpg 81w, https:\/\/eglisecatholiqueniger.org\/wp-content\/uploads\/2023\/12\/Noel-2023.-011-765x510.jpg 765w, https:\/\/eglisecatholiqueniger.org\/wp-content\/uploads\/2023\/12\/Noel-2023.-011.jpg 640w\" sizes=\"auto, (max-width: 300px) 100vw, 300px\" \/><br \/>\n<\/strong><\/p>\n<p><strong> Hom\u00e9lie Messe de la Nuit de No\u00ebl<\/strong><\/p>\n<p>Fr\u00e8res et s\u0153urs,<\/p>\n<p>Nous sommes r\u00e9unis dans cette Cath\u00e9drale, symbole d\u2019unit\u00e9 de notre Eglise Famille de Dieu en marche synodale pour f\u00eater la naissance du Sauveur dans le monde.<\/p>\n<p>Dans une grande joie, dans un \u00e9lan de foi et d\u2019esp\u00e9rance, nous reconnaissons ensemble Dieu au milieu de nous sous les humbles traits de ce petit enfant n\u00e9 de Marie.<\/p>\n<p>Notre joie de ce soir est la joie de la rencontre de celui qui \u00e9tait annonc\u00e9 par tous les proph\u00e8tes. Dieu vient \u00e0 nous, Dieu vient \u00e0 nos pieds pour que nous entrions de pleins pieds dans sa vie.<\/p>\n<p>Dieu vient comme il na\u00eet, dans une grande humilit\u00e9 pour se faire l\u2019un de nous. Comme l\u2019exprime bien dans la sagesse de chez nous\u00a0: \u00ab\u00a0Un homme de grande taille qui veut \u00eatre compagnon d\u2019un nain dans la marche, doit se courber \u00e0 la m\u00eame hauteur que lui pour pouvoir entendre sa parole.\u00a0\u00bb<\/p>\n<p>Pour se faire comprendre par l\u2019homme, Dieu s\u2019est fait l\u2019un de nous en naissant d\u2019une femme dans les conditions les plus modestes possibles.<\/p>\n<p>Dieu se <strong>d\u00e9pouille<\/strong>, il<strong> s\u2019abaisse<\/strong> et <strong>se met au rang de l\u2019homme<\/strong> pour lui prouver sa pr\u00e9sence <strong>effective et affective<\/strong>. Une telle attitude nous surprend quand on voit combien nous sommes assoiff\u00e9s de pouvoirs et de grandeurs humaines pour \u00e9craser les plus petits chaque fois que nous avons l\u2019occasion.<\/p>\n<p>En cette nuit sainte, Dieu nait dans notre monde, il s\u2019est fait l\u2019un de nous. D\u00e9sormais, notre humanit\u00e9 porte son visage lumineux. Sa pr\u00e9sence parmi nous apporte toutes choses nouvelles\u00a0: \u00ab\u00a0le peuple qui marchait dans les t\u00e9n\u00e8bres a vu se lever une grande lumi\u00e8re\u00a0; et sur les habitants du pays de l\u2019ombre, une lumi\u00e8re \u00e0 resplendi\u2026\u00a0\u00bb (Isa\u00efe 9,1).<\/p>\n<p>Les premiers t\u00e9moins de cette lumi\u00e8re sont les bergers, ceux qui sont au plus bas de l\u2019\u00e9chelle sociale.<\/p>\n<p>D\u00e8s les premiers instants de sa vie humaine, Dieu se met \u00e0 la port\u00e9e des <strong>plus petits<\/strong>, des <strong>plus m\u00e9pris\u00e9s<\/strong>, des <strong>plus d\u00e9laiss\u00e9s<\/strong>, des <strong>plus ignor\u00e9s<\/strong>.<\/p>\n<p>No\u00ebl nous donne un nouveau regard sur notre propre vie en tant que chr\u00e9tiens et sur ceux qui nous entourent dans la soci\u00e9t\u00e9 nig\u00e9rienne.<\/p>\n<p>Des exclus, des rejet\u00e9s, des isol\u00e9s, des malades, des milliers de familles d\u00e9plac\u00e9es internes sans abri, sans nourriture dans plusieurs localit\u00e9s du pays\u00a0; des milliers de personnes qui vivent le strict minimum \u00e0 cause des sanctions impos\u00e9es \u00e0 notre pays par la CEDEAO et d\u2019autres institutions internationales\u00a0; des sans-emploi\u00a0; des mal aim\u00e9s etc. peuplent notre entourage.<\/p>\n<p>Nous les fabriquons tr\u00e8s souvent nous-m\u00eames par notre <strong>manque d\u2019amour et d\u2019attention, notre \u00e9go\u00efsme les engendre et notre indiff\u00e9rence les entretient dans leur pauvret\u00e9 comme dans leur exclusion<\/strong>.<\/p>\n<p>Chers fr\u00e8res et s\u0153urs,<\/p>\n<p>\u00ab\u00a0En Eglise-Famille de Dieu, marchons ensemble pour la transformation de notre milieu\u00a0\u00bb. Dieu vient parmi nous, il nous rejoint dans notre marche pour nous \u00e9clairer afin que nous devenions \u00e0 notre tour des hommes et des femmes <strong>de lumi\u00e8re dans le monde<\/strong> en g\u00e9n\u00e9ral et en particulier au Niger \u00e0 l\u2019heure actuelle.<\/p>\n<p>Nous sommes appel\u00e9s\u00a0:<\/p>\n<ul>\n<li>Chr\u00e9tiens et musulmans\u00a0;<\/li>\n<li>Leaders religieux et chefs traditionnels\u00a0;<\/li>\n<li>Organisations membres de la soci\u00e9t\u00e9 civile\u00a0;<\/li>\n<li>Institutions financi\u00e8res et commerciales\u00a0;<\/li>\n<li>Hommes et femmes politiques\u00a0;<\/li>\n<li>Les autorit\u00e9s gouvernementales\u00a0;<\/li>\n<\/ul>\n<p>\u00e0 \u00e9clairer la conscience du peuple nig\u00e9rien \u00e0 travers notre t\u00e9moignage de vie\u00a0; \u00e0 relever les d\u00e9fis de l\u2019heure \u00e0 travers un sursaut patriotique dans la v\u00e9rit\u00e9 et par amour pour le pays. Dieu est lumi\u00e8re et sa lumi\u00e8re nous conduit \u00e0 l\u2019essentiel en tant qu\u2019hommes et femmes de foi dans le monde.<\/p>\n<p>Nous avons besoin de paix dans le monde d\u2019aujourd\u2019hui. Mais cette paix ne peut venir et s\u2019installer chez nous que quand nous nous disposons \u00e0 \u00e9couter la voix de Dieu et \u00e0 faire sa volont\u00e9 \u00e0 l\u2019exemple de l\u2019Enfant J\u00e9sus.<\/p>\n<p>En d\u00e9pit des moments difficiles que nous traversons aux niveaux\u00a0: des \u00e9coles ferm\u00e9es et des milliers de personnes d\u00e9plac\u00e9es internes \u00e0 cause de l\u2019ins\u00e9curit\u00e9\u00a0; la vie ch\u00e8re obligeant beaucoup de personnes \u00e0 la mendicit\u00e9\u00a0; les lourdes sanctions de la CEDEAO \u00e0 l\u2019endroit des institutions \u00e9tatiques\u00a0; la c\u00e9l\u00e9bration de No\u00ebl nous rappelle que Dieu est toujours pr\u00e9sent \u00e0 nos c\u00f4t\u00e9s. Il nous invite \u00e0 lui faire grandement confiance dans notre lutte pour la Paix au Niger.<\/p>\n<p>Le message de No\u00ebl r\u00e9siste \u00e0 la <strong>violence physique et verbale\u00a0; \u00e0 l\u2019intol\u00e9rance religieuse\u00a0; aux in\u00e9galit\u00e9s sociales\u00a0; \u00e0 l\u2019injustice et \u00e0 la corruption\u00a0; \u00e0 la haine \u00e9thique ou r\u00e9gionale\u00a0; \u00e0 l\u2019immoralit\u00e9 et aux enrichissements illicites.<\/strong><\/p>\n<p>F\u00eater No\u00ebl 2023, c\u2019est s\u2019engager au nom de notre foi \u00e0 \u00eatre <strong>sel et lumi\u00e8re<\/strong> dans nos familles, nos institutions et toute la soci\u00e9t\u00e9. Un Niger <strong>renouvel\u00e9<\/strong>, un\u00a0Niger <strong>souverain<\/strong>, un Niger o\u00f9 r\u00e8gnent la <strong>paix<\/strong>, <strong>l\u2019unit\u00e9 et la coh\u00e9sion sociale<\/strong>, voil\u00e0 ce que nous demandons \u00e0 l\u2019Enfant J\u00e9sus pour notre pays dans cette cath\u00e9drale de Niamey et dans toutes les \u00e9glises du Niger.<\/p>\n<p>Nous souhaitons un Joyeux No\u00ebl \u00e0 Mgr Ambroise OUEDRAOGO, \u00e9v\u00eaque de Maradi qui c\u00e9l\u00e8bre la messe en communion avec tous les fid\u00e8les de son dioc\u00e8se.<\/p>\n<p>Nous souhaitons un Joyeux No\u00ebl \u00e0 tous les fid\u00e8les chr\u00e9tiens de l\u2019Archidioc\u00e8se de Niamey repartis dans toutes les paroisses.<\/p>\n<p>Nous pesons particuli\u00e8rement aux chr\u00e9tiens des zones d\u2019ins\u00e9curit\u00e9 qui malgr\u00e9 les difficult\u00e9s restent fermes dans la foi pour c\u00e9l\u00e9brer la naissance de J\u00e9sus.<\/p>\n<ul>\n<li>Que No\u00ebl 2023 <strong>apporte<\/strong> \u00e0 notre pays la Paix\u00a0;<\/li>\n<li>Que No\u00ebl 2023 <strong>renforce <\/strong>l\u2019unit\u00e9 et la coh\u00e9sion sociale pour le renouveau de notre pays\u00a0;<\/li>\n<li>Que No\u00ebl 2023 nous donne la force et la sagesse de r\u00e9sister aux forces du mal dans nos familles, dans nos lieux de travail et dans toutes nos institutions en vue de b\u00e2tir une nation o\u00f9 r\u00e8gnent la Justice, la Fraternit\u00e9 et la Paix\u00a0;<\/li>\n<li>Que l\u2019Enfant J\u00e9sus, venu dans le monde r\u00e9v\u00e8le la face de la terre maintenant et pour les si\u00e8cles des si\u00e8cles. Amen.\u00a0\u00a0\u00a0\u00a0\u00a0\u00a0\u00a0\u00a0\u00a0 <strong><em>Joyeux No\u00ebl \u00e0 toutes et \u00e0 tous\u00a0!<\/em><\/strong><\/li>\n<\/ul>\n<p><strong><em>\u00a0\u00a0\u00a0\u00a0\u00a0\u00a0\u00a0 <\/em>Mgr Laurent LOMPO<\/strong><\/p>\n<p>Archev\u00eaque de Niamey<\/p>\n<p>&nbsp;<\/p>\n","protected":false},"excerpt":{"rendered":"<p>Hom\u00e9lie Messe de la Nuit de No\u00ebl Fr\u00e8res et s\u0153urs, Nous sommes r\u00e9unis dans cette Cath\u00e9drale, symbole d\u2019unit\u00e9 de notre Eglise Famille de Dieu en marche synodale pour f\u00eater la &#8230;<\/p>\n","protected":false},"author":1,"featured_media":0,"comment_status":"open","ping_status":"open","sticky":false,"template":"","format":"standard","meta":{"footnotes":""},"categories":[1],"tags":[],"class_list":["post-1340","post","type-post","status-publish","format-standard","category-non-classe"],"_links":{"self":[{"href":"https:\/\/eglisecatholiqueniger.org\/index.php\/wp-json\/wp\/v2\/posts\/1340","targetHints":{"allow":["GET"]}}],"collection":[{"href":"https:\/\/eglisecatholiqueniger.org\/index.php\/wp-json\/wp\/v2\/posts"}],"about":[{"href":"https:\/\/eglisecatholiqueniger.org\/index.php\/wp-json\/wp\/v2\/types\/post"}],"author":[{"embeddable":true,"href":"https:\/\/eglisecatholiqueniger.org\/index.php\/wp-json\/wp\/v2\/users\/1"}],"replies":[{"embeddable":true,"href":"https:\/\/eglisecatholiqueniger.org\/index.php\/wp-json\/wp\/v2\/comments?post=1340"}],"version-history":[{"count":6,"href":"https:\/\/eglisecatholiqueniger.org\/index.php\/wp-json\/wp\/v2\/posts\/1340\/revisions"}],"predecessor-version":[{"id":1346,"href":"https:\/\/eglisecatholiqueniger.org\/index.php\/wp-json\/wp\/v2\/posts\/1340\/revisions\/1346"}],"wp:attachment":[{"href":"https:\/\/eglisecatholiqueniger.org\/index.php\/wp-json\/wp\/v2\/media?parent=1340"}],"wp:term":[{"taxonomy":"category","embeddable":true,"href":"https:\/\/eglisecatholiqueniger.org\/index.php\/wp-json\/wp\/v2\/categories?post=1340"},{"taxonomy":"post_tag","embeddable":true,"href":"https:\/\/eglisecatholiqueniger.org\/index.php\/wp-json\/wp\/v2\/tags?post=1340"}],"curies":[{"name":"wp","href":"https:\/\/api.w.org\/{rel}","templated":true}]}}