{"id":1348,"date":"2023-12-26T14:03:13","date_gmt":"2023-12-26T13:03:13","guid":{"rendered":"https:\/\/eglisecatholiqueniger.org\/?p=1348"},"modified":"2023-12-26T14:03:13","modified_gmt":"2023-12-26T13:03:13","slug":"noel-2023-a-la-cathedrale","status":"publish","type":"post","link":"https:\/\/eglisecatholiqueniger.org\/index.php\/2023\/12\/26\/noel-2023-a-la-cathedrale\/","title":{"rendered":"No\u00ebl 2023 \u00e0 la cath\u00e9drale"},"content":{"rendered":"<p><img loading=\"lazy\" decoding=\"async\" class=\"alignnone  wp-image-1345\" src=\"http:\/\/eglisecatholiqueniger.org\/wp-content\/uploads\/2023\/12\/Noel-2023.-011-300x200.jpg\" alt=\"\" width=\"240\" height=\"160\" srcset=\"https:\/\/eglisecatholiqueniger.org\/wp-content\/uploads\/2023\/12\/Noel-2023.-011-300x200.jpg 300w, https:\/\/eglisecatholiqueniger.org\/wp-content\/uploads\/2023\/12\/Noel-2023.-011-274x183.jpg 274w, https:\/\/eglisecatholiqueniger.org\/wp-content\/uploads\/2023\/12\/Noel-2023.-011-80x54.jpg 80w, https:\/\/eglisecatholiqueniger.org\/wp-content\/uploads\/2023\/12\/Noel-2023.-011-130x87.jpg 130w, https:\/\/eglisecatholiqueniger.org\/wp-content\/uploads\/2023\/12\/Noel-2023.-011-359x240.jpg 359w, https:\/\/eglisecatholiqueniger.org\/wp-content\/uploads\/2023\/12\/Noel-2023.-011-85x57.jpg 85w, https:\/\/eglisecatholiqueniger.org\/wp-content\/uploads\/2023\/12\/Noel-2023.-011-546x365.jpg 546w, https:\/\/eglisecatholiqueniger.org\/wp-content\/uploads\/2023\/12\/Noel-2023.-011-165x109.jpg 165w, https:\/\/eglisecatholiqueniger.org\/wp-content\/uploads\/2023\/12\/Noel-2023.-011-347x233.jpg 347w, https:\/\/eglisecatholiqueniger.org\/wp-content\/uploads\/2023\/12\/Noel-2023.-011-112x75.jpg 112w, https:\/\/eglisecatholiqueniger.org\/wp-content\/uploads\/2023\/12\/Noel-2023.-011-179x120.jpg 179w, https:\/\/eglisecatholiqueniger.org\/wp-content\/uploads\/2023\/12\/Noel-2023.-011-170x113.jpg 170w, https:\/\/eglisecatholiqueniger.org\/wp-content\/uploads\/2023\/12\/Noel-2023.-011-81x55.jpg 81w, https:\/\/eglisecatholiqueniger.org\/wp-content\/uploads\/2023\/12\/Noel-2023.-011-765x510.jpg 765w, https:\/\/eglisecatholiqueniger.org\/wp-content\/uploads\/2023\/12\/Noel-2023.-011.jpg 640w\" sizes=\"auto, (max-width: 240px) 100vw, 240px\" \/>\u00a0 <img loading=\"lazy\" decoding=\"async\" class=\"alignnone  wp-image-1349\" src=\"http:\/\/eglisecatholiqueniger.org\/wp-content\/uploads\/2023\/12\/Noel-2023.-015-300x200.jpg\" alt=\"\" width=\"237\" height=\"158\" srcset=\"https:\/\/eglisecatholiqueniger.org\/wp-content\/uploads\/2023\/12\/Noel-2023.-015-300x200.jpg 300w, https:\/\/eglisecatholiqueniger.org\/wp-content\/uploads\/2023\/12\/Noel-2023.-015-274x183.jpg 274w, https:\/\/eglisecatholiqueniger.org\/wp-content\/uploads\/2023\/12\/Noel-2023.-015-80x54.jpg 80w, https:\/\/eglisecatholiqueniger.org\/wp-content\/uploads\/2023\/12\/Noel-2023.-015-130x87.jpg 130w, https:\/\/eglisecatholiqueniger.org\/wp-content\/uploads\/2023\/12\/Noel-2023.-015-359x240.jpg 359w, https:\/\/eglisecatholiqueniger.org\/wp-content\/uploads\/2023\/12\/Noel-2023.-015-85x57.jpg 85w, https:\/\/eglisecatholiqueniger.org\/wp-content\/uploads\/2023\/12\/Noel-2023.-015-546x365.jpg 546w, https:\/\/eglisecatholiqueniger.org\/wp-content\/uploads\/2023\/12\/Noel-2023.-015-266x179.jpg 266w, https:\/\/eglisecatholiqueniger.org\/wp-content\/uploads\/2023\/12\/Noel-2023.-015-165x109.jpg 165w, https:\/\/eglisecatholiqueniger.org\/wp-content\/uploads\/2023\/12\/Noel-2023.-015-347x233.jpg 347w, https:\/\/eglisecatholiqueniger.org\/wp-content\/uploads\/2023\/12\/Noel-2023.-015-112x75.jpg 112w, https:\/\/eglisecatholiqueniger.org\/wp-content\/uploads\/2023\/12\/Noel-2023.-015-179x120.jpg 179w, https:\/\/eglisecatholiqueniger.org\/wp-content\/uploads\/2023\/12\/Noel-2023.-015-170x113.jpg 170w, https:\/\/eglisecatholiqueniger.org\/wp-content\/uploads\/2023\/12\/Noel-2023.-015-81x55.jpg 81w, https:\/\/eglisecatholiqueniger.org\/wp-content\/uploads\/2023\/12\/Noel-2023.-015-765x510.jpg 765w, https:\/\/eglisecatholiqueniger.org\/wp-content\/uploads\/2023\/12\/Noel-2023.-015.jpg 640w\" sizes=\"auto, (max-width: 237px) 100vw, 237px\" \/><\/p>\n<p><strong>Les fid\u00e8les chr\u00e9tiens de la paroisse Notre Dame du Perp\u00e9tuel Secours de Niamey, au Niger, ont c\u00e9l\u00e9br\u00e9 dans la ferveur le r\u00e9veillon de No\u00ebl.<br \/>\n<\/strong><\/p>\n<p><img loading=\"lazy\" decoding=\"async\" class=\"alignnone  wp-image-1350\" src=\"http:\/\/eglisecatholiqueniger.org\/wp-content\/uploads\/2023\/12\/Noel-2023-04-300x200.jpg\" alt=\"\" width=\"248\" height=\"165\" srcset=\"https:\/\/eglisecatholiqueniger.org\/wp-content\/uploads\/2023\/12\/Noel-2023-04-300x200.jpg 300w, https:\/\/eglisecatholiqueniger.org\/wp-content\/uploads\/2023\/12\/Noel-2023-04-274x183.jpg 274w, https:\/\/eglisecatholiqueniger.org\/wp-content\/uploads\/2023\/12\/Noel-2023-04-80x54.jpg 80w, https:\/\/eglisecatholiqueniger.org\/wp-content\/uploads\/2023\/12\/Noel-2023-04-130x87.jpg 130w, https:\/\/eglisecatholiqueniger.org\/wp-content\/uploads\/2023\/12\/Noel-2023-04-359x240.jpg 359w, https:\/\/eglisecatholiqueniger.org\/wp-content\/uploads\/2023\/12\/Noel-2023-04-85x57.jpg 85w, https:\/\/eglisecatholiqueniger.org\/wp-content\/uploads\/2023\/12\/Noel-2023-04-546x365.jpg 546w, https:\/\/eglisecatholiqueniger.org\/wp-content\/uploads\/2023\/12\/Noel-2023-04-165x109.jpg 165w, https:\/\/eglisecatholiqueniger.org\/wp-content\/uploads\/2023\/12\/Noel-2023-04-112x75.jpg 112w, https:\/\/eglisecatholiqueniger.org\/wp-content\/uploads\/2023\/12\/Noel-2023-04-179x120.jpg 179w, https:\/\/eglisecatholiqueniger.org\/wp-content\/uploads\/2023\/12\/Noel-2023-04-170x113.jpg 170w, https:\/\/eglisecatholiqueniger.org\/wp-content\/uploads\/2023\/12\/Noel-2023-04-81x55.jpg 81w, https:\/\/eglisecatholiqueniger.org\/wp-content\/uploads\/2023\/12\/Noel-2023-04-765x510.jpg 765w, https:\/\/eglisecatholiqueniger.org\/wp-content\/uploads\/2023\/12\/Noel-2023-04.jpg 640w\" sizes=\"auto, (max-width: 248px) 100vw, 248px\" \/> \u00a0 <img loading=\"lazy\" decoding=\"async\" class=\"alignnone  wp-image-1352\" src=\"http:\/\/eglisecatholiqueniger.org\/wp-content\/uploads\/2023\/12\/Noel-2023.014-300x200.jpg\" alt=\"\" width=\"249\" height=\"166\" srcset=\"https:\/\/eglisecatholiqueniger.org\/wp-content\/uploads\/2023\/12\/Noel-2023.014-300x200.jpg 300w, https:\/\/eglisecatholiqueniger.org\/wp-content\/uploads\/2023\/12\/Noel-2023.014-274x183.jpg 274w, https:\/\/eglisecatholiqueniger.org\/wp-content\/uploads\/2023\/12\/Noel-2023.014-80x54.jpg 80w, https:\/\/eglisecatholiqueniger.org\/wp-content\/uploads\/2023\/12\/Noel-2023.014-130x87.jpg 130w, https:\/\/eglisecatholiqueniger.org\/wp-content\/uploads\/2023\/12\/Noel-2023.014-359x240.jpg 359w, https:\/\/eglisecatholiqueniger.org\/wp-content\/uploads\/2023\/12\/Noel-2023.014-85x57.jpg 85w, https:\/\/eglisecatholiqueniger.org\/wp-content\/uploads\/2023\/12\/Noel-2023.014-546x365.jpg 546w, https:\/\/eglisecatholiqueniger.org\/wp-content\/uploads\/2023\/12\/Noel-2023.014-165x109.jpg 165w, https:\/\/eglisecatholiqueniger.org\/wp-content\/uploads\/2023\/12\/Noel-2023.014-347x233.jpg 347w, https:\/\/eglisecatholiqueniger.org\/wp-content\/uploads\/2023\/12\/Noel-2023.014-112x75.jpg 112w, https:\/\/eglisecatholiqueniger.org\/wp-content\/uploads\/2023\/12\/Noel-2023.014-179x120.jpg 179w, https:\/\/eglisecatholiqueniger.org\/wp-content\/uploads\/2023\/12\/Noel-2023.014-170x113.jpg 170w, https:\/\/eglisecatholiqueniger.org\/wp-content\/uploads\/2023\/12\/Noel-2023.014-81x55.jpg 81w, https:\/\/eglisecatholiqueniger.org\/wp-content\/uploads\/2023\/12\/Noel-2023.014-765x510.jpg 765w, https:\/\/eglisecatholiqueniger.org\/wp-content\/uploads\/2023\/12\/Noel-2023.014.jpg 640w\" sizes=\"auto, (max-width: 249px) 100vw, 249px\" \/><\/p>\n<p><img loading=\"lazy\" decoding=\"async\" class=\"alignnone  wp-image-1351\" src=\"http:\/\/eglisecatholiqueniger.org\/wp-content\/uploads\/2023\/12\/Noel-2023.-012-300x200.jpg\" alt=\"\" width=\"249\" height=\"166\" srcset=\"https:\/\/eglisecatholiqueniger.org\/wp-content\/uploads\/2023\/12\/Noel-2023.-012-300x200.jpg 300w, https:\/\/eglisecatholiqueniger.org\/wp-content\/uploads\/2023\/12\/Noel-2023.-012-274x183.jpg 274w, https:\/\/eglisecatholiqueniger.org\/wp-content\/uploads\/2023\/12\/Noel-2023.-012-80x54.jpg 80w, https:\/\/eglisecatholiqueniger.org\/wp-content\/uploads\/2023\/12\/Noel-2023.-012-130x87.jpg 130w, https:\/\/eglisecatholiqueniger.org\/wp-content\/uploads\/2023\/12\/Noel-2023.-012-359x240.jpg 359w, https:\/\/eglisecatholiqueniger.org\/wp-content\/uploads\/2023\/12\/Noel-2023.-012-85x57.jpg 85w, https:\/\/eglisecatholiqueniger.org\/wp-content\/uploads\/2023\/12\/Noel-2023.-012-546x365.jpg 546w, https:\/\/eglisecatholiqueniger.org\/wp-content\/uploads\/2023\/12\/Noel-2023.-012-165x109.jpg 165w, https:\/\/eglisecatholiqueniger.org\/wp-content\/uploads\/2023\/12\/Noel-2023.-012-347x233.jpg 347w, https:\/\/eglisecatholiqueniger.org\/wp-content\/uploads\/2023\/12\/Noel-2023.-012-112x75.jpg 112w, https:\/\/eglisecatholiqueniger.org\/wp-content\/uploads\/2023\/12\/Noel-2023.-012-179x120.jpg 179w, https:\/\/eglisecatholiqueniger.org\/wp-content\/uploads\/2023\/12\/Noel-2023.-012-170x113.jpg 170w, https:\/\/eglisecatholiqueniger.org\/wp-content\/uploads\/2023\/12\/Noel-2023.-012-81x55.jpg 81w, https:\/\/eglisecatholiqueniger.org\/wp-content\/uploads\/2023\/12\/Noel-2023.-012-765x510.jpg 765w, https:\/\/eglisecatholiqueniger.org\/wp-content\/uploads\/2023\/12\/Noel-2023.-012.jpg 640w\" sizes=\"auto, (max-width: 249px) 100vw, 249px\" \/> \u00a0 <img loading=\"lazy\" decoding=\"async\" class=\"alignnone  wp-image-1353\" src=\"http:\/\/eglisecatholiqueniger.org\/wp-content\/uploads\/2023\/12\/Noel-2023.-016-300x200.jpg\" alt=\"\" width=\"249\" height=\"166\" srcset=\"https:\/\/eglisecatholiqueniger.org\/wp-content\/uploads\/2023\/12\/Noel-2023.-016-300x200.jpg 300w, https:\/\/eglisecatholiqueniger.org\/wp-content\/uploads\/2023\/12\/Noel-2023.-016-274x183.jpg 274w, https:\/\/eglisecatholiqueniger.org\/wp-content\/uploads\/2023\/12\/Noel-2023.-016-80x54.jpg 80w, https:\/\/eglisecatholiqueniger.org\/wp-content\/uploads\/2023\/12\/Noel-2023.-016-130x87.jpg 130w, https:\/\/eglisecatholiqueniger.org\/wp-content\/uploads\/2023\/12\/Noel-2023.-016-359x240.jpg 359w, https:\/\/eglisecatholiqueniger.org\/wp-content\/uploads\/2023\/12\/Noel-2023.-016-85x57.jpg 85w, https:\/\/eglisecatholiqueniger.org\/wp-content\/uploads\/2023\/12\/Noel-2023.-016-546x365.jpg 546w, https:\/\/eglisecatholiqueniger.org\/wp-content\/uploads\/2023\/12\/Noel-2023.-016-165x109.jpg 165w, https:\/\/eglisecatholiqueniger.org\/wp-content\/uploads\/2023\/12\/Noel-2023.-016-347x233.jpg 347w, https:\/\/eglisecatholiqueniger.org\/wp-content\/uploads\/2023\/12\/Noel-2023.-016-112x75.jpg 112w, https:\/\/eglisecatholiqueniger.org\/wp-content\/uploads\/2023\/12\/Noel-2023.-016-179x120.jpg 179w, https:\/\/eglisecatholiqueniger.org\/wp-content\/uploads\/2023\/12\/Noel-2023.-016-170x113.jpg 170w, https:\/\/eglisecatholiqueniger.org\/wp-content\/uploads\/2023\/12\/Noel-2023.-016-81x55.jpg 81w, https:\/\/eglisecatholiqueniger.org\/wp-content\/uploads\/2023\/12\/Noel-2023.-016-765x510.jpg 765w, https:\/\/eglisecatholiqueniger.org\/wp-content\/uploads\/2023\/12\/Noel-2023.-016.jpg 640w\" sizes=\"auto, (max-width: 249px) 100vw, 249px\" \/><\/p>\n<p><img loading=\"lazy\" decoding=\"async\" class=\"alignnone  wp-image-1355\" src=\"http:\/\/eglisecatholiqueniger.org\/wp-content\/uploads\/2023\/12\/Noel-2023-.09-300x200.jpg\" alt=\"\" width=\"250\" height=\"167\" srcset=\"https:\/\/eglisecatholiqueniger.org\/wp-content\/uploads\/2023\/12\/Noel-2023-.09-300x200.jpg 300w, https:\/\/eglisecatholiqueniger.org\/wp-content\/uploads\/2023\/12\/Noel-2023-.09-274x183.jpg 274w, https:\/\/eglisecatholiqueniger.org\/wp-content\/uploads\/2023\/12\/Noel-2023-.09-364x245.jpg 364w, https:\/\/eglisecatholiqueniger.org\/wp-content\/uploads\/2023\/12\/Noel-2023-.09-80x54.jpg 80w, https:\/\/eglisecatholiqueniger.org\/wp-content\/uploads\/2023\/12\/Noel-2023-.09-130x87.jpg 130w, https:\/\/eglisecatholiqueniger.org\/wp-content\/uploads\/2023\/12\/Noel-2023-.09-359x240.jpg 359w, https:\/\/eglisecatholiqueniger.org\/wp-content\/uploads\/2023\/12\/Noel-2023-.09-85x57.jpg 85w, https:\/\/eglisecatholiqueniger.org\/wp-content\/uploads\/2023\/12\/Noel-2023-.09-546x365.jpg 546w, https:\/\/eglisecatholiqueniger.org\/wp-content\/uploads\/2023\/12\/Noel-2023-.09-266x179.jpg 266w, https:\/\/eglisecatholiqueniger.org\/wp-content\/uploads\/2023\/12\/Noel-2023-.09-165x109.jpg 165w, https:\/\/eglisecatholiqueniger.org\/wp-content\/uploads\/2023\/12\/Noel-2023-.09-347x233.jpg 347w, https:\/\/eglisecatholiqueniger.org\/wp-content\/uploads\/2023\/12\/Noel-2023-.09-112x75.jpg 112w, https:\/\/eglisecatholiqueniger.org\/wp-content\/uploads\/2023\/12\/Noel-2023-.09-179x120.jpg 179w, https:\/\/eglisecatholiqueniger.org\/wp-content\/uploads\/2023\/12\/Noel-2023-.09-170x113.jpg 170w, https:\/\/eglisecatholiqueniger.org\/wp-content\/uploads\/2023\/12\/Noel-2023-.09-81x55.jpg 81w, https:\/\/eglisecatholiqueniger.org\/wp-content\/uploads\/2023\/12\/Noel-2023-.09-765x510.jpg 765w, https:\/\/eglisecatholiqueniger.org\/wp-content\/uploads\/2023\/12\/Noel-2023-.09.jpg 640w\" sizes=\"auto, (max-width: 250px) 100vw, 250px\" \/>\u00a0 <img loading=\"lazy\" decoding=\"async\" class=\"alignnone  wp-image-1356\" src=\"http:\/\/eglisecatholiqueniger.org\/wp-content\/uploads\/2023\/12\/Noel-2023-01-300x200.jpg\" alt=\"\" width=\"249\" height=\"166\" srcset=\"https:\/\/eglisecatholiqueniger.org\/wp-content\/uploads\/2023\/12\/Noel-2023-01-300x200.jpg 300w, https:\/\/eglisecatholiqueniger.org\/wp-content\/uploads\/2023\/12\/Noel-2023-01-274x183.jpg 274w, https:\/\/eglisecatholiqueniger.org\/wp-content\/uploads\/2023\/12\/Noel-2023-01-80x54.jpg 80w, https:\/\/eglisecatholiqueniger.org\/wp-content\/uploads\/2023\/12\/Noel-2023-01-130x87.jpg 130w, https:\/\/eglisecatholiqueniger.org\/wp-content\/uploads\/2023\/12\/Noel-2023-01-359x240.jpg 359w, https:\/\/eglisecatholiqueniger.org\/wp-content\/uploads\/2023\/12\/Noel-2023-01-85x57.jpg 85w, https:\/\/eglisecatholiqueniger.org\/wp-content\/uploads\/2023\/12\/Noel-2023-01-546x365.jpg 546w, https:\/\/eglisecatholiqueniger.org\/wp-content\/uploads\/2023\/12\/Noel-2023-01-165x109.jpg 165w, https:\/\/eglisecatholiqueniger.org\/wp-content\/uploads\/2023\/12\/Noel-2023-01-347x233.jpg 347w, https:\/\/eglisecatholiqueniger.org\/wp-content\/uploads\/2023\/12\/Noel-2023-01-112x75.jpg 112w, https:\/\/eglisecatholiqueniger.org\/wp-content\/uploads\/2023\/12\/Noel-2023-01-179x120.jpg 179w, https:\/\/eglisecatholiqueniger.org\/wp-content\/uploads\/2023\/12\/Noel-2023-01-170x113.jpg 170w, https:\/\/eglisecatholiqueniger.org\/wp-content\/uploads\/2023\/12\/Noel-2023-01-81x55.jpg 81w, https:\/\/eglisecatholiqueniger.org\/wp-content\/uploads\/2023\/12\/Noel-2023-01-765x510.jpg 765w, https:\/\/eglisecatholiqueniger.org\/wp-content\/uploads\/2023\/12\/Noel-2023-01.jpg 640w\" sizes=\"auto, (max-width: 249px) 100vw, 249px\" \/><\/p>\n<p><img loading=\"lazy\" decoding=\"async\" class=\"alignnone  wp-image-1358\" src=\"http:\/\/eglisecatholiqueniger.org\/wp-content\/uploads\/2023\/12\/Noel-2023-03-1-300x200.jpg\" alt=\"\" width=\"249\" height=\"166\" srcset=\"https:\/\/eglisecatholiqueniger.org\/wp-content\/uploads\/2023\/12\/Noel-2023-03-1-300x200.jpg 300w, https:\/\/eglisecatholiqueniger.org\/wp-content\/uploads\/2023\/12\/Noel-2023-03-1-274x183.jpg 274w, https:\/\/eglisecatholiqueniger.org\/wp-content\/uploads\/2023\/12\/Noel-2023-03-1-80x54.jpg 80w, https:\/\/eglisecatholiqueniger.org\/wp-content\/uploads\/2023\/12\/Noel-2023-03-1-130x87.jpg 130w, https:\/\/eglisecatholiqueniger.org\/wp-content\/uploads\/2023\/12\/Noel-2023-03-1-359x240.jpg 359w, https:\/\/eglisecatholiqueniger.org\/wp-content\/uploads\/2023\/12\/Noel-2023-03-1-85x57.jpg 85w, https:\/\/eglisecatholiqueniger.org\/wp-content\/uploads\/2023\/12\/Noel-2023-03-1-546x365.jpg 546w, https:\/\/eglisecatholiqueniger.org\/wp-content\/uploads\/2023\/12\/Noel-2023-03-1-165x109.jpg 165w, https:\/\/eglisecatholiqueniger.org\/wp-content\/uploads\/2023\/12\/Noel-2023-03-1-347x233.jpg 347w, https:\/\/eglisecatholiqueniger.org\/wp-content\/uploads\/2023\/12\/Noel-2023-03-1-112x75.jpg 112w, https:\/\/eglisecatholiqueniger.org\/wp-content\/uploads\/2023\/12\/Noel-2023-03-1-179x120.jpg 179w, https:\/\/eglisecatholiqueniger.org\/wp-content\/uploads\/2023\/12\/Noel-2023-03-1-170x113.jpg 170w, https:\/\/eglisecatholiqueniger.org\/wp-content\/uploads\/2023\/12\/Noel-2023-03-1-81x55.jpg 81w, https:\/\/eglisecatholiqueniger.org\/wp-content\/uploads\/2023\/12\/Noel-2023-03-1-765x510.jpg 765w, https:\/\/eglisecatholiqueniger.org\/wp-content\/uploads\/2023\/12\/Noel-2023-03-1.jpg 640w\" sizes=\"auto, (max-width: 249px) 100vw, 249px\" \/> <img loading=\"lazy\" decoding=\"async\" class=\"alignnone  wp-image-1359\" src=\"http:\/\/eglisecatholiqueniger.org\/wp-content\/uploads\/2023\/12\/Noel-2023.-06-300x200.jpg\" alt=\"\" width=\"251\" height=\"167\" srcset=\"https:\/\/eglisecatholiqueniger.org\/wp-content\/uploads\/2023\/12\/Noel-2023.-06-300x200.jpg 300w, https:\/\/eglisecatholiqueniger.org\/wp-content\/uploads\/2023\/12\/Noel-2023.-06-274x183.jpg 274w, https:\/\/eglisecatholiqueniger.org\/wp-content\/uploads\/2023\/12\/Noel-2023.-06-80x54.jpg 80w, https:\/\/eglisecatholiqueniger.org\/wp-content\/uploads\/2023\/12\/Noel-2023.-06-130x87.jpg 130w, https:\/\/eglisecatholiqueniger.org\/wp-content\/uploads\/2023\/12\/Noel-2023.-06-359x240.jpg 359w, https:\/\/eglisecatholiqueniger.org\/wp-content\/uploads\/2023\/12\/Noel-2023.-06-85x57.jpg 85w, https:\/\/eglisecatholiqueniger.org\/wp-content\/uploads\/2023\/12\/Noel-2023.-06-546x365.jpg 546w, https:\/\/eglisecatholiqueniger.org\/wp-content\/uploads\/2023\/12\/Noel-2023.-06-165x109.jpg 165w, https:\/\/eglisecatholiqueniger.org\/wp-content\/uploads\/2023\/12\/Noel-2023.-06-112x75.jpg 112w, https:\/\/eglisecatholiqueniger.org\/wp-content\/uploads\/2023\/12\/Noel-2023.-06-179x120.jpg 179w, https:\/\/eglisecatholiqueniger.org\/wp-content\/uploads\/2023\/12\/Noel-2023.-06-170x113.jpg 170w, https:\/\/eglisecatholiqueniger.org\/wp-content\/uploads\/2023\/12\/Noel-2023.-06-81x55.jpg 81w, https:\/\/eglisecatholiqueniger.org\/wp-content\/uploads\/2023\/12\/Noel-2023.-06-765x510.jpg 765w, https:\/\/eglisecatholiqueniger.org\/wp-content\/uploads\/2023\/12\/Noel-2023.-06.jpg 640w\" sizes=\"auto, (max-width: 251px) 100vw, 251px\" \/><\/p>\n<p><strong>\u00a0<\/strong><\/p>\n","protected":false},"excerpt":{"rendered":"<p>\u00a0 Les fid\u00e8les chr\u00e9tiens de la paroisse Notre Dame du Perp\u00e9tuel Secours de Niamey, au Niger, ont c\u00e9l\u00e9br\u00e9 dans la ferveur le r\u00e9veillon de No\u00ebl. \u00a0 \u00a0 \u00a0 \u00a0<\/p>\n","protected":false},"author":1,"featured_media":0,"comment_status":"open","ping_status":"open","sticky":false,"template":"","format":"standard","meta":{"footnotes":""},"categories":[1],"tags":[],"class_list":["post-1348","post","type-post","status-publish","format-standard","category-non-classe"],"_links":{"self":[{"href":"https:\/\/eglisecatholiqueniger.org\/index.php\/wp-json\/wp\/v2\/posts\/1348","targetHints":{"allow":["GET"]}}],"collection":[{"href":"https:\/\/eglisecatholiqueniger.org\/index.php\/wp-json\/wp\/v2\/posts"}],"about":[{"href":"https:\/\/eglisecatholiqueniger.org\/index.php\/wp-json\/wp\/v2\/types\/post"}],"author":[{"embeddable":true,"href":"https:\/\/eglisecatholiqueniger.org\/index.php\/wp-json\/wp\/v2\/users\/1"}],"replies":[{"embeddable":true,"href":"https:\/\/eglisecatholiqueniger.org\/index.php\/wp-json\/wp\/v2\/comments?post=1348"}],"version-history":[{"count":2,"href":"https:\/\/eglisecatholiqueniger.org\/index.php\/wp-json\/wp\/v2\/posts\/1348\/revisions"}],"predecessor-version":[{"id":1360,"href":"https:\/\/eglisecatholiqueniger.org\/index.php\/wp-json\/wp\/v2\/posts\/1348\/revisions\/1360"}],"wp:attachment":[{"href":"https:\/\/eglisecatholiqueniger.org\/index.php\/wp-json\/wp\/v2\/media?parent=1348"}],"wp:term":[{"taxonomy":"category","embeddable":true,"href":"https:\/\/eglisecatholiqueniger.org\/index.php\/wp-json\/wp\/v2\/categories?post=1348"},{"taxonomy":"post_tag","embeddable":true,"href":"https:\/\/eglisecatholiqueniger.org\/index.php\/wp-json\/wp\/v2\/tags?post=1348"}],"curies":[{"name":"wp","href":"https:\/\/api.w.org\/{rel}","templated":true}]}}