{"id":1361,"date":"2023-12-27T13:28:22","date_gmt":"2023-12-27T12:28:22","guid":{"rendered":"https:\/\/eglisecatholiqueniger.org\/?p=1361"},"modified":"2023-12-27T13:29:41","modified_gmt":"2023-12-27T12:29:41","slug":"message-des-eveques-a-loccasion-de-la-fete-de-noel-2023","status":"publish","type":"post","link":"https:\/\/eglisecatholiqueniger.org\/index.php\/2023\/12\/27\/message-des-eveques-a-loccasion-de-la-fete-de-noel-2023\/","title":{"rendered":"MESSAGE DES \u00c9V\u00caQUES A L\u2019OCCASION DE LA F\u00caTE DE NO\u00cbL 2023"},"content":{"rendered":"<ul class=\"hd_n P_0 M_0 p_R\" role=\"grid\" data-test-id=\"infinite-scroll-rows\" aria-readonly=\"true\">\n<li class=\"p_a T_0 L_0 R_0\" role=\"rowgroup\" data-test-id=\"infinite-scroll-ROW\">\n<div id=\"pf1\" class=\"dp-page-outer\">\n<div class=\"dp-page-inner\">\n<div id=\"pg-1pf1\" class=\"pf pg-1w0 pg-1h0\" data-page-no=\"1\">\n<div class=\"pc pg-1pc1 pg-1w0 pg-1h0\">\n<div class=\"c pg-1x0 pg-1y1 pg-1w2 pg-1h0\">\n<div class=\"t pg-1m0 pg-1x1 pg-1h2 pg-1y2 pg-1ff1 pg-1fs0 pg-1fc0 pg-1sc0 pg-1ls0 pg-1ws0\"><img loading=\"lazy\" decoding=\"async\" class=\"wp-image-935 alignnone\" src=\"http:\/\/eglisecatholiqueniger.org\/wp-content\/uploads\/2023\/04\/logo-300x213.png\" alt=\"\" width=\"185\" height=\"131\" srcset=\"https:\/\/eglisecatholiqueniger.org\/wp-content\/uploads\/2023\/04\/logo-300x213.png 300w, https:\/\/eglisecatholiqueniger.org\/wp-content\/uploads\/2023\/04\/logo-768x544.png 768w, https:\/\/eglisecatholiqueniger.org\/wp-content\/uploads\/2023\/04\/logo.png 851w\" sizes=\"auto, (max-width: 185px) 100vw, 185px\" \/><\/div>\n<div><\/div>\n<div><\/div>\n<div><\/div>\n<div><\/div>\n<div><\/div>\n<div><\/div>\n<div class=\"t pg-1m0 pg-1x1 pg-1h2 pg-1y2 pg-1ff1 pg-1fs0 pg-1fc0 pg-1sc0 pg-1ls0 pg-1ws0\" style=\"text-align: left;\"><\/div>\n<div class=\"t pg-1m0 pg-1x2 pg-1h3 pg-1y3 pg-1ff3 pg-1fs1 pg-1fc0 pg-1sc0 pg-1ls0 pg-1ws0\"><\/div>\n<div class=\"t pg-1m0 pg-1x2 pg-1h3 pg-1y4 pg-1ff3 pg-1fs1 pg-1fc0 pg-1sc0 pg-1ls0 pg-1ws0\"><\/div>\n<div class=\"t pg-1m0 pg-1x2 pg-1h4 pg-1y5 pg-1ff3 pg-1fs2 pg-1fc0 pg-1sc0 pg-1ls0 pg-1ws0\">E<span class=\"pg-1ls1\">n <span class=\"pg-1ls2\">ce <\/span><\/span>jour b\u00e9ni de No\u00ebl, jour de f\u00eate des chr\u00e9tiens, en communion<\/div>\n<div class=\"t pg-1m0 pg-1x2 pg-1h4 pg-1y6 pg-1ff3 pg-1fs2 pg-1fc0 pg-1sc0 pg-1ls0 pg-1ws0\">avec Mgr Ambroise, Ev\u00eaque de Maradi, j<span class=\"pg-1ff4\">\u2019<\/span>adresse mes fraternelles et<\/div>\n<div class=\"t pg-1m0 pg-1x2 pg-1h4 pg-1y7 pg-1ff3 pg-1fs2 pg-1fc0 pg-1sc0 pg-1ls0 pg-1ws0\">sinc\u00e8res salutations \u00e0 tout le peuple nig\u00e9rien.<\/div>\n<div class=\"t pg-1m0 pg-1x2 pg-1h4 pg-1y8 pg-1ff3 pg-1fs2 pg-1fc0 pg-1sc0 pg-1ls0 pg-1ws0\">I<span class=\"pg-1ls3\">l <\/span>est l\u00e0, celui que le proph\u00e8te Isa\u00efe annon<span class=\"pg-1ls2\">\u00e7a<span class=\"pg-1ls3\">it<\/span><\/span> : \u00ab Lumi\u00e8re sur le<\/div>\n<div class=\"t pg-1m0 pg-1x2 pg-1h4 pg-1y9 pg-1ff3 pg-1fs2 pg-1fc0 pg-1sc0 pg-1ls0 pg-1ws0\">monde ! Prince de la Paix ! Merveilleux Conseill<span class=\"pg-1ls2\">er<\/span> ! \u00bb.<\/div>\n<div class=\"t pg-1m0 pg-1x2 pg-1h4 pg-1ya pg-1ff3 pg-1fs2 pg-1fc0 pg-1sc0 pg-1ls0 pg-1ws0\">L<span class=\"pg-1ff4\">\u2019<\/span><span class=\"pg-1ls4\">En<\/span>fant J\u00e9sus, appel\u00e9 \u00ab Prince de la Pa<span class=\"pg-1ls3\">ix<\/span> \u00bb vient apporter sur<\/div>\n<div class=\"t pg-1m0 pg-1x2 pg-1h4 pg-1yb pg-1ff3 pg-1fs2 pg-1fc0 pg-1sc0 pg-1ls0 pg-1ws0\">terre la Paix de Dieu en sa personne et invite tous les hommes \u00e0<\/div>\n<div class=\"t pg-1m0 pg-1x2 pg-1h4 pg-1yc pg-1ff3 pg-1fs2 pg-1fc0 pg-1sc0 pg-1ls0 pg-1ws0\">\u00eatres des artisans de cette paix.<\/div>\n<div class=\"t pg-1m0 pg-1x2 pg-1h4 pg-1yd pg-1ff3 pg-1fs2 pg-1fc0 pg-1sc0 pg-1ls0 pg-1ws0\">A l<span class=\"pg-1ff4\">\u2019<\/span>heure o\u00f9 le Niger est secou\u00e9 par le terrorisme d<span class=\"pg-1ff4\">\u2019<\/span>une part et<\/div>\n<div class=\"t pg-1m0 pg-1x2 pg-1h4 pg-1ye pg-1ff3 pg-1fs2 pg-1fc0 pg-1sc0 pg-1ls0 pg-1ws0\">d<span class=\"pg-1ff4\">\u2019<\/span>autre part, par les sanctions sous-r\u00e9gionales et internationales,<\/div>\n<div class=\"t pg-1m0 pg-1x2 pg-1h4 pg-1yf pg-1ff3 pg-1fs2 pg-1fc0 pg-1sc0 pg-1ls0 pg-1ws0\">augmentant la souffrance des populations, que l<span class=\"pg-1ff4\">\u2019<\/span>Enfant de No\u00ebl<\/div>\n<div class=\"t pg-1m0 pg-1x2 pg-1h5 pg-1y10 pg-1ff3 pg-1fs2 pg-1fc0 pg-1sc0 pg-1ls0 pg-1ws0\">nous apporte l<span class=\"pg-1ff4\">\u2019<span class=\"pg-1ff2\">Esp\u00e9rance<\/span><\/span>.<\/div>\n<div class=\"t pg-1m0 pg-1x3 pg-1h6 pg-1y11 pg-1ff5 pg-1fs2 pg-1fc0 pg-1sc0 pg-1ls0 pg-1ws0\"><span class=\"pg-1ff3\">Que No\u00ebl, apporte courage et r\u00e9confort \u00e0 tous ceux et celles <\/span><\/div>\n<div class=\"t pg-1m0 pg-1x4 pg-1h4 pg-1y12 pg-1ff3 pg-1fs2 pg-1fc0 pg-1sc0 pg-1ls0 pg-1ws0\">qui sont d\u00e9sesp\u00e9r\u00e9s de la vie \u00e0 cause de la maladie et de la<\/div>\n<div class=\"t pg-1m0 pg-1x4 pg-1h4 pg-1y13 pg-1ff3 pg-1fs2 pg-1fc0 pg-1sc0 pg-1ls5 pg-1ws0\">so<span class=\"pg-1ls0\">litude. <\/span><\/div>\n<div class=\"t pg-1m0 pg-1x3 pg-1h6 pg-1y14 pg-1ff5 pg-1fs2 pg-1fc0 pg-1sc0 pg-1ls0 pg-1ws0\"><span class=\"pg-1ff3\">Que No\u00ebl illumine nos communaut\u00e9s et nos engagements pour <\/span><\/div>\n<div class=\"t pg-1m0 pg-1x4 pg-1h4 pg-1y15 pg-1ff3 pg-1fs2 pg-1fc0 pg-1sc0 pg-1ls0 pg-1ws0\">plus de solidarit\u00e9 \u00e0 l<span class=\"pg-1ff4\">\u2019<\/span>endroit des d\u00e9munis.<\/div>\n<div class=\"t pg-1m0 pg-1x3 pg-1h6 pg-1y16 pg-1ff5 pg-1fs2 pg-1fc0 pg-1sc0 pg-1ls0 pg-1ws0\"><span class=\"pg-1ff3\">Que No\u00ebl 2023 apporte la Paix \u00e0 notre pays <span class=\"pg-1ls2\">en<\/span> marche et <\/span><\/div>\n<div class=\"t pg-1m0 pg-1x4 pg-1h4 pg-1y17 pg-1ff3 pg-1fs2 pg-1fc0 pg-1sc0 pg-1ls0 pg-1ws0\">engag\u00e9 pour sa souverainet\u00e9 totale.<\/div>\n<div class=\"t pg-1m0 pg-1x5 pg-1h4 pg-1y18 pg-1ff6 pg-1fs2 pg-1fc0 pg-1sc0 pg-1ls0 pg-1ws0\">Bonne et heureuse f\u00eate de No\u00ebl \u00e0 toutes et \u00e0 tous !<\/div>\n<div><\/div>\n<div class=\"t pg-1m0 pg-1x2 pg-1h7 pg-1y19 pg-1ff3 pg-1fs0 pg-1fc0 pg-1sc0 pg-1ls0 pg-1ws0\"><\/div>\n<div><\/div>\n<div class=\"t pg-1m0 pg-1x6 pg-1h8 pg-1y1a pg-1ff3 pg-1fs3 pg-1fc0 pg-1sc0 pg-1ls0 pg-1ws0\"><em>Mgr Laurent LOMPO, Archev\u00eaque de Niamey<\/em><\/div>\n<div class=\"t pg-1m0 pg-1x7 pg-1h8 pg-1y1b pg-1ff3 pg-1fs3 pg-1fc0 pg-1sc0 pg-1ls0 pg-1ws0\"><em>Mgr Ambroise OUEDRAOGO, \u00c9v\u00eaque de Maradi<\/em><\/div>\n<\/div>\n<\/div>\n<\/div>\n<\/div>\n<\/div>\n<\/li>\n<\/ul>\n","protected":false},"excerpt":{"rendered":"<p>En ce jour b\u00e9ni de No\u00ebl, jour de f\u00eate des chr\u00e9tiens, en communion avec Mgr Ambroise, Ev\u00eaque de Maradi, j\u2019adresse mes fraternelles et sinc\u00e8res salutations \u00e0 tout le peuple nig\u00e9rien. &#8230;<\/p>\n","protected":false},"author":1,"featured_media":0,"comment_status":"open","ping_status":"open","sticky":false,"template":"","format":"standard","meta":{"footnotes":""},"categories":[1],"tags":[],"class_list":["post-1361","post","type-post","status-publish","format-standard","category-non-classe"],"_links":{"self":[{"href":"https:\/\/eglisecatholiqueniger.org\/index.php\/wp-json\/wp\/v2\/posts\/1361","targetHints":{"allow":["GET"]}}],"collection":[{"href":"https:\/\/eglisecatholiqueniger.org\/index.php\/wp-json\/wp\/v2\/posts"}],"about":[{"href":"https:\/\/eglisecatholiqueniger.org\/index.php\/wp-json\/wp\/v2\/types\/post"}],"author":[{"embeddable":true,"href":"https:\/\/eglisecatholiqueniger.org\/index.php\/wp-json\/wp\/v2\/users\/1"}],"replies":[{"embeddable":true,"href":"https:\/\/eglisecatholiqueniger.org\/index.php\/wp-json\/wp\/v2\/comments?post=1361"}],"version-history":[{"count":6,"href":"https:\/\/eglisecatholiqueniger.org\/index.php\/wp-json\/wp\/v2\/posts\/1361\/revisions"}],"predecessor-version":[{"id":1370,"href":"https:\/\/eglisecatholiqueniger.org\/index.php\/wp-json\/wp\/v2\/posts\/1361\/revisions\/1370"}],"wp:attachment":[{"href":"https:\/\/eglisecatholiqueniger.org\/index.php\/wp-json\/wp\/v2\/media?parent=1361"}],"wp:term":[{"taxonomy":"category","embeddable":true,"href":"https:\/\/eglisecatholiqueniger.org\/index.php\/wp-json\/wp\/v2\/categories?post=1361"},{"taxonomy":"post_tag","embeddable":true,"href":"https:\/\/eglisecatholiqueniger.org\/index.php\/wp-json\/wp\/v2\/tags?post=1361"}],"curies":[{"name":"wp","href":"https:\/\/api.w.org\/{rel}","templated":true}]}}