{"id":1372,"date":"2024-02-09T17:41:20","date_gmt":"2024-02-09T16:41:20","guid":{"rendered":"https:\/\/eglisecatholiqueniger.org\/?p=1372"},"modified":"2024-02-09T17:41:20","modified_gmt":"2024-02-09T16:41:20","slug":"fete-de-la-presentation-de-jesus-au-temple","status":"publish","type":"post","link":"https:\/\/eglisecatholiqueniger.org\/index.php\/2024\/02\/09\/fete-de-la-presentation-de-jesus-au-temple\/","title":{"rendered":"F\u00eate de la Pr\u00e9sentation de J\u00e9sus au Temple"},"content":{"rendered":"<p><img loading=\"lazy\" decoding=\"async\" class=\"alignnone wp-image-1375\" src=\"http:\/\/eglisecatholiqueniger.org\/wp-content\/uploads\/2024\/02\/APN0846-2-300x200.jpg\" alt=\"\" width=\"278\" height=\"185\" srcset=\"https:\/\/eglisecatholiqueniger.org\/wp-content\/uploads\/2024\/02\/APN0846-2-300x200.jpg 300w, https:\/\/eglisecatholiqueniger.org\/wp-content\/uploads\/2024\/02\/APN0846-2-1024x683.jpg 1024w, https:\/\/eglisecatholiqueniger.org\/wp-content\/uploads\/2024\/02\/APN0846-2-768x512.jpg 768w, https:\/\/eglisecatholiqueniger.org\/wp-content\/uploads\/2024\/02\/APN0846-2-1536x1025.jpg 1536w, https:\/\/eglisecatholiqueniger.org\/wp-content\/uploads\/2024\/02\/APN0846-2-2048x1367.jpg 2048w, https:\/\/eglisecatholiqueniger.org\/wp-content\/uploads\/2024\/02\/APN0846-2-274x183.jpg 274w, https:\/\/eglisecatholiqueniger.org\/wp-content\/uploads\/2024\/02\/APN0846-2-80x54.jpg 80w, https:\/\/eglisecatholiqueniger.org\/wp-content\/uploads\/2024\/02\/APN0846-2-130x87.jpg 130w, https:\/\/eglisecatholiqueniger.org\/wp-content\/uploads\/2024\/02\/APN0846-2-359x240.jpg 359w, https:\/\/eglisecatholiqueniger.org\/wp-content\/uploads\/2024\/02\/APN0846-2-85x57.jpg 85w, https:\/\/eglisecatholiqueniger.org\/wp-content\/uploads\/2024\/02\/APN0846-2-546x365.jpg 546w, https:\/\/eglisecatholiqueniger.org\/wp-content\/uploads\/2024\/02\/APN0846-2-165x109.jpg 165w, https:\/\/eglisecatholiqueniger.org\/wp-content\/uploads\/2024\/02\/APN0846-2-112x75.jpg 112w, https:\/\/eglisecatholiqueniger.org\/wp-content\/uploads\/2024\/02\/APN0846-2-179x120.jpg 179w, https:\/\/eglisecatholiqueniger.org\/wp-content\/uploads\/2024\/02\/APN0846-2-170x113.jpg 170w, https:\/\/eglisecatholiqueniger.org\/wp-content\/uploads\/2024\/02\/APN0846-2-81x55.jpg 81w, https:\/\/eglisecatholiqueniger.org\/wp-content\/uploads\/2024\/02\/APN0846-2-765x510.jpg 765w\" sizes=\"auto, (max-width: 278px) 100vw, 278px\" \/>\u00a0 \u00a0<img loading=\"lazy\" decoding=\"async\" class=\"alignnone wp-image-1376\" src=\"http:\/\/eglisecatholiqueniger.org\/wp-content\/uploads\/2024\/02\/APN0881-2-300x200.jpg\" alt=\"\" width=\"278\" height=\"185\" srcset=\"https:\/\/eglisecatholiqueniger.org\/wp-content\/uploads\/2024\/02\/APN0881-2-300x200.jpg 300w, https:\/\/eglisecatholiqueniger.org\/wp-content\/uploads\/2024\/02\/APN0881-2-1024x683.jpg 1024w, https:\/\/eglisecatholiqueniger.org\/wp-content\/uploads\/2024\/02\/APN0881-2-768x512.jpg 768w, https:\/\/eglisecatholiqueniger.org\/wp-content\/uploads\/2024\/02\/APN0881-2-1536x1025.jpg 1536w, https:\/\/eglisecatholiqueniger.org\/wp-content\/uploads\/2024\/02\/APN0881-2-2048x1367.jpg 2048w, https:\/\/eglisecatholiqueniger.org\/wp-content\/uploads\/2024\/02\/APN0881-2-274x183.jpg 274w, https:\/\/eglisecatholiqueniger.org\/wp-content\/uploads\/2024\/02\/APN0881-2-80x54.jpg 80w, https:\/\/eglisecatholiqueniger.org\/wp-content\/uploads\/2024\/02\/APN0881-2-130x87.jpg 130w, https:\/\/eglisecatholiqueniger.org\/wp-content\/uploads\/2024\/02\/APN0881-2-359x240.jpg 359w, https:\/\/eglisecatholiqueniger.org\/wp-content\/uploads\/2024\/02\/APN0881-2-85x57.jpg 85w, https:\/\/eglisecatholiqueniger.org\/wp-content\/uploads\/2024\/02\/APN0881-2-546x365.jpg 546w, https:\/\/eglisecatholiqueniger.org\/wp-content\/uploads\/2024\/02\/APN0881-2-165x109.jpg 165w, https:\/\/eglisecatholiqueniger.org\/wp-content\/uploads\/2024\/02\/APN0881-2-112x75.jpg 112w, https:\/\/eglisecatholiqueniger.org\/wp-content\/uploads\/2024\/02\/APN0881-2-179x120.jpg 179w, https:\/\/eglisecatholiqueniger.org\/wp-content\/uploads\/2024\/02\/APN0881-2-170x113.jpg 170w, https:\/\/eglisecatholiqueniger.org\/wp-content\/uploads\/2024\/02\/APN0881-2-81x55.jpg 81w, https:\/\/eglisecatholiqueniger.org\/wp-content\/uploads\/2024\/02\/APN0881-2-765x510.jpg 765w\" sizes=\"auto, (max-width: 278px) 100vw, 278px\" \/><\/p>\n<p>Le dimanche 04 f\u00e9vrier 2024,\u00a0 la paroisse Saint Paul de harobanda a eu l\u2019honneur d\u2019abriter les festivit\u00e9s de la journ\u00e9e de la vie consacr\u00e9e. Cette journ\u00e9e a \u00e9t\u00e9 marqu\u00e9e par trois \u00e9v\u00e8nements qui sont : -l\u2019action de gr\u00e2ce au Seigneur pour les v\u0153ux \u00a0perp\u00e9tuels de la s\u0153ur Marie Andr\u00e9 dans la Fraternit\u00e9 des Servantes du Christ ; &#8211; Le jubil\u00e9 d\u2019eau (100 ans) des s\u0153urs de l\u2019Immacul\u00e9e Conception de Ouagadougou ; &#8211; La f\u00eate de la pr\u00e9sentation de J\u00e9sus au temple<\/p>\n<p><img loading=\"lazy\" decoding=\"async\" class=\"alignnone wp-image-1388\" src=\"http:\/\/eglisecatholiqueniger.org\/wp-content\/uploads\/2024\/02\/APN0965-2-300x200.jpg\" alt=\"\" width=\"274\" height=\"182\" srcset=\"https:\/\/eglisecatholiqueniger.org\/wp-content\/uploads\/2024\/02\/APN0965-2-300x200.jpg 300w, https:\/\/eglisecatholiqueniger.org\/wp-content\/uploads\/2024\/02\/APN0965-2-1024x683.jpg 1024w, https:\/\/eglisecatholiqueniger.org\/wp-content\/uploads\/2024\/02\/APN0965-2-768x512.jpg 768w, https:\/\/eglisecatholiqueniger.org\/wp-content\/uploads\/2024\/02\/APN0965-2-1536x1025.jpg 1536w, https:\/\/eglisecatholiqueniger.org\/wp-content\/uploads\/2024\/02\/APN0965-2-2048x1367.jpg 2048w, https:\/\/eglisecatholiqueniger.org\/wp-content\/uploads\/2024\/02\/APN0965-2-274x183.jpg 274w, https:\/\/eglisecatholiqueniger.org\/wp-content\/uploads\/2024\/02\/APN0965-2-80x54.jpg 80w, https:\/\/eglisecatholiqueniger.org\/wp-content\/uploads\/2024\/02\/APN0965-2-130x87.jpg 130w, https:\/\/eglisecatholiqueniger.org\/wp-content\/uploads\/2024\/02\/APN0965-2-359x240.jpg 359w, https:\/\/eglisecatholiqueniger.org\/wp-content\/uploads\/2024\/02\/APN0965-2-85x57.jpg 85w, https:\/\/eglisecatholiqueniger.org\/wp-content\/uploads\/2024\/02\/APN0965-2-546x365.jpg 546w, https:\/\/eglisecatholiqueniger.org\/wp-content\/uploads\/2024\/02\/APN0965-2-165x109.jpg 165w, https:\/\/eglisecatholiqueniger.org\/wp-content\/uploads\/2024\/02\/APN0965-2-112x75.jpg 112w, https:\/\/eglisecatholiqueniger.org\/wp-content\/uploads\/2024\/02\/APN0965-2-179x120.jpg 179w, https:\/\/eglisecatholiqueniger.org\/wp-content\/uploads\/2024\/02\/APN0965-2-170x113.jpg 170w, https:\/\/eglisecatholiqueniger.org\/wp-content\/uploads\/2024\/02\/APN0965-2-81x55.jpg 81w, https:\/\/eglisecatholiqueniger.org\/wp-content\/uploads\/2024\/02\/APN0965-2-765x510.jpg 765w\" sizes=\"auto, (max-width: 274px) 100vw, 274px\" \/> <img loading=\"lazy\" decoding=\"async\" class=\"alignnone wp-image-1385\" src=\"http:\/\/eglisecatholiqueniger.org\/wp-content\/uploads\/2024\/02\/APN0914-2-300x200.jpg\" alt=\"\" width=\"280\" height=\"186\" srcset=\"https:\/\/eglisecatholiqueniger.org\/wp-content\/uploads\/2024\/02\/APN0914-2-300x200.jpg 300w, https:\/\/eglisecatholiqueniger.org\/wp-content\/uploads\/2024\/02\/APN0914-2-1024x683.jpg 1024w, https:\/\/eglisecatholiqueniger.org\/wp-content\/uploads\/2024\/02\/APN0914-2-768x512.jpg 768w, https:\/\/eglisecatholiqueniger.org\/wp-content\/uploads\/2024\/02\/APN0914-2-1536x1025.jpg 1536w, https:\/\/eglisecatholiqueniger.org\/wp-content\/uploads\/2024\/02\/APN0914-2-2048x1367.jpg 2048w, https:\/\/eglisecatholiqueniger.org\/wp-content\/uploads\/2024\/02\/APN0914-2-274x183.jpg 274w, https:\/\/eglisecatholiqueniger.org\/wp-content\/uploads\/2024\/02\/APN0914-2-80x54.jpg 80w, https:\/\/eglisecatholiqueniger.org\/wp-content\/uploads\/2024\/02\/APN0914-2-130x87.jpg 130w, https:\/\/eglisecatholiqueniger.org\/wp-content\/uploads\/2024\/02\/APN0914-2-359x240.jpg 359w, https:\/\/eglisecatholiqueniger.org\/wp-content\/uploads\/2024\/02\/APN0914-2-85x57.jpg 85w, https:\/\/eglisecatholiqueniger.org\/wp-content\/uploads\/2024\/02\/APN0914-2-546x365.jpg 546w, https:\/\/eglisecatholiqueniger.org\/wp-content\/uploads\/2024\/02\/APN0914-2-165x109.jpg 165w, https:\/\/eglisecatholiqueniger.org\/wp-content\/uploads\/2024\/02\/APN0914-2-112x75.jpg 112w, https:\/\/eglisecatholiqueniger.org\/wp-content\/uploads\/2024\/02\/APN0914-2-179x120.jpg 179w, https:\/\/eglisecatholiqueniger.org\/wp-content\/uploads\/2024\/02\/APN0914-2-170x113.jpg 170w, https:\/\/eglisecatholiqueniger.org\/wp-content\/uploads\/2024\/02\/APN0914-2-81x55.jpg 81w, https:\/\/eglisecatholiqueniger.org\/wp-content\/uploads\/2024\/02\/APN0914-2-765x510.jpg 765w\" sizes=\"auto, (max-width: 280px) 100vw, 280px\" \/><\/p>\n<p>les communaut\u00e9s religieuses de l\u2019Archidioc\u00e8se \u00e9taient repr\u00e9sent\u00e9es.\u00a0 \u00a0La f\u00eate a commenc\u00e9 par une projection vid\u00e9o\u00a0 documentaire pr\u00e9sentant la communaut\u00e9 des s\u0153urs de l\u2019immacul\u00e9e conception de Ouagadougou (sic) ensuite ce fut la c\u00e9l\u00e9bration Eucharistique qui a d\u00e9but\u00e9 par une grande procession de toutes les personnes consacr\u00e9e, \u00a0pr\u00eatres, Ev\u00eaque Ambroise Ou\u00e9draogo et l\u2019archev\u00eaque Laurent Lompo.<\/p>\n<p>Les consacr\u00e9s ont particip\u00e9 activement \u00e0 la c\u00e9l\u00e9bration eucharistique.<\/p>\n<p><img loading=\"lazy\" decoding=\"async\" class=\"alignnone wp-image-1384\" src=\"http:\/\/eglisecatholiqueniger.org\/wp-content\/uploads\/2024\/02\/APN0909-2-300x200.jpg\" alt=\"\" width=\"288\" height=\"192\" srcset=\"https:\/\/eglisecatholiqueniger.org\/wp-content\/uploads\/2024\/02\/APN0909-2-300x200.jpg 300w, https:\/\/eglisecatholiqueniger.org\/wp-content\/uploads\/2024\/02\/APN0909-2-1024x683.jpg 1024w, https:\/\/eglisecatholiqueniger.org\/wp-content\/uploads\/2024\/02\/APN0909-2-768x512.jpg 768w, https:\/\/eglisecatholiqueniger.org\/wp-content\/uploads\/2024\/02\/APN0909-2-1536x1025.jpg 1536w, https:\/\/eglisecatholiqueniger.org\/wp-content\/uploads\/2024\/02\/APN0909-2-2048x1367.jpg 2048w, https:\/\/eglisecatholiqueniger.org\/wp-content\/uploads\/2024\/02\/APN0909-2-274x183.jpg 274w, https:\/\/eglisecatholiqueniger.org\/wp-content\/uploads\/2024\/02\/APN0909-2-80x54.jpg 80w, https:\/\/eglisecatholiqueniger.org\/wp-content\/uploads\/2024\/02\/APN0909-2-130x87.jpg 130w, https:\/\/eglisecatholiqueniger.org\/wp-content\/uploads\/2024\/02\/APN0909-2-359x240.jpg 359w, https:\/\/eglisecatholiqueniger.org\/wp-content\/uploads\/2024\/02\/APN0909-2-85x57.jpg 85w, https:\/\/eglisecatholiqueniger.org\/wp-content\/uploads\/2024\/02\/APN0909-2-546x365.jpg 546w, https:\/\/eglisecatholiqueniger.org\/wp-content\/uploads\/2024\/02\/APN0909-2-165x109.jpg 165w, https:\/\/eglisecatholiqueniger.org\/wp-content\/uploads\/2024\/02\/APN0909-2-347x233.jpg 347w, https:\/\/eglisecatholiqueniger.org\/wp-content\/uploads\/2024\/02\/APN0909-2-112x75.jpg 112w, https:\/\/eglisecatholiqueniger.org\/wp-content\/uploads\/2024\/02\/APN0909-2-179x120.jpg 179w, https:\/\/eglisecatholiqueniger.org\/wp-content\/uploads\/2024\/02\/APN0909-2-170x113.jpg 170w, https:\/\/eglisecatholiqueniger.org\/wp-content\/uploads\/2024\/02\/APN0909-2-81x55.jpg 81w, https:\/\/eglisecatholiqueniger.org\/wp-content\/uploads\/2024\/02\/APN0909-2-765x510.jpg 765w\" sizes=\"auto, (max-width: 288px) 100vw, 288px\" \/> <img loading=\"lazy\" decoding=\"async\" class=\"alignnone wp-image-1400\" src=\"http:\/\/eglisecatholiqueniger.org\/wp-content\/uploads\/2024\/02\/APN1032-2-300x200.jpg\" alt=\"\" width=\"290\" height=\"193\" srcset=\"https:\/\/eglisecatholiqueniger.org\/wp-content\/uploads\/2024\/02\/APN1032-2-300x200.jpg 300w, https:\/\/eglisecatholiqueniger.org\/wp-content\/uploads\/2024\/02\/APN1032-2-1024x683.jpg 1024w, https:\/\/eglisecatholiqueniger.org\/wp-content\/uploads\/2024\/02\/APN1032-2-768x512.jpg 768w, https:\/\/eglisecatholiqueniger.org\/wp-content\/uploads\/2024\/02\/APN1032-2-1536x1025.jpg 1536w, https:\/\/eglisecatholiqueniger.org\/wp-content\/uploads\/2024\/02\/APN1032-2-2048x1367.jpg 2048w, https:\/\/eglisecatholiqueniger.org\/wp-content\/uploads\/2024\/02\/APN1032-2-274x183.jpg 274w, https:\/\/eglisecatholiqueniger.org\/wp-content\/uploads\/2024\/02\/APN1032-2-80x54.jpg 80w, https:\/\/eglisecatholiqueniger.org\/wp-content\/uploads\/2024\/02\/APN1032-2-130x87.jpg 130w, https:\/\/eglisecatholiqueniger.org\/wp-content\/uploads\/2024\/02\/APN1032-2-359x240.jpg 359w, https:\/\/eglisecatholiqueniger.org\/wp-content\/uploads\/2024\/02\/APN1032-2-85x57.jpg 85w, https:\/\/eglisecatholiqueniger.org\/wp-content\/uploads\/2024\/02\/APN1032-2-546x365.jpg 546w, https:\/\/eglisecatholiqueniger.org\/wp-content\/uploads\/2024\/02\/APN1032-2-165x109.jpg 165w, https:\/\/eglisecatholiqueniger.org\/wp-content\/uploads\/2024\/02\/APN1032-2-112x75.jpg 112w, https:\/\/eglisecatholiqueniger.org\/wp-content\/uploads\/2024\/02\/APN1032-2-179x120.jpg 179w, https:\/\/eglisecatholiqueniger.org\/wp-content\/uploads\/2024\/02\/APN1032-2-170x113.jpg 170w, https:\/\/eglisecatholiqueniger.org\/wp-content\/uploads\/2024\/02\/APN1032-2-81x55.jpg 81w, https:\/\/eglisecatholiqueniger.org\/wp-content\/uploads\/2024\/02\/APN1032-2-765x510.jpg 765w\" sizes=\"auto, (max-width: 290px) 100vw, 290px\" \/><\/p>\n<p>Monseigneur\u00a0 Laurent\u00a0 Lompo, \u00a0dans son hom\u00e9lie nous rappelle que la cons\u00e9cration est un don de Dieu pour le monde et surtout pour sa transformation. Il poursuit\u00a0:&lt;&lt; Comme le fils de Dieu est\u00a0 pr\u00e9sent\u00e9 dans le Temple pour \u00eatre lumi\u00e8re des nations, nous sommes invit\u00e9s \u00e0 sa suite \u00e0 \u00e9clairer le monde \u00e0 travers notre engagement et notre t\u00e9moignage de vie. Comme le\u00a0 vieillard \u00a0Sim\u00e9on dans la foi prend\u00a0 l\u2019Enfant J\u00e9sus dans ses bras pour annoncer qu\u2019il est le <strong>Messie, la lumi\u00e8re du monde, le messager de la paix<\/strong>, soyons comme lui pour redonner\u00a0 esp\u00e9rance\u00a0 aux personnes\u00a0 d\u00e9courag\u00e9es, d\u00e9sempar\u00e9es et qui n\u2019arrivent\u00a0 m\u00eame pas \u00e0 assurer le minimum vital dans les familles \u00e0 l\u2019heure actuelle.&gt;&gt; \u00ab\u00a0<strong>L\u00e0 o\u00f9 il y a des consacr\u00e9s, il y a la joie<\/strong> \u00bbdisait le Pape Benoit XVI.\u00a0 \u00a0 \u00a0 \u00a0 \u00a0 \u00a0 \u00a0 L\u2019archev\u00eaque nous invite \u00e0 \u00eatre proche des gens dans les familles, les quartiers\u00a0 pour leur donner l\u2019esp\u00e9rance. En s\u2019adressant aux s\u0153urs <strong>sic<\/strong> qui f\u00eatent le jubil\u00e9 de 100 ans de la communaut\u00e9, il les exhorte \u00e0 faire de leur quartier un lieu d\u2019apostolat \u00e0 travers des visites aux familles, l\u2019accueil des enfants et le dialogue<\/p>\n<p><img loading=\"lazy\" decoding=\"async\" class=\"alignnone wp-image-1391\" src=\"http:\/\/eglisecatholiqueniger.org\/wp-content\/uploads\/2024\/02\/APN0985-300x200.jpg\" alt=\"\" width=\"275\" height=\"183\" srcset=\"https:\/\/eglisecatholiqueniger.org\/wp-content\/uploads\/2024\/02\/APN0985-300x200.jpg 300w, https:\/\/eglisecatholiqueniger.org\/wp-content\/uploads\/2024\/02\/APN0985-1024x683.jpg 1024w, https:\/\/eglisecatholiqueniger.org\/wp-content\/uploads\/2024\/02\/APN0985-768x512.jpg 768w, https:\/\/eglisecatholiqueniger.org\/wp-content\/uploads\/2024\/02\/APN0985-1536x1025.jpg 1536w, https:\/\/eglisecatholiqueniger.org\/wp-content\/uploads\/2024\/02\/APN0985-2048x1367.jpg 2048w, https:\/\/eglisecatholiqueniger.org\/wp-content\/uploads\/2024\/02\/APN0985-274x183.jpg 274w, https:\/\/eglisecatholiqueniger.org\/wp-content\/uploads\/2024\/02\/APN0985-80x54.jpg 80w, https:\/\/eglisecatholiqueniger.org\/wp-content\/uploads\/2024\/02\/APN0985-130x87.jpg 130w, https:\/\/eglisecatholiqueniger.org\/wp-content\/uploads\/2024\/02\/APN0985-359x240.jpg 359w, https:\/\/eglisecatholiqueniger.org\/wp-content\/uploads\/2024\/02\/APN0985-85x57.jpg 85w, https:\/\/eglisecatholiqueniger.org\/wp-content\/uploads\/2024\/02\/APN0985-546x365.jpg 546w, https:\/\/eglisecatholiqueniger.org\/wp-content\/uploads\/2024\/02\/APN0985-165x109.jpg 165w, https:\/\/eglisecatholiqueniger.org\/wp-content\/uploads\/2024\/02\/APN0985-112x75.jpg 112w, https:\/\/eglisecatholiqueniger.org\/wp-content\/uploads\/2024\/02\/APN0985-179x120.jpg 179w, https:\/\/eglisecatholiqueniger.org\/wp-content\/uploads\/2024\/02\/APN0985-170x113.jpg 170w, https:\/\/eglisecatholiqueniger.org\/wp-content\/uploads\/2024\/02\/APN0985-81x55.jpg 81w, https:\/\/eglisecatholiqueniger.org\/wp-content\/uploads\/2024\/02\/APN0985-765x510.jpg 765w\" sizes=\"auto, (max-width: 275px) 100vw, 275px\" \/>\u00a0 \u00a0<img loading=\"lazy\" decoding=\"async\" class=\"alignnone wp-image-1392\" src=\"http:\/\/eglisecatholiqueniger.org\/wp-content\/uploads\/2024\/02\/APN1040-2-300x200.jpg\" alt=\"\" width=\"276\" height=\"184\" srcset=\"https:\/\/eglisecatholiqueniger.org\/wp-content\/uploads\/2024\/02\/APN1040-2-300x200.jpg 300w, https:\/\/eglisecatholiqueniger.org\/wp-content\/uploads\/2024\/02\/APN1040-2-1024x683.jpg 1024w, https:\/\/eglisecatholiqueniger.org\/wp-content\/uploads\/2024\/02\/APN1040-2-768x512.jpg 768w, https:\/\/eglisecatholiqueniger.org\/wp-content\/uploads\/2024\/02\/APN1040-2-1536x1025.jpg 1536w, https:\/\/eglisecatholiqueniger.org\/wp-content\/uploads\/2024\/02\/APN1040-2-2048x1367.jpg 2048w, https:\/\/eglisecatholiqueniger.org\/wp-content\/uploads\/2024\/02\/APN1040-2-274x183.jpg 274w, https:\/\/eglisecatholiqueniger.org\/wp-content\/uploads\/2024\/02\/APN1040-2-80x54.jpg 80w, https:\/\/eglisecatholiqueniger.org\/wp-content\/uploads\/2024\/02\/APN1040-2-130x87.jpg 130w, https:\/\/eglisecatholiqueniger.org\/wp-content\/uploads\/2024\/02\/APN1040-2-359x240.jpg 359w, https:\/\/eglisecatholiqueniger.org\/wp-content\/uploads\/2024\/02\/APN1040-2-85x57.jpg 85w, https:\/\/eglisecatholiqueniger.org\/wp-content\/uploads\/2024\/02\/APN1040-2-546x365.jpg 546w, https:\/\/eglisecatholiqueniger.org\/wp-content\/uploads\/2024\/02\/APN1040-2-165x109.jpg 165w, https:\/\/eglisecatholiqueniger.org\/wp-content\/uploads\/2024\/02\/APN1040-2-347x233.jpg 347w, https:\/\/eglisecatholiqueniger.org\/wp-content\/uploads\/2024\/02\/APN1040-2-112x75.jpg 112w, https:\/\/eglisecatholiqueniger.org\/wp-content\/uploads\/2024\/02\/APN1040-2-179x120.jpg 179w, https:\/\/eglisecatholiqueniger.org\/wp-content\/uploads\/2024\/02\/APN1040-2-170x113.jpg 170w, https:\/\/eglisecatholiqueniger.org\/wp-content\/uploads\/2024\/02\/APN1040-2-81x55.jpg 81w, https:\/\/eglisecatholiqueniger.org\/wp-content\/uploads\/2024\/02\/APN1040-2-765x510.jpg 765w\" sizes=\"auto, (max-width: 276px) 100vw, 276px\" \/><\/p>\n<p>interreligieux. Toujours dans son hom\u00e9lie \u00ab\u00a0En f\u00eatant vos 100 ans\u00a0 en tant que s\u0153urs de l\u2019immacul\u00e9e Conception, je vous invite \u00e0 plus d\u2019ouverture au monde qui a besoin de vrais rep\u00e8res pour sa transformation. \u00bb<\/p>\n<p><img loading=\"lazy\" decoding=\"async\" class=\"alignnone wp-image-1387\" src=\"http:\/\/eglisecatholiqueniger.org\/wp-content\/uploads\/2024\/02\/APN1006-2-300x200.jpg\" alt=\"\" width=\"278\" height=\"185\" srcset=\"https:\/\/eglisecatholiqueniger.org\/wp-content\/uploads\/2024\/02\/APN1006-2-300x200.jpg 300w, https:\/\/eglisecatholiqueniger.org\/wp-content\/uploads\/2024\/02\/APN1006-2-1024x683.jpg 1024w, https:\/\/eglisecatholiqueniger.org\/wp-content\/uploads\/2024\/02\/APN1006-2-768x512.jpg 768w, https:\/\/eglisecatholiqueniger.org\/wp-content\/uploads\/2024\/02\/APN1006-2-1536x1025.jpg 1536w, https:\/\/eglisecatholiqueniger.org\/wp-content\/uploads\/2024\/02\/APN1006-2-2048x1367.jpg 2048w, https:\/\/eglisecatholiqueniger.org\/wp-content\/uploads\/2024\/02\/APN1006-2-274x183.jpg 274w, https:\/\/eglisecatholiqueniger.org\/wp-content\/uploads\/2024\/02\/APN1006-2-80x54.jpg 80w, https:\/\/eglisecatholiqueniger.org\/wp-content\/uploads\/2024\/02\/APN1006-2-130x87.jpg 130w, https:\/\/eglisecatholiqueniger.org\/wp-content\/uploads\/2024\/02\/APN1006-2-359x240.jpg 359w, https:\/\/eglisecatholiqueniger.org\/wp-content\/uploads\/2024\/02\/APN1006-2-85x57.jpg 85w, https:\/\/eglisecatholiqueniger.org\/wp-content\/uploads\/2024\/02\/APN1006-2-546x365.jpg 546w, https:\/\/eglisecatholiqueniger.org\/wp-content\/uploads\/2024\/02\/APN1006-2-165x109.jpg 165w, https:\/\/eglisecatholiqueniger.org\/wp-content\/uploads\/2024\/02\/APN1006-2-112x75.jpg 112w, https:\/\/eglisecatholiqueniger.org\/wp-content\/uploads\/2024\/02\/APN1006-2-179x120.jpg 179w, https:\/\/eglisecatholiqueniger.org\/wp-content\/uploads\/2024\/02\/APN1006-2-170x113.jpg 170w, https:\/\/eglisecatholiqueniger.org\/wp-content\/uploads\/2024\/02\/APN1006-2-81x55.jpg 81w, https:\/\/eglisecatholiqueniger.org\/wp-content\/uploads\/2024\/02\/APN1006-2-765x510.jpg 765w\" sizes=\"auto, (max-width: 278px) 100vw, 278px\" \/>\u00a0 \u00a0<img loading=\"lazy\" decoding=\"async\" class=\"alignnone wp-image-1386\" src=\"http:\/\/eglisecatholiqueniger.org\/wp-content\/uploads\/2024\/02\/APN0948-2-300x200.jpg\" alt=\"\" width=\"275\" height=\"183\" srcset=\"https:\/\/eglisecatholiqueniger.org\/wp-content\/uploads\/2024\/02\/APN0948-2-300x200.jpg 300w, https:\/\/eglisecatholiqueniger.org\/wp-content\/uploads\/2024\/02\/APN0948-2-1024x683.jpg 1024w, https:\/\/eglisecatholiqueniger.org\/wp-content\/uploads\/2024\/02\/APN0948-2-768x512.jpg 768w, https:\/\/eglisecatholiqueniger.org\/wp-content\/uploads\/2024\/02\/APN0948-2-1536x1025.jpg 1536w, https:\/\/eglisecatholiqueniger.org\/wp-content\/uploads\/2024\/02\/APN0948-2-2048x1367.jpg 2048w, https:\/\/eglisecatholiqueniger.org\/wp-content\/uploads\/2024\/02\/APN0948-2-274x183.jpg 274w, https:\/\/eglisecatholiqueniger.org\/wp-content\/uploads\/2024\/02\/APN0948-2-80x54.jpg 80w, https:\/\/eglisecatholiqueniger.org\/wp-content\/uploads\/2024\/02\/APN0948-2-130x87.jpg 130w, https:\/\/eglisecatholiqueniger.org\/wp-content\/uploads\/2024\/02\/APN0948-2-359x240.jpg 359w, https:\/\/eglisecatholiqueniger.org\/wp-content\/uploads\/2024\/02\/APN0948-2-85x57.jpg 85w, https:\/\/eglisecatholiqueniger.org\/wp-content\/uploads\/2024\/02\/APN0948-2-546x365.jpg 546w, https:\/\/eglisecatholiqueniger.org\/wp-content\/uploads\/2024\/02\/APN0948-2-165x109.jpg 165w, https:\/\/eglisecatholiqueniger.org\/wp-content\/uploads\/2024\/02\/APN0948-2-112x75.jpg 112w, https:\/\/eglisecatholiqueniger.org\/wp-content\/uploads\/2024\/02\/APN0948-2-179x120.jpg 179w, https:\/\/eglisecatholiqueniger.org\/wp-content\/uploads\/2024\/02\/APN0948-2-170x113.jpg 170w, https:\/\/eglisecatholiqueniger.org\/wp-content\/uploads\/2024\/02\/APN0948-2-81x55.jpg 81w, https:\/\/eglisecatholiqueniger.org\/wp-content\/uploads\/2024\/02\/APN0948-2-765x510.jpg 765w\" sizes=\"auto, (max-width: 275px) 100vw, 275px\" \/><\/p>\n<p>A\u00a0 la s\u0153ur Marie Andr\u00e9 de la fraternit\u00e9 des servantes\u00a0 du christ Je te souhaite d\u2019\u00eatre une m\u00e8re \u00e9ducatrice des enfants\u00a0 des couches d\u00e9favoris\u00e9es avec un c\u0153ur rayonnant de joie au milieu d\u2019eux\u00a0 que le seigneur t\u2019accorde cette gr\u00e2ce en retour de ton action a la paroisse saint Paul de Harobanda<\/p>\n<p>&nbsp;<\/p>\n<p>Les repr\u00e9sentants des diff\u00e9rentes communaut\u00e9s ont apport\u00e9 des offrandes au seigneur, c\u2019\u00e9tait beau de voir religieuses, la\u00efcs consacr\u00e9s et jeunes danser \u00e0 la procession d\u2019offrandes.<\/p>\n<p>L\u2019organisation de la journ\u00e9e a \u00e9t\u00e9 coordonn\u00e9 par l\u2019union des consacr\u00e9s de Niamey (UCNI). Les fid\u00e8les chr\u00e9tiens des autres paroisses sont venus nombreux pour soutenir les consacr\u00e9s.<\/p>\n<p><img loading=\"lazy\" decoding=\"async\" class=\"alignnone wp-image-1398\" src=\"http:\/\/eglisecatholiqueniger.org\/wp-content\/uploads\/2024\/02\/APN1062-300x200.jpg\" alt=\"\" width=\"265\" height=\"177\" srcset=\"https:\/\/eglisecatholiqueniger.org\/wp-content\/uploads\/2024\/02\/APN1062-300x200.jpg 300w, https:\/\/eglisecatholiqueniger.org\/wp-content\/uploads\/2024\/02\/APN1062-1024x683.jpg 1024w, https:\/\/eglisecatholiqueniger.org\/wp-content\/uploads\/2024\/02\/APN1062-768x512.jpg 768w, https:\/\/eglisecatholiqueniger.org\/wp-content\/uploads\/2024\/02\/APN1062-1536x1025.jpg 1536w, https:\/\/eglisecatholiqueniger.org\/wp-content\/uploads\/2024\/02\/APN1062-2048x1367.jpg 2048w, https:\/\/eglisecatholiqueniger.org\/wp-content\/uploads\/2024\/02\/APN1062-274x183.jpg 274w, https:\/\/eglisecatholiqueniger.org\/wp-content\/uploads\/2024\/02\/APN1062-364x245.jpg 364w, https:\/\/eglisecatholiqueniger.org\/wp-content\/uploads\/2024\/02\/APN1062-80x54.jpg 80w, https:\/\/eglisecatholiqueniger.org\/wp-content\/uploads\/2024\/02\/APN1062-130x87.jpg 130w, https:\/\/eglisecatholiqueniger.org\/wp-content\/uploads\/2024\/02\/APN1062-359x240.jpg 359w, https:\/\/eglisecatholiqueniger.org\/wp-content\/uploads\/2024\/02\/APN1062-85x57.jpg 85w, https:\/\/eglisecatholiqueniger.org\/wp-content\/uploads\/2024\/02\/APN1062-546x365.jpg 546w, https:\/\/eglisecatholiqueniger.org\/wp-content\/uploads\/2024\/02\/APN1062-266x179.jpg 266w, https:\/\/eglisecatholiqueniger.org\/wp-content\/uploads\/2024\/02\/APN1062-165x109.jpg 165w, https:\/\/eglisecatholiqueniger.org\/wp-content\/uploads\/2024\/02\/APN1062-347x233.jpg 347w, https:\/\/eglisecatholiqueniger.org\/wp-content\/uploads\/2024\/02\/APN1062-112x75.jpg 112w, https:\/\/eglisecatholiqueniger.org\/wp-content\/uploads\/2024\/02\/APN1062-179x120.jpg 179w, https:\/\/eglisecatholiqueniger.org\/wp-content\/uploads\/2024\/02\/APN1062-170x113.jpg 170w, https:\/\/eglisecatholiqueniger.org\/wp-content\/uploads\/2024\/02\/APN1062-81x55.jpg 81w, https:\/\/eglisecatholiqueniger.org\/wp-content\/uploads\/2024\/02\/APN1062-765x510.jpg 765w\" sizes=\"auto, (max-width: 265px) 100vw, 265px\" \/> <img loading=\"lazy\" decoding=\"async\" class=\"alignnone wp-image-1394\" src=\"http:\/\/eglisecatholiqueniger.org\/wp-content\/uploads\/2024\/02\/APN1059-2-300x200.jpg\" alt=\"\" width=\"263\" height=\"175\" srcset=\"https:\/\/eglisecatholiqueniger.org\/wp-content\/uploads\/2024\/02\/APN1059-2-300x200.jpg 300w, https:\/\/eglisecatholiqueniger.org\/wp-content\/uploads\/2024\/02\/APN1059-2-1024x683.jpg 1024w, https:\/\/eglisecatholiqueniger.org\/wp-content\/uploads\/2024\/02\/APN1059-2-768x512.jpg 768w, https:\/\/eglisecatholiqueniger.org\/wp-content\/uploads\/2024\/02\/APN1059-2-1536x1025.jpg 1536w, https:\/\/eglisecatholiqueniger.org\/wp-content\/uploads\/2024\/02\/APN1059-2-2048x1367.jpg 2048w, https:\/\/eglisecatholiqueniger.org\/wp-content\/uploads\/2024\/02\/APN1059-2-274x183.jpg 274w, https:\/\/eglisecatholiqueniger.org\/wp-content\/uploads\/2024\/02\/APN1059-2-80x54.jpg 80w, https:\/\/eglisecatholiqueniger.org\/wp-content\/uploads\/2024\/02\/APN1059-2-130x87.jpg 130w, https:\/\/eglisecatholiqueniger.org\/wp-content\/uploads\/2024\/02\/APN1059-2-359x240.jpg 359w, https:\/\/eglisecatholiqueniger.org\/wp-content\/uploads\/2024\/02\/APN1059-2-85x57.jpg 85w, https:\/\/eglisecatholiqueniger.org\/wp-content\/uploads\/2024\/02\/APN1059-2-546x365.jpg 546w, https:\/\/eglisecatholiqueniger.org\/wp-content\/uploads\/2024\/02\/APN1059-2-165x109.jpg 165w, https:\/\/eglisecatholiqueniger.org\/wp-content\/uploads\/2024\/02\/APN1059-2-112x75.jpg 112w, https:\/\/eglisecatholiqueniger.org\/wp-content\/uploads\/2024\/02\/APN1059-2-179x120.jpg 179w, https:\/\/eglisecatholiqueniger.org\/wp-content\/uploads\/2024\/02\/APN1059-2-170x113.jpg 170w, https:\/\/eglisecatholiqueniger.org\/wp-content\/uploads\/2024\/02\/APN1059-2-81x55.jpg 81w, https:\/\/eglisecatholiqueniger.org\/wp-content\/uploads\/2024\/02\/APN1059-2-765x510.jpg 765w\" sizes=\"auto, (max-width: 263px) 100vw, 263px\" \/><\/p>\n","protected":false},"excerpt":{"rendered":"<p>\u00a0 \u00a0 Le dimanche 04 f\u00e9vrier 2024,\u00a0 la paroisse Saint Paul de harobanda a eu l\u2019honneur d\u2019abriter les festivit\u00e9s de la journ\u00e9e de la vie consacr\u00e9e. Cette journ\u00e9e a \u00e9t\u00e9 &#8230;<\/p>\n","protected":false},"author":1,"featured_media":0,"comment_status":"open","ping_status":"open","sticky":false,"template":"","format":"standard","meta":{"footnotes":""},"categories":[1],"tags":[],"class_list":["post-1372","post","type-post","status-publish","format-standard","category-non-classe"],"_links":{"self":[{"href":"https:\/\/eglisecatholiqueniger.org\/index.php\/wp-json\/wp\/v2\/posts\/1372","targetHints":{"allow":["GET"]}}],"collection":[{"href":"https:\/\/eglisecatholiqueniger.org\/index.php\/wp-json\/wp\/v2\/posts"}],"about":[{"href":"https:\/\/eglisecatholiqueniger.org\/index.php\/wp-json\/wp\/v2\/types\/post"}],"author":[{"embeddable":true,"href":"https:\/\/eglisecatholiqueniger.org\/index.php\/wp-json\/wp\/v2\/users\/1"}],"replies":[{"embeddable":true,"href":"https:\/\/eglisecatholiqueniger.org\/index.php\/wp-json\/wp\/v2\/comments?post=1372"}],"version-history":[{"count":20,"href":"https:\/\/eglisecatholiqueniger.org\/index.php\/wp-json\/wp\/v2\/posts\/1372\/revisions"}],"predecessor-version":[{"id":1405,"href":"https:\/\/eglisecatholiqueniger.org\/index.php\/wp-json\/wp\/v2\/posts\/1372\/revisions\/1405"}],"wp:attachment":[{"href":"https:\/\/eglisecatholiqueniger.org\/index.php\/wp-json\/wp\/v2\/media?parent=1372"}],"wp:term":[{"taxonomy":"category","embeddable":true,"href":"https:\/\/eglisecatholiqueniger.org\/index.php\/wp-json\/wp\/v2\/categories?post=1372"},{"taxonomy":"post_tag","embeddable":true,"href":"https:\/\/eglisecatholiqueniger.org\/index.php\/wp-json\/wp\/v2\/tags?post=1372"}],"curies":[{"name":"wp","href":"https:\/\/api.w.org\/{rel}","templated":true}]}}