{"id":1419,"date":"2024-02-16T14:29:36","date_gmt":"2024-02-16T13:29:36","guid":{"rendered":"https:\/\/eglisecatholiqueniger.org\/?p=1419"},"modified":"2024-02-16T14:43:46","modified_gmt":"2024-02-16T13:43:46","slug":"le-caremele-temps-de-preparation-a-la-fete-de-paque","status":"publish","type":"post","link":"https:\/\/eglisecatholiqueniger.org\/index.php\/2024\/02\/16\/le-caremele-temps-de-preparation-a-la-fete-de-paque\/","title":{"rendered":"Le Car\u00eame: le temps de pr\u00e9paration \u00e0 la f\u00eate de P\u00e2que"},"content":{"rendered":"<p><img loading=\"lazy\" decoding=\"async\" class=\"alignnone size-medium wp-image-1421\" src=\"http:\/\/eglisecatholiqueniger.org\/wp-content\/uploads\/2024\/02\/00016-300x168.jpg\" alt=\"\" width=\"300\" height=\"168\" srcset=\"https:\/\/eglisecatholiqueniger.org\/wp-content\/uploads\/2024\/02\/00016-300x168.jpg 300w, https:\/\/eglisecatholiqueniger.org\/wp-content\/uploads\/2024\/02\/00016.jpg 640w\" sizes=\"auto, (max-width: 300px) 100vw, 300px\" \/> <img loading=\"lazy\" decoding=\"async\" class=\"alignnone size-medium wp-image-1420\" src=\"http:\/\/eglisecatholiqueniger.org\/wp-content\/uploads\/2024\/02\/00014-300x168.jpg\" alt=\"\" width=\"300\" height=\"168\" srcset=\"https:\/\/eglisecatholiqueniger.org\/wp-content\/uploads\/2024\/02\/00014-300x168.jpg 300w, https:\/\/eglisecatholiqueniger.org\/wp-content\/uploads\/2024\/02\/00014.jpg 640w\" sizes=\"auto, (max-width: 300px) 100vw, 300px\" \/><\/p>\n<p>En recevant les Cendres, ce mercredi, nous entendrons le pr\u00eatre prononcer les paroles rituelles : <em>\u00ab\u00a0Rappelle-toi que tu es poussi\u00e8re et que poussi\u00e8re tu retourneras\u00a0\u00bb<\/em>. Ces paroles nous invitent au r\u00e9alisme\u00a0: nous sommes fragiles, vuln\u00e9rables, mortels. L\u2019univers m\u00eame dans lequel nous vivons est \u00e9ph\u00e9m\u00e8re\u00a0: <em>\u00ab Elle passe la figure de ce monde \u00bb<\/em> (1\u00a0Cor\u00a07, 31). Et c\u2019est pourquoi il faut constamment remettre \u00ab ce monde \u00bb \u00e0 sa juste place.<\/p>\n<p><img loading=\"lazy\" decoding=\"async\" class=\"alignnone size-medium wp-image-1425\" src=\"http:\/\/eglisecatholiqueniger.org\/wp-content\/uploads\/2024\/02\/00011-300x176.jpg\" alt=\"\" width=\"300\" height=\"176\" srcset=\"https:\/\/eglisecatholiqueniger.org\/wp-content\/uploads\/2024\/02\/00011-300x176.jpg 300w, https:\/\/eglisecatholiqueniger.org\/wp-content\/uploads\/2024\/02\/00011.jpg 640w\" sizes=\"auto, (max-width: 300px) 100vw, 300px\" \/>\u00a0<img loading=\"lazy\" decoding=\"async\" class=\"alignnone size-medium wp-image-1423\" src=\"http:\/\/eglisecatholiqueniger.org\/wp-content\/uploads\/2024\/02\/0005-300x168.jpg\" alt=\"\" width=\"300\" height=\"168\" srcset=\"https:\/\/eglisecatholiqueniger.org\/wp-content\/uploads\/2024\/02\/0005-300x168.jpg 300w, https:\/\/eglisecatholiqueniger.org\/wp-content\/uploads\/2024\/02\/0005.jpg 640w\" sizes=\"auto, (max-width: 300px) 100vw, 300px\" \/><\/p>\n<p>Car la tendance des choses du monde est de prendre la premi\u00e8re place. Souvent, nous dit le Pape Fran\u00e7ois dans son message pour le Car\u00eame, <em>\u00ab\u00a0le pouvoir, le luxe et l\u2019argent deviennent des idoles\u00a0\u00bb<\/em>. Il y a pourtant en nous une autre dimension qui, elle, aspire \u00e0 autre chose, \u00e0 l\u2019infini d\u2019une Pr\u00e9sence. Si nous savons prendre du temps et du silence pour rentrer en nous-m\u00eames, nous retrouverons ce d\u00e9sir.<\/p>\n<p>Et Dieu nous parlera. Pour nous dire qu\u2019Il nous aime. Infiniment. Pour nous dire aussi que les choix que nous posons en ce monde lui importent. Infiniment. Dieu est Amour. En sa Pr\u00e9sence nous sentirons le d\u00e9sir d\u2019aimer, de choisir le bien plut\u00f4t que le mal, le juste plut\u00f4t que l\u2019injuste, la vie plut\u00f4t que la mort. C\u2019est alors que fera \u00e9cho en nous l\u2019autre formule du rituel de l\u2019imposition des cendres\u00a0: <em>\u00ab\u00a0Convertissez-vous et croyez \u00e0 l\u2019\u00e9vangile\u00a0!\u00a0\u00bb<\/em>. Profitons de ce Car\u00eame pour relire l\u2019\u00c9vangile et le laisser devenir la lampe de nos pas, comme il l\u2019a \u00e9t\u00e9 pour Sainte Rita. Nos fragilit\u00e9s m\u00eame deviendront lumi\u00e8re. Nous sommes poussi\u00e8re mais nous sommes fait pour l\u2019\u00e9ternit\u00e9 ! Bon Car\u00eame \u00e0 tous !\u00a0\u00a0\u00a0\u00a0\u00a0\u00a0\u00a0 P. Patrice V\u00e9raquin<\/p>\n<p><img loading=\"lazy\" decoding=\"async\" class=\"alignnone size-medium wp-image-1424\" src=\"http:\/\/eglisecatholiqueniger.org\/wp-content\/uploads\/2024\/02\/0009-300x168.jpg\" alt=\"\" width=\"300\" height=\"168\" srcset=\"https:\/\/eglisecatholiqueniger.org\/wp-content\/uploads\/2024\/02\/0009-300x168.jpg 300w, https:\/\/eglisecatholiqueniger.org\/wp-content\/uploads\/2024\/02\/0009.jpg 640w\" sizes=\"auto, (max-width: 300px) 100vw, 300px\" \/>\u00a0 <img loading=\"lazy\" decoding=\"async\" class=\"alignnone size-medium wp-image-1426\" src=\"http:\/\/eglisecatholiqueniger.org\/wp-content\/uploads\/2024\/02\/0007-300x168.jpg\" alt=\"\" width=\"300\" height=\"168\" srcset=\"https:\/\/eglisecatholiqueniger.org\/wp-content\/uploads\/2024\/02\/0007-300x168.jpg 300w, https:\/\/eglisecatholiqueniger.org\/wp-content\/uploads\/2024\/02\/0007.jpg 640w\" sizes=\"auto, (max-width: 300px) 100vw, 300px\" \/><\/p>\n","protected":false},"excerpt":{"rendered":"<p>En recevant les Cendres, ce mercredi, nous entendrons le pr\u00eatre prononcer les paroles rituelles : \u00ab\u00a0Rappelle-toi que tu es poussi\u00e8re et que poussi\u00e8re tu retourneras\u00a0\u00bb. Ces paroles nous invitent au &#8230;<\/p>\n","protected":false},"author":1,"featured_media":0,"comment_status":"open","ping_status":"open","sticky":false,"template":"","format":"standard","meta":{"footnotes":""},"categories":[1],"tags":[],"class_list":["post-1419","post","type-post","status-publish","format-standard","category-non-classe"],"_links":{"self":[{"href":"https:\/\/eglisecatholiqueniger.org\/index.php\/wp-json\/wp\/v2\/posts\/1419","targetHints":{"allow":["GET"]}}],"collection":[{"href":"https:\/\/eglisecatholiqueniger.org\/index.php\/wp-json\/wp\/v2\/posts"}],"about":[{"href":"https:\/\/eglisecatholiqueniger.org\/index.php\/wp-json\/wp\/v2\/types\/post"}],"author":[{"embeddable":true,"href":"https:\/\/eglisecatholiqueniger.org\/index.php\/wp-json\/wp\/v2\/users\/1"}],"replies":[{"embeddable":true,"href":"https:\/\/eglisecatholiqueniger.org\/index.php\/wp-json\/wp\/v2\/comments?post=1419"}],"version-history":[{"count":3,"href":"https:\/\/eglisecatholiqueniger.org\/index.php\/wp-json\/wp\/v2\/posts\/1419\/revisions"}],"predecessor-version":[{"id":1429,"href":"https:\/\/eglisecatholiqueniger.org\/index.php\/wp-json\/wp\/v2\/posts\/1419\/revisions\/1429"}],"wp:attachment":[{"href":"https:\/\/eglisecatholiqueniger.org\/index.php\/wp-json\/wp\/v2\/media?parent=1419"}],"wp:term":[{"taxonomy":"category","embeddable":true,"href":"https:\/\/eglisecatholiqueniger.org\/index.php\/wp-json\/wp\/v2\/categories?post=1419"},{"taxonomy":"post_tag","embeddable":true,"href":"https:\/\/eglisecatholiqueniger.org\/index.php\/wp-json\/wp\/v2\/tags?post=1419"}],"curies":[{"name":"wp","href":"https:\/\/api.w.org\/{rel}","templated":true}]}}