{"id":1431,"date":"2024-03-01T13:46:39","date_gmt":"2024-03-01T12:46:39","guid":{"rendered":"https:\/\/eglisecatholiqueniger.org\/?p=1431"},"modified":"2024-03-01T13:46:39","modified_gmt":"2024-03-01T12:46:39","slug":"necrologie","status":"publish","type":"post","link":"https:\/\/eglisecatholiqueniger.org\/index.php\/2024\/03\/01\/necrologie\/","title":{"rendered":"NECROLOGIE"},"content":{"rendered":"<p>&nbsp;<\/p>\n<p><img loading=\"lazy\" decoding=\"async\" class=\"size-medium wp-image-1432 alignleft\" src=\"http:\/\/eglisecatholiqueniger.org\/wp-content\/uploads\/2024\/03\/IMG-20240301-WA0183-300x264.jpg\" alt=\"\" width=\"300\" height=\"264\" srcset=\"https:\/\/eglisecatholiqueniger.org\/wp-content\/uploads\/2024\/03\/IMG-20240301-WA0183-300x264.jpg 300w, https:\/\/eglisecatholiqueniger.org\/wp-content\/uploads\/2024\/03\/IMG-20240301-WA0183.jpg 419w\" sizes=\"auto, (max-width: 300px) 100vw, 300px\" \/>Rappel \u00e0 Dieu de P\u00e8re <strong>Paco Bautista Rodriguez\u2019<\/strong> pr\u00eatre \u00a0\u00a0SMA\u00a0 hier\u00a0 dans sa 57<sup>\u00e8me<\/sup> ann\u00e9e.<\/p>\n<p>Ces obs\u00e8ques auront lieu demain dans son village en Espagne.<\/p>\n<p>Nous pr\u00e9sentons nos condol\u00e9ances aux p\u00e8res SMA et \u00e0 la famille biologique du P\u00e8re PACO.<\/p>\n<p>Que son \u00e2me repose en paix.<\/p>\n<p>Qu\u2019il re\u00e7oive de Dieu la r\u00e9compense des serviteurs de l\u2019\u00e9vangile. Amen<\/p>\n","protected":false},"excerpt":{"rendered":"<p>&nbsp; Rappel \u00e0 Dieu de P\u00e8re Paco Bautista Rodriguez\u2019 pr\u00eatre \u00a0\u00a0SMA\u00a0 hier\u00a0 dans sa 57\u00e8me ann\u00e9e. Ces obs\u00e8ques auront lieu demain dans son village en Espagne. Nous pr\u00e9sentons nos condol\u00e9ances &#8230;<\/p>\n","protected":false},"author":1,"featured_media":0,"comment_status":"open","ping_status":"open","sticky":false,"template":"","format":"standard","meta":{"footnotes":""},"categories":[1],"tags":[],"class_list":["post-1431","post","type-post","status-publish","format-standard","category-non-classe"],"_links":{"self":[{"href":"https:\/\/eglisecatholiqueniger.org\/index.php\/wp-json\/wp\/v2\/posts\/1431","targetHints":{"allow":["GET"]}}],"collection":[{"href":"https:\/\/eglisecatholiqueniger.org\/index.php\/wp-json\/wp\/v2\/posts"}],"about":[{"href":"https:\/\/eglisecatholiqueniger.org\/index.php\/wp-json\/wp\/v2\/types\/post"}],"author":[{"embeddable":true,"href":"https:\/\/eglisecatholiqueniger.org\/index.php\/wp-json\/wp\/v2\/users\/1"}],"replies":[{"embeddable":true,"href":"https:\/\/eglisecatholiqueniger.org\/index.php\/wp-json\/wp\/v2\/comments?post=1431"}],"version-history":[{"count":4,"href":"https:\/\/eglisecatholiqueniger.org\/index.php\/wp-json\/wp\/v2\/posts\/1431\/revisions"}],"predecessor-version":[{"id":1436,"href":"https:\/\/eglisecatholiqueniger.org\/index.php\/wp-json\/wp\/v2\/posts\/1431\/revisions\/1436"}],"wp:attachment":[{"href":"https:\/\/eglisecatholiqueniger.org\/index.php\/wp-json\/wp\/v2\/media?parent=1431"}],"wp:term":[{"taxonomy":"category","embeddable":true,"href":"https:\/\/eglisecatholiqueniger.org\/index.php\/wp-json\/wp\/v2\/categories?post=1431"},{"taxonomy":"post_tag","embeddable":true,"href":"https:\/\/eglisecatholiqueniger.org\/index.php\/wp-json\/wp\/v2\/tags?post=1431"}],"curies":[{"name":"wp","href":"https:\/\/api.w.org\/{rel}","templated":true}]}}