{"id":1441,"date":"2024-03-16T14:31:30","date_gmt":"2024-03-16T13:31:30","guid":{"rendered":"https:\/\/eglisecatholiqueniger.org\/?p=1441"},"modified":"2024-03-16T14:31:30","modified_gmt":"2024-03-16T13:31:30","slug":"jubile-dargent-de-vie-religieuse-de-soeur-veronique-kouetevi","status":"publish","type":"post","link":"https:\/\/eglisecatholiqueniger.org\/index.php\/2024\/03\/16\/jubile-dargent-de-vie-religieuse-de-soeur-veronique-kouetevi\/","title":{"rendered":"Jubil\u00e9 d&rsquo;argent de vie religieuse de S\u0153ur V\u00e9ronique KOUETEVI"},"content":{"rendered":"<p><img loading=\"lazy\" decoding=\"async\" class=\" wp-image-1442 alignright\" src=\"http:\/\/eglisecatholiqueniger.org\/wp-content\/uploads\/2024\/03\/APN1891-2-200x300.jpg\" alt=\"\" width=\"163\" height=\"245\" srcset=\"https:\/\/eglisecatholiqueniger.org\/wp-content\/uploads\/2024\/03\/APN1891-2-200x300.jpg 200w, https:\/\/eglisecatholiqueniger.org\/wp-content\/uploads\/2024\/03\/APN1891-2-683x1024.jpg 683w, https:\/\/eglisecatholiqueniger.org\/wp-content\/uploads\/2024\/03\/APN1891-2-768x1151.jpg 768w, https:\/\/eglisecatholiqueniger.org\/wp-content\/uploads\/2024\/03\/APN1891-2-1025x1536.jpg 1025w, https:\/\/eglisecatholiqueniger.org\/wp-content\/uploads\/2024\/03\/APN1891-2-1367x2048.jpg 1367w, https:\/\/eglisecatholiqueniger.org\/wp-content\/uploads\/2024\/03\/APN1891-2-scaled.jpg 1708w\" sizes=\"auto, (max-width: 163px) 100vw, 163px\" \/><\/p>\n<p>je rends gr\u00e2ce au Seigneur en ce jour pour sa voix s\u2019est fait entendre en moi un jour eta trouv\u00e9 une r\u00e9ponse effective le 27 Juin 1998 lors de mes premiers v\u0153ux \u00e0 Bobo-Dioulasso dans la Congr\u00e9gation des Religieuses de l\u2019Assomption. Action de gr\u00e2ce pour toutes les\u00a0 personnes qui m\u2019ont aid\u00e9es et soutenues par leur pri\u00e8res et leurs conseils.<\/p>\n<p>Une halte pour retourner \u00e0 Dieu ce que lui-m\u00eame m\u2019a donn\u00e9 \u00e0 main pleine afin que tout mon \u00eatre soit davantage \u00e0 Lui. Je rends gr\u00e2ce \u00e0 Dieu qui m\u2019a permis de transmettre la vie \u00e0 travers les activit\u00e9s apostoliques que la Congr\u00e9gation me confie\u00a0: A l\u2019\u00e9cole aupr\u00e8s des enfants en collaboration avec les enseignantes et les parents, A sainte Monique, avec les jeunes. Action de gr\u00e2ce pour la joie re\u00e7ue et donn\u00e9e, pour la vie pour lui et avec lui.<\/p>\n<p>Action de gr\u00e2ce \u00e0 Dieu pour hier, aujourd\u2019hui et demain. Je m\u2019abandonne \u00e0 lui parce que je sais qu\u2019il est l\u00e0, toujours pr\u00e9sent.<\/p>\n<p>Que son nom soit b\u00e9ni\u00a0!<\/p>\n<p>&nbsp;<\/p>\n<p><img loading=\"lazy\" decoding=\"async\" class=\"alignnone  wp-image-1447\" src=\"http:\/\/eglisecatholiqueniger.org\/wp-content\/uploads\/2024\/03\/omtion-0003-300x200.jpg\" alt=\"\" width=\"225\" height=\"150\" srcset=\"https:\/\/eglisecatholiqueniger.org\/wp-content\/uploads\/2024\/03\/omtion-0003-300x200.jpg 300w, https:\/\/eglisecatholiqueniger.org\/wp-content\/uploads\/2024\/03\/omtion-0003-1024x683.jpg 1024w, https:\/\/eglisecatholiqueniger.org\/wp-content\/uploads\/2024\/03\/omtion-0003-768x512.jpg 768w, https:\/\/eglisecatholiqueniger.org\/wp-content\/uploads\/2024\/03\/omtion-0003-1536x1025.jpg 1536w, https:\/\/eglisecatholiqueniger.org\/wp-content\/uploads\/2024\/03\/omtion-0003-2048x1367.jpg 2048w, https:\/\/eglisecatholiqueniger.org\/wp-content\/uploads\/2024\/03\/omtion-0003-274x183.jpg 274w, https:\/\/eglisecatholiqueniger.org\/wp-content\/uploads\/2024\/03\/omtion-0003-364x245.jpg 364w, https:\/\/eglisecatholiqueniger.org\/wp-content\/uploads\/2024\/03\/omtion-0003-80x54.jpg 80w, https:\/\/eglisecatholiqueniger.org\/wp-content\/uploads\/2024\/03\/omtion-0003-130x87.jpg 130w, https:\/\/eglisecatholiqueniger.org\/wp-content\/uploads\/2024\/03\/omtion-0003-359x240.jpg 359w, https:\/\/eglisecatholiqueniger.org\/wp-content\/uploads\/2024\/03\/omtion-0003-85x57.jpg 85w, https:\/\/eglisecatholiqueniger.org\/wp-content\/uploads\/2024\/03\/omtion-0003-546x365.jpg 546w, https:\/\/eglisecatholiqueniger.org\/wp-content\/uploads\/2024\/03\/omtion-0003-266x179.jpg 266w, https:\/\/eglisecatholiqueniger.org\/wp-content\/uploads\/2024\/03\/omtion-0003-165x109.jpg 165w, https:\/\/eglisecatholiqueniger.org\/wp-content\/uploads\/2024\/03\/omtion-0003-347x233.jpg 347w, https:\/\/eglisecatholiqueniger.org\/wp-content\/uploads\/2024\/03\/omtion-0003-112x75.jpg 112w, https:\/\/eglisecatholiqueniger.org\/wp-content\/uploads\/2024\/03\/omtion-0003-179x120.jpg 179w, https:\/\/eglisecatholiqueniger.org\/wp-content\/uploads\/2024\/03\/omtion-0003-170x113.jpg 170w, https:\/\/eglisecatholiqueniger.org\/wp-content\/uploads\/2024\/03\/omtion-0003-81x55.jpg 81w, https:\/\/eglisecatholiqueniger.org\/wp-content\/uploads\/2024\/03\/omtion-0003-765x510.jpg 765w\" sizes=\"auto, (max-width: 225px) 100vw, 225px\" \/> <img loading=\"lazy\" decoding=\"async\" class=\"alignnone  wp-image-1444\" src=\"http:\/\/eglisecatholiqueniger.org\/wp-content\/uploads\/2024\/03\/0006-300x200.jpg\" alt=\"\" width=\"225\" height=\"150\" srcset=\"https:\/\/eglisecatholiqueniger.org\/wp-content\/uploads\/2024\/03\/0006-300x200.jpg 300w, https:\/\/eglisecatholiqueniger.org\/wp-content\/uploads\/2024\/03\/0006-1024x683.jpg 1024w, https:\/\/eglisecatholiqueniger.org\/wp-content\/uploads\/2024\/03\/0006-768x512.jpg 768w, https:\/\/eglisecatholiqueniger.org\/wp-content\/uploads\/2024\/03\/0006-1536x1025.jpg 1536w, https:\/\/eglisecatholiqueniger.org\/wp-content\/uploads\/2024\/03\/0006-2048x1367.jpg 2048w, https:\/\/eglisecatholiqueniger.org\/wp-content\/uploads\/2024\/03\/0006-274x183.jpg 274w, https:\/\/eglisecatholiqueniger.org\/wp-content\/uploads\/2024\/03\/0006-364x245.jpg 364w, https:\/\/eglisecatholiqueniger.org\/wp-content\/uploads\/2024\/03\/0006-80x54.jpg 80w, https:\/\/eglisecatholiqueniger.org\/wp-content\/uploads\/2024\/03\/0006-130x87.jpg 130w, https:\/\/eglisecatholiqueniger.org\/wp-content\/uploads\/2024\/03\/0006-359x240.jpg 359w, https:\/\/eglisecatholiqueniger.org\/wp-content\/uploads\/2024\/03\/0006-85x57.jpg 85w, https:\/\/eglisecatholiqueniger.org\/wp-content\/uploads\/2024\/03\/0006-546x365.jpg 546w, https:\/\/eglisecatholiqueniger.org\/wp-content\/uploads\/2024\/03\/0006-266x179.jpg 266w, https:\/\/eglisecatholiqueniger.org\/wp-content\/uploads\/2024\/03\/0006-165x109.jpg 165w, https:\/\/eglisecatholiqueniger.org\/wp-content\/uploads\/2024\/03\/0006-347x233.jpg 347w, https:\/\/eglisecatholiqueniger.org\/wp-content\/uploads\/2024\/03\/0006-112x75.jpg 112w, https:\/\/eglisecatholiqueniger.org\/wp-content\/uploads\/2024\/03\/0006-179x120.jpg 179w, https:\/\/eglisecatholiqueniger.org\/wp-content\/uploads\/2024\/03\/0006-170x113.jpg 170w, https:\/\/eglisecatholiqueniger.org\/wp-content\/uploads\/2024\/03\/0006-81x55.jpg 81w, https:\/\/eglisecatholiqueniger.org\/wp-content\/uploads\/2024\/03\/0006-765x510.jpg 765w\" sizes=\"auto, (max-width: 225px) 100vw, 225px\" \/><\/p>\n<p><strong>Je ne saurai terminer ce partage<\/strong> sans exprimer toute ma profonde gratitude \u00e0 vous toutes et tous ici pr\u00e9sents venus de loin et de pr\u00e8s\u00a0:<\/p>\n<p>A notre P\u00e8re Archev\u00eaque, Mgr Laurent LOMPO \u00e0 qui je dis un sinc\u00e8re merci pour son soutien spirituel. Que le Seigneur le b\u00e9nisse et lui redonne la sant\u00e9 pour vivre pleinement et joyeusement sa mission.<\/p>\n<p>A Mgr Ambroise OUEDRAOGO, Ev\u00eaque de Maradi, \u00a0m\u00eame absent mais pr\u00e9sent\u00a0 de c\u0153ur avec nous\u00a0 pour sa pri\u00e8re fervente en ma faveur. Que le Seigneur le comble de ses gr\u00e2ces\u00a0!<\/p>\n<p>A vous cher c\u00e9l\u00e9brant P. Anthony, cher P\u00e8re Mauro, cur\u00e9 de la Communaut\u00e9 Sainte Monique, chers co-c\u00e9l\u00e9brants, je\u00a0\u00a0 merci un sinc\u00e8re pour votre disponibilit\u00e9 malgr\u00e9 vos multiples charges, d\u2019\u00eatre l\u00e0 pour partager cette joie de la fid\u00e9lit\u00e9 de Dieu \u00e0 mon \u00e9gard. Merci. Merci.<\/p>\n<p><img loading=\"lazy\" decoding=\"async\" class=\"alignnone  wp-image-1446\" src=\"http:\/\/eglisecatholiqueniger.org\/wp-content\/uploads\/2024\/03\/0004-300x200.jpg\" alt=\"\" width=\"235\" height=\"156\" srcset=\"https:\/\/eglisecatholiqueniger.org\/wp-content\/uploads\/2024\/03\/0004-300x200.jpg 300w, https:\/\/eglisecatholiqueniger.org\/wp-content\/uploads\/2024\/03\/0004-1024x683.jpg 1024w, https:\/\/eglisecatholiqueniger.org\/wp-content\/uploads\/2024\/03\/0004-768x512.jpg 768w, https:\/\/eglisecatholiqueniger.org\/wp-content\/uploads\/2024\/03\/0004-1536x1025.jpg 1536w, https:\/\/eglisecatholiqueniger.org\/wp-content\/uploads\/2024\/03\/0004-2048x1367.jpg 2048w, https:\/\/eglisecatholiqueniger.org\/wp-content\/uploads\/2024\/03\/0004-274x183.jpg 274w, https:\/\/eglisecatholiqueniger.org\/wp-content\/uploads\/2024\/03\/0004-80x54.jpg 80w, https:\/\/eglisecatholiqueniger.org\/wp-content\/uploads\/2024\/03\/0004-130x87.jpg 130w, https:\/\/eglisecatholiqueniger.org\/wp-content\/uploads\/2024\/03\/0004-359x240.jpg 359w, https:\/\/eglisecatholiqueniger.org\/wp-content\/uploads\/2024\/03\/0004-85x57.jpg 85w, https:\/\/eglisecatholiqueniger.org\/wp-content\/uploads\/2024\/03\/0004-546x365.jpg 546w, https:\/\/eglisecatholiqueniger.org\/wp-content\/uploads\/2024\/03\/0004-165x109.jpg 165w, https:\/\/eglisecatholiqueniger.org\/wp-content\/uploads\/2024\/03\/0004-112x75.jpg 112w, https:\/\/eglisecatholiqueniger.org\/wp-content\/uploads\/2024\/03\/0004-179x120.jpg 179w, https:\/\/eglisecatholiqueniger.org\/wp-content\/uploads\/2024\/03\/0004-170x113.jpg 170w, https:\/\/eglisecatholiqueniger.org\/wp-content\/uploads\/2024\/03\/0004-81x55.jpg 81w, https:\/\/eglisecatholiqueniger.org\/wp-content\/uploads\/2024\/03\/0004-765x510.jpg 765w\" sizes=\"auto, (max-width: 235px) 100vw, 235px\" \/>\u00a0 <img loading=\"lazy\" decoding=\"async\" class=\"alignnone  wp-image-1449\" src=\"http:\/\/eglisecatholiqueniger.org\/wp-content\/uploads\/2024\/03\/0005-1-300x200.jpg\" alt=\"\" width=\"236\" height=\"157\" srcset=\"https:\/\/eglisecatholiqueniger.org\/wp-content\/uploads\/2024\/03\/0005-1-300x200.jpg 300w, https:\/\/eglisecatholiqueniger.org\/wp-content\/uploads\/2024\/03\/0005-1-1024x683.jpg 1024w, https:\/\/eglisecatholiqueniger.org\/wp-content\/uploads\/2024\/03\/0005-1-768x512.jpg 768w, https:\/\/eglisecatholiqueniger.org\/wp-content\/uploads\/2024\/03\/0005-1-1536x1025.jpg 1536w, https:\/\/eglisecatholiqueniger.org\/wp-content\/uploads\/2024\/03\/0005-1-2048x1367.jpg 2048w, https:\/\/eglisecatholiqueniger.org\/wp-content\/uploads\/2024\/03\/0005-1-274x183.jpg 274w, https:\/\/eglisecatholiqueniger.org\/wp-content\/uploads\/2024\/03\/0005-1-80x54.jpg 80w, https:\/\/eglisecatholiqueniger.org\/wp-content\/uploads\/2024\/03\/0005-1-130x87.jpg 130w, https:\/\/eglisecatholiqueniger.org\/wp-content\/uploads\/2024\/03\/0005-1-359x240.jpg 359w, https:\/\/eglisecatholiqueniger.org\/wp-content\/uploads\/2024\/03\/0005-1-85x57.jpg 85w, https:\/\/eglisecatholiqueniger.org\/wp-content\/uploads\/2024\/03\/0005-1-546x365.jpg 546w, https:\/\/eglisecatholiqueniger.org\/wp-content\/uploads\/2024\/03\/0005-1-165x109.jpg 165w, https:\/\/eglisecatholiqueniger.org\/wp-content\/uploads\/2024\/03\/0005-1-347x233.jpg 347w, https:\/\/eglisecatholiqueniger.org\/wp-content\/uploads\/2024\/03\/0005-1-112x75.jpg 112w, https:\/\/eglisecatholiqueniger.org\/wp-content\/uploads\/2024\/03\/0005-1-179x120.jpg 179w, https:\/\/eglisecatholiqueniger.org\/wp-content\/uploads\/2024\/03\/0005-1-170x113.jpg 170w, https:\/\/eglisecatholiqueniger.org\/wp-content\/uploads\/2024\/03\/0005-1-81x55.jpg 81w, https:\/\/eglisecatholiqueniger.org\/wp-content\/uploads\/2024\/03\/0005-1-765x510.jpg 765w\" sizes=\"auto, (max-width: 236px) 100vw, 236px\" \/><\/p>\n<p>A vous tous chers consacr\u00e9s, merci beaucoup pour la fraternit\u00e9. Toute ma gratitude\u00a0 \u00e0 vous tous chers parents, chers fr\u00e8res et s\u0153urs de sainte Monique et venus d\u2019autres paroisses.<\/p>\n<p>A nos amis, nos collaborateurs des Ecoles Mission Catholique et ceux dans la mission au coll\u00e8ge Mariama, \u00a0merci.<\/p>\n<p>Et \u00e0 vous tous particuli\u00e8rement ceux qui ne partagent pas la foi catholique et qui sont l\u00e0 pour nous t\u00e9moigner leur amiti\u00e9, je dis un sinc\u00e8re merci.<\/p>\n<p>Mille mercis \u00e0 tous ceux et celles qui ont contribu\u00e9 d\u2019une mani\u00e8re ou d\u2019une autre en esp\u00e8ce comme en nature, et tous ceux qui ont donn\u00e9 de leur temps, de leur talent \u00e0 tous les niveaux afin que la f\u00eate soit belle, \u00a0les mots me manquent pour vous traduire toute ma reconnaissance.<\/p>\n<p>Que le Seigneur vous rende en b\u00e9n\u00e9diction, tous vos bienfaits et qu\u2019il\u00a0 nous garde toujours dans son amour\u00a0! Je vous remercie.<\/p>\n<p>&nbsp;<\/p>\n<p><img loading=\"lazy\" decoding=\"async\" class=\"alignnone  wp-image-1451\" src=\"http:\/\/eglisecatholiqueniger.org\/wp-content\/uploads\/2024\/03\/00010-300x200.jpg\" alt=\"\" width=\"278\" height=\"185\" srcset=\"https:\/\/eglisecatholiqueniger.org\/wp-content\/uploads\/2024\/03\/00010-300x200.jpg 300w, https:\/\/eglisecatholiqueniger.org\/wp-content\/uploads\/2024\/03\/00010-1024x683.jpg 1024w, https:\/\/eglisecatholiqueniger.org\/wp-content\/uploads\/2024\/03\/00010-768x512.jpg 768w, https:\/\/eglisecatholiqueniger.org\/wp-content\/uploads\/2024\/03\/00010-1536x1025.jpg 1536w, https:\/\/eglisecatholiqueniger.org\/wp-content\/uploads\/2024\/03\/00010-2048x1367.jpg 2048w, https:\/\/eglisecatholiqueniger.org\/wp-content\/uploads\/2024\/03\/00010-274x183.jpg 274w, https:\/\/eglisecatholiqueniger.org\/wp-content\/uploads\/2024\/03\/00010-80x54.jpg 80w, https:\/\/eglisecatholiqueniger.org\/wp-content\/uploads\/2024\/03\/00010-130x87.jpg 130w, https:\/\/eglisecatholiqueniger.org\/wp-content\/uploads\/2024\/03\/00010-359x240.jpg 359w, https:\/\/eglisecatholiqueniger.org\/wp-content\/uploads\/2024\/03\/00010-85x57.jpg 85w, https:\/\/eglisecatholiqueniger.org\/wp-content\/uploads\/2024\/03\/00010-546x365.jpg 546w, https:\/\/eglisecatholiqueniger.org\/wp-content\/uploads\/2024\/03\/00010-165x109.jpg 165w, https:\/\/eglisecatholiqueniger.org\/wp-content\/uploads\/2024\/03\/00010-112x75.jpg 112w, https:\/\/eglisecatholiqueniger.org\/wp-content\/uploads\/2024\/03\/00010-179x120.jpg 179w, https:\/\/eglisecatholiqueniger.org\/wp-content\/uploads\/2024\/03\/00010-170x113.jpg 170w, https:\/\/eglisecatholiqueniger.org\/wp-content\/uploads\/2024\/03\/00010-81x55.jpg 81w, https:\/\/eglisecatholiqueniger.org\/wp-content\/uploads\/2024\/03\/00010-765x510.jpg 765w\" sizes=\"auto, (max-width: 278px) 100vw, 278px\" \/>\u00a0 <img loading=\"lazy\" decoding=\"async\" class=\"alignnone  wp-image-1452\" src=\"http:\/\/eglisecatholiqueniger.org\/wp-content\/uploads\/2024\/03\/0002-300x200.jpg\" alt=\"\" width=\"275\" height=\"183\" srcset=\"https:\/\/eglisecatholiqueniger.org\/wp-content\/uploads\/2024\/03\/0002-300x200.jpg 300w, https:\/\/eglisecatholiqueniger.org\/wp-content\/uploads\/2024\/03\/0002-1024x683.jpg 1024w, https:\/\/eglisecatholiqueniger.org\/wp-content\/uploads\/2024\/03\/0002-768x512.jpg 768w, https:\/\/eglisecatholiqueniger.org\/wp-content\/uploads\/2024\/03\/0002-1536x1025.jpg 1536w, https:\/\/eglisecatholiqueniger.org\/wp-content\/uploads\/2024\/03\/0002-2048x1367.jpg 2048w, https:\/\/eglisecatholiqueniger.org\/wp-content\/uploads\/2024\/03\/0002-274x183.jpg 274w, https:\/\/eglisecatholiqueniger.org\/wp-content\/uploads\/2024\/03\/0002-80x54.jpg 80w, https:\/\/eglisecatholiqueniger.org\/wp-content\/uploads\/2024\/03\/0002-130x87.jpg 130w, https:\/\/eglisecatholiqueniger.org\/wp-content\/uploads\/2024\/03\/0002-359x240.jpg 359w, https:\/\/eglisecatholiqueniger.org\/wp-content\/uploads\/2024\/03\/0002-85x57.jpg 85w, https:\/\/eglisecatholiqueniger.org\/wp-content\/uploads\/2024\/03\/0002-546x365.jpg 546w, https:\/\/eglisecatholiqueniger.org\/wp-content\/uploads\/2024\/03\/0002-165x109.jpg 165w, https:\/\/eglisecatholiqueniger.org\/wp-content\/uploads\/2024\/03\/0002-112x75.jpg 112w, https:\/\/eglisecatholiqueniger.org\/wp-content\/uploads\/2024\/03\/0002-179x120.jpg 179w, https:\/\/eglisecatholiqueniger.org\/wp-content\/uploads\/2024\/03\/0002-170x113.jpg 170w, https:\/\/eglisecatholiqueniger.org\/wp-content\/uploads\/2024\/03\/0002-81x55.jpg 81w, https:\/\/eglisecatholiqueniger.org\/wp-content\/uploads\/2024\/03\/0002-765x510.jpg 765w\" sizes=\"auto, (max-width: 275px) 100vw, 275px\" \/><\/p>\n","protected":false},"excerpt":{"rendered":"<p>je rends gr\u00e2ce au Seigneur en ce jour pour sa voix s\u2019est fait entendre en moi un jour eta trouv\u00e9 une r\u00e9ponse effective le 27 Juin 1998 lors de mes &#8230;<\/p>\n","protected":false},"author":1,"featured_media":0,"comment_status":"open","ping_status":"open","sticky":false,"template":"","format":"standard","meta":{"footnotes":""},"categories":[1],"tags":[],"class_list":["post-1441","post","type-post","status-publish","format-standard","category-non-classe"],"_links":{"self":[{"href":"https:\/\/eglisecatholiqueniger.org\/index.php\/wp-json\/wp\/v2\/posts\/1441","targetHints":{"allow":["GET"]}}],"collection":[{"href":"https:\/\/eglisecatholiqueniger.org\/index.php\/wp-json\/wp\/v2\/posts"}],"about":[{"href":"https:\/\/eglisecatholiqueniger.org\/index.php\/wp-json\/wp\/v2\/types\/post"}],"author":[{"embeddable":true,"href":"https:\/\/eglisecatholiqueniger.org\/index.php\/wp-json\/wp\/v2\/users\/1"}],"replies":[{"embeddable":true,"href":"https:\/\/eglisecatholiqueniger.org\/index.php\/wp-json\/wp\/v2\/comments?post=1441"}],"version-history":[{"count":5,"href":"https:\/\/eglisecatholiqueniger.org\/index.php\/wp-json\/wp\/v2\/posts\/1441\/revisions"}],"predecessor-version":[{"id":1454,"href":"https:\/\/eglisecatholiqueniger.org\/index.php\/wp-json\/wp\/v2\/posts\/1441\/revisions\/1454"}],"wp:attachment":[{"href":"https:\/\/eglisecatholiqueniger.org\/index.php\/wp-json\/wp\/v2\/media?parent=1441"}],"wp:term":[{"taxonomy":"category","embeddable":true,"href":"https:\/\/eglisecatholiqueniger.org\/index.php\/wp-json\/wp\/v2\/categories?post=1441"},{"taxonomy":"post_tag","embeddable":true,"href":"https:\/\/eglisecatholiqueniger.org\/index.php\/wp-json\/wp\/v2\/tags?post=1441"}],"curies":[{"name":"wp","href":"https:\/\/api.w.org\/{rel}","templated":true}]}}