{"id":1513,"date":"2024-04-08T17:29:18","date_gmt":"2024-04-08T15:29:18","guid":{"rendered":"https:\/\/eglisecatholiqueniger.org\/?p=1513"},"modified":"2024-05-11T12:04:08","modified_gmt":"2024-05-11T10:04:08","slug":"des-tenebres-a-la-lumiere","status":"publish","type":"post","link":"https:\/\/eglisecatholiqueniger.org\/index.php\/2024\/04\/08\/des-tenebres-a-la-lumiere\/","title":{"rendered":"Des t\u00e9n\u00e8bres \u00e0 la lumi\u00e8re"},"content":{"rendered":"<p>C\u00e9l\u00e9brer P\u00e2ques\u00a0 c\u2019est quitter les t\u00e9n\u00e8bres de nos vie, pour\u00a0 entrer\u00a0 dans la vie nouvelle qui est celle du chr\u00e9tien. La nuit du 30 mars 2024 a connu la c\u00e9l\u00e9bration de la vigile pascale dans la paroisse Cath\u00e9drale de Niamey au Niger. Cette vigile pascale a \u00e9t\u00e9 c\u00e9l\u00e9br\u00e9e par P\u00e8re cur\u00e9\u00a0 Anthony \u00a0COUDJOFIO\u00a0 assist\u00e9 des vicaires de paroisse.<\/p>\n<p>Au\u00a0 cours de la vigile pascale, 55 fid\u00e8les ont re\u00e7us le sacrement de bapt\u00eame.<\/p>\n<p>De la liturgie de la lumi\u00e8re \u00e0 la liturgie eucharistique en passant\u00a0 par l\u2019\u00e9coute de la parole de Dieu, ce fut\u00a0 une c\u00e9l\u00e9bration d\u2019une vigile pascale riche en symbole et en couleur que les fid\u00e8les de la paroisse cath\u00e9drale ont assist\u00e9 dans la nuit du 30 mars 2024.<\/p>\n<p>Pour manifester leur joie au Christ ressuscit\u00e9 les fid\u00e8les ont chant\u00e9 et dans\u00e9 \u00e0 la gloire de Dieu La c\u00e9l\u00e9bration est achev\u00e9e avec le renvoi des fid\u00e8les par le c\u00e9l\u00e9brant\u00a0 \u00e0 travers la b\u00e9n\u00e9diction solennelle de P\u00e2ques.<\/p>\n\r\n<div class=\"mom_images_grid mom_images_four_cols\">\r\n<ul class=\"galleryslider\"><li class=\"first\"><a href=\"https:\/\/eglisecatholiqueniger.org\/wp-content\/uploads\/2024\/04\/Vi-0001-1-scaled.jpg\" data-title=\"\" title=\"Vi 0001\"><img decoding=\"async\" alt=\"Vi 0001\" src=\"https:\/\/eglisecatholiqueniger.org\/wp-content\/uploads\/2024\/04\/Vi-0001-1-546x365.jpg\"><\/a><\/li><li class=\"\"><a href=\"https:\/\/eglisecatholiqueniger.org\/wp-content\/uploads\/2024\/04\/VI-0002-scaled.jpg\" data-title=\"\u00c9glise Catholique au Niger\" title=\"Vigile pascale\"><img decoding=\"async\" alt=\"Vigile pascale\" src=\"https:\/\/eglisecatholiqueniger.org\/wp-content\/uploads\/2024\/04\/VI-0002-546x365.jpg\"><\/a><\/li><li class=\"\"><a href=\"https:\/\/eglisecatholiqueniger.org\/wp-content\/uploads\/2024\/04\/Vi-0003-scaled.jpg\" data-title=\"\" title=\"Vi 0003\"><img decoding=\"async\" alt=\"Vi 0003\" src=\"https:\/\/eglisecatholiqueniger.org\/wp-content\/uploads\/2024\/04\/Vi-0003-546x365.jpg\"><\/a><\/li><li class=\"last\"><a href=\"https:\/\/eglisecatholiqueniger.org\/wp-content\/uploads\/2024\/04\/Vi-00004-scaled.jpg\" data-title=\"\" title=\"Vi 00004\"><img decoding=\"async\" alt=\"Vi 00004\" src=\"https:\/\/eglisecatholiqueniger.org\/wp-content\/uploads\/2024\/04\/Vi-00004-546x365.jpg\"><\/a><\/li><li class=\"first\"><a href=\"https:\/\/eglisecatholiqueniger.org\/wp-content\/uploads\/2024\/04\/Vi-0006-scaled.jpg\" data-title=\"\" title=\"Vi 0006\"><img decoding=\"async\" alt=\"Vi 0006\" src=\"https:\/\/eglisecatholiqueniger.org\/wp-content\/uploads\/2024\/04\/Vi-0006-546x365.jpg\"><\/a><\/li><li class=\"\"><a href=\"https:\/\/eglisecatholiqueniger.org\/wp-content\/uploads\/2024\/04\/Vi-00011-1-scaled.jpg\" data-title=\"\" title=\"Vi 00011\"><img decoding=\"async\" alt=\"Vi 00011\" src=\"https:\/\/eglisecatholiqueniger.org\/wp-content\/uploads\/2024\/04\/Vi-00011-1-546x365.jpg\"><\/a><\/li><li class=\"\"><a href=\"https:\/\/eglisecatholiqueniger.org\/wp-content\/uploads\/2024\/04\/VI-00012-scaled.jpg\" data-title=\"\" title=\"VI 00012\"><img decoding=\"async\" alt=\"VI 00012\" src=\"https:\/\/eglisecatholiqueniger.org\/wp-content\/uploads\/2024\/04\/VI-00012-546x365.jpg\"><\/a><\/li><li class=\"last\"><a href=\"https:\/\/eglisecatholiqueniger.org\/wp-content\/uploads\/2024\/04\/Vi-0014-scaled.jpg\" data-title=\"\" title=\"Vi 0014\"><img decoding=\"async\" alt=\"Vi 0014\" src=\"https:\/\/eglisecatholiqueniger.org\/wp-content\/uploads\/2024\/04\/Vi-0014-546x365.jpg\"><\/a><\/li><li class=\"first\"><a href=\"https:\/\/eglisecatholiqueniger.org\/wp-content\/uploads\/2024\/04\/Vi-00019-scaled.jpg\" data-title=\"\" title=\"Vi 00019\"><img decoding=\"async\" alt=\"Vi 00019\" src=\"https:\/\/eglisecatholiqueniger.org\/wp-content\/uploads\/2024\/04\/Vi-00019-546x365.jpg\"><\/a><\/li><li class=\"\"><a href=\"https:\/\/eglisecatholiqueniger.org\/wp-content\/uploads\/2024\/04\/VI-0008-scaled.jpg\" data-title=\"\" title=\"VI 0008\"><img decoding=\"async\" alt=\"VI 0008\" src=\"https:\/\/eglisecatholiqueniger.org\/wp-content\/uploads\/2024\/04\/VI-0008-546x365.jpg\"><\/a><\/li><li class=\"\"><a href=\"https:\/\/eglisecatholiqueniger.org\/wp-content\/uploads\/2024\/04\/Vi-00017-scaled.jpg\" data-title=\"\" title=\"Vi 00017\"><img decoding=\"async\" alt=\"Vi 00017\" src=\"https:\/\/eglisecatholiqueniger.org\/wp-content\/uploads\/2024\/04\/Vi-00017-546x365.jpg\"><\/a><\/li><li class=\"last\"><a href=\"https:\/\/eglisecatholiqueniger.org\/wp-content\/uploads\/2024\/04\/Vi-00015-scaled.jpg\" data-title=\"\" title=\"Vi 00015\"><img decoding=\"async\" alt=\"Vi 00015\" src=\"https:\/\/eglisecatholiqueniger.org\/wp-content\/uploads\/2024\/04\/Vi-00015-546x365.jpg\"><\/a><\/li><\/ul><\/div>\r\n\n<p>&nbsp;<\/p>\n<p>&nbsp;<\/p>\n<p>&nbsp;<\/p>\n<p>&nbsp;<\/p>\n","protected":false},"excerpt":{"rendered":"<p>C\u00e9l\u00e9brer P\u00e2ques\u00a0 c\u2019est quitter les t\u00e9n\u00e8bres de nos vie, pour\u00a0 entrer\u00a0 dans la vie nouvelle qui est celle du chr\u00e9tien. La nuit du 30 mars 2024 a connu la c\u00e9l\u00e9bration &#8230;<\/p>\n","protected":false},"author":1,"featured_media":0,"comment_status":"open","ping_status":"open","sticky":false,"template":"","format":"standard","meta":{"footnotes":""},"categories":[1],"tags":[],"class_list":["post-1513","post","type-post","status-publish","format-standard","category-non-classe"],"_links":{"self":[{"href":"https:\/\/eglisecatholiqueniger.org\/index.php\/wp-json\/wp\/v2\/posts\/1513","targetHints":{"allow":["GET"]}}],"collection":[{"href":"https:\/\/eglisecatholiqueniger.org\/index.php\/wp-json\/wp\/v2\/posts"}],"about":[{"href":"https:\/\/eglisecatholiqueniger.org\/index.php\/wp-json\/wp\/v2\/types\/post"}],"author":[{"embeddable":true,"href":"https:\/\/eglisecatholiqueniger.org\/index.php\/wp-json\/wp\/v2\/users\/1"}],"replies":[{"embeddable":true,"href":"https:\/\/eglisecatholiqueniger.org\/index.php\/wp-json\/wp\/v2\/comments?post=1513"}],"version-history":[{"count":13,"href":"https:\/\/eglisecatholiqueniger.org\/index.php\/wp-json\/wp\/v2\/posts\/1513\/revisions"}],"predecessor-version":[{"id":1558,"href":"https:\/\/eglisecatholiqueniger.org\/index.php\/wp-json\/wp\/v2\/posts\/1513\/revisions\/1558"}],"wp:attachment":[{"href":"https:\/\/eglisecatholiqueniger.org\/index.php\/wp-json\/wp\/v2\/media?parent=1513"}],"wp:term":[{"taxonomy":"category","embeddable":true,"href":"https:\/\/eglisecatholiqueniger.org\/index.php\/wp-json\/wp\/v2\/categories?post=1513"},{"taxonomy":"post_tag","embeddable":true,"href":"https:\/\/eglisecatholiqueniger.org\/index.php\/wp-json\/wp\/v2\/tags?post=1513"}],"curies":[{"name":"wp","href":"https:\/\/api.w.org\/{rel}","templated":true}]}}