{"id":1562,"date":"2024-05-21T10:30:45","date_gmt":"2024-05-21T08:30:45","guid":{"rendered":"https:\/\/eglisecatholiqueniger.org\/?p=1562"},"modified":"2024-05-21T10:30:45","modified_gmt":"2024-05-21T08:30:45","slug":"deuxieme-edition-de-la-journee-diocesaine-de-la-catechese","status":"publish","type":"post","link":"https:\/\/eglisecatholiqueniger.org\/index.php\/2024\/05\/21\/deuxieme-edition-de-la-journee-diocesaine-de-la-catechese\/","title":{"rendered":"Deuxi\u00e8me \u00e9dition de la Journ\u00e9e Dioc\u00e9saine de la Cat\u00e9ch\u00e8se"},"content":{"rendered":"<p>La Commission Dioc\u00e9saine de la Cat\u00e9ch\u00e8se, en collaboration avec tous les cat\u00e9chistes de l\u2019Archidioc\u00e8se de Niamey a organis\u00e9 le 12 mai 2024, la deuxi\u00e8me \u00e9dition de la Journ\u00e9e Dioc\u00e9saine de la Cat\u00e9ch\u00e8se \u00ab\u00a0J.D.C. 2024\u00a0\u00bb plac\u00e9e sous le Th\u00e8me\u00a0: <strong>\u00ab\u00a0Ensemble engageons-nous pour une Cat\u00e9ch\u00e8se qui forme et transforme\u00a0\u00bb.<\/strong><\/p>\n<p><strong>Les objectifs vis\u00e9s \u00e0 travers cette 2<sup>e<\/sup> \u00e9dition est de\u00a0:<\/strong><\/p>\n<ul>\n<li>Sensibiliser les chr\u00e9tiens, les familles et les communaut\u00e9s chr\u00e9tiennes sur la valeur et l\u2019importance de la cat\u00e9ch\u00e8se.<\/li>\n<li>Inviter les chr\u00e9tiens, les familles et les communaut\u00e9s chr\u00e9tiennes \u00e0 s\u2019impliquer davantage dans la cat\u00e9ch\u00e8se.<\/li>\n<li>Prendre au s\u00e9rieux l\u2019engagement de l\u2019enseignement cat\u00e9ch\u00e9tique.<\/li>\n<\/ul>\n<p>Le dimanche 12 mai il y a eu la C\u00e9l\u00e9bration Eucharistique pr\u00e9sid\u00e9e par le Vicaire G\u00e9n\u00e9ral P\u00e8re Anthony COUDJOFIO entour\u00e9 de certains pr\u00eatres du dioc\u00e8se. Au cours de cette c\u00e9l\u00e9bration, il y a eu \u00a0la procession de la Parole de Dieu, qui a \u00e9t\u00e9 chant\u00e9 au cours de la messe dans l\u2019une des langues du pays\u00a0: le gourmacema. Les cat\u00e9chistes ont aussi fait m\u00e9moire des cat\u00e9chistes d\u00e9funts et ont apport\u00e9 en procession des bougies devant l\u2019h\u00f4tel pour les honorer. Une intention particuli\u00e8re pour Monseigneur Laurent LOMPO et aussi pour les chr\u00e9tiens qui vivent dans les zones d\u2019ins\u00e9curit\u00e9.<\/p>\n<p>Apr\u00e8s la messe, des festivit\u00e9s de r\u00e9jouissance ont \u00e9t\u00e9 organis\u00e9es au sein de la Paroisse Cath\u00e9drale Notre Dame du Perp\u00e9tuel Secours (NDPS) de Niamey. Chaque paroisse a pr\u00e9sent\u00e9 une animation des chants, des danses\u00a0; des th\u00e9\u00e2tres etc. Il y a eu \u00e9galement des Jeux concours sur la cat\u00e9ch\u00e8se avec des prix, des enveloppes surprises\u00a0; la vente de repas, de boissons dont les b\u00e9n\u00e9fices ont \u00e9t\u00e9 vers\u00e9s dans le compte de la cat\u00e9ch\u00e8se.<\/p>\n<blockquote><p>\u00ab\u00a0S\u2019il est une chose qui vaille la peine d\u2019\u00eatre exp\u00e9riment\u00e9e en ces moments difficiles, c\u2019est que chaque fid\u00e8le chr\u00e9tien, chaque famille chr\u00e9tienne, chaque communaut\u00e9 chr\u00e9tienne, ressente l\u2019Amour de Dieu \u00e0 travers la beaut\u00e9, la profondeur et les bienfaits de la cat\u00e9ch\u00e8se, et s\u2019engage, avec les autres, \u00e0 diffuser ce bonheur. Marchons ensemble pour la transformation de notre milieu\u00a0!\u00a0\u00bb<\/p><\/blockquote>\n\r\n<div class=\"mom_images_grid mom_images_four_cols\">\r\n<ul class=\"galleryslider\"><li class=\"first\"><a href=\"https:\/\/eglisecatholiqueniger.org\/wp-content\/uploads\/2024\/05\/JDC-12-05-2024-1.jpg\" data-title=\"\" title=\"Journ\u00e9e Dioc\u00e9saine de la Cat\u00e9ch\u00e8se\"><img decoding=\"async\" alt=\"Journ\u00e9e Dioc\u00e9saine de la Cat\u00e9ch\u00e8se\" src=\"https:\/\/eglisecatholiqueniger.org\/wp-content\/uploads\/2024\/05\/JDC-12-05-2024-1-546x365.jpg\"><\/a><\/li><li class=\"\"><a href=\"https:\/\/eglisecatholiqueniger.org\/wp-content\/uploads\/2024\/05\/JDC-12-05-2024-2.jpg\" data-title=\"\" title=\"JDC 12 05 2024 (2)\"><img decoding=\"async\" alt=\"JDC 12 05 2024 (2)\" src=\"https:\/\/eglisecatholiqueniger.org\/wp-content\/uploads\/2024\/05\/JDC-12-05-2024-2-546x365.jpg\"><\/a><\/li><li class=\"\"><a href=\"https:\/\/eglisecatholiqueniger.org\/wp-content\/uploads\/2024\/05\/JDC-12-05-2024-3.jpg\" data-title=\"\" title=\"JDC 12 05 2024 (3)\"><img decoding=\"async\" alt=\"JDC 12 05 2024 (3)\" src=\"https:\/\/eglisecatholiqueniger.org\/wp-content\/uploads\/2024\/05\/JDC-12-05-2024-3-546x365.jpg\"><\/a><\/li><li class=\"last\"><a href=\"https:\/\/eglisecatholiqueniger.org\/wp-content\/uploads\/2024\/05\/JDC-12-05-2024-4.jpg\" data-title=\"\" title=\"JDC 12 05 2024 (4)\"><img decoding=\"async\" alt=\"JDC 12 05 2024 (4)\" src=\"https:\/\/eglisecatholiqueniger.org\/wp-content\/uploads\/2024\/05\/JDC-12-05-2024-4-546x365.jpg\"><\/a><\/li><li class=\"first\"><a href=\"https:\/\/eglisecatholiqueniger.org\/wp-content\/uploads\/2024\/05\/JDC-12-05-2024-5.jpg\" data-title=\"\" title=\"JDC 12 05 2024 (5)\"><img decoding=\"async\" alt=\"JDC 12 05 2024 (5)\" src=\"https:\/\/eglisecatholiqueniger.org\/wp-content\/uploads\/2024\/05\/JDC-12-05-2024-5-546x365.jpg\"><\/a><\/li><li class=\"\"><a href=\"https:\/\/eglisecatholiqueniger.org\/wp-content\/uploads\/2024\/05\/JDC-12-05-2024-6.jpg\" data-title=\"\" title=\"JDC 12 05 2024 (6)\"><img decoding=\"async\" alt=\"JDC 12 05 2024 (6)\" src=\"https:\/\/eglisecatholiqueniger.org\/wp-content\/uploads\/2024\/05\/JDC-12-05-2024-6-546x365.jpg\"><\/a><\/li><li class=\"\"><a href=\"https:\/\/eglisecatholiqueniger.org\/wp-content\/uploads\/2024\/05\/JDC-12-05-2024-7.jpg\" data-title=\"\" title=\"JDC 12 05 2024 (7)\"><img decoding=\"async\" alt=\"JDC 12 05 2024 (7)\" src=\"https:\/\/eglisecatholiqueniger.org\/wp-content\/uploads\/2024\/05\/JDC-12-05-2024-7-546x365.jpg\"><\/a><\/li><li class=\"last\"><a href=\"https:\/\/eglisecatholiqueniger.org\/wp-content\/uploads\/2024\/05\/JDC-12-05-2024-8.jpg\" data-title=\"\" title=\"JDC 12 05 2024 (8)\"><img decoding=\"async\" alt=\"JDC 12 05 2024 (8)\" src=\"https:\/\/eglisecatholiqueniger.org\/wp-content\/uploads\/2024\/05\/JDC-12-05-2024-8-546x365.jpg\"><\/a><\/li><li class=\"first\"><a href=\"https:\/\/eglisecatholiqueniger.org\/wp-content\/uploads\/2024\/05\/JDC-12-05-2024-9.jpg\" data-title=\"\" title=\"JDC 12 05 2024 (9)\"><img decoding=\"async\" alt=\"JDC 12 05 2024 (9)\" src=\"https:\/\/eglisecatholiqueniger.org\/wp-content\/uploads\/2024\/05\/JDC-12-05-2024-9-546x365.jpg\"><\/a><\/li><li class=\"\"><a href=\"https:\/\/eglisecatholiqueniger.org\/wp-content\/uploads\/2024\/05\/JDC-12-05-2024-10.jpg\" data-title=\"\" title=\"JDC 12 05 2024 (10)\"><img decoding=\"async\" alt=\"JDC 12 05 2024 (10)\" src=\"https:\/\/eglisecatholiqueniger.org\/wp-content\/uploads\/2024\/05\/JDC-12-05-2024-10-546x365.jpg\"><\/a><\/li><li class=\"\"><a href=\"https:\/\/eglisecatholiqueniger.org\/wp-content\/uploads\/2024\/05\/JDC-12-05-2024-11.jpg\" data-title=\"\" title=\"JDC 12 05 2024 (11)\"><img decoding=\"async\" alt=\"JDC 12 05 2024 (11)\" src=\"https:\/\/eglisecatholiqueniger.org\/wp-content\/uploads\/2024\/05\/JDC-12-05-2024-11-546x365.jpg\"><\/a><\/li><li class=\"last\"><a href=\"https:\/\/eglisecatholiqueniger.org\/wp-content\/uploads\/2024\/05\/JDC-12-05-2024-12.jpg\" data-title=\"\" title=\"JDC 12 05 2024 (12)\"><img decoding=\"async\" alt=\"JDC 12 05 2024 (12)\" src=\"https:\/\/eglisecatholiqueniger.org\/wp-content\/uploads\/2024\/05\/JDC-12-05-2024-12-546x365.jpg\"><\/a><\/li><li class=\"first\"><a href=\"https:\/\/eglisecatholiqueniger.org\/wp-content\/uploads\/2024\/05\/JDC-12-05-2024-13.jpg\" data-title=\"\" title=\"JDC 12 05 2024 (13)\"><img decoding=\"async\" alt=\"JDC 12 05 2024 (13)\" src=\"https:\/\/eglisecatholiqueniger.org\/wp-content\/uploads\/2024\/05\/JDC-12-05-2024-13-546x365.jpg\"><\/a><\/li><li class=\"\"><a href=\"https:\/\/eglisecatholiqueniger.org\/wp-content\/uploads\/2024\/05\/JDC-12-05-2024-14.jpg\" data-title=\"\" title=\"JDC 12 05 2024 (14)\"><img decoding=\"async\" alt=\"JDC 12 05 2024 (14)\" src=\"https:\/\/eglisecatholiqueniger.org\/wp-content\/uploads\/2024\/05\/JDC-12-05-2024-14-546x365.jpg\"><\/a><\/li><li class=\"\"><a href=\"https:\/\/eglisecatholiqueniger.org\/wp-content\/uploads\/2024\/05\/JDC-12-05-2024-15.jpg\" data-title=\"\" title=\"JDC 12 05 2024 (15)\"><img decoding=\"async\" alt=\"JDC 12 05 2024 (15)\" src=\"https:\/\/eglisecatholiqueniger.org\/wp-content\/uploads\/2024\/05\/JDC-12-05-2024-15-546x365.jpg\"><\/a><\/li><li class=\"last\"><a href=\"https:\/\/eglisecatholiqueniger.org\/wp-content\/uploads\/2024\/05\/JDC-12-05-2024-16.jpg\" data-title=\"\" title=\"JDC 12 05 2024 (16)\"><img decoding=\"async\" alt=\"JDC 12 05 2024 (16)\" src=\"https:\/\/eglisecatholiqueniger.org\/wp-content\/uploads\/2024\/05\/JDC-12-05-2024-16-546x365.jpg\"><\/a><\/li><li class=\"first\"><a href=\"https:\/\/eglisecatholiqueniger.org\/wp-content\/uploads\/2024\/05\/JDC-12-05-2024-17.jpg\" data-title=\"\" title=\"JDC 12 05 2024 (17)\"><img decoding=\"async\" alt=\"JDC 12 05 2024 (17)\" src=\"https:\/\/eglisecatholiqueniger.org\/wp-content\/uploads\/2024\/05\/JDC-12-05-2024-17-546x365.jpg\"><\/a><\/li><li class=\"\"><a href=\"https:\/\/eglisecatholiqueniger.org\/wp-content\/uploads\/2024\/05\/JDC-12-05-2024-18.jpg\" data-title=\"\" title=\"JDC 12 05 2024 (18)\"><img decoding=\"async\" alt=\"JDC 12 05 2024 (18)\" src=\"https:\/\/eglisecatholiqueniger.org\/wp-content\/uploads\/2024\/05\/JDC-12-05-2024-18-546x365.jpg\"><\/a><\/li><li class=\"\"><a href=\"https:\/\/eglisecatholiqueniger.org\/wp-content\/uploads\/2024\/05\/JDC-12-05-2024-19.jpg\" data-title=\"\" title=\"JDC 12 05 2024 (19)\"><img decoding=\"async\" alt=\"JDC 12 05 2024 (19)\" src=\"https:\/\/eglisecatholiqueniger.org\/wp-content\/uploads\/2024\/05\/JDC-12-05-2024-19-546x365.jpg\"><\/a><\/li><\/ul><\/div>\r\n\n","protected":false},"excerpt":{"rendered":"<p>La Commission Dioc\u00e9saine de la Cat\u00e9ch\u00e8se, en collaboration avec tous les cat\u00e9chistes de l\u2019Archidioc\u00e8se de Niamey a organis\u00e9 le 12 mai 2024, la deuxi\u00e8me \u00e9dition de la Journ\u00e9e Dioc\u00e9saine de &#8230;<\/p>\n","protected":false},"author":2,"featured_media":0,"comment_status":"open","ping_status":"open","sticky":false,"template":"","format":"standard","meta":{"footnotes":""},"categories":[1],"tags":[],"class_list":["post-1562","post","type-post","status-publish","format-standard","category-non-classe"],"_links":{"self":[{"href":"https:\/\/eglisecatholiqueniger.org\/index.php\/wp-json\/wp\/v2\/posts\/1562","targetHints":{"allow":["GET"]}}],"collection":[{"href":"https:\/\/eglisecatholiqueniger.org\/index.php\/wp-json\/wp\/v2\/posts"}],"about":[{"href":"https:\/\/eglisecatholiqueniger.org\/index.php\/wp-json\/wp\/v2\/types\/post"}],"author":[{"embeddable":true,"href":"https:\/\/eglisecatholiqueniger.org\/index.php\/wp-json\/wp\/v2\/users\/2"}],"replies":[{"embeddable":true,"href":"https:\/\/eglisecatholiqueniger.org\/index.php\/wp-json\/wp\/v2\/comments?post=1562"}],"version-history":[{"count":1,"href":"https:\/\/eglisecatholiqueniger.org\/index.php\/wp-json\/wp\/v2\/posts\/1562\/revisions"}],"predecessor-version":[{"id":1582,"href":"https:\/\/eglisecatholiqueniger.org\/index.php\/wp-json\/wp\/v2\/posts\/1562\/revisions\/1582"}],"wp:attachment":[{"href":"https:\/\/eglisecatholiqueniger.org\/index.php\/wp-json\/wp\/v2\/media?parent=1562"}],"wp:term":[{"taxonomy":"category","embeddable":true,"href":"https:\/\/eglisecatholiqueniger.org\/index.php\/wp-json\/wp\/v2\/categories?post=1562"},{"taxonomy":"post_tag","embeddable":true,"href":"https:\/\/eglisecatholiqueniger.org\/index.php\/wp-json\/wp\/v2\/tags?post=1562"}],"curies":[{"name":"wp","href":"https:\/\/api.w.org\/{rel}","templated":true}]}}