{"id":1584,"date":"2024-05-30T12:51:51","date_gmt":"2024-05-30T10:51:51","guid":{"rendered":"https:\/\/eglisecatholiqueniger.org\/?p=1584"},"modified":"2024-05-30T12:51:51","modified_gmt":"2024-05-30T10:51:51","slug":"larchidiocese-de-niamey-celebre-le-sacrement-de-la-confirmation-au-niveau-sectoriel","status":"publish","type":"post","link":"https:\/\/eglisecatholiqueniger.org\/index.php\/2024\/05\/30\/larchidiocese-de-niamey-celebre-le-sacrement-de-la-confirmation-au-niveau-sectoriel\/","title":{"rendered":"L\u2019Archidioc\u00e8se de Niamey c\u00e9l\u00e8bre le Sacrement de la Confirmation au niveau sectoriel"},"content":{"rendered":"<p><strong>En cette ann\u00e9e pastorale 2023-2024, les agents pastoraux du Secteur Centre, c\u2019est-\u00e0-dire des paroisses de la ville de Niamey ont d\u00e9cid\u00e9 de c\u00e9l\u00e9brer le Sacrement de la Confirmation au niveau sectoriel.<\/strong><\/p>\n<p>Le samedi 18 mai, tous les confirmands se sont regroup\u00e9s \u00e0 la paroisse St Paul de Harobanda pour recevoir le Sacrement de la Confirmation.<\/p>\n<p>Au total 202 confirmands inscrits entour\u00e9s de leurs parents, amis, des fid\u00e8les des paroisses de Niamey ainsi que les agents pastoraux du secteur de Niamey ont v\u00e9cu une c\u00e9l\u00e9bration riche et belle. La messe a \u00e9t\u00e9 pr\u00e9sid\u00e9e par le Vicaire G\u00e9n\u00e9ral, le P\u00e8re Anthony COUDJOFIO qui a re\u00e7u un mandat sp\u00e9cial de Monseigneur Laurent LOMPO pour administrer le Sacrement de la Confirmation \u00e0 ces jeunes et adultes.<\/p>\n<blockquote><p>D\u00e9sormais ces confirm\u00e9s sont des adules dans la foi chr\u00e9tienne Catholique et doivent tous s\u2019engager dans un des groupes ou choisir une spiritualit\u00e9 \u00e0 vivre pour continue \u00e0 nourrir leur foi chr\u00e9tienne et ne pas s\u2019isoler.<\/p><\/blockquote>\n<p>Afin de pr\u00e9parer cet \u00e9v\u00e8nement, la semaine du 12 au 17 mai dans toutes les paroisses ces confirmands ont eu trois jours de r\u00e9collection pour se pr\u00e9parer spirituellement pour la r\u00e9ception du Sacrement.<\/p>\n\r\n<div class=\"mom_images_grid mom_images_four_cols\">\r\n<ul class=\"galleryslider\"><li class=\"first\"><a href=\"https:\/\/eglisecatholiqueniger.org\/wp-content\/uploads\/2024\/05\/CONFIRMATION-18-05-2024-1.jpg\" data-title=\"\" title=\"Confirmation sectorielle\"><img decoding=\"async\" alt=\"Confirmation sectorielle\" src=\"https:\/\/eglisecatholiqueniger.org\/wp-content\/uploads\/2024\/05\/CONFIRMATION-18-05-2024-1-546x365.jpg\"><\/a><\/li><li class=\"\"><a href=\"https:\/\/eglisecatholiqueniger.org\/wp-content\/uploads\/2024\/05\/CONFIRMATION-18-05-2024-2.jpg\" data-title=\"\" title=\"CONFIRMATION-18-05-2024-(2)\"><img decoding=\"async\" alt=\"CONFIRMATION-18-05-2024-(2)\" src=\"https:\/\/eglisecatholiqueniger.org\/wp-content\/uploads\/2024\/05\/CONFIRMATION-18-05-2024-2-546x365.jpg\"><\/a><\/li><li class=\"\"><a href=\"https:\/\/eglisecatholiqueniger.org\/wp-content\/uploads\/2024\/05\/CONFIRMATION-18-05-2024-3.jpg\" data-title=\"\" title=\"CONFIRMATION-18-05-2024-(3)\"><img decoding=\"async\" alt=\"CONFIRMATION-18-05-2024-(3)\" src=\"https:\/\/eglisecatholiqueniger.org\/wp-content\/uploads\/2024\/05\/CONFIRMATION-18-05-2024-3-546x365.jpg\"><\/a><\/li><li class=\"last\"><a href=\"https:\/\/eglisecatholiqueniger.org\/wp-content\/uploads\/2024\/05\/CONFIRMATION-18-05-2024-4.jpg\" data-title=\"\" title=\"CONFIRMATION-18-05-2024-(4)\"><img decoding=\"async\" alt=\"CONFIRMATION-18-05-2024-(4)\" src=\"https:\/\/eglisecatholiqueniger.org\/wp-content\/uploads\/2024\/05\/CONFIRMATION-18-05-2024-4-546x365.jpg\"><\/a><\/li><li class=\"first\"><a href=\"https:\/\/eglisecatholiqueniger.org\/wp-content\/uploads\/2024\/05\/CONFIRMATION-18-05-2024-5.jpg\" data-title=\"\" title=\"CONFIRMATION-18-05-2024-(5)\"><img decoding=\"async\" alt=\"CONFIRMATION-18-05-2024-(5)\" src=\"https:\/\/eglisecatholiqueniger.org\/wp-content\/uploads\/2024\/05\/CONFIRMATION-18-05-2024-5-546x365.jpg\"><\/a><\/li><li class=\"\"><a href=\"https:\/\/eglisecatholiqueniger.org\/wp-content\/uploads\/2024\/05\/CONFIRMATION-18-05-2024-6.jpg\" data-title=\"\" title=\"CONFIRMATION-18-05-2024-(6)\"><img decoding=\"async\" alt=\"CONFIRMATION-18-05-2024-(6)\" src=\"https:\/\/eglisecatholiqueniger.org\/wp-content\/uploads\/2024\/05\/CONFIRMATION-18-05-2024-6-546x365.jpg\"><\/a><\/li><li class=\"\"><a href=\"https:\/\/eglisecatholiqueniger.org\/wp-content\/uploads\/2024\/05\/CONFIRMATION-18-05-2024-7.jpg\" data-title=\"\" title=\"CONFIRMATION-18-05-2024-(7)\"><img decoding=\"async\" alt=\"CONFIRMATION-18-05-2024-(7)\" src=\"https:\/\/eglisecatholiqueniger.org\/wp-content\/uploads\/2024\/05\/CONFIRMATION-18-05-2024-7-546x365.jpg\"><\/a><\/li><li class=\"last\"><a href=\"https:\/\/eglisecatholiqueniger.org\/wp-content\/uploads\/2024\/05\/CONFIRMATION-18-05-2024-8.jpg\" data-title=\"\" title=\"CONFIRMATION-18-05-2024-(8)\"><img decoding=\"async\" alt=\"CONFIRMATION-18-05-2024-(8)\" src=\"https:\/\/eglisecatholiqueniger.org\/wp-content\/uploads\/2024\/05\/CONFIRMATION-18-05-2024-8-546x365.jpg\"><\/a><\/li><li class=\"first\"><a href=\"https:\/\/eglisecatholiqueniger.org\/wp-content\/uploads\/2024\/05\/CONFIRMATION-18-05-2024-9.jpg\" data-title=\"\" title=\"CONFIRMATION-18-05-2024-(9)\"><img decoding=\"async\" alt=\"CONFIRMATION-18-05-2024-(9)\" src=\"https:\/\/eglisecatholiqueniger.org\/wp-content\/uploads\/2024\/05\/CONFIRMATION-18-05-2024-9-546x365.jpg\"><\/a><\/li><li class=\"\"><a href=\"https:\/\/eglisecatholiqueniger.org\/wp-content\/uploads\/2024\/05\/CONFIRMATION-18-05-2024-10.jpg\" data-title=\"\" title=\"CONFIRMATION-18-05-2024-(10)\"><img decoding=\"async\" alt=\"CONFIRMATION-18-05-2024-(10)\" src=\"https:\/\/eglisecatholiqueniger.org\/wp-content\/uploads\/2024\/05\/CONFIRMATION-18-05-2024-10-546x365.jpg\"><\/a><\/li><li class=\"\"><a href=\"https:\/\/eglisecatholiqueniger.org\/wp-content\/uploads\/2024\/05\/CONFIRMATION-18-05-2024-11.jpg\" data-title=\"\" title=\"CONFIRMATION-18-05-2024-(11)\"><img decoding=\"async\" alt=\"CONFIRMATION-18-05-2024-(11)\" src=\"https:\/\/eglisecatholiqueniger.org\/wp-content\/uploads\/2024\/05\/CONFIRMATION-18-05-2024-11-546x365.jpg\"><\/a><\/li><li class=\"last\"><a href=\"https:\/\/eglisecatholiqueniger.org\/wp-content\/uploads\/2024\/05\/CONFIRMATION-18-05-2024-12.jpg\" data-title=\"\" title=\"CONFIRMATION-18-05-2024-(12)\"><img decoding=\"async\" alt=\"CONFIRMATION-18-05-2024-(12)\" src=\"https:\/\/eglisecatholiqueniger.org\/wp-content\/uploads\/2024\/05\/CONFIRMATION-18-05-2024-12-546x365.jpg\"><\/a><\/li><li class=\"first\"><a href=\"https:\/\/eglisecatholiqueniger.org\/wp-content\/uploads\/2024\/05\/CONFIRMATION-18-05-2024-13.jpg\" data-title=\"\" title=\"CONFIRMATION-18-05-2024-(13)\"><img decoding=\"async\" alt=\"CONFIRMATION-18-05-2024-(13)\" src=\"https:\/\/eglisecatholiqueniger.org\/wp-content\/uploads\/2024\/05\/CONFIRMATION-18-05-2024-13-546x365.jpg\"><\/a><\/li><li class=\"\"><a href=\"https:\/\/eglisecatholiqueniger.org\/wp-content\/uploads\/2024\/05\/CONFIRMATION-18-05-2024-14.jpg\" data-title=\"\" title=\"CONFIRMATION-18-05-2024-(14)\"><img decoding=\"async\" alt=\"CONFIRMATION-18-05-2024-(14)\" src=\"https:\/\/eglisecatholiqueniger.org\/wp-content\/uploads\/2024\/05\/CONFIRMATION-18-05-2024-14-546x365.jpg\"><\/a><\/li><li class=\"\"><a href=\"https:\/\/eglisecatholiqueniger.org\/wp-content\/uploads\/2024\/05\/CONFIRMATION-18-05-2024-15.jpg\" data-title=\"\" title=\"CONFIRMATION-18-05-2024-(15)\"><img decoding=\"async\" alt=\"CONFIRMATION-18-05-2024-(15)\" src=\"https:\/\/eglisecatholiqueniger.org\/wp-content\/uploads\/2024\/05\/CONFIRMATION-18-05-2024-15-546x365.jpg\"><\/a><\/li><li class=\"last\"><a href=\"https:\/\/eglisecatholiqueniger.org\/wp-content\/uploads\/2024\/05\/CONFIRMATION-18-05-2024-16.jpg\" data-title=\"\" title=\"CONFIRMATION-18-05-2024-(16)\"><img decoding=\"async\" alt=\"CONFIRMATION-18-05-2024-(16)\" src=\"https:\/\/eglisecatholiqueniger.org\/wp-content\/uploads\/2024\/05\/CONFIRMATION-18-05-2024-16-546x365.jpg\"><\/a><\/li><li class=\"first\"><a href=\"https:\/\/eglisecatholiqueniger.org\/wp-content\/uploads\/2024\/05\/CONFIRMATION-18-05-2024-17.jpg\" data-title=\"\" title=\"CONFIRMATION-18-05-2024-(17)\"><img decoding=\"async\" alt=\"CONFIRMATION-18-05-2024-(17)\" src=\"https:\/\/eglisecatholiqueniger.org\/wp-content\/uploads\/2024\/05\/CONFIRMATION-18-05-2024-17-546x365.jpg\"><\/a><\/li><\/ul><\/div>\r\n\n","protected":false},"excerpt":{"rendered":"<p>En cette ann\u00e9e pastorale 2023-2024, les agents pastoraux du Secteur Centre, c\u2019est-\u00e0-dire des paroisses de la ville de Niamey ont d\u00e9cid\u00e9 de c\u00e9l\u00e9brer le Sacrement de la Confirmation au niveau &#8230;<\/p>\n","protected":false},"author":2,"featured_media":0,"comment_status":"open","ping_status":"open","sticky":false,"template":"","format":"standard","meta":{"footnotes":""},"categories":[1],"tags":[],"class_list":["post-1584","post","type-post","status-publish","format-standard","category-non-classe"],"_links":{"self":[{"href":"https:\/\/eglisecatholiqueniger.org\/index.php\/wp-json\/wp\/v2\/posts\/1584","targetHints":{"allow":["GET"]}}],"collection":[{"href":"https:\/\/eglisecatholiqueniger.org\/index.php\/wp-json\/wp\/v2\/posts"}],"about":[{"href":"https:\/\/eglisecatholiqueniger.org\/index.php\/wp-json\/wp\/v2\/types\/post"}],"author":[{"embeddable":true,"href":"https:\/\/eglisecatholiqueniger.org\/index.php\/wp-json\/wp\/v2\/users\/2"}],"replies":[{"embeddable":true,"href":"https:\/\/eglisecatholiqueniger.org\/index.php\/wp-json\/wp\/v2\/comments?post=1584"}],"version-history":[{"count":1,"href":"https:\/\/eglisecatholiqueniger.org\/index.php\/wp-json\/wp\/v2\/posts\/1584\/revisions"}],"predecessor-version":[{"id":1602,"href":"https:\/\/eglisecatholiqueniger.org\/index.php\/wp-json\/wp\/v2\/posts\/1584\/revisions\/1602"}],"wp:attachment":[{"href":"https:\/\/eglisecatholiqueniger.org\/index.php\/wp-json\/wp\/v2\/media?parent=1584"}],"wp:term":[{"taxonomy":"category","embeddable":true,"href":"https:\/\/eglisecatholiqueniger.org\/index.php\/wp-json\/wp\/v2\/categories?post=1584"},{"taxonomy":"post_tag","embeddable":true,"href":"https:\/\/eglisecatholiqueniger.org\/index.php\/wp-json\/wp\/v2\/tags?post=1584"}],"curies":[{"name":"wp","href":"https:\/\/api.w.org\/{rel}","templated":true}]}}