{"id":1603,"date":"2024-05-31T13:04:19","date_gmt":"2024-05-31T11:04:19","guid":{"rendered":"https:\/\/eglisecatholiqueniger.org\/?p=1603"},"modified":"2024-05-31T13:04:19","modified_gmt":"2024-05-31T11:04:19","slug":"les-femmes-catholiques-de-larchidiocese-de-niamey-celebrent-la-journee-de-la-femme-nigerienne","status":"publish","type":"post","link":"https:\/\/eglisecatholiqueniger.org\/index.php\/2024\/05\/31\/les-femmes-catholiques-de-larchidiocese-de-niamey-celebrent-la-journee-de-la-femme-nigerienne\/","title":{"rendered":"Les femmes catholiques de l\u2019Archidioc\u00e8se de Niamey c\u00e9l\u00e8brent la Journ\u00e9e de la Femme Nig\u00e9rienne"},"content":{"rendered":"<p><strong>Venues de toutes les paroisses de l\u2019Archidioc\u00e8se de Niamey, les femmes catholiques se sont retrouv\u00e9es \u00e0 Niamey les 24, 25 et 26 mai 2024, pour c\u00e9l\u00e9brer, en diff\u00e9r\u00e9, la Journ\u00e9e de la Femme Nig\u00e9rienne, f\u00eat\u00e9e quelques jours plus t\u00f4t, le 13 mai. <\/strong><\/p>\n<p>Vendredi 24 mai. Il est 14h, lorsque les d\u00e9l\u00e9gations commencent \u00e0 arriver et \u00e0 s\u2019installer \u00e0 l\u2019\u00e9cole Canada, lieu de la rencontre. L\u2019heure est aux retrouvailles et aux civilit\u00e9s. Puis, s\u2019en est suivie la pr\u00e9sentation des d\u00e9l\u00e9gations et le mot de bienvenue de la Pr\u00e9sidente des femmes du dioc\u00e8se. Apr\u00e8s cela, toutes se sont rendues sous le grand pr\u00e9au de l\u2019\u00e9cole pour la messe d\u2019ouverture, c\u00e9l\u00e9br\u00e9e par le p\u00e8re Eric MEDAGBE, Responsable du Foyer Samuel (qui accueille, accompagne et forme les jeunes gar\u00e7ons sentant l\u2019appel de Dieu \u00e0 devenir pr\u00eatres). Apr\u00e8s avoir confi\u00e9 leur rencontre au Seigneur, les femmes catholiques de l\u2019Archidioc\u00e8se de Niamey ont proc\u00e9d\u00e9 au renouvellement des bureaux sectoriels des femmes, avant de d\u00eener.<\/p>\n<p>Le deuxi\u00e8me jour, c\u2019est-\u00e0-dire le samedi, fut consacr\u00e9 \u00e0 la pri\u00e8re et aux conf\u00e9rences. Le matin, les participantes ont en effet eu droit \u00e0 l\u2019exposition du Saint Sacrement pour l\u2019adoration, puis au Sacrement de la r\u00e9conciliation (confession), et enfin \u00e0 une conf\u00e9rence, anim\u00e9e par le p\u00e8re Aur\u00e9lien AHOUANGBE, Coordonnateur du Secteur Ouest (Torodi, Makalondi, Bomoanga, Kankani), sur la <strong><em>vie de foi de la femme catholique dans sa famille et la soci\u00e9t\u00e9.<\/em><\/strong> Ce qui les a conduites \u00e0 des \u00e9changes tr\u00e8s int\u00e9ressants. Les \u00e9changes se sont poursuivis dans l\u2019apr\u00e8s-midi autour du th\u00e8me du \u00ab\u00a0Mariage chr\u00e9tien\u00a0\u00bb, d\u00e9velopp\u00e9 par le p\u00e8re Wilfried AGBANGLANON, Chancelier de l\u2019Archidioc\u00e8se de Niamey. Le partage a \u00e9t\u00e9 des plus instructifs et enrichissants.<\/p>\n<p>Le dimanche, troisi\u00e8me et dernier jour de rencontre, les femmes ont eu la joie d\u2019accueillir Mgr Laurent LOMPO, Archev\u00eaque de Niamey et Mgr Laurent DABIRE, Ev\u00eaque de Dori (au Burkina-Faso) et Pr\u00e9sident de la Conf\u00e9rence \u00e9piscopale Burkina-Niger, venus c\u00e9l\u00e9brer la messe de cl\u00f4ture avec elles. Etaient aussi pr\u00e9sents \u00e0 cette c\u00e9l\u00e9bration eucharistique, les p\u00e8res Anthony COUDJOFIO, Vicaire G\u00e9n\u00e9ral de l\u2019Archidioc\u00e8se de Niamey, et des p\u00e8res F\u00e9lix LANKOANDE et Eric MEDAGBE.<\/p>\n<blockquote><p>L\u2019ambiance \u00e9tait festive, tant la joie \u00e9tait au rendez-vous chez les femmes. Elles ont rendu gr\u00e2ce \u00e0 Dieu de leur avoir permis de tenir cette rencontre enrichissante et d\u2019accueillir les \u00e9v\u00eaques, venus les encourager. L\u2019action de gr\u00e2ce a \u00e9t\u00e9 marqu\u00e9e \u00e0 la fin de la messe par des chants et danses.<\/p><\/blockquote>\n<p>Apr\u00e8s le d\u00e9jeuner, les diff\u00e9rentes d\u00e9l\u00e9gations ont rejoint leurs lieux d\u2019habitation, avec une pleine satisfaction d\u2019avoir pu vivre des moments fraternels et riches d\u2019enseignements avec leurs s\u0153urs venues d\u2019autres localit\u00e9s. Nombre d\u2019entre elles ont aussi soulign\u00e9 la coh\u00e9rence entre les enseignements re\u00e7us, ainsi que leur richesse pour leur vie de foi et de foyer.<\/p>\n<p>Que Dieu soit b\u00e9ni\u00a0! Vivement la prochaine rencontre\u00a0!<\/p>\n\r\n<div class=\"mom_images_grid mom_images_four_cols\">\r\n<ul class=\"galleryslider\"><li class=\"first\"><a href=\"https:\/\/eglisecatholiqueniger.org\/wp-content\/uploads\/2024\/05\/JDF-2024-1.jpg\" data-title=\"\" title=\"Journ\u00e9e de la Femme Nig\u00e9rienne\"><img decoding=\"async\" alt=\"Journ\u00e9e de la Femme Nig\u00e9rienne\" src=\"https:\/\/eglisecatholiqueniger.org\/wp-content\/uploads\/2024\/05\/JDF-2024-1-546x365.jpg\"><\/a><\/li><li class=\"\"><a href=\"https:\/\/eglisecatholiqueniger.org\/wp-content\/uploads\/2024\/05\/JDF-2024-2.jpg\" data-title=\"\" title=\"JDF-2024-(2)\"><img decoding=\"async\" alt=\"JDF-2024-(2)\" src=\"https:\/\/eglisecatholiqueniger.org\/wp-content\/uploads\/2024\/05\/JDF-2024-2-546x365.jpg\"><\/a><\/li><li class=\"\"><a href=\"https:\/\/eglisecatholiqueniger.org\/wp-content\/uploads\/2024\/05\/JDF-2024-3.jpg\" data-title=\"\" title=\"JDF-2024-(3)\"><img decoding=\"async\" alt=\"JDF-2024-(3)\" src=\"https:\/\/eglisecatholiqueniger.org\/wp-content\/uploads\/2024\/05\/JDF-2024-3-546x365.jpg\"><\/a><\/li><li class=\"last\"><a href=\"https:\/\/eglisecatholiqueniger.org\/wp-content\/uploads\/2024\/05\/JDF-2024-4.jpg\" data-title=\"\" title=\"JDF-2024-(4)\"><img decoding=\"async\" alt=\"JDF-2024-(4)\" src=\"https:\/\/eglisecatholiqueniger.org\/wp-content\/uploads\/2024\/05\/JDF-2024-4-546x365.jpg\"><\/a><\/li><li class=\"first\"><a href=\"https:\/\/eglisecatholiqueniger.org\/wp-content\/uploads\/2024\/05\/JDF-2024-5.jpg\" data-title=\"\" title=\"JDF-2024-(5)\"><img decoding=\"async\" alt=\"JDF-2024-(5)\" src=\"https:\/\/eglisecatholiqueniger.org\/wp-content\/uploads\/2024\/05\/JDF-2024-5-546x365.jpg\"><\/a><\/li><li class=\"\"><a href=\"https:\/\/eglisecatholiqueniger.org\/wp-content\/uploads\/2024\/05\/JDF-2024-6.jpg\" data-title=\"\" title=\"JDF-2024-(6)\"><img decoding=\"async\" alt=\"JDF-2024-(6)\" src=\"https:\/\/eglisecatholiqueniger.org\/wp-content\/uploads\/2024\/05\/JDF-2024-6-546x365.jpg\"><\/a><\/li><li class=\"\"><a href=\"https:\/\/eglisecatholiqueniger.org\/wp-content\/uploads\/2024\/05\/JDF-2024-7.jpg\" data-title=\"\" title=\"JDF-2024-(7)\"><img decoding=\"async\" alt=\"JDF-2024-(7)\" src=\"https:\/\/eglisecatholiqueniger.org\/wp-content\/uploads\/2024\/05\/JDF-2024-7-546x365.jpg\"><\/a><\/li><li class=\"last\"><a href=\"https:\/\/eglisecatholiqueniger.org\/wp-content\/uploads\/2024\/05\/JDF-2024-8.jpg\" data-title=\"\" title=\"JDF-2024-(8)\"><img decoding=\"async\" alt=\"JDF-2024-(8)\" src=\"https:\/\/eglisecatholiqueniger.org\/wp-content\/uploads\/2024\/05\/JDF-2024-8-546x365.jpg\"><\/a><\/li><li class=\"first\"><a href=\"https:\/\/eglisecatholiqueniger.org\/wp-content\/uploads\/2024\/05\/JDF-2024-9.jpg\" data-title=\"\" title=\"JDF-2024-(9)\"><img decoding=\"async\" alt=\"JDF-2024-(9)\" src=\"https:\/\/eglisecatholiqueniger.org\/wp-content\/uploads\/2024\/05\/JDF-2024-9-546x365.jpg\"><\/a><\/li><li class=\"\"><a href=\"https:\/\/eglisecatholiqueniger.org\/wp-content\/uploads\/2024\/05\/JDF-2024-10.jpg\" data-title=\"\" title=\"JDF-2024-(10)\"><img decoding=\"async\" alt=\"JDF-2024-(10)\" src=\"https:\/\/eglisecatholiqueniger.org\/wp-content\/uploads\/2024\/05\/JDF-2024-10-546x365.jpg\"><\/a><\/li><li class=\"\"><a href=\"https:\/\/eglisecatholiqueniger.org\/wp-content\/uploads\/2024\/05\/JDF-2024-11.jpg\" data-title=\"\" title=\"JDF-2024-(11)\"><img decoding=\"async\" alt=\"JDF-2024-(11)\" src=\"https:\/\/eglisecatholiqueniger.org\/wp-content\/uploads\/2024\/05\/JDF-2024-11-546x365.jpg\"><\/a><\/li><li class=\"last\"><a href=\"https:\/\/eglisecatholiqueniger.org\/wp-content\/uploads\/2024\/05\/JDF-2024-12.jpg\" data-title=\"\" title=\"JDF-2024-(12)\"><img decoding=\"async\" alt=\"JDF-2024-(12)\" src=\"https:\/\/eglisecatholiqueniger.org\/wp-content\/uploads\/2024\/05\/JDF-2024-12-546x365.jpg\"><\/a><\/li><li class=\"first\"><a href=\"https:\/\/eglisecatholiqueniger.org\/wp-content\/uploads\/2024\/05\/JDF-2024-13.jpg\" data-title=\"\" title=\"JDF-2024-(13)\"><img decoding=\"async\" alt=\"JDF-2024-(13)\" src=\"https:\/\/eglisecatholiqueniger.org\/wp-content\/uploads\/2024\/05\/JDF-2024-13-546x365.jpg\"><\/a><\/li><li class=\"\"><a href=\"https:\/\/eglisecatholiqueniger.org\/wp-content\/uploads\/2024\/05\/JDF-2024-14.jpg\" data-title=\"\" title=\"JDF-2024-(14)\"><img decoding=\"async\" alt=\"JDF-2024-(14)\" src=\"https:\/\/eglisecatholiqueniger.org\/wp-content\/uploads\/2024\/05\/JDF-2024-14-546x365.jpg\"><\/a><\/li><li class=\"\"><a href=\"https:\/\/eglisecatholiqueniger.org\/wp-content\/uploads\/2024\/05\/JDF-2024-15.jpg\" data-title=\"\" title=\"JDF-2024-(15)\"><img decoding=\"async\" alt=\"JDF-2024-(15)\" src=\"https:\/\/eglisecatholiqueniger.org\/wp-content\/uploads\/2024\/05\/JDF-2024-15-546x365.jpg\"><\/a><\/li><li class=\"last\"><a href=\"https:\/\/eglisecatholiqueniger.org\/wp-content\/uploads\/2024\/05\/JDF-2024-16.jpg\" data-title=\"\" title=\"JDF-2024-(16)\"><img decoding=\"async\" alt=\"JDF-2024-(16)\" src=\"https:\/\/eglisecatholiqueniger.org\/wp-content\/uploads\/2024\/05\/JDF-2024-16-546x365.jpg\"><\/a><\/li><li class=\"first\"><a href=\"https:\/\/eglisecatholiqueniger.org\/wp-content\/uploads\/2024\/05\/JDF-2024-17.jpg\" data-title=\"\" title=\"JDF-2024-(17)\"><img decoding=\"async\" alt=\"JDF-2024-(17)\" src=\"https:\/\/eglisecatholiqueniger.org\/wp-content\/uploads\/2024\/05\/JDF-2024-17-546x365.jpg\"><\/a><\/li><\/ul><\/div>\r\n\n","protected":false},"excerpt":{"rendered":"<p>Venues de toutes les paroisses de l\u2019Archidioc\u00e8se de Niamey, les femmes catholiques se sont retrouv\u00e9es \u00e0 Niamey les 24, 25 et 26 mai 2024, pour c\u00e9l\u00e9brer, en diff\u00e9r\u00e9, la Journ\u00e9e &#8230;<\/p>\n","protected":false},"author":2,"featured_media":0,"comment_status":"open","ping_status":"open","sticky":false,"template":"","format":"standard","meta":{"footnotes":""},"categories":[1],"tags":[],"class_list":["post-1603","post","type-post","status-publish","format-standard","category-non-classe"],"_links":{"self":[{"href":"https:\/\/eglisecatholiqueniger.org\/index.php\/wp-json\/wp\/v2\/posts\/1603","targetHints":{"allow":["GET"]}}],"collection":[{"href":"https:\/\/eglisecatholiqueniger.org\/index.php\/wp-json\/wp\/v2\/posts"}],"about":[{"href":"https:\/\/eglisecatholiqueniger.org\/index.php\/wp-json\/wp\/v2\/types\/post"}],"author":[{"embeddable":true,"href":"https:\/\/eglisecatholiqueniger.org\/index.php\/wp-json\/wp\/v2\/users\/2"}],"replies":[{"embeddable":true,"href":"https:\/\/eglisecatholiqueniger.org\/index.php\/wp-json\/wp\/v2\/comments?post=1603"}],"version-history":[{"count":1,"href":"https:\/\/eglisecatholiqueniger.org\/index.php\/wp-json\/wp\/v2\/posts\/1603\/revisions"}],"predecessor-version":[{"id":1621,"href":"https:\/\/eglisecatholiqueniger.org\/index.php\/wp-json\/wp\/v2\/posts\/1603\/revisions\/1621"}],"wp:attachment":[{"href":"https:\/\/eglisecatholiqueniger.org\/index.php\/wp-json\/wp\/v2\/media?parent=1603"}],"wp:term":[{"taxonomy":"category","embeddable":true,"href":"https:\/\/eglisecatholiqueniger.org\/index.php\/wp-json\/wp\/v2\/categories?post=1603"},{"taxonomy":"post_tag","embeddable":true,"href":"https:\/\/eglisecatholiqueniger.org\/index.php\/wp-json\/wp\/v2\/tags?post=1603"}],"curies":[{"name":"wp","href":"https:\/\/api.w.org\/{rel}","templated":true}]}}