{"id":1624,"date":"2024-09-21T12:40:40","date_gmt":"2024-09-21T10:40:40","guid":{"rendered":"https:\/\/eglisecatholiqueniger.org\/?p=1624"},"modified":"2024-09-21T12:40:40","modified_gmt":"2024-09-21T10:40:40","slug":"les-jeunes-catholiques-prennent-part-au-camp-vocationnel-2024","status":"publish","type":"post","link":"https:\/\/eglisecatholiqueniger.org\/index.php\/2024\/09\/21\/les-jeunes-catholiques-prennent-part-au-camp-vocationnel-2024\/","title":{"rendered":"Les jeunes catholiques prennent part au Camp vocationnel 2024"},"content":{"rendered":"<p>Du 09 au 15 septembre 2024, a eu lieu, au Centre Silo\u00e9 (\u00e0 une vingtaine de kilom\u00e8tres de Niamey), le (traditionnel) camp dioc\u00e9sain des vocations. 76 jeunes et une quinzaine d\u2019accompagnateurs y ont pris part.<\/p>\n<p>Le th\u00e8me g\u00e9n\u00e9ral du camp \u00e9tait\u00a0: <strong>\u00ab\u00a0Appel\u00e9, en route pour la mission\u00a0\u00bb.<\/strong> Ce th\u00e8me a \u00e9t\u00e9 d\u00e9clin\u00e9 en trois sous-th\u00e8mes\u00a0: <strong><em>\u00ab\u00a0Les diff\u00e9rentes formes de vocation dans l\u2019Eglise\u00a0\u00bb,<\/em><\/strong> anim\u00e9 par le <strong>p\u00e8re Matthieu AGBAI<\/strong>\u00a0; <strong><em>\u00ab\u00a0Les armes n\u00e9cessaires pour une bonne mission\u00a0\u00bb,<\/em><\/strong> anim\u00e9 par le <strong>p\u00e8re Ibrahim SEYDOU G\u00e9rard<\/strong>\u00a0; et <strong><em>\u00ab\u00a0Les diff\u00e9rentes formes de mission\u00a0\u00bb,<\/em><\/strong> anim\u00e9 par la <strong>S\u0153ur Odile OGOU.<\/strong> Toujours dans cette veine, les participants au camp ont eu droit \u00e0 une r\u00e9collection anim\u00e9e par le p\u00e8re <strong>Alain AKA AKA,<\/strong> sur le th\u00e8me\u00a0: <strong><em>\u00ab\u00a0Comme le proph\u00e8te Amos, nous sommes appel\u00e9s par Dieu pour une mission\u00a0\u00bb.<\/em><\/strong><\/p>\n<p>Quatre jours durant donc, les jeunes vocandis ont b\u00e9n\u00e9fici\u00e9 d\u2019une bonne formation sur l\u2019appel de Dieu et la mission qu\u2019Il veut confier \u00e0 chacun. Ce fut alors un temps de r\u00e9flexion, d\u2019\u00e9change et de discernement.<\/p>\n<p>Pour joindre l\u2019utile \u00e0 l\u2019agr\u00e9able, les jeunes ont eu l\u2019occasion de fraterniser entre eux \u00e0 travers diff\u00e9rentes activit\u00e9s, dont le jeu d\u2019amis invisibles. Jeu \u00e0 travers lequel ils (l\u2019un visible et l\u2019autre, invisible) \u00e9changent des cadeaux durant toute la semaine. A la fin du camp, les amis visibles ont \u00e9t\u00e9 tr\u00e8s heureux de d\u00e9couvrir leurs amis invisibles et de nouer une relation d\u2019amiti\u00e9 avec eux.<\/p>\n<p>Le samedi 14 septembre, avant dernier jour du camp, comme \u00e0 l\u2019accoutum\u00e9e, les jeunes gar\u00e7ons ont eu une rencontre avec les pr\u00eatres et les grands s\u00e9minaristes\u00a0; et les filles, avec les religieuses de diff\u00e9rentes congr\u00e9gations venues pr\u00e9senter leurs familles religieuses et \u00e9changer avec les filles sur leurs pr\u00e9occupations inh\u00e9rentes \u00e0 leurs vocations.<\/p>\n<p>C\u2019est dans une ambiance de joie et de pri\u00e8re que s\u2019est achev\u00e9e le camp le dimanche 15 septembre 2024. Pour l\u2019occasion, l\u2019Archev\u00eaque de Niamey, Mgr Laurent LOMPO, a effectu\u00e9 le d\u00e9placement de Silo\u00e9 pour c\u00e9l\u00e9brer la messe de cl\u00f4ture. C\u2019\u00e9tait en pr\u00e9sence du p\u00e8re Eric MEDAGBE, Responsable dioc\u00e9sain des vocations, les p\u00e8res Sal\u00e9siens de Don Bosco, les religieuses de plusieurs congr\u00e9gations, les grands s\u00e9minaristes et les jeunes vocandis.<\/p>\n<p>Dans son hom\u00e9lie, Mgr Laurent a rappel\u00e9 que le Seigneur nous appelle tous dans son champ, avant d\u2019inviter \u00e0 l\u2019\u00e9couter attentivement et \u00e0 r\u00e9pondre \u00e0 son appel pour se mettre au service des hommes. Il y a beaucoup de joie \u00e0 suivre le Christ.<\/p>\n<p>C\u2019est avec ce sentiment, qu\u2019apr\u00e8s la messe, les participants ont regagn\u00e9 Niamey, apr\u00e8s avoir partag\u00e9 un moment de convivialit\u00e9. Rendez-vous est pris pour l\u2019ann\u00e9e prochaine\u00a0!<\/p>\n\r\n<div class=\"mom_images_grid mom_images_3_cols\">\r\n<ul class=\"galleryslider\"><li class=\"first\"><a href=\"https:\/\/eglisecatholiqueniger.org\/wp-content\/uploads\/2024\/09\/1.jpeg\" data-title=\"\" title=\"1\"><img decoding=\"async\" alt=\"1\" src=\"https:\/\/eglisecatholiqueniger.org\/wp-content\/uploads\/2024\/09\/1-546x365.jpeg\"><\/a><\/li><li class=\"\"><a href=\"https:\/\/eglisecatholiqueniger.org\/wp-content\/uploads\/2024\/09\/2.jpeg\" data-title=\"\" title=\"2\"><img decoding=\"async\" alt=\"2\" src=\"https:\/\/eglisecatholiqueniger.org\/wp-content\/uploads\/2024\/09\/2-546x365.jpeg\"><\/a><\/li><li class=\"last\"><a href=\"https:\/\/eglisecatholiqueniger.org\/wp-content\/uploads\/2024\/09\/3.jpeg\" data-title=\"\" title=\"3\"><img decoding=\"async\" alt=\"3\" src=\"https:\/\/eglisecatholiqueniger.org\/wp-content\/uploads\/2024\/09\/3-546x365.jpeg\"><\/a><\/li><li class=\"first\"><a href=\"https:\/\/eglisecatholiqueniger.org\/wp-content\/uploads\/2024\/09\/4.jpeg\" data-title=\"\" title=\"4\"><img decoding=\"async\" alt=\"4\" src=\"https:\/\/eglisecatholiqueniger.org\/wp-content\/uploads\/2024\/09\/4-546x365.jpeg\"><\/a><\/li><li class=\"\"><a href=\"https:\/\/eglisecatholiqueniger.org\/wp-content\/uploads\/2024\/09\/5.jpeg\" data-title=\"\" title=\"5\"><img decoding=\"async\" alt=\"5\" src=\"https:\/\/eglisecatholiqueniger.org\/wp-content\/uploads\/2024\/09\/5-546x365.jpeg\"><\/a><\/li><li class=\"last\"><a href=\"https:\/\/eglisecatholiqueniger.org\/wp-content\/uploads\/2024\/09\/6.jpeg\" data-title=\"\" title=\"6\"><img decoding=\"async\" alt=\"6\" src=\"https:\/\/eglisecatholiqueniger.org\/wp-content\/uploads\/2024\/09\/6-546x365.jpeg\"><\/a><\/li><li class=\"first\"><a href=\"https:\/\/eglisecatholiqueniger.org\/wp-content\/uploads\/2024\/09\/7.jpeg\" data-title=\"\" title=\"7\"><img decoding=\"async\" alt=\"7\" src=\"https:\/\/eglisecatholiqueniger.org\/wp-content\/uploads\/2024\/09\/7-546x365.jpeg\"><\/a><\/li><li class=\"\"><a href=\"https:\/\/eglisecatholiqueniger.org\/wp-content\/uploads\/2024\/09\/8.jpeg\" data-title=\"\" title=\"8\"><img decoding=\"async\" alt=\"8\" src=\"https:\/\/eglisecatholiqueniger.org\/wp-content\/uploads\/2024\/09\/8-546x365.jpeg\"><\/a><\/li><li class=\"last\"><a href=\"https:\/\/eglisecatholiqueniger.org\/wp-content\/uploads\/2024\/09\/9.jpeg\" data-title=\"\" title=\"9\"><img decoding=\"async\" alt=\"9\" src=\"https:\/\/eglisecatholiqueniger.org\/wp-content\/uploads\/2024\/09\/9-546x365.jpeg\"><\/a><\/li><li class=\"first\"><a href=\"https:\/\/eglisecatholiqueniger.org\/wp-content\/uploads\/2024\/09\/10.jpeg\" data-title=\"\" title=\"10\"><img decoding=\"async\" alt=\"10\" src=\"https:\/\/eglisecatholiqueniger.org\/wp-content\/uploads\/2024\/09\/10-546x365.jpeg\"><\/a><\/li><li class=\"\"><a href=\"https:\/\/eglisecatholiqueniger.org\/wp-content\/uploads\/2024\/09\/11.jpeg\" data-title=\"\" title=\"11\"><img decoding=\"async\" alt=\"11\" src=\"https:\/\/eglisecatholiqueniger.org\/wp-content\/uploads\/2024\/09\/11-546x365.jpeg\"><\/a><\/li><li class=\"last\"><a href=\"https:\/\/eglisecatholiqueniger.org\/wp-content\/uploads\/2024\/09\/12.jpeg\" data-title=\"\" title=\"12\"><img decoding=\"async\" alt=\"12\" src=\"https:\/\/eglisecatholiqueniger.org\/wp-content\/uploads\/2024\/09\/12-546x365.jpeg\"><\/a><\/li><\/ul><\/div>\r\n\n<p>&nbsp;<\/p>\n","protected":false},"excerpt":{"rendered":"<p>Du 09 au 15 septembre 2024, a eu lieu, au Centre Silo\u00e9 (\u00e0 une vingtaine de kilom\u00e8tres de Niamey), le (traditionnel) camp dioc\u00e9sain des vocations. 76 jeunes et une quinzaine &#8230;<\/p>\n","protected":false},"author":2,"featured_media":0,"comment_status":"open","ping_status":"open","sticky":false,"template":"","format":"gallery","meta":{"footnotes":""},"categories":[1],"tags":[],"class_list":["post-1624","post","type-post","status-publish","format-gallery","category-non-classe","post_format-post-format-gallery"],"_links":{"self":[{"href":"https:\/\/eglisecatholiqueniger.org\/index.php\/wp-json\/wp\/v2\/posts\/1624","targetHints":{"allow":["GET"]}}],"collection":[{"href":"https:\/\/eglisecatholiqueniger.org\/index.php\/wp-json\/wp\/v2\/posts"}],"about":[{"href":"https:\/\/eglisecatholiqueniger.org\/index.php\/wp-json\/wp\/v2\/types\/post"}],"author":[{"embeddable":true,"href":"https:\/\/eglisecatholiqueniger.org\/index.php\/wp-json\/wp\/v2\/users\/2"}],"replies":[{"embeddable":true,"href":"https:\/\/eglisecatholiqueniger.org\/index.php\/wp-json\/wp\/v2\/comments?post=1624"}],"version-history":[{"count":2,"href":"https:\/\/eglisecatholiqueniger.org\/index.php\/wp-json\/wp\/v2\/posts\/1624\/revisions"}],"predecessor-version":[{"id":1647,"href":"https:\/\/eglisecatholiqueniger.org\/index.php\/wp-json\/wp\/v2\/posts\/1624\/revisions\/1647"}],"wp:attachment":[{"href":"https:\/\/eglisecatholiqueniger.org\/index.php\/wp-json\/wp\/v2\/media?parent=1624"}],"wp:term":[{"taxonomy":"category","embeddable":true,"href":"https:\/\/eglisecatholiqueniger.org\/index.php\/wp-json\/wp\/v2\/categories?post=1624"},{"taxonomy":"post_tag","embeddable":true,"href":"https:\/\/eglisecatholiqueniger.org\/index.php\/wp-json\/wp\/v2\/tags?post=1624"}],"curies":[{"name":"wp","href":"https:\/\/api.w.org\/{rel}","templated":true}]}}