{"id":1648,"date":"2024-09-26T11:46:44","date_gmt":"2024-09-26T09:46:44","guid":{"rendered":"https:\/\/eglisecatholiqueniger.org\/?p=1648"},"modified":"2024-09-26T11:46:44","modified_gmt":"2024-09-26T09:46:44","slug":"les-abbe-felix-waali-et-michel-wuoba-ordonnes-pour-servir-leglise-et-la-gloire-de-dieu","status":"publish","type":"post","link":"https:\/\/eglisecatholiqueniger.org\/index.php\/2024\/09\/26\/les-abbe-felix-waali-et-michel-wuoba-ordonnes-pour-servir-leglise-et-la-gloire-de-dieu\/","title":{"rendered":"Les abb\u00e9 F\u00e9lix WAALI et Michel WUOBA ordonn\u00e9s pour servir l\u2019\u00c9glise et la gloire de Dieu"},"content":{"rendered":"<p><strong>L\u2019Eglise Catholique au Niger a ordonn\u00e9 samedi dernier les abb\u00e9 F\u00e9lix WAALI et Michel WUOBA, sous la pr\u00e9sidence du Nonce Apostolique au Niger Son Excellence Mgr Michael F. Crotty en la Cath\u00e9drale Notre Dame du Perp\u00e9tuel Secours de Niamey. La c\u00e9r\u00e9monie s\u2019est d\u00e9roul\u00e9e en pr\u00e9sence de l\u2019Archev\u00eaque de Niamey, <\/strong><strong>Mgr Laurent LOMPO, de l\u2019Ev\u00eaque de Maradi, Mgr Ambroise Ou\u00e9draogo, des pr\u00eatres et s\u0153urs ainsi que de plusieurs fid\u00e8les et invit\u00e9s. <\/strong><\/p>\n<p>Les r\u00e9cipiendaires, F\u00e9lix et Michel, accompagn\u00e9s par leurs parents et proches se sont engag\u00e9s devant le peuple de Dieu \u00e0 vivre toute leur vie pour la gloire de Dieu et le service de l\u2019\u00c9glise.<\/p>\n<p>Mgr Michael F. Crotty, dans son hom\u00e9lie n\u2019a pas manqu\u00e9 de prodiguer de nombreux conseils aux nouveaux pr\u00eatres.<\/p>\n<blockquote><p>\u00ab\u00a0Chers F\u00e9lix et Michel, l\u2019\u00c9glise en vous conf\u00e9rant l\u2019ordre sacr\u00e9 du presbyt\u00e9rat aujourd\u2019hui vous fait confiance. Ne permettez donc pas qu\u2019un attachement quelconque au monde vous d\u00e9tourne de votre objectif premier. Nous vous accompagnons aujourd\u2019hui de nos pri\u00e8res pour que Dieu d\u00e9verse sur vous la gr\u00e2ce de vivre votre minist\u00e8re sacerdotal, fid\u00e8lement et fructueusement, pour le reste de votre vie\u00a0\u00bb a dit le Nonce Apostolique au Niger avant de leur intimer de se garder de faire ombrage \u00e0 la Parole de Dieu.<\/p><\/blockquote>\n<p>L\u2019annonce de la parole donc, a-t-il soutenu, \u00ab\u00a0exige que vous soyez des personnes toujours en chemin. Cela signifie affronter beaucoup de risques, vivre dans l\u2019ins\u00e9curit\u00e9 et dans la pr\u00e9carit\u00e9. Cela signifie \u00eatre dispos\u00e9 \u00e0 subir le m\u00eame sort que la parole dont on est messager, c\u2019est-\u00e0-dire qu\u2019on peut souffrir des attaques, des agressions morales et physiques, \u00eatre incompris, m\u00e9pris\u00e9, pers\u00e9cut\u00e9 et rejet\u00e9\u00a0\u00bb.<\/p>\n<p>Il a ensuite demand\u00e9 \u00e0 l\u2019Assembl\u00e9e de prier pour les nouveaux pr\u00eatres, car \u00ab\u00a0ils ne sont pas pr\u00eatres pour eux-m\u00eames. Ils le sont pour notre service \u00e0 cause du Christ doux et humble de c\u0153ur\u00a0\u00bb.<\/p>\n<p>Dans l&rsquo;\u00c9glise catholique, l&rsquo;ordination est le sixi\u00e8me des sept sacrements, avec le bapt\u00eame, la confirmation, le sacrement de p\u00e9nitence et de r\u00e9conciliation, l&rsquo;Eucharistie, le mariage et l&rsquo;onction des malades.<\/p>\n<p>L\u2019ordination presbyt\u00e9rale est l\u2019aboutissement d\u2019un long chemin qui peut durer plusieurs ann\u00e9es.<\/p>\n\r\n<div class=\"mom_images_grid mom_images_four_cols\">\r\n<ul class=\"galleryslider\"><li class=\"first\"><a href=\"https:\/\/eglisecatholiqueniger.org\/wp-content\/uploads\/2024\/09\/ORDINATIONS-21-09-2024-2.jpg\" data-title=\"\" title=\"ORDINATIONS 21 09 2024 (2)\"><img decoding=\"async\" alt=\"ORDINATIONS 21 09 2024 (2)\" src=\"https:\/\/eglisecatholiqueniger.org\/wp-content\/uploads\/2024\/09\/ORDINATIONS-21-09-2024-2-546x365.jpg\"><\/a><\/li><li class=\"\"><a href=\"https:\/\/eglisecatholiqueniger.org\/wp-content\/uploads\/2024\/09\/ORDINATIONS-21-09-2024-3.jpg\" data-title=\"\" title=\"ORDINATIONS 21 09 2024 (3)\"><img decoding=\"async\" alt=\"ORDINATIONS 21 09 2024 (3)\" src=\"https:\/\/eglisecatholiqueniger.org\/wp-content\/uploads\/2024\/09\/ORDINATIONS-21-09-2024-3-546x365.jpg\"><\/a><\/li><li class=\"\"><a href=\"https:\/\/eglisecatholiqueniger.org\/wp-content\/uploads\/2024\/09\/ORDINATIONS-21-09-2024-5.jpg\" data-title=\"\" title=\"ORDINATIONS 21 09 2024 (5)\"><img decoding=\"async\" alt=\"ORDINATIONS 21 09 2024 (5)\" src=\"https:\/\/eglisecatholiqueniger.org\/wp-content\/uploads\/2024\/09\/ORDINATIONS-21-09-2024-5-546x365.jpg\"><\/a><\/li><li class=\"last\"><a href=\"https:\/\/eglisecatholiqueniger.org\/wp-content\/uploads\/2024\/09\/ORDINATIONS-21-09-2024-6.jpg\" data-title=\"\" title=\"ORDINATIONS 21 09 2024 (6)\"><img decoding=\"async\" alt=\"ORDINATIONS 21 09 2024 (6)\" src=\"https:\/\/eglisecatholiqueniger.org\/wp-content\/uploads\/2024\/09\/ORDINATIONS-21-09-2024-6-546x365.jpg\"><\/a><\/li><\/ul><\/div>\r\n\n","protected":false},"excerpt":{"rendered":"<p>L\u2019Eglise Catholique au Niger a ordonn\u00e9 samedi dernier les abb\u00e9 F\u00e9lix WAALI et Michel WUOBA, sous la pr\u00e9sidence du Nonce Apostolique au Niger Son Excellence Mgr Michael F. Crotty en &#8230;<\/p>\n","protected":false},"author":2,"featured_media":0,"comment_status":"open","ping_status":"open","sticky":false,"template":"","format":"gallery","meta":{"footnotes":""},"categories":[1],"tags":[],"class_list":["post-1648","post","type-post","status-publish","format-gallery","category-non-classe","post_format-post-format-gallery"],"_links":{"self":[{"href":"https:\/\/eglisecatholiqueniger.org\/index.php\/wp-json\/wp\/v2\/posts\/1648","targetHints":{"allow":["GET"]}}],"collection":[{"href":"https:\/\/eglisecatholiqueniger.org\/index.php\/wp-json\/wp\/v2\/posts"}],"about":[{"href":"https:\/\/eglisecatholiqueniger.org\/index.php\/wp-json\/wp\/v2\/types\/post"}],"author":[{"embeddable":true,"href":"https:\/\/eglisecatholiqueniger.org\/index.php\/wp-json\/wp\/v2\/users\/2"}],"replies":[{"embeddable":true,"href":"https:\/\/eglisecatholiqueniger.org\/index.php\/wp-json\/wp\/v2\/comments?post=1648"}],"version-history":[{"count":1,"href":"https:\/\/eglisecatholiqueniger.org\/index.php\/wp-json\/wp\/v2\/posts\/1648\/revisions"}],"predecessor-version":[{"id":1653,"href":"https:\/\/eglisecatholiqueniger.org\/index.php\/wp-json\/wp\/v2\/posts\/1648\/revisions\/1653"}],"wp:attachment":[{"href":"https:\/\/eglisecatholiqueniger.org\/index.php\/wp-json\/wp\/v2\/media?parent=1648"}],"wp:term":[{"taxonomy":"category","embeddable":true,"href":"https:\/\/eglisecatholiqueniger.org\/index.php\/wp-json\/wp\/v2\/categories?post=1648"},{"taxonomy":"post_tag","embeddable":true,"href":"https:\/\/eglisecatholiqueniger.org\/index.php\/wp-json\/wp\/v2\/tags?post=1648"}],"curies":[{"name":"wp","href":"https:\/\/api.w.org\/{rel}","templated":true}]}}