{"id":1655,"date":"2024-10-08T14:11:33","date_gmt":"2024-10-08T12:11:33","guid":{"rendered":"https:\/\/eglisecatholiqueniger.org\/?p=1655"},"modified":"2024-10-08T14:11:33","modified_gmt":"2024-10-08T12:11:33","slug":"la-paroisse-saint-gabriel-de-garbado-de-niamey-fete-son-jubile-de-rubis","status":"publish","type":"post","link":"https:\/\/eglisecatholiqueniger.org\/index.php\/2024\/10\/08\/la-paroisse-saint-gabriel-de-garbado-de-niamey-fete-son-jubile-de-rubis\/","title":{"rendered":"La Paroisse Saint Gabriel de Garbado de Niamey f\u00eate son Jubil\u00e9 de Rubis"},"content":{"rendered":"<p>La joie \u00e9tait au rendez-vous ce dimanche 29 septembre 2024, \u00e0 la Paroisse Saint Gabriel, \u00e0 l\u2019occasion de sa f\u00eate patronale (F\u00eate des Archanges Gabriel, Rapha\u00ebl et Michel), mais surtout des 40 ans d\u2019existence de cette paroisse de la ville de Niamey.<\/p>\n<p>Nombreux sont ceux qui ont effectu\u00e9 le d\u00e9placement de Garbado pour vivre ce moment de liesse avec la communaut\u00e9 chr\u00e9tienne. Parmi eux, l\u2019Archev\u00eaque de Niamey, Mgr Laurent LOMPO, ainsi que de nombreux pr\u00eatres, religieux, religieuses et la\u00efques consacr\u00e9es.<\/p>\n<p>Apr\u00e8s le chant d\u2019entr\u00e9e, ex\u00e9cut\u00e9 par une chorale enthousiaste, l\u2019assembl\u00e9e a eu droit \u00e0 une c\u00e9r\u00e9monie de bienvenue\u00a0: 3 jeunes filles, habill\u00e9es en tenue traditionnelle, ont dans\u00e9 au rythme de tam-tam traditionnel, de calebasse et de percussions. Apr\u00e8s cela, le cur\u00e9 de la paroisse, p\u00e8re Ibrahim Seydou, a donn\u00e9 le sens de ce jubil\u00e9 de rubis.<\/p>\n<blockquote><p>\u00ab\u00a040 ans, c\u2019est le symbole de la maturit\u00e9 d\u2019une g\u00e9n\u00e9ration, comme on peut le constater dans la Bible\u00a0\u00bb, a-t-il fait savoir, avant de signifier que \u00ab\u00a0ce jubil\u00e9 est l\u2019occasion de marquer la croissance spirituelle de la communaut\u00e9 chr\u00e9tienne de Garbado.\u00a0\u00bb<\/p><\/blockquote>\n<p>De fait, c\u2019est en 1984 qu\u2019a \u00e9t\u00e9 fond\u00e9e une petite communaut\u00e9 chr\u00e9tienne qui, \u00e0 l\u2019\u00e9poque, se r\u00e9unissait au quartier Poudri\u00e8re pour prier et mener ses activit\u00e9s. Quarante apr\u00e8s, la communaut\u00e9 a grandi et s\u2019est \u00e9tablie, depuis plusieurs ann\u00e9es d\u00e9j\u00e0, au quartier Garbado.<\/p>\n<blockquote><p>\u00ab\u00a0Aujourd\u2019hui, c\u2019est une communaut\u00e9 vivante et dynamique\u00a0\u00bb, a soulign\u00e9 Mgr Laurent LOMPO, dans son hom\u00e9lie.<\/p><\/blockquote>\n<p>Rendant gr\u00e2ce \u00e0 Dieu pour cela, il a profit\u00e9 de l\u2019occasion pour exhorter la communaut\u00e9 \u00e0 garder son dynamisme, non seulement en vue du Jubil\u00e9 d\u2019Or de la paroisse, mais aussi, pour continuer \u00e0 annoncer l\u2019Evangile. Saluant la pr\u00e9sence du chef de quartier, Isma\u00ebl Alidou et de l\u2019imam de la mosqu\u00e9e voisine, Abdoul Alamine il a not\u00e9 que cette bonne entente est le signe d\u2019une ouverture des deux communaut\u00e9s chr\u00e9tienne et musulmane, avant de les inviter \u00e0 travailler ensemble pour la paix et la coh\u00e9sion sociale. Dans ce sens, il a pri\u00e9 pour la paix au Niger, au Sahel et dans le monde entier.<\/p>\n<p>Dans cet esprit, l\u2019assembl\u00e9e a continu\u00e9 \u00e0 prier pour la paix \u00e0 travers la liturgie eucharistique et \u00e0 rendre gr\u00e2ce \u00e0 Dieu pour ses bienfaits dans la vie de cette communaut\u00e9 par la procession d\u2019offrandes et les chants d\u2019action de gr\u00e2ce.<\/p>\n<p>Les festivit\u00e9s se sont poursuivies apr\u00e8s la messe avec un repas fraternel et un concert des chorales le soir. Notons que cette messe marquant la cl\u00f4ture du jubil\u00e9 a \u00e9t\u00e9 pr\u00e9c\u00e9d\u00e9e de plusieurs activit\u00e9s telles que les rencontres de r\u00e9flexions des diff\u00e9rentes cat\u00e9gories de personnes de la paroisse (enfants, jeunes, adultes), un marathon des jeunes, et une projection de film retra\u00e7ant les quarante ann\u00e9es de cheminement de la communaut\u00e9 chr\u00e9tienne de Garbado.<\/p>\n<p>Vivement les 50 ans de la paroisse\u00a0!<\/p>\n\r\n<div class=\"mom_images_grid mom_images_four_cols\">\r\n<ul class=\"galleryslider\"><li class=\"first\"><a href=\"https:\/\/eglisecatholiqueniger.org\/wp-content\/uploads\/2024\/10\/1.jpeg\" data-title=\"\" title=\"1\"><img decoding=\"async\" alt=\"1\" src=\"https:\/\/eglisecatholiqueniger.org\/wp-content\/uploads\/2024\/10\/1-546x365.jpeg\"><\/a><\/li><li class=\"\"><a href=\"https:\/\/eglisecatholiqueniger.org\/wp-content\/uploads\/2024\/10\/2.jpeg\" data-title=\"\" title=\"2\"><img decoding=\"async\" alt=\"2\" src=\"https:\/\/eglisecatholiqueniger.org\/wp-content\/uploads\/2024\/10\/2-546x365.jpeg\"><\/a><\/li><li class=\"\"><a href=\"https:\/\/eglisecatholiqueniger.org\/wp-content\/uploads\/2024\/10\/3.jpeg\" data-title=\"\" title=\"3\"><img decoding=\"async\" alt=\"3\" src=\"https:\/\/eglisecatholiqueniger.org\/wp-content\/uploads\/2024\/10\/3-546x365.jpeg\"><\/a><\/li><li class=\"last\"><a href=\"https:\/\/eglisecatholiqueniger.org\/wp-content\/uploads\/2024\/10\/4.jpeg\" data-title=\"\" title=\"4\"><img decoding=\"async\" alt=\"4\" src=\"https:\/\/eglisecatholiqueniger.org\/wp-content\/uploads\/2024\/10\/4-546x365.jpeg\"><\/a><\/li><li class=\"first\"><a href=\"https:\/\/eglisecatholiqueniger.org\/wp-content\/uploads\/2024\/10\/5.jpeg\" data-title=\"\" title=\"5\"><img decoding=\"async\" alt=\"5\" src=\"https:\/\/eglisecatholiqueniger.org\/wp-content\/uploads\/2024\/10\/5-546x365.jpeg\"><\/a><\/li><li class=\"\"><a href=\"https:\/\/eglisecatholiqueniger.org\/wp-content\/uploads\/2024\/10\/6.jpeg\" data-title=\"\" title=\"6\"><img decoding=\"async\" alt=\"6\" src=\"https:\/\/eglisecatholiqueniger.org\/wp-content\/uploads\/2024\/10\/6-546x365.jpeg\"><\/a><\/li><li class=\"\"><a href=\"https:\/\/eglisecatholiqueniger.org\/wp-content\/uploads\/2024\/10\/7.jpeg\" data-title=\"\" title=\"7\"><img decoding=\"async\" alt=\"7\" src=\"https:\/\/eglisecatholiqueniger.org\/wp-content\/uploads\/2024\/10\/7-546x365.jpeg\"><\/a><\/li><li class=\"last\"><a href=\"https:\/\/eglisecatholiqueniger.org\/wp-content\/uploads\/2024\/10\/8.jpeg\" data-title=\"\" title=\"8\"><img decoding=\"async\" alt=\"8\" src=\"https:\/\/eglisecatholiqueniger.org\/wp-content\/uploads\/2024\/10\/8-546x365.jpeg\"><\/a><\/li><li class=\"first\"><a href=\"https:\/\/eglisecatholiqueniger.org\/wp-content\/uploads\/2024\/10\/9.jpeg\" data-title=\"\" title=\"9\"><img decoding=\"async\" alt=\"9\" src=\"https:\/\/eglisecatholiqueniger.org\/wp-content\/uploads\/2024\/10\/9-546x365.jpeg\"><\/a><\/li><li class=\"\"><a href=\"https:\/\/eglisecatholiqueniger.org\/wp-content\/uploads\/2024\/10\/10.jpeg\" data-title=\"\" title=\"10\"><img decoding=\"async\" alt=\"10\" src=\"https:\/\/eglisecatholiqueniger.org\/wp-content\/uploads\/2024\/10\/10-546x365.jpeg\"><\/a><\/li><li class=\"\"><a href=\"https:\/\/eglisecatholiqueniger.org\/wp-content\/uploads\/2024\/10\/11.jpeg\" data-title=\"\" title=\"11\"><img decoding=\"async\" alt=\"11\" src=\"https:\/\/eglisecatholiqueniger.org\/wp-content\/uploads\/2024\/10\/11-546x365.jpeg\"><\/a><\/li><li class=\"last\"><a href=\"https:\/\/eglisecatholiqueniger.org\/wp-content\/uploads\/2024\/10\/12.jpeg\" data-title=\"\" title=\"12\"><img decoding=\"async\" alt=\"12\" src=\"https:\/\/eglisecatholiqueniger.org\/wp-content\/uploads\/2024\/10\/12-546x365.jpeg\"><\/a><\/li><li class=\"first\"><a href=\"https:\/\/eglisecatholiqueniger.org\/wp-content\/uploads\/2024\/10\/13.jpeg\" data-title=\"\" title=\"13\"><img decoding=\"async\" alt=\"13\" src=\"https:\/\/eglisecatholiqueniger.org\/wp-content\/uploads\/2024\/10\/13-546x365.jpeg\"><\/a><\/li><li class=\"\"><a href=\"https:\/\/eglisecatholiqueniger.org\/wp-content\/uploads\/2024\/10\/14.jpeg\" data-title=\"\" title=\"14\"><img decoding=\"async\" alt=\"14\" src=\"https:\/\/eglisecatholiqueniger.org\/wp-content\/uploads\/2024\/10\/14-546x365.jpeg\"><\/a><\/li><li class=\"\"><a href=\"https:\/\/eglisecatholiqueniger.org\/wp-content\/uploads\/2024\/10\/15.jpeg\" data-title=\"\" title=\"15\"><img decoding=\"async\" alt=\"15\" src=\"https:\/\/eglisecatholiqueniger.org\/wp-content\/uploads\/2024\/10\/15-546x365.jpeg\"><\/a><\/li><li class=\"last\"><a href=\"https:\/\/eglisecatholiqueniger.org\/wp-content\/uploads\/2024\/10\/16.jpeg\" data-title=\"\" title=\"16\"><img decoding=\"async\" alt=\"16\" src=\"https:\/\/eglisecatholiqueniger.org\/wp-content\/uploads\/2024\/10\/16-546x365.jpeg\"><\/a><\/li><li class=\"first\"><a href=\"https:\/\/eglisecatholiqueniger.org\/wp-content\/uploads\/2024\/10\/17.jpeg\" data-title=\"\" title=\"17\"><img decoding=\"async\" alt=\"17\" src=\"https:\/\/eglisecatholiqueniger.org\/wp-content\/uploads\/2024\/10\/17-546x365.jpeg\"><\/a><\/li><li class=\"\"><a href=\"https:\/\/eglisecatholiqueniger.org\/wp-content\/uploads\/2024\/10\/18.jpeg\" data-title=\"\" title=\"18\"><img decoding=\"async\" alt=\"18\" src=\"https:\/\/eglisecatholiqueniger.org\/wp-content\/uploads\/2024\/10\/18-546x365.jpeg\"><\/a><\/li><li class=\"\"><a href=\"https:\/\/eglisecatholiqueniger.org\/wp-content\/uploads\/2024\/10\/19.jpeg\" data-title=\"\" title=\"19\"><img decoding=\"async\" alt=\"19\" src=\"https:\/\/eglisecatholiqueniger.org\/wp-content\/uploads\/2024\/10\/19-546x365.jpeg\"><\/a><\/li><li class=\"last\"><a href=\"https:\/\/eglisecatholiqueniger.org\/wp-content\/uploads\/2024\/10\/20.jpeg\" data-title=\"\" title=\"20\"><img decoding=\"async\" alt=\"20\" src=\"https:\/\/eglisecatholiqueniger.org\/wp-content\/uploads\/2024\/10\/20-546x365.jpeg\"><\/a><\/li><li class=\"first\"><a href=\"https:\/\/eglisecatholiqueniger.org\/wp-content\/uploads\/2024\/10\/21.jpeg\" data-title=\"\" title=\"21\"><img decoding=\"async\" alt=\"21\" src=\"https:\/\/eglisecatholiqueniger.org\/wp-content\/uploads\/2024\/10\/21-546x365.jpeg\"><\/a><\/li><li class=\"\"><a href=\"https:\/\/eglisecatholiqueniger.org\/wp-content\/uploads\/2024\/10\/22.jpeg\" data-title=\"\" title=\"22\"><img decoding=\"async\" alt=\"22\" src=\"https:\/\/eglisecatholiqueniger.org\/wp-content\/uploads\/2024\/10\/22-546x365.jpeg\"><\/a><\/li><li class=\"\"><a href=\"https:\/\/eglisecatholiqueniger.org\/wp-content\/uploads\/2024\/10\/23.jpeg\" data-title=\"\" title=\"23\"><img decoding=\"async\" alt=\"23\" src=\"https:\/\/eglisecatholiqueniger.org\/wp-content\/uploads\/2024\/10\/23-546x365.jpeg\"><\/a><\/li><\/ul><\/div>\r\n\n","protected":false},"excerpt":{"rendered":"<p>La joie \u00e9tait au rendez-vous ce dimanche 29 septembre 2024, \u00e0 la Paroisse Saint Gabriel, \u00e0 l\u2019occasion de sa f\u00eate patronale (F\u00eate des Archanges Gabriel, Rapha\u00ebl et Michel), mais surtout &#8230;<\/p>\n","protected":false},"author":2,"featured_media":0,"comment_status":"open","ping_status":"open","sticky":false,"template":"","format":"standard","meta":{"footnotes":""},"categories":[1],"tags":[],"class_list":["post-1655","post","type-post","status-publish","format-standard","category-non-classe"],"_links":{"self":[{"href":"https:\/\/eglisecatholiqueniger.org\/index.php\/wp-json\/wp\/v2\/posts\/1655","targetHints":{"allow":["GET"]}}],"collection":[{"href":"https:\/\/eglisecatholiqueniger.org\/index.php\/wp-json\/wp\/v2\/posts"}],"about":[{"href":"https:\/\/eglisecatholiqueniger.org\/index.php\/wp-json\/wp\/v2\/types\/post"}],"author":[{"embeddable":true,"href":"https:\/\/eglisecatholiqueniger.org\/index.php\/wp-json\/wp\/v2\/users\/2"}],"replies":[{"embeddable":true,"href":"https:\/\/eglisecatholiqueniger.org\/index.php\/wp-json\/wp\/v2\/comments?post=1655"}],"version-history":[{"count":1,"href":"https:\/\/eglisecatholiqueniger.org\/index.php\/wp-json\/wp\/v2\/posts\/1655\/revisions"}],"predecessor-version":[{"id":1679,"href":"https:\/\/eglisecatholiqueniger.org\/index.php\/wp-json\/wp\/v2\/posts\/1655\/revisions\/1679"}],"wp:attachment":[{"href":"https:\/\/eglisecatholiqueniger.org\/index.php\/wp-json\/wp\/v2\/media?parent=1655"}],"wp:term":[{"taxonomy":"category","embeddable":true,"href":"https:\/\/eglisecatholiqueniger.org\/index.php\/wp-json\/wp\/v2\/categories?post=1655"},{"taxonomy":"post_tag","embeddable":true,"href":"https:\/\/eglisecatholiqueniger.org\/index.php\/wp-json\/wp\/v2\/tags?post=1655"}],"curies":[{"name":"wp","href":"https:\/\/api.w.org\/{rel}","templated":true}]}}