{"id":1682,"date":"2024-10-12T12:38:01","date_gmt":"2024-10-12T10:38:01","guid":{"rendered":"https:\/\/eglisecatholiqueniger.org\/?p=1682"},"modified":"2024-10-12T12:38:01","modified_gmt":"2024-10-12T10:38:01","slug":"chronique-de-laccueil-des-nouvelles-et-nouveaux-agents-pastoraux","status":"publish","type":"post","link":"https:\/\/eglisecatholiqueniger.org\/index.php\/2024\/10\/12\/chronique-de-laccueil-des-nouvelles-et-nouveaux-agents-pastoraux\/","title":{"rendered":"Chronique de l\u2019accueil des nouvelles et nouveaux agents pastoraux"},"content":{"rendered":"<p>Chronique de l\u2019accueil des nouvelles et nouveaux agents pastoraux<\/p>\n<p><em>Saint Fran\u00e7ois d\u2019Assise, en regardant le Crucifi\u00e9, \u00e9tait surpris que ses fr\u00e8res ne pleuraient pas. Et nous, r\u00e9ussissons-nous encore \u00e0 nous laisser \u00e9mouvoir par l\u2019amour de Dieu ? Pourquoi ne savons-nous plus nous \u00e9tonner devant lui ? Peut-\u00eatre parce que notre foi a \u00e9t\u00e9 us\u00e9e par l\u2019habitude. Peut-\u00eatre parce que nous restons enferm\u00e9s dans nos regrets et nous nous laissons paralyser par nos insatisfactions. (\u2026) Derri\u00e8re ces \u201cpeut-\u00eatre\u201d y-a-t-il le fait que nous ne sommes pas ouverts au don de l\u2019Esprit, qui est celui qui nous donne la gr\u00e2ce de l\u2019\u00e9tonnement<\/em>.\u201d<\/p>\n<p>C\u2019est ce passage qui a constitu\u00e9 le coup d\u2019envoie de la matin\u00e9e d\u2019introduction \u00e0 la r\u00e9alit\u00e9 de l\u2019Eglise au Niger et du Niger dans l\u2019Eglise. Apr\u00e8s la pri\u00e8re de notre p\u00e8re \u00e9v\u00eaque Laurent on est rentr\u00e9s dans le vif du sujet. Il s\u2019agissait de mettre ensemble deux \u2018mondes\u2019\u00a0: celui des nouveaux et le \u2018monde\u2019 du Niger. Apr\u00e8s avoir partag\u00e9 aspirations et craintes il a \u00e9t\u00e9 question de s\u2019approcher du NIGER en tant que pays, espace et lieu o\u00f9 se d\u00e9veloppe l\u2019Eglise catholique.<\/p>\n<p>Presque quarante personnes ont particip\u00e9 avec joie et empressement \u00e0 ce moment qui n\u2019a jamais \u00e9t\u00e9 banale. En particulier c\u2019est les relations avec le \u2018monde\u2019 musulman qui ont captiv\u00e9 l\u2019attention et l\u2019int\u00e9r\u00eat des pr\u00e9sents. Bien sur certaines craintes ont pu se manifester aussi en relation avec la situation s\u00e9curitaire qui pr\u00e9vaut dans nos r\u00e9gions. Un moment de convivialit\u00e9 autour de l\u2019\u00e9v\u00eaque a conclu une matin\u00e9e bien remplie de visages, histoires et esp\u00e9rances.\u00a0 \u00a0 \u00a0 \u00a0 Mauro Armanino,<\/p>\n<p><img loading=\"lazy\" decoding=\"async\" class=\"alignnone wp-image-1684\" src=\"http:\/\/eglisecatholiqueniger.org\/wp-content\/uploads\/2024\/10\/APN0444-300x200.jpg\" alt=\"\" width=\"224\" height=\"149\" srcset=\"https:\/\/eglisecatholiqueniger.org\/wp-content\/uploads\/2024\/10\/APN0444-300x200.jpg 300w, https:\/\/eglisecatholiqueniger.org\/wp-content\/uploads\/2024\/10\/APN0444-1024x683.jpg 1024w, https:\/\/eglisecatholiqueniger.org\/wp-content\/uploads\/2024\/10\/APN0444-768x512.jpg 768w, https:\/\/eglisecatholiqueniger.org\/wp-content\/uploads\/2024\/10\/APN0444-1536x1025.jpg 1536w, https:\/\/eglisecatholiqueniger.org\/wp-content\/uploads\/2024\/10\/APN0444-2048x1367.jpg 2048w, https:\/\/eglisecatholiqueniger.org\/wp-content\/uploads\/2024\/10\/APN0444-274x183.jpg 274w, https:\/\/eglisecatholiqueniger.org\/wp-content\/uploads\/2024\/10\/APN0444-80x54.jpg 80w, https:\/\/eglisecatholiqueniger.org\/wp-content\/uploads\/2024\/10\/APN0444-130x87.jpg 130w, https:\/\/eglisecatholiqueniger.org\/wp-content\/uploads\/2024\/10\/APN0444-359x240.jpg 359w, https:\/\/eglisecatholiqueniger.org\/wp-content\/uploads\/2024\/10\/APN0444-85x57.jpg 85w, https:\/\/eglisecatholiqueniger.org\/wp-content\/uploads\/2024\/10\/APN0444-546x365.jpg 546w, https:\/\/eglisecatholiqueniger.org\/wp-content\/uploads\/2024\/10\/APN0444-165x109.jpg 165w, https:\/\/eglisecatholiqueniger.org\/wp-content\/uploads\/2024\/10\/APN0444-347x233.jpg 347w, https:\/\/eglisecatholiqueniger.org\/wp-content\/uploads\/2024\/10\/APN0444-112x75.jpg 112w, https:\/\/eglisecatholiqueniger.org\/wp-content\/uploads\/2024\/10\/APN0444-179x120.jpg 179w, https:\/\/eglisecatholiqueniger.org\/wp-content\/uploads\/2024\/10\/APN0444-170x113.jpg 170w, https:\/\/eglisecatholiqueniger.org\/wp-content\/uploads\/2024\/10\/APN0444-81x55.jpg 81w, https:\/\/eglisecatholiqueniger.org\/wp-content\/uploads\/2024\/10\/APN0444-765x510.jpg 765w\" sizes=\"auto, (max-width: 224px) 100vw, 224px\" \/> \u00a0<img loading=\"lazy\" decoding=\"async\" class=\"alignnone wp-image-1685\" src=\"http:\/\/eglisecatholiqueniger.org\/wp-content\/uploads\/2024\/10\/APN0417-300x200.jpg\" alt=\"\" width=\"224\" height=\"149\" srcset=\"https:\/\/eglisecatholiqueniger.org\/wp-content\/uploads\/2024\/10\/APN0417-300x200.jpg 300w, https:\/\/eglisecatholiqueniger.org\/wp-content\/uploads\/2024\/10\/APN0417-1024x683.jpg 1024w, https:\/\/eglisecatholiqueniger.org\/wp-content\/uploads\/2024\/10\/APN0417-768x512.jpg 768w, https:\/\/eglisecatholiqueniger.org\/wp-content\/uploads\/2024\/10\/APN0417-1536x1025.jpg 1536w, https:\/\/eglisecatholiqueniger.org\/wp-content\/uploads\/2024\/10\/APN0417-2048x1367.jpg 2048w, https:\/\/eglisecatholiqueniger.org\/wp-content\/uploads\/2024\/10\/APN0417-274x183.jpg 274w, https:\/\/eglisecatholiqueniger.org\/wp-content\/uploads\/2024\/10\/APN0417-80x54.jpg 80w, https:\/\/eglisecatholiqueniger.org\/wp-content\/uploads\/2024\/10\/APN0417-130x87.jpg 130w, https:\/\/eglisecatholiqueniger.org\/wp-content\/uploads\/2024\/10\/APN0417-359x240.jpg 359w, https:\/\/eglisecatholiqueniger.org\/wp-content\/uploads\/2024\/10\/APN0417-85x57.jpg 85w, https:\/\/eglisecatholiqueniger.org\/wp-content\/uploads\/2024\/10\/APN0417-546x365.jpg 546w, https:\/\/eglisecatholiqueniger.org\/wp-content\/uploads\/2024\/10\/APN0417-165x109.jpg 165w, https:\/\/eglisecatholiqueniger.org\/wp-content\/uploads\/2024\/10\/APN0417-347x233.jpg 347w, https:\/\/eglisecatholiqueniger.org\/wp-content\/uploads\/2024\/10\/APN0417-112x75.jpg 112w, https:\/\/eglisecatholiqueniger.org\/wp-content\/uploads\/2024\/10\/APN0417-179x120.jpg 179w, https:\/\/eglisecatholiqueniger.org\/wp-content\/uploads\/2024\/10\/APN0417-170x113.jpg 170w, https:\/\/eglisecatholiqueniger.org\/wp-content\/uploads\/2024\/10\/APN0417-81x55.jpg 81w, https:\/\/eglisecatholiqueniger.org\/wp-content\/uploads\/2024\/10\/APN0417-765x510.jpg 765w\" sizes=\"auto, (max-width: 224px) 100vw, 224px\" \/><\/p>\n<p><img loading=\"lazy\" decoding=\"async\" class=\"alignnone wp-image-1687\" src=\"http:\/\/eglisecatholiqueniger.org\/wp-content\/uploads\/2024\/10\/APN0399-300x200.jpg\" alt=\"\" width=\"224\" height=\"149\" srcset=\"https:\/\/eglisecatholiqueniger.org\/wp-content\/uploads\/2024\/10\/APN0399-300x200.jpg 300w, https:\/\/eglisecatholiqueniger.org\/wp-content\/uploads\/2024\/10\/APN0399-1024x683.jpg 1024w, https:\/\/eglisecatholiqueniger.org\/wp-content\/uploads\/2024\/10\/APN0399-768x512.jpg 768w, https:\/\/eglisecatholiqueniger.org\/wp-content\/uploads\/2024\/10\/APN0399-1536x1025.jpg 1536w, https:\/\/eglisecatholiqueniger.org\/wp-content\/uploads\/2024\/10\/APN0399-2048x1367.jpg 2048w, https:\/\/eglisecatholiqueniger.org\/wp-content\/uploads\/2024\/10\/APN0399-274x183.jpg 274w, https:\/\/eglisecatholiqueniger.org\/wp-content\/uploads\/2024\/10\/APN0399-80x54.jpg 80w, https:\/\/eglisecatholiqueniger.org\/wp-content\/uploads\/2024\/10\/APN0399-130x87.jpg 130w, https:\/\/eglisecatholiqueniger.org\/wp-content\/uploads\/2024\/10\/APN0399-359x240.jpg 359w, https:\/\/eglisecatholiqueniger.org\/wp-content\/uploads\/2024\/10\/APN0399-85x57.jpg 85w, https:\/\/eglisecatholiqueniger.org\/wp-content\/uploads\/2024\/10\/APN0399-546x365.jpg 546w, https:\/\/eglisecatholiqueniger.org\/wp-content\/uploads\/2024\/10\/APN0399-165x109.jpg 165w, https:\/\/eglisecatholiqueniger.org\/wp-content\/uploads\/2024\/10\/APN0399-347x233.jpg 347w, https:\/\/eglisecatholiqueniger.org\/wp-content\/uploads\/2024\/10\/APN0399-112x75.jpg 112w, https:\/\/eglisecatholiqueniger.org\/wp-content\/uploads\/2024\/10\/APN0399-179x120.jpg 179w, https:\/\/eglisecatholiqueniger.org\/wp-content\/uploads\/2024\/10\/APN0399-170x113.jpg 170w, https:\/\/eglisecatholiqueniger.org\/wp-content\/uploads\/2024\/10\/APN0399-81x55.jpg 81w, https:\/\/eglisecatholiqueniger.org\/wp-content\/uploads\/2024\/10\/APN0399-765x510.jpg 765w\" sizes=\"auto, (max-width: 224px) 100vw, 224px\" \/>\u00a0 <img loading=\"lazy\" decoding=\"async\" class=\"alignnone wp-image-1688\" src=\"http:\/\/eglisecatholiqueniger.org\/wp-content\/uploads\/2024\/10\/APN0403-300x200.jpg\" alt=\"\" width=\"224\" height=\"149\" srcset=\"https:\/\/eglisecatholiqueniger.org\/wp-content\/uploads\/2024\/10\/APN0403-300x200.jpg 300w, https:\/\/eglisecatholiqueniger.org\/wp-content\/uploads\/2024\/10\/APN0403-1024x683.jpg 1024w, https:\/\/eglisecatholiqueniger.org\/wp-content\/uploads\/2024\/10\/APN0403-768x512.jpg 768w, https:\/\/eglisecatholiqueniger.org\/wp-content\/uploads\/2024\/10\/APN0403-1536x1025.jpg 1536w, https:\/\/eglisecatholiqueniger.org\/wp-content\/uploads\/2024\/10\/APN0403-2048x1367.jpg 2048w, https:\/\/eglisecatholiqueniger.org\/wp-content\/uploads\/2024\/10\/APN0403-274x183.jpg 274w, https:\/\/eglisecatholiqueniger.org\/wp-content\/uploads\/2024\/10\/APN0403-80x54.jpg 80w, https:\/\/eglisecatholiqueniger.org\/wp-content\/uploads\/2024\/10\/APN0403-130x87.jpg 130w, https:\/\/eglisecatholiqueniger.org\/wp-content\/uploads\/2024\/10\/APN0403-359x240.jpg 359w, https:\/\/eglisecatholiqueniger.org\/wp-content\/uploads\/2024\/10\/APN0403-85x57.jpg 85w, https:\/\/eglisecatholiqueniger.org\/wp-content\/uploads\/2024\/10\/APN0403-546x365.jpg 546w, https:\/\/eglisecatholiqueniger.org\/wp-content\/uploads\/2024\/10\/APN0403-165x109.jpg 165w, https:\/\/eglisecatholiqueniger.org\/wp-content\/uploads\/2024\/10\/APN0403-347x233.jpg 347w, https:\/\/eglisecatholiqueniger.org\/wp-content\/uploads\/2024\/10\/APN0403-112x75.jpg 112w, https:\/\/eglisecatholiqueniger.org\/wp-content\/uploads\/2024\/10\/APN0403-179x120.jpg 179w, https:\/\/eglisecatholiqueniger.org\/wp-content\/uploads\/2024\/10\/APN0403-170x113.jpg 170w, https:\/\/eglisecatholiqueniger.org\/wp-content\/uploads\/2024\/10\/APN0403-81x55.jpg 81w, https:\/\/eglisecatholiqueniger.org\/wp-content\/uploads\/2024\/10\/APN0403-765x510.jpg 765w\" sizes=\"auto, (max-width: 224px) 100vw, 224px\" \/><\/p>\n<p><img loading=\"lazy\" decoding=\"async\" class=\"alignnone wp-image-1694\" src=\"http:\/\/eglisecatholiqueniger.org\/wp-content\/uploads\/2024\/10\/APN0408-300x200.jpg\" alt=\"\" width=\"224\" height=\"149\" srcset=\"https:\/\/eglisecatholiqueniger.org\/wp-content\/uploads\/2024\/10\/APN0408-300x200.jpg 300w, https:\/\/eglisecatholiqueniger.org\/wp-content\/uploads\/2024\/10\/APN0408-1024x683.jpg 1024w, https:\/\/eglisecatholiqueniger.org\/wp-content\/uploads\/2024\/10\/APN0408-768x512.jpg 768w, https:\/\/eglisecatholiqueniger.org\/wp-content\/uploads\/2024\/10\/APN0408-1536x1025.jpg 1536w, https:\/\/eglisecatholiqueniger.org\/wp-content\/uploads\/2024\/10\/APN0408-2048x1367.jpg 2048w, https:\/\/eglisecatholiqueniger.org\/wp-content\/uploads\/2024\/10\/APN0408-274x183.jpg 274w, https:\/\/eglisecatholiqueniger.org\/wp-content\/uploads\/2024\/10\/APN0408-80x54.jpg 80w, https:\/\/eglisecatholiqueniger.org\/wp-content\/uploads\/2024\/10\/APN0408-130x87.jpg 130w, https:\/\/eglisecatholiqueniger.org\/wp-content\/uploads\/2024\/10\/APN0408-359x240.jpg 359w, https:\/\/eglisecatholiqueniger.org\/wp-content\/uploads\/2024\/10\/APN0408-85x57.jpg 85w, https:\/\/eglisecatholiqueniger.org\/wp-content\/uploads\/2024\/10\/APN0408-546x365.jpg 546w, https:\/\/eglisecatholiqueniger.org\/wp-content\/uploads\/2024\/10\/APN0408-165x109.jpg 165w, https:\/\/eglisecatholiqueniger.org\/wp-content\/uploads\/2024\/10\/APN0408-347x233.jpg 347w, https:\/\/eglisecatholiqueniger.org\/wp-content\/uploads\/2024\/10\/APN0408-112x75.jpg 112w, https:\/\/eglisecatholiqueniger.org\/wp-content\/uploads\/2024\/10\/APN0408-179x120.jpg 179w, https:\/\/eglisecatholiqueniger.org\/wp-content\/uploads\/2024\/10\/APN0408-170x113.jpg 170w, https:\/\/eglisecatholiqueniger.org\/wp-content\/uploads\/2024\/10\/APN0408-81x55.jpg 81w, https:\/\/eglisecatholiqueniger.org\/wp-content\/uploads\/2024\/10\/APN0408-765x510.jpg 765w\" sizes=\"auto, (max-width: 224px) 100vw, 224px\" \/> <img loading=\"lazy\" decoding=\"async\" class=\"alignnone wp-image-1695\" src=\"http:\/\/eglisecatholiqueniger.org\/wp-content\/uploads\/2024\/10\/APN0432-2-300x200.jpg\" alt=\"\" width=\"224\" height=\"149\" srcset=\"https:\/\/eglisecatholiqueniger.org\/wp-content\/uploads\/2024\/10\/APN0432-2-300x200.jpg 300w, https:\/\/eglisecatholiqueniger.org\/wp-content\/uploads\/2024\/10\/APN0432-2-1024x683.jpg 1024w, https:\/\/eglisecatholiqueniger.org\/wp-content\/uploads\/2024\/10\/APN0432-2-768x512.jpg 768w, https:\/\/eglisecatholiqueniger.org\/wp-content\/uploads\/2024\/10\/APN0432-2-1536x1025.jpg 1536w, https:\/\/eglisecatholiqueniger.org\/wp-content\/uploads\/2024\/10\/APN0432-2-2048x1367.jpg 2048w, https:\/\/eglisecatholiqueniger.org\/wp-content\/uploads\/2024\/10\/APN0432-2-274x183.jpg 274w, https:\/\/eglisecatholiqueniger.org\/wp-content\/uploads\/2024\/10\/APN0432-2-80x54.jpg 80w, https:\/\/eglisecatholiqueniger.org\/wp-content\/uploads\/2024\/10\/APN0432-2-130x87.jpg 130w, https:\/\/eglisecatholiqueniger.org\/wp-content\/uploads\/2024\/10\/APN0432-2-359x240.jpg 359w, https:\/\/eglisecatholiqueniger.org\/wp-content\/uploads\/2024\/10\/APN0432-2-85x57.jpg 85w, https:\/\/eglisecatholiqueniger.org\/wp-content\/uploads\/2024\/10\/APN0432-2-546x365.jpg 546w, https:\/\/eglisecatholiqueniger.org\/wp-content\/uploads\/2024\/10\/APN0432-2-165x109.jpg 165w, https:\/\/eglisecatholiqueniger.org\/wp-content\/uploads\/2024\/10\/APN0432-2-347x233.jpg 347w, https:\/\/eglisecatholiqueniger.org\/wp-content\/uploads\/2024\/10\/APN0432-2-112x75.jpg 112w, https:\/\/eglisecatholiqueniger.org\/wp-content\/uploads\/2024\/10\/APN0432-2-179x120.jpg 179w, https:\/\/eglisecatholiqueniger.org\/wp-content\/uploads\/2024\/10\/APN0432-2-170x113.jpg 170w, https:\/\/eglisecatholiqueniger.org\/wp-content\/uploads\/2024\/10\/APN0432-2-81x55.jpg 81w, https:\/\/eglisecatholiqueniger.org\/wp-content\/uploads\/2024\/10\/APN0432-2-765x510.jpg 765w\" sizes=\"auto, (max-width: 224px) 100vw, 224px\" \/><\/p>\n","protected":false},"excerpt":{"rendered":"<p>Chronique de l\u2019accueil des nouvelles et nouveaux agents pastoraux Saint Fran\u00e7ois d\u2019Assise, en regardant le Crucifi\u00e9, \u00e9tait surpris que ses fr\u00e8res ne pleuraient pas. Et nous, r\u00e9ussissons-nous encore \u00e0 nous &#8230;<\/p>\n","protected":false},"author":3,"featured_media":0,"comment_status":"open","ping_status":"open","sticky":false,"template":"","format":"standard","meta":{"footnotes":""},"categories":[1],"tags":[],"class_list":["post-1682","post","type-post","status-publish","format-standard","category-non-classe"],"_links":{"self":[{"href":"https:\/\/eglisecatholiqueniger.org\/index.php\/wp-json\/wp\/v2\/posts\/1682","targetHints":{"allow":["GET"]}}],"collection":[{"href":"https:\/\/eglisecatholiqueniger.org\/index.php\/wp-json\/wp\/v2\/posts"}],"about":[{"href":"https:\/\/eglisecatholiqueniger.org\/index.php\/wp-json\/wp\/v2\/types\/post"}],"author":[{"embeddable":true,"href":"https:\/\/eglisecatholiqueniger.org\/index.php\/wp-json\/wp\/v2\/users\/3"}],"replies":[{"embeddable":true,"href":"https:\/\/eglisecatholiqueniger.org\/index.php\/wp-json\/wp\/v2\/comments?post=1682"}],"version-history":[{"count":5,"href":"https:\/\/eglisecatholiqueniger.org\/index.php\/wp-json\/wp\/v2\/posts\/1682\/revisions"}],"predecessor-version":[{"id":1696,"href":"https:\/\/eglisecatholiqueniger.org\/index.php\/wp-json\/wp\/v2\/posts\/1682\/revisions\/1696"}],"wp:attachment":[{"href":"https:\/\/eglisecatholiqueniger.org\/index.php\/wp-json\/wp\/v2\/media?parent=1682"}],"wp:term":[{"taxonomy":"category","embeddable":true,"href":"https:\/\/eglisecatholiqueniger.org\/index.php\/wp-json\/wp\/v2\/categories?post=1682"},{"taxonomy":"post_tag","embeddable":true,"href":"https:\/\/eglisecatholiqueniger.org\/index.php\/wp-json\/wp\/v2\/tags?post=1682"}],"curies":[{"name":"wp","href":"https:\/\/api.w.org\/{rel}","templated":true}]}}