{"id":1697,"date":"2024-10-11T18:58:29","date_gmt":"2024-10-11T16:58:29","guid":{"rendered":"https:\/\/eglisecatholiqueniger.org\/?p=1697"},"modified":"2024-10-11T18:58:29","modified_gmt":"2024-10-11T16:58:29","slug":"lassemblee-diocesaine-2024-souvre-sur-fond-de-lecoute","status":"publish","type":"post","link":"https:\/\/eglisecatholiqueniger.org\/index.php\/2024\/10\/11\/lassemblee-diocesaine-2024-souvre-sur-fond-de-lecoute\/","title":{"rendered":"L\u2019Assembl\u00e9e dioc\u00e9saine 2024 s\u2019ouvre sur fond de l\u2019\u00e9coute"},"content":{"rendered":"<p>&nbsp;<\/p>\n<p>En liaison avec le th\u00e8me de l\u2019A.D., centr\u00e9e sur l\u2019\u00e9coute de Dieu et du cri du peuple on a d\u00e9but\u00e9 la journ\u00e9e par la c\u00e9l\u00e9bration eucharistique d\u2019ouverture, pr\u00e9sid\u00e9e par l\u2019\u00e9v\u00eaque Laurent Lompo. Aussit\u00f4t apr\u00e8s les invit\u00e9s de marque ont assist\u00e9 au commencement des travaux et en particulier les chefs religieux musulmans, en signe d\u2019amiti\u00e9 ! Les travaux ont continu\u00e9 avec la premi\u00e8re conf\u00e9rence ax\u00e9e sur l\u2019\u00e9coute dans la Bible. Les p\u00e8res Anthony et Mauro ont pu partager un peu de la grande richesse de ce th\u00e8me, dans l\u2019A.T. et le N.T. Une s\u00e9rie de questions ont permis aux participants d\u2019\u00e9changer sur le sujet.<\/p>\n<p>Le soir c\u2019est le p\u00e8re Aur\u00e9lien qui a partag\u00e9 avec les participants, plus d\u2019une centaine, sa vision de l\u2019\u00e9coute \u00e0 partir d\u2019une approche psychologique. Ses exemples et la capacit\u00e9 de monnayer ces concepts ont tenu l\u2019auditoire attentif pendant une heure ! Un batterie de questions a permis a plusieurs de clarifier et approfondir le th\u00e8me.<\/p>\n<p>Le \u2018climat\u2019 humain a \u00e9t\u00e9 marqu\u00e9 par une ambiance sereine et dispos\u00e9e \u00e0 l\u2019\u00e9coute de l\u2019autre, tout comme le th\u00e8me de l\u2019Assembl\u00e9e Dioc\u00e9saine a pr\u00e9conis\u00e9.\u00a0 \u00a0 \u00a0 \u00a0 \u00a0 \u00a0 \u00a0 \u00a0 \u00a0 \u00a0 \u00a0 \u00a0 \u00a0 \u00a0 \u00a0 \u00a0 \u00a0 \u00a0 \u00a0 \u00a0 \u00a0 \u00a0 \u00a0 \u00a0 \u00a0 \u00a0 \u00a0 \u00a0 \u00a0 \u00a0Mauro Armanino,<\/p>\n<p>&nbsp;<\/p>\n<p><img loading=\"lazy\" decoding=\"async\" class=\"alignnone  wp-image-1705\" src=\"http:\/\/eglisecatholiqueniger.org\/wp-content\/uploads\/2024\/10\/jour-1-00-300x200.jpg\" alt=\"\" width=\"171\" height=\"114\" srcset=\"https:\/\/eglisecatholiqueniger.org\/wp-content\/uploads\/2024\/10\/jour-1-00-300x200.jpg 300w, https:\/\/eglisecatholiqueniger.org\/wp-content\/uploads\/2024\/10\/jour-1-00-1024x683.jpg 1024w, https:\/\/eglisecatholiqueniger.org\/wp-content\/uploads\/2024\/10\/jour-1-00-768x512.jpg 768w, https:\/\/eglisecatholiqueniger.org\/wp-content\/uploads\/2024\/10\/jour-1-00-1536x1025.jpg 1536w, https:\/\/eglisecatholiqueniger.org\/wp-content\/uploads\/2024\/10\/jour-1-00-2048x1367.jpg 2048w, https:\/\/eglisecatholiqueniger.org\/wp-content\/uploads\/2024\/10\/jour-1-00-274x183.jpg 274w, https:\/\/eglisecatholiqueniger.org\/wp-content\/uploads\/2024\/10\/jour-1-00-364x245.jpg 364w, https:\/\/eglisecatholiqueniger.org\/wp-content\/uploads\/2024\/10\/jour-1-00-80x54.jpg 80w, https:\/\/eglisecatholiqueniger.org\/wp-content\/uploads\/2024\/10\/jour-1-00-130x87.jpg 130w, https:\/\/eglisecatholiqueniger.org\/wp-content\/uploads\/2024\/10\/jour-1-00-359x240.jpg 359w, https:\/\/eglisecatholiqueniger.org\/wp-content\/uploads\/2024\/10\/jour-1-00-85x57.jpg 85w, https:\/\/eglisecatholiqueniger.org\/wp-content\/uploads\/2024\/10\/jour-1-00-546x365.jpg 546w, https:\/\/eglisecatholiqueniger.org\/wp-content\/uploads\/2024\/10\/jour-1-00-266x179.jpg 266w, https:\/\/eglisecatholiqueniger.org\/wp-content\/uploads\/2024\/10\/jour-1-00-165x109.jpg 165w, https:\/\/eglisecatholiqueniger.org\/wp-content\/uploads\/2024\/10\/jour-1-00-347x233.jpg 347w, https:\/\/eglisecatholiqueniger.org\/wp-content\/uploads\/2024\/10\/jour-1-00-112x75.jpg 112w, https:\/\/eglisecatholiqueniger.org\/wp-content\/uploads\/2024\/10\/jour-1-00-179x120.jpg 179w, https:\/\/eglisecatholiqueniger.org\/wp-content\/uploads\/2024\/10\/jour-1-00-170x113.jpg 170w, https:\/\/eglisecatholiqueniger.org\/wp-content\/uploads\/2024\/10\/jour-1-00-81x55.jpg 81w, https:\/\/eglisecatholiqueniger.org\/wp-content\/uploads\/2024\/10\/jour-1-00-765x510.jpg 765w\" sizes=\"auto, (max-width: 171px) 100vw, 171px\" \/>\u00a0 <img loading=\"lazy\" decoding=\"async\" class=\"alignnone  wp-image-1707\" src=\"http:\/\/eglisecatholiqueniger.org\/wp-content\/uploads\/2024\/10\/jour1-06-300x200.jpg\" alt=\"\" width=\"171\" height=\"114\" srcset=\"https:\/\/eglisecatholiqueniger.org\/wp-content\/uploads\/2024\/10\/jour1-06-300x200.jpg 300w, https:\/\/eglisecatholiqueniger.org\/wp-content\/uploads\/2024\/10\/jour1-06-1024x683.jpg 1024w, https:\/\/eglisecatholiqueniger.org\/wp-content\/uploads\/2024\/10\/jour1-06-768x512.jpg 768w, https:\/\/eglisecatholiqueniger.org\/wp-content\/uploads\/2024\/10\/jour1-06-1536x1025.jpg 1536w, https:\/\/eglisecatholiqueniger.org\/wp-content\/uploads\/2024\/10\/jour1-06-2048x1367.jpg 2048w, https:\/\/eglisecatholiqueniger.org\/wp-content\/uploads\/2024\/10\/jour1-06-274x183.jpg 274w, https:\/\/eglisecatholiqueniger.org\/wp-content\/uploads\/2024\/10\/jour1-06-364x245.jpg 364w, https:\/\/eglisecatholiqueniger.org\/wp-content\/uploads\/2024\/10\/jour1-06-80x54.jpg 80w, https:\/\/eglisecatholiqueniger.org\/wp-content\/uploads\/2024\/10\/jour1-06-130x87.jpg 130w, https:\/\/eglisecatholiqueniger.org\/wp-content\/uploads\/2024\/10\/jour1-06-359x240.jpg 359w, https:\/\/eglisecatholiqueniger.org\/wp-content\/uploads\/2024\/10\/jour1-06-85x57.jpg 85w, https:\/\/eglisecatholiqueniger.org\/wp-content\/uploads\/2024\/10\/jour1-06-546x365.jpg 546w, https:\/\/eglisecatholiqueniger.org\/wp-content\/uploads\/2024\/10\/jour1-06-266x179.jpg 266w, https:\/\/eglisecatholiqueniger.org\/wp-content\/uploads\/2024\/10\/jour1-06-165x109.jpg 165w, https:\/\/eglisecatholiqueniger.org\/wp-content\/uploads\/2024\/10\/jour1-06-347x233.jpg 347w, https:\/\/eglisecatholiqueniger.org\/wp-content\/uploads\/2024\/10\/jour1-06-112x75.jpg 112w, https:\/\/eglisecatholiqueniger.org\/wp-content\/uploads\/2024\/10\/jour1-06-179x120.jpg 179w, https:\/\/eglisecatholiqueniger.org\/wp-content\/uploads\/2024\/10\/jour1-06-170x113.jpg 170w, https:\/\/eglisecatholiqueniger.org\/wp-content\/uploads\/2024\/10\/jour1-06-81x55.jpg 81w, https:\/\/eglisecatholiqueniger.org\/wp-content\/uploads\/2024\/10\/jour1-06-765x510.jpg 765w\" sizes=\"auto, (max-width: 171px) 100vw, 171px\" \/> <img loading=\"lazy\" decoding=\"async\" class=\"alignnone  wp-image-1706\" src=\"http:\/\/eglisecatholiqueniger.org\/wp-content\/uploads\/2024\/10\/jour-03-300x200.jpg\" alt=\"\" width=\"171\" height=\"114\" srcset=\"https:\/\/eglisecatholiqueniger.org\/wp-content\/uploads\/2024\/10\/jour-03-300x200.jpg 300w, https:\/\/eglisecatholiqueniger.org\/wp-content\/uploads\/2024\/10\/jour-03-1024x683.jpg 1024w, https:\/\/eglisecatholiqueniger.org\/wp-content\/uploads\/2024\/10\/jour-03-768x512.jpg 768w, https:\/\/eglisecatholiqueniger.org\/wp-content\/uploads\/2024\/10\/jour-03-1536x1025.jpg 1536w, https:\/\/eglisecatholiqueniger.org\/wp-content\/uploads\/2024\/10\/jour-03-2048x1367.jpg 2048w, https:\/\/eglisecatholiqueniger.org\/wp-content\/uploads\/2024\/10\/jour-03-274x183.jpg 274w, https:\/\/eglisecatholiqueniger.org\/wp-content\/uploads\/2024\/10\/jour-03-364x245.jpg 364w, https:\/\/eglisecatholiqueniger.org\/wp-content\/uploads\/2024\/10\/jour-03-80x54.jpg 80w, https:\/\/eglisecatholiqueniger.org\/wp-content\/uploads\/2024\/10\/jour-03-130x87.jpg 130w, https:\/\/eglisecatholiqueniger.org\/wp-content\/uploads\/2024\/10\/jour-03-359x240.jpg 359w, https:\/\/eglisecatholiqueniger.org\/wp-content\/uploads\/2024\/10\/jour-03-85x57.jpg 85w, https:\/\/eglisecatholiqueniger.org\/wp-content\/uploads\/2024\/10\/jour-03-546x365.jpg 546w, https:\/\/eglisecatholiqueniger.org\/wp-content\/uploads\/2024\/10\/jour-03-266x179.jpg 266w, https:\/\/eglisecatholiqueniger.org\/wp-content\/uploads\/2024\/10\/jour-03-165x109.jpg 165w, https:\/\/eglisecatholiqueniger.org\/wp-content\/uploads\/2024\/10\/jour-03-347x233.jpg 347w, https:\/\/eglisecatholiqueniger.org\/wp-content\/uploads\/2024\/10\/jour-03-112x75.jpg 112w, https:\/\/eglisecatholiqueniger.org\/wp-content\/uploads\/2024\/10\/jour-03-179x120.jpg 179w, https:\/\/eglisecatholiqueniger.org\/wp-content\/uploads\/2024\/10\/jour-03-170x113.jpg 170w, https:\/\/eglisecatholiqueniger.org\/wp-content\/uploads\/2024\/10\/jour-03-81x55.jpg 81w, https:\/\/eglisecatholiqueniger.org\/wp-content\/uploads\/2024\/10\/jour-03-765x510.jpg 765w\" sizes=\"auto, (max-width: 171px) 100vw, 171px\" \/><\/p>\n<p><img loading=\"lazy\" decoding=\"async\" class=\"alignnone  wp-image-1708\" src=\"http:\/\/eglisecatholiqueniger.org\/wp-content\/uploads\/2024\/10\/jour1-04-300x200.jpg\" alt=\"\" width=\"171\" height=\"114\" srcset=\"https:\/\/eglisecatholiqueniger.org\/wp-content\/uploads\/2024\/10\/jour1-04-300x200.jpg 300w, https:\/\/eglisecatholiqueniger.org\/wp-content\/uploads\/2024\/10\/jour1-04-1024x683.jpg 1024w, https:\/\/eglisecatholiqueniger.org\/wp-content\/uploads\/2024\/10\/jour1-04-768x512.jpg 768w, https:\/\/eglisecatholiqueniger.org\/wp-content\/uploads\/2024\/10\/jour1-04-1536x1025.jpg 1536w, https:\/\/eglisecatholiqueniger.org\/wp-content\/uploads\/2024\/10\/jour1-04-2048x1367.jpg 2048w, https:\/\/eglisecatholiqueniger.org\/wp-content\/uploads\/2024\/10\/jour1-04-274x183.jpg 274w, https:\/\/eglisecatholiqueniger.org\/wp-content\/uploads\/2024\/10\/jour1-04-364x245.jpg 364w, https:\/\/eglisecatholiqueniger.org\/wp-content\/uploads\/2024\/10\/jour1-04-80x54.jpg 80w, https:\/\/eglisecatholiqueniger.org\/wp-content\/uploads\/2024\/10\/jour1-04-130x87.jpg 130w, https:\/\/eglisecatholiqueniger.org\/wp-content\/uploads\/2024\/10\/jour1-04-359x240.jpg 359w, https:\/\/eglisecatholiqueniger.org\/wp-content\/uploads\/2024\/10\/jour1-04-85x57.jpg 85w, https:\/\/eglisecatholiqueniger.org\/wp-content\/uploads\/2024\/10\/jour1-04-546x365.jpg 546w, https:\/\/eglisecatholiqueniger.org\/wp-content\/uploads\/2024\/10\/jour1-04-266x179.jpg 266w, https:\/\/eglisecatholiqueniger.org\/wp-content\/uploads\/2024\/10\/jour1-04-165x109.jpg 165w, https:\/\/eglisecatholiqueniger.org\/wp-content\/uploads\/2024\/10\/jour1-04-347x233.jpg 347w, https:\/\/eglisecatholiqueniger.org\/wp-content\/uploads\/2024\/10\/jour1-04-112x75.jpg 112w, https:\/\/eglisecatholiqueniger.org\/wp-content\/uploads\/2024\/10\/jour1-04-179x120.jpg 179w, https:\/\/eglisecatholiqueniger.org\/wp-content\/uploads\/2024\/10\/jour1-04-170x113.jpg 170w, https:\/\/eglisecatholiqueniger.org\/wp-content\/uploads\/2024\/10\/jour1-04-81x55.jpg 81w, https:\/\/eglisecatholiqueniger.org\/wp-content\/uploads\/2024\/10\/jour1-04-765x510.jpg 765w\" sizes=\"auto, (max-width: 171px) 100vw, 171px\" \/> \u00a0<img loading=\"lazy\" decoding=\"async\" class=\"alignnone  wp-image-1699\" src=\"http:\/\/eglisecatholiqueniger.org\/wp-content\/uploads\/2024\/10\/jour-1-09--300x200.jpg\" alt=\"\" width=\"171\" height=\"114\" srcset=\"https:\/\/eglisecatholiqueniger.org\/wp-content\/uploads\/2024\/10\/jour-1-09--300x200.jpg 300w, https:\/\/eglisecatholiqueniger.org\/wp-content\/uploads\/2024\/10\/jour-1-09--1024x683.jpg 1024w, https:\/\/eglisecatholiqueniger.org\/wp-content\/uploads\/2024\/10\/jour-1-09--768x512.jpg 768w, https:\/\/eglisecatholiqueniger.org\/wp-content\/uploads\/2024\/10\/jour-1-09--1536x1025.jpg 1536w, https:\/\/eglisecatholiqueniger.org\/wp-content\/uploads\/2024\/10\/jour-1-09--2048x1367.jpg 2048w, https:\/\/eglisecatholiqueniger.org\/wp-content\/uploads\/2024\/10\/jour-1-09--274x183.jpg 274w, https:\/\/eglisecatholiqueniger.org\/wp-content\/uploads\/2024\/10\/jour-1-09--364x245.jpg 364w, https:\/\/eglisecatholiqueniger.org\/wp-content\/uploads\/2024\/10\/jour-1-09--80x54.jpg 80w, https:\/\/eglisecatholiqueniger.org\/wp-content\/uploads\/2024\/10\/jour-1-09--130x87.jpg 130w, https:\/\/eglisecatholiqueniger.org\/wp-content\/uploads\/2024\/10\/jour-1-09--359x240.jpg 359w, https:\/\/eglisecatholiqueniger.org\/wp-content\/uploads\/2024\/10\/jour-1-09--85x57.jpg 85w, https:\/\/eglisecatholiqueniger.org\/wp-content\/uploads\/2024\/10\/jour-1-09--546x365.jpg 546w, https:\/\/eglisecatholiqueniger.org\/wp-content\/uploads\/2024\/10\/jour-1-09--266x179.jpg 266w, https:\/\/eglisecatholiqueniger.org\/wp-content\/uploads\/2024\/10\/jour-1-09--165x109.jpg 165w, https:\/\/eglisecatholiqueniger.org\/wp-content\/uploads\/2024\/10\/jour-1-09--347x233.jpg 347w, https:\/\/eglisecatholiqueniger.org\/wp-content\/uploads\/2024\/10\/jour-1-09--112x75.jpg 112w, https:\/\/eglisecatholiqueniger.org\/wp-content\/uploads\/2024\/10\/jour-1-09--179x120.jpg 179w, https:\/\/eglisecatholiqueniger.org\/wp-content\/uploads\/2024\/10\/jour-1-09--170x113.jpg 170w, https:\/\/eglisecatholiqueniger.org\/wp-content\/uploads\/2024\/10\/jour-1-09--81x55.jpg 81w, https:\/\/eglisecatholiqueniger.org\/wp-content\/uploads\/2024\/10\/jour-1-09--765x510.jpg 765w\" sizes=\"auto, (max-width: 171px) 100vw, 171px\" \/>\u00a0 <img loading=\"lazy\" decoding=\"async\" class=\"alignnone  wp-image-1701\" src=\"http:\/\/eglisecatholiqueniger.org\/wp-content\/uploads\/2024\/10\/Jour1-11-300x200.jpg\" alt=\"\" width=\"171\" height=\"114\" srcset=\"https:\/\/eglisecatholiqueniger.org\/wp-content\/uploads\/2024\/10\/Jour1-11-300x200.jpg 300w, https:\/\/eglisecatholiqueniger.org\/wp-content\/uploads\/2024\/10\/Jour1-11-1024x683.jpg 1024w, https:\/\/eglisecatholiqueniger.org\/wp-content\/uploads\/2024\/10\/Jour1-11-768x512.jpg 768w, https:\/\/eglisecatholiqueniger.org\/wp-content\/uploads\/2024\/10\/Jour1-11-1536x1025.jpg 1536w, https:\/\/eglisecatholiqueniger.org\/wp-content\/uploads\/2024\/10\/Jour1-11-2048x1367.jpg 2048w, https:\/\/eglisecatholiqueniger.org\/wp-content\/uploads\/2024\/10\/Jour1-11-274x183.jpg 274w, https:\/\/eglisecatholiqueniger.org\/wp-content\/uploads\/2024\/10\/Jour1-11-364x245.jpg 364w, https:\/\/eglisecatholiqueniger.org\/wp-content\/uploads\/2024\/10\/Jour1-11-80x54.jpg 80w, https:\/\/eglisecatholiqueniger.org\/wp-content\/uploads\/2024\/10\/Jour1-11-130x87.jpg 130w, https:\/\/eglisecatholiqueniger.org\/wp-content\/uploads\/2024\/10\/Jour1-11-359x240.jpg 359w, https:\/\/eglisecatholiqueniger.org\/wp-content\/uploads\/2024\/10\/Jour1-11-85x57.jpg 85w, https:\/\/eglisecatholiqueniger.org\/wp-content\/uploads\/2024\/10\/Jour1-11-546x365.jpg 546w, https:\/\/eglisecatholiqueniger.org\/wp-content\/uploads\/2024\/10\/Jour1-11-266x179.jpg 266w, https:\/\/eglisecatholiqueniger.org\/wp-content\/uploads\/2024\/10\/Jour1-11-165x109.jpg 165w, https:\/\/eglisecatholiqueniger.org\/wp-content\/uploads\/2024\/10\/Jour1-11-347x233.jpg 347w, https:\/\/eglisecatholiqueniger.org\/wp-content\/uploads\/2024\/10\/Jour1-11-112x75.jpg 112w, https:\/\/eglisecatholiqueniger.org\/wp-content\/uploads\/2024\/10\/Jour1-11-179x120.jpg 179w, https:\/\/eglisecatholiqueniger.org\/wp-content\/uploads\/2024\/10\/Jour1-11-170x113.jpg 170w, https:\/\/eglisecatholiqueniger.org\/wp-content\/uploads\/2024\/10\/Jour1-11-81x55.jpg 81w, https:\/\/eglisecatholiqueniger.org\/wp-content\/uploads\/2024\/10\/Jour1-11-765x510.jpg 765w\" sizes=\"auto, (max-width: 171px) 100vw, 171px\" \/><\/p>\n<p><img loading=\"lazy\" decoding=\"async\" class=\"alignnone  wp-image-1702\" src=\"http:\/\/eglisecatholiqueniger.org\/wp-content\/uploads\/2024\/10\/jour1-10-300x200.jpg\" alt=\"\" width=\"171\" height=\"114\" srcset=\"https:\/\/eglisecatholiqueniger.org\/wp-content\/uploads\/2024\/10\/jour1-10-300x200.jpg 300w, https:\/\/eglisecatholiqueniger.org\/wp-content\/uploads\/2024\/10\/jour1-10-1024x683.jpg 1024w, https:\/\/eglisecatholiqueniger.org\/wp-content\/uploads\/2024\/10\/jour1-10-768x512.jpg 768w, https:\/\/eglisecatholiqueniger.org\/wp-content\/uploads\/2024\/10\/jour1-10-1536x1025.jpg 1536w, https:\/\/eglisecatholiqueniger.org\/wp-content\/uploads\/2024\/10\/jour1-10-2048x1367.jpg 2048w, https:\/\/eglisecatholiqueniger.org\/wp-content\/uploads\/2024\/10\/jour1-10-274x183.jpg 274w, https:\/\/eglisecatholiqueniger.org\/wp-content\/uploads\/2024\/10\/jour1-10-364x245.jpg 364w, https:\/\/eglisecatholiqueniger.org\/wp-content\/uploads\/2024\/10\/jour1-10-80x54.jpg 80w, https:\/\/eglisecatholiqueniger.org\/wp-content\/uploads\/2024\/10\/jour1-10-130x87.jpg 130w, https:\/\/eglisecatholiqueniger.org\/wp-content\/uploads\/2024\/10\/jour1-10-359x240.jpg 359w, https:\/\/eglisecatholiqueniger.org\/wp-content\/uploads\/2024\/10\/jour1-10-85x57.jpg 85w, https:\/\/eglisecatholiqueniger.org\/wp-content\/uploads\/2024\/10\/jour1-10-546x365.jpg 546w, https:\/\/eglisecatholiqueniger.org\/wp-content\/uploads\/2024\/10\/jour1-10-266x179.jpg 266w, https:\/\/eglisecatholiqueniger.org\/wp-content\/uploads\/2024\/10\/jour1-10-165x109.jpg 165w, https:\/\/eglisecatholiqueniger.org\/wp-content\/uploads\/2024\/10\/jour1-10-347x233.jpg 347w, https:\/\/eglisecatholiqueniger.org\/wp-content\/uploads\/2024\/10\/jour1-10-112x75.jpg 112w, https:\/\/eglisecatholiqueniger.org\/wp-content\/uploads\/2024\/10\/jour1-10-179x120.jpg 179w, https:\/\/eglisecatholiqueniger.org\/wp-content\/uploads\/2024\/10\/jour1-10-170x113.jpg 170w, https:\/\/eglisecatholiqueniger.org\/wp-content\/uploads\/2024\/10\/jour1-10-81x55.jpg 81w, https:\/\/eglisecatholiqueniger.org\/wp-content\/uploads\/2024\/10\/jour1-10-765x510.jpg 765w\" sizes=\"auto, (max-width: 171px) 100vw, 171px\" \/>\u00a0 <img loading=\"lazy\" decoding=\"async\" class=\"alignnone  wp-image-1700\" src=\"http:\/\/eglisecatholiqueniger.org\/wp-content\/uploads\/2024\/10\/jour1-08-300x200.jpg\" alt=\"\" width=\"171\" height=\"114\" srcset=\"https:\/\/eglisecatholiqueniger.org\/wp-content\/uploads\/2024\/10\/jour1-08-300x200.jpg 300w, https:\/\/eglisecatholiqueniger.org\/wp-content\/uploads\/2024\/10\/jour1-08-1024x683.jpg 1024w, https:\/\/eglisecatholiqueniger.org\/wp-content\/uploads\/2024\/10\/jour1-08-768x512.jpg 768w, https:\/\/eglisecatholiqueniger.org\/wp-content\/uploads\/2024\/10\/jour1-08-1536x1025.jpg 1536w, https:\/\/eglisecatholiqueniger.org\/wp-content\/uploads\/2024\/10\/jour1-08-2048x1367.jpg 2048w, https:\/\/eglisecatholiqueniger.org\/wp-content\/uploads\/2024\/10\/jour1-08-274x183.jpg 274w, https:\/\/eglisecatholiqueniger.org\/wp-content\/uploads\/2024\/10\/jour1-08-364x245.jpg 364w, https:\/\/eglisecatholiqueniger.org\/wp-content\/uploads\/2024\/10\/jour1-08-80x54.jpg 80w, https:\/\/eglisecatholiqueniger.org\/wp-content\/uploads\/2024\/10\/jour1-08-130x87.jpg 130w, https:\/\/eglisecatholiqueniger.org\/wp-content\/uploads\/2024\/10\/jour1-08-359x240.jpg 359w, https:\/\/eglisecatholiqueniger.org\/wp-content\/uploads\/2024\/10\/jour1-08-85x57.jpg 85w, https:\/\/eglisecatholiqueniger.org\/wp-content\/uploads\/2024\/10\/jour1-08-546x365.jpg 546w, https:\/\/eglisecatholiqueniger.org\/wp-content\/uploads\/2024\/10\/jour1-08-266x179.jpg 266w, https:\/\/eglisecatholiqueniger.org\/wp-content\/uploads\/2024\/10\/jour1-08-165x109.jpg 165w, https:\/\/eglisecatholiqueniger.org\/wp-content\/uploads\/2024\/10\/jour1-08-347x233.jpg 347w, https:\/\/eglisecatholiqueniger.org\/wp-content\/uploads\/2024\/10\/jour1-08-112x75.jpg 112w, https:\/\/eglisecatholiqueniger.org\/wp-content\/uploads\/2024\/10\/jour1-08-179x120.jpg 179w, https:\/\/eglisecatholiqueniger.org\/wp-content\/uploads\/2024\/10\/jour1-08-170x113.jpg 170w, https:\/\/eglisecatholiqueniger.org\/wp-content\/uploads\/2024\/10\/jour1-08-81x55.jpg 81w, https:\/\/eglisecatholiqueniger.org\/wp-content\/uploads\/2024\/10\/jour1-08-765x510.jpg 765w\" sizes=\"auto, (max-width: 171px) 100vw, 171px\" \/>\u00a0<img loading=\"lazy\" decoding=\"async\" class=\"alignnone  wp-image-1711\" src=\"http:\/\/eglisecatholiqueniger.org\/wp-content\/uploads\/2024\/10\/jour1-13-1-300x200.jpg\" alt=\"\" width=\"171\" height=\"114\" srcset=\"https:\/\/eglisecatholiqueniger.org\/wp-content\/uploads\/2024\/10\/jour1-13-1-300x200.jpg 300w, https:\/\/eglisecatholiqueniger.org\/wp-content\/uploads\/2024\/10\/jour1-13-1-1024x683.jpg 1024w, https:\/\/eglisecatholiqueniger.org\/wp-content\/uploads\/2024\/10\/jour1-13-1-768x512.jpg 768w, https:\/\/eglisecatholiqueniger.org\/wp-content\/uploads\/2024\/10\/jour1-13-1-1536x1025.jpg 1536w, https:\/\/eglisecatholiqueniger.org\/wp-content\/uploads\/2024\/10\/jour1-13-1-2048x1367.jpg 2048w, https:\/\/eglisecatholiqueniger.org\/wp-content\/uploads\/2024\/10\/jour1-13-1-274x183.jpg 274w, https:\/\/eglisecatholiqueniger.org\/wp-content\/uploads\/2024\/10\/jour1-13-1-364x245.jpg 364w, https:\/\/eglisecatholiqueniger.org\/wp-content\/uploads\/2024\/10\/jour1-13-1-80x54.jpg 80w, https:\/\/eglisecatholiqueniger.org\/wp-content\/uploads\/2024\/10\/jour1-13-1-130x87.jpg 130w, https:\/\/eglisecatholiqueniger.org\/wp-content\/uploads\/2024\/10\/jour1-13-1-359x240.jpg 359w, https:\/\/eglisecatholiqueniger.org\/wp-content\/uploads\/2024\/10\/jour1-13-1-85x57.jpg 85w, https:\/\/eglisecatholiqueniger.org\/wp-content\/uploads\/2024\/10\/jour1-13-1-546x365.jpg 546w, https:\/\/eglisecatholiqueniger.org\/wp-content\/uploads\/2024\/10\/jour1-13-1-266x179.jpg 266w, https:\/\/eglisecatholiqueniger.org\/wp-content\/uploads\/2024\/10\/jour1-13-1-165x109.jpg 165w, https:\/\/eglisecatholiqueniger.org\/wp-content\/uploads\/2024\/10\/jour1-13-1-347x233.jpg 347w, https:\/\/eglisecatholiqueniger.org\/wp-content\/uploads\/2024\/10\/jour1-13-1-112x75.jpg 112w, https:\/\/eglisecatholiqueniger.org\/wp-content\/uploads\/2024\/10\/jour1-13-1-179x120.jpg 179w, https:\/\/eglisecatholiqueniger.org\/wp-content\/uploads\/2024\/10\/jour1-13-1-170x113.jpg 170w, https:\/\/eglisecatholiqueniger.org\/wp-content\/uploads\/2024\/10\/jour1-13-1-81x55.jpg 81w, https:\/\/eglisecatholiqueniger.org\/wp-content\/uploads\/2024\/10\/jour1-13-1-765x510.jpg 765w\" sizes=\"auto, (max-width: 171px) 100vw, 171px\" \/><\/p>\n<p><img loading=\"lazy\" decoding=\"async\" class=\"size-medium wp-image-1712 aligncenter\" src=\"http:\/\/eglisecatholiqueniger.org\/wp-content\/uploads\/2024\/10\/jour-1-16-300x200.jpg\" alt=\"\" width=\"300\" height=\"200\" srcset=\"https:\/\/eglisecatholiqueniger.org\/wp-content\/uploads\/2024\/10\/jour-1-16-300x200.jpg 300w, https:\/\/eglisecatholiqueniger.org\/wp-content\/uploads\/2024\/10\/jour-1-16-1024x683.jpg 1024w, https:\/\/eglisecatholiqueniger.org\/wp-content\/uploads\/2024\/10\/jour-1-16-768x512.jpg 768w, https:\/\/eglisecatholiqueniger.org\/wp-content\/uploads\/2024\/10\/jour-1-16-1536x1025.jpg 1536w, https:\/\/eglisecatholiqueniger.org\/wp-content\/uploads\/2024\/10\/jour-1-16-2048x1367.jpg 2048w, https:\/\/eglisecatholiqueniger.org\/wp-content\/uploads\/2024\/10\/jour-1-16-274x183.jpg 274w, https:\/\/eglisecatholiqueniger.org\/wp-content\/uploads\/2024\/10\/jour-1-16-80x54.jpg 80w, https:\/\/eglisecatholiqueniger.org\/wp-content\/uploads\/2024\/10\/jour-1-16-130x87.jpg 130w, https:\/\/eglisecatholiqueniger.org\/wp-content\/uploads\/2024\/10\/jour-1-16-359x240.jpg 359w, https:\/\/eglisecatholiqueniger.org\/wp-content\/uploads\/2024\/10\/jour-1-16-85x57.jpg 85w, https:\/\/eglisecatholiqueniger.org\/wp-content\/uploads\/2024\/10\/jour-1-16-546x365.jpg 546w, https:\/\/eglisecatholiqueniger.org\/wp-content\/uploads\/2024\/10\/jour-1-16-165x109.jpg 165w, https:\/\/eglisecatholiqueniger.org\/wp-content\/uploads\/2024\/10\/jour-1-16-347x233.jpg 347w, https:\/\/eglisecatholiqueniger.org\/wp-content\/uploads\/2024\/10\/jour-1-16-112x75.jpg 112w, https:\/\/eglisecatholiqueniger.org\/wp-content\/uploads\/2024\/10\/jour-1-16-179x120.jpg 179w, https:\/\/eglisecatholiqueniger.org\/wp-content\/uploads\/2024\/10\/jour-1-16-170x113.jpg 170w, https:\/\/eglisecatholiqueniger.org\/wp-content\/uploads\/2024\/10\/jour-1-16-81x55.jpg 81w, https:\/\/eglisecatholiqueniger.org\/wp-content\/uploads\/2024\/10\/jour-1-16-765x510.jpg 765w\" sizes=\"auto, (max-width: 300px) 100vw, 300px\" \/><\/p>\n","protected":false},"excerpt":{"rendered":"<p>&nbsp; En liaison avec le th\u00e8me de l\u2019A.D., centr\u00e9e sur l\u2019\u00e9coute de Dieu et du cri du peuple on a d\u00e9but\u00e9 la journ\u00e9e par la c\u00e9l\u00e9bration eucharistique d\u2019ouverture, pr\u00e9sid\u00e9e par &#8230;<\/p>\n","protected":false},"author":3,"featured_media":0,"comment_status":"open","ping_status":"open","sticky":false,"template":"","format":"standard","meta":{"footnotes":""},"categories":[1],"tags":[],"class_list":["post-1697","post","type-post","status-publish","format-standard","category-non-classe"],"_links":{"self":[{"href":"https:\/\/eglisecatholiqueniger.org\/index.php\/wp-json\/wp\/v2\/posts\/1697","targetHints":{"allow":["GET"]}}],"collection":[{"href":"https:\/\/eglisecatholiqueniger.org\/index.php\/wp-json\/wp\/v2\/posts"}],"about":[{"href":"https:\/\/eglisecatholiqueniger.org\/index.php\/wp-json\/wp\/v2\/types\/post"}],"author":[{"embeddable":true,"href":"https:\/\/eglisecatholiqueniger.org\/index.php\/wp-json\/wp\/v2\/users\/3"}],"replies":[{"embeddable":true,"href":"https:\/\/eglisecatholiqueniger.org\/index.php\/wp-json\/wp\/v2\/comments?post=1697"}],"version-history":[{"count":8,"href":"https:\/\/eglisecatholiqueniger.org\/index.php\/wp-json\/wp\/v2\/posts\/1697\/revisions"}],"predecessor-version":[{"id":1719,"href":"https:\/\/eglisecatholiqueniger.org\/index.php\/wp-json\/wp\/v2\/posts\/1697\/revisions\/1719"}],"wp:attachment":[{"href":"https:\/\/eglisecatholiqueniger.org\/index.php\/wp-json\/wp\/v2\/media?parent=1697"}],"wp:term":[{"taxonomy":"category","embeddable":true,"href":"https:\/\/eglisecatholiqueniger.org\/index.php\/wp-json\/wp\/v2\/categories?post=1697"},{"taxonomy":"post_tag","embeddable":true,"href":"https:\/\/eglisecatholiqueniger.org\/index.php\/wp-json\/wp\/v2\/tags?post=1697"}],"curies":[{"name":"wp","href":"https:\/\/api.w.org\/{rel}","templated":true}]}}