{"id":1720,"date":"2024-10-12T12:40:50","date_gmt":"2024-10-12T10:40:50","guid":{"rendered":"https:\/\/eglisecatholiqueniger.org\/?p=1720"},"modified":"2024-10-12T12:40:50","modified_gmt":"2024-10-12T10:40:50","slug":"assemblee-diocesaine-2024-deuxieme-jour","status":"publish","type":"post","link":"https:\/\/eglisecatholiqueniger.org\/index.php\/2024\/10\/12\/assemblee-diocesaine-2024-deuxieme-jour\/","title":{"rendered":"Assembl\u00e9e Dioc\u00e9saine 2024 deuxi\u00e8me jour"},"content":{"rendered":"<p>&nbsp;<\/p>\n<p>C\u2019est l\u2019\u00e9coute \u2018du cri de ton peuple\u2019 qui a constitu\u00e9 le th\u00e8me porteur de cette deuxi\u00e8me journ\u00e9e de l\u2019Assembl\u00e9e Dioc\u00e9saine. Apr\u00e8s la pri\u00e8re du matin c\u2019est le Dr. Lompo Souleymane qui a guid\u00e9 la r\u00e9flexion sur les retomb\u00e9es dans la soci\u00e9t\u00e9 des \u00e9v\u00e9nements cons\u00e9quent au coup d\u2019Etat de juillet 2023. Il s\u2019agissait de porter une regard chr\u00e9tien sur ce fait et d\u2019en d\u00e9gager des attitudes positives. Il a \u00e9t\u00e9 question surtout de \u2018r\u00e9armement morale\u2019 dans la soci\u00e9t\u00e9 nig\u00e9rienne !<\/p>\n<p>D\u2019ailleurs les points critiques du r\u00e9gime ne manquent pas. Surtout l\u2019ins\u00e9curit\u00e9 la chert\u00e9 de la vie et les fronti\u00e8res en partie ferm\u00e9es p\u00e9nalisent les plus pauvres\u2026Les chr\u00e9tiens ont donc leur partition \u00e0 jouer pour renouveler les valeurs de la soci\u00e9t\u00e9\u00a0! La suite de la matin\u00e9e a \u00e9t\u00e9 consacr\u00e9 \u00e0 un \u00e9change par secteurs centr\u00e9 sur \u2018le cri de notre peuple\u2019\u00a0! la liste des difficult\u00e9 est interminable\u2026du banditisme au menaces pour la vie surtout dans les zones rurales affectent la vie des communaut\u00e9s chr\u00e9tiennes qui font de leur mieux pour \u2018r\u00e9sister\u2019\u00a0!<\/p>\n<p>Sur la m\u00eame lanc\u00e9e de partage l\u2019apr\u00e8s midi a vu la restitution des carrefours, le choix de quelque t\u00e9moignage et pour compl\u00e9ter la soir\u00e9e, un rappel aux diff\u00e9rentes activit\u00e9 men\u00e9es pendant l\u2019ann\u00e9e pastorale juste termin\u00e9\u00a0!<\/p>\n<p>Mauro Armanino, Niamey, 11 octobre 2024<\/p>\n<p><img loading=\"lazy\" decoding=\"async\" class=\"alignnone wp-image-1721\" src=\"http:\/\/eglisecatholiqueniger.org\/wp-content\/uploads\/2024\/10\/jour.2.001-300x200.jpg\" alt=\"\" width=\"171\" height=\"114\" srcset=\"https:\/\/eglisecatholiqueniger.org\/wp-content\/uploads\/2024\/10\/jour.2.001-300x200.jpg 300w, https:\/\/eglisecatholiqueniger.org\/wp-content\/uploads\/2024\/10\/jour.2.001-1024x683.jpg 1024w, https:\/\/eglisecatholiqueniger.org\/wp-content\/uploads\/2024\/10\/jour.2.001-768x512.jpg 768w, https:\/\/eglisecatholiqueniger.org\/wp-content\/uploads\/2024\/10\/jour.2.001-1536x1025.jpg 1536w, https:\/\/eglisecatholiqueniger.org\/wp-content\/uploads\/2024\/10\/jour.2.001-2048x1367.jpg 2048w, https:\/\/eglisecatholiqueniger.org\/wp-content\/uploads\/2024\/10\/jour.2.001-274x183.jpg 274w, https:\/\/eglisecatholiqueniger.org\/wp-content\/uploads\/2024\/10\/jour.2.001-364x245.jpg 364w, https:\/\/eglisecatholiqueniger.org\/wp-content\/uploads\/2024\/10\/jour.2.001-80x54.jpg 80w, https:\/\/eglisecatholiqueniger.org\/wp-content\/uploads\/2024\/10\/jour.2.001-130x87.jpg 130w, https:\/\/eglisecatholiqueniger.org\/wp-content\/uploads\/2024\/10\/jour.2.001-359x240.jpg 359w, https:\/\/eglisecatholiqueniger.org\/wp-content\/uploads\/2024\/10\/jour.2.001-85x57.jpg 85w, https:\/\/eglisecatholiqueniger.org\/wp-content\/uploads\/2024\/10\/jour.2.001-546x365.jpg 546w, https:\/\/eglisecatholiqueniger.org\/wp-content\/uploads\/2024\/10\/jour.2.001-266x179.jpg 266w, https:\/\/eglisecatholiqueniger.org\/wp-content\/uploads\/2024\/10\/jour.2.001-165x109.jpg 165w, https:\/\/eglisecatholiqueniger.org\/wp-content\/uploads\/2024\/10\/jour.2.001-347x233.jpg 347w, https:\/\/eglisecatholiqueniger.org\/wp-content\/uploads\/2024\/10\/jour.2.001-112x75.jpg 112w, https:\/\/eglisecatholiqueniger.org\/wp-content\/uploads\/2024\/10\/jour.2.001-179x120.jpg 179w, https:\/\/eglisecatholiqueniger.org\/wp-content\/uploads\/2024\/10\/jour.2.001-170x113.jpg 170w, https:\/\/eglisecatholiqueniger.org\/wp-content\/uploads\/2024\/10\/jour.2.001-81x55.jpg 81w, https:\/\/eglisecatholiqueniger.org\/wp-content\/uploads\/2024\/10\/jour.2.001-765x510.jpg 765w\" sizes=\"auto, (max-width: 171px) 100vw, 171px\" \/> <img loading=\"lazy\" decoding=\"async\" class=\"alignnone wp-image-1722\" src=\"http:\/\/eglisecatholiqueniger.org\/wp-content\/uploads\/2024\/10\/jour2.002-300x200.jpg\" alt=\"\" width=\"177\" height=\"118\" srcset=\"https:\/\/eglisecatholiqueniger.org\/wp-content\/uploads\/2024\/10\/jour2.002-300x200.jpg 300w, https:\/\/eglisecatholiqueniger.org\/wp-content\/uploads\/2024\/10\/jour2.002-1024x683.jpg 1024w, https:\/\/eglisecatholiqueniger.org\/wp-content\/uploads\/2024\/10\/jour2.002-768x512.jpg 768w, https:\/\/eglisecatholiqueniger.org\/wp-content\/uploads\/2024\/10\/jour2.002-1536x1025.jpg 1536w, https:\/\/eglisecatholiqueniger.org\/wp-content\/uploads\/2024\/10\/jour2.002-2048x1367.jpg 2048w, https:\/\/eglisecatholiqueniger.org\/wp-content\/uploads\/2024\/10\/jour2.002-274x183.jpg 274w, https:\/\/eglisecatholiqueniger.org\/wp-content\/uploads\/2024\/10\/jour2.002-364x245.jpg 364w, https:\/\/eglisecatholiqueniger.org\/wp-content\/uploads\/2024\/10\/jour2.002-80x54.jpg 80w, https:\/\/eglisecatholiqueniger.org\/wp-content\/uploads\/2024\/10\/jour2.002-130x87.jpg 130w, https:\/\/eglisecatholiqueniger.org\/wp-content\/uploads\/2024\/10\/jour2.002-359x240.jpg 359w, https:\/\/eglisecatholiqueniger.org\/wp-content\/uploads\/2024\/10\/jour2.002-85x57.jpg 85w, https:\/\/eglisecatholiqueniger.org\/wp-content\/uploads\/2024\/10\/jour2.002-546x365.jpg 546w, https:\/\/eglisecatholiqueniger.org\/wp-content\/uploads\/2024\/10\/jour2.002-266x179.jpg 266w, https:\/\/eglisecatholiqueniger.org\/wp-content\/uploads\/2024\/10\/jour2.002-165x109.jpg 165w, https:\/\/eglisecatholiqueniger.org\/wp-content\/uploads\/2024\/10\/jour2.002-347x233.jpg 347w, https:\/\/eglisecatholiqueniger.org\/wp-content\/uploads\/2024\/10\/jour2.002-112x75.jpg 112w, https:\/\/eglisecatholiqueniger.org\/wp-content\/uploads\/2024\/10\/jour2.002-179x120.jpg 179w, https:\/\/eglisecatholiqueniger.org\/wp-content\/uploads\/2024\/10\/jour2.002-170x113.jpg 170w, https:\/\/eglisecatholiqueniger.org\/wp-content\/uploads\/2024\/10\/jour2.002-81x55.jpg 81w, https:\/\/eglisecatholiqueniger.org\/wp-content\/uploads\/2024\/10\/jour2.002-765x510.jpg 765w\" sizes=\"auto, (max-width: 177px) 100vw, 177px\" \/> <img loading=\"lazy\" decoding=\"async\" class=\"alignnone wp-image-1723\" src=\"http:\/\/eglisecatholiqueniger.org\/wp-content\/uploads\/2024\/10\/jour2.003-300x200.jpg\" alt=\"\" width=\"179\" height=\"119\" srcset=\"https:\/\/eglisecatholiqueniger.org\/wp-content\/uploads\/2024\/10\/jour2.003-300x200.jpg 300w, https:\/\/eglisecatholiqueniger.org\/wp-content\/uploads\/2024\/10\/jour2.003-1024x683.jpg 1024w, https:\/\/eglisecatholiqueniger.org\/wp-content\/uploads\/2024\/10\/jour2.003-768x512.jpg 768w, https:\/\/eglisecatholiqueniger.org\/wp-content\/uploads\/2024\/10\/jour2.003-1536x1025.jpg 1536w, https:\/\/eglisecatholiqueniger.org\/wp-content\/uploads\/2024\/10\/jour2.003-2048x1367.jpg 2048w, https:\/\/eglisecatholiqueniger.org\/wp-content\/uploads\/2024\/10\/jour2.003-274x183.jpg 274w, https:\/\/eglisecatholiqueniger.org\/wp-content\/uploads\/2024\/10\/jour2.003-364x245.jpg 364w, https:\/\/eglisecatholiqueniger.org\/wp-content\/uploads\/2024\/10\/jour2.003-80x54.jpg 80w, https:\/\/eglisecatholiqueniger.org\/wp-content\/uploads\/2024\/10\/jour2.003-130x87.jpg 130w, https:\/\/eglisecatholiqueniger.org\/wp-content\/uploads\/2024\/10\/jour2.003-359x240.jpg 359w, https:\/\/eglisecatholiqueniger.org\/wp-content\/uploads\/2024\/10\/jour2.003-85x57.jpg 85w, https:\/\/eglisecatholiqueniger.org\/wp-content\/uploads\/2024\/10\/jour2.003-546x365.jpg 546w, https:\/\/eglisecatholiqueniger.org\/wp-content\/uploads\/2024\/10\/jour2.003-266x179.jpg 266w, https:\/\/eglisecatholiqueniger.org\/wp-content\/uploads\/2024\/10\/jour2.003-165x109.jpg 165w, https:\/\/eglisecatholiqueniger.org\/wp-content\/uploads\/2024\/10\/jour2.003-347x233.jpg 347w, https:\/\/eglisecatholiqueniger.org\/wp-content\/uploads\/2024\/10\/jour2.003-112x75.jpg 112w, https:\/\/eglisecatholiqueniger.org\/wp-content\/uploads\/2024\/10\/jour2.003-179x120.jpg 179w, https:\/\/eglisecatholiqueniger.org\/wp-content\/uploads\/2024\/10\/jour2.003-170x113.jpg 170w, https:\/\/eglisecatholiqueniger.org\/wp-content\/uploads\/2024\/10\/jour2.003-81x55.jpg 81w, https:\/\/eglisecatholiqueniger.org\/wp-content\/uploads\/2024\/10\/jour2.003-765x510.jpg 765w\" sizes=\"auto, (max-width: 179px) 100vw, 179px\" \/><\/p>\n<p><img loading=\"lazy\" decoding=\"async\" class=\"alignnone wp-image-1724\" src=\"http:\/\/eglisecatholiqueniger.org\/wp-content\/uploads\/2024\/10\/jour2-004-300x200.jpg\" alt=\"\" width=\"171\" height=\"114\" srcset=\"https:\/\/eglisecatholiqueniger.org\/wp-content\/uploads\/2024\/10\/jour2-004-300x200.jpg 300w, https:\/\/eglisecatholiqueniger.org\/wp-content\/uploads\/2024\/10\/jour2-004-1024x683.jpg 1024w, https:\/\/eglisecatholiqueniger.org\/wp-content\/uploads\/2024\/10\/jour2-004-768x512.jpg 768w, https:\/\/eglisecatholiqueniger.org\/wp-content\/uploads\/2024\/10\/jour2-004-1536x1025.jpg 1536w, https:\/\/eglisecatholiqueniger.org\/wp-content\/uploads\/2024\/10\/jour2-004-2048x1367.jpg 2048w, https:\/\/eglisecatholiqueniger.org\/wp-content\/uploads\/2024\/10\/jour2-004-274x183.jpg 274w, https:\/\/eglisecatholiqueniger.org\/wp-content\/uploads\/2024\/10\/jour2-004-364x245.jpg 364w, https:\/\/eglisecatholiqueniger.org\/wp-content\/uploads\/2024\/10\/jour2-004-80x54.jpg 80w, https:\/\/eglisecatholiqueniger.org\/wp-content\/uploads\/2024\/10\/jour2-004-130x87.jpg 130w, https:\/\/eglisecatholiqueniger.org\/wp-content\/uploads\/2024\/10\/jour2-004-359x240.jpg 359w, https:\/\/eglisecatholiqueniger.org\/wp-content\/uploads\/2024\/10\/jour2-004-85x57.jpg 85w, https:\/\/eglisecatholiqueniger.org\/wp-content\/uploads\/2024\/10\/jour2-004-546x365.jpg 546w, https:\/\/eglisecatholiqueniger.org\/wp-content\/uploads\/2024\/10\/jour2-004-266x179.jpg 266w, https:\/\/eglisecatholiqueniger.org\/wp-content\/uploads\/2024\/10\/jour2-004-165x109.jpg 165w, https:\/\/eglisecatholiqueniger.org\/wp-content\/uploads\/2024\/10\/jour2-004-347x233.jpg 347w, https:\/\/eglisecatholiqueniger.org\/wp-content\/uploads\/2024\/10\/jour2-004-112x75.jpg 112w, https:\/\/eglisecatholiqueniger.org\/wp-content\/uploads\/2024\/10\/jour2-004-179x120.jpg 179w, https:\/\/eglisecatholiqueniger.org\/wp-content\/uploads\/2024\/10\/jour2-004-170x113.jpg 170w, https:\/\/eglisecatholiqueniger.org\/wp-content\/uploads\/2024\/10\/jour2-004-81x55.jpg 81w, https:\/\/eglisecatholiqueniger.org\/wp-content\/uploads\/2024\/10\/jour2-004-765x510.jpg 765w\" sizes=\"auto, (max-width: 171px) 100vw, 171px\" \/> <img loading=\"lazy\" decoding=\"async\" class=\"alignnone wp-image-1725\" src=\"http:\/\/eglisecatholiqueniger.org\/wp-content\/uploads\/2024\/10\/jour2.005-300x200.jpg\" alt=\"\" width=\"174\" height=\"116\" srcset=\"https:\/\/eglisecatholiqueniger.org\/wp-content\/uploads\/2024\/10\/jour2.005-300x200.jpg 300w, https:\/\/eglisecatholiqueniger.org\/wp-content\/uploads\/2024\/10\/jour2.005-1024x683.jpg 1024w, https:\/\/eglisecatholiqueniger.org\/wp-content\/uploads\/2024\/10\/jour2.005-768x512.jpg 768w, https:\/\/eglisecatholiqueniger.org\/wp-content\/uploads\/2024\/10\/jour2.005-1536x1025.jpg 1536w, https:\/\/eglisecatholiqueniger.org\/wp-content\/uploads\/2024\/10\/jour2.005-2048x1367.jpg 2048w, https:\/\/eglisecatholiqueniger.org\/wp-content\/uploads\/2024\/10\/jour2.005-274x183.jpg 274w, https:\/\/eglisecatholiqueniger.org\/wp-content\/uploads\/2024\/10\/jour2.005-364x245.jpg 364w, https:\/\/eglisecatholiqueniger.org\/wp-content\/uploads\/2024\/10\/jour2.005-80x54.jpg 80w, https:\/\/eglisecatholiqueniger.org\/wp-content\/uploads\/2024\/10\/jour2.005-130x87.jpg 130w, https:\/\/eglisecatholiqueniger.org\/wp-content\/uploads\/2024\/10\/jour2.005-359x240.jpg 359w, https:\/\/eglisecatholiqueniger.org\/wp-content\/uploads\/2024\/10\/jour2.005-85x57.jpg 85w, https:\/\/eglisecatholiqueniger.org\/wp-content\/uploads\/2024\/10\/jour2.005-546x365.jpg 546w, https:\/\/eglisecatholiqueniger.org\/wp-content\/uploads\/2024\/10\/jour2.005-266x179.jpg 266w, https:\/\/eglisecatholiqueniger.org\/wp-content\/uploads\/2024\/10\/jour2.005-165x109.jpg 165w, https:\/\/eglisecatholiqueniger.org\/wp-content\/uploads\/2024\/10\/jour2.005-347x233.jpg 347w, https:\/\/eglisecatholiqueniger.org\/wp-content\/uploads\/2024\/10\/jour2.005-112x75.jpg 112w, https:\/\/eglisecatholiqueniger.org\/wp-content\/uploads\/2024\/10\/jour2.005-179x120.jpg 179w, https:\/\/eglisecatholiqueniger.org\/wp-content\/uploads\/2024\/10\/jour2.005-170x113.jpg 170w, https:\/\/eglisecatholiqueniger.org\/wp-content\/uploads\/2024\/10\/jour2.005-81x55.jpg 81w, https:\/\/eglisecatholiqueniger.org\/wp-content\/uploads\/2024\/10\/jour2.005-765x510.jpg 765w\" sizes=\"auto, (max-width: 174px) 100vw, 174px\" \/> <img loading=\"lazy\" decoding=\"async\" class=\"alignnone wp-image-1726\" src=\"http:\/\/eglisecatholiqueniger.org\/wp-content\/uploads\/2024\/10\/jour2.006-300x200.jpg\" alt=\"\" width=\"176\" height=\"117\" srcset=\"https:\/\/eglisecatholiqueniger.org\/wp-content\/uploads\/2024\/10\/jour2.006-300x200.jpg 300w, https:\/\/eglisecatholiqueniger.org\/wp-content\/uploads\/2024\/10\/jour2.006-1024x683.jpg 1024w, https:\/\/eglisecatholiqueniger.org\/wp-content\/uploads\/2024\/10\/jour2.006-768x512.jpg 768w, https:\/\/eglisecatholiqueniger.org\/wp-content\/uploads\/2024\/10\/jour2.006-1536x1025.jpg 1536w, https:\/\/eglisecatholiqueniger.org\/wp-content\/uploads\/2024\/10\/jour2.006-2048x1367.jpg 2048w, https:\/\/eglisecatholiqueniger.org\/wp-content\/uploads\/2024\/10\/jour2.006-274x183.jpg 274w, https:\/\/eglisecatholiqueniger.org\/wp-content\/uploads\/2024\/10\/jour2.006-364x245.jpg 364w, https:\/\/eglisecatholiqueniger.org\/wp-content\/uploads\/2024\/10\/jour2.006-80x54.jpg 80w, https:\/\/eglisecatholiqueniger.org\/wp-content\/uploads\/2024\/10\/jour2.006-130x87.jpg 130w, https:\/\/eglisecatholiqueniger.org\/wp-content\/uploads\/2024\/10\/jour2.006-359x240.jpg 359w, https:\/\/eglisecatholiqueniger.org\/wp-content\/uploads\/2024\/10\/jour2.006-85x57.jpg 85w, https:\/\/eglisecatholiqueniger.org\/wp-content\/uploads\/2024\/10\/jour2.006-546x365.jpg 546w, https:\/\/eglisecatholiqueniger.org\/wp-content\/uploads\/2024\/10\/jour2.006-266x179.jpg 266w, https:\/\/eglisecatholiqueniger.org\/wp-content\/uploads\/2024\/10\/jour2.006-165x109.jpg 165w, https:\/\/eglisecatholiqueniger.org\/wp-content\/uploads\/2024\/10\/jour2.006-347x233.jpg 347w, https:\/\/eglisecatholiqueniger.org\/wp-content\/uploads\/2024\/10\/jour2.006-112x75.jpg 112w, https:\/\/eglisecatholiqueniger.org\/wp-content\/uploads\/2024\/10\/jour2.006-179x120.jpg 179w, https:\/\/eglisecatholiqueniger.org\/wp-content\/uploads\/2024\/10\/jour2.006-170x113.jpg 170w, https:\/\/eglisecatholiqueniger.org\/wp-content\/uploads\/2024\/10\/jour2.006-81x55.jpg 81w, https:\/\/eglisecatholiqueniger.org\/wp-content\/uploads\/2024\/10\/jour2.006-765x510.jpg 765w\" sizes=\"auto, (max-width: 176px) 100vw, 176px\" \/><\/p>\n<p><img loading=\"lazy\" decoding=\"async\" class=\"alignnone wp-image-1729\" src=\"http:\/\/eglisecatholiqueniger.org\/wp-content\/uploads\/2024\/10\/jour2.009-300x200.jpg\" alt=\"\" width=\"177\" height=\"118\" srcset=\"https:\/\/eglisecatholiqueniger.org\/wp-content\/uploads\/2024\/10\/jour2.009-300x200.jpg 300w, https:\/\/eglisecatholiqueniger.org\/wp-content\/uploads\/2024\/10\/jour2.009-1024x683.jpg 1024w, https:\/\/eglisecatholiqueniger.org\/wp-content\/uploads\/2024\/10\/jour2.009-768x512.jpg 768w, https:\/\/eglisecatholiqueniger.org\/wp-content\/uploads\/2024\/10\/jour2.009-1536x1025.jpg 1536w, https:\/\/eglisecatholiqueniger.org\/wp-content\/uploads\/2024\/10\/jour2.009-2048x1367.jpg 2048w, https:\/\/eglisecatholiqueniger.org\/wp-content\/uploads\/2024\/10\/jour2.009-274x183.jpg 274w, https:\/\/eglisecatholiqueniger.org\/wp-content\/uploads\/2024\/10\/jour2.009-364x245.jpg 364w, https:\/\/eglisecatholiqueniger.org\/wp-content\/uploads\/2024\/10\/jour2.009-80x54.jpg 80w, https:\/\/eglisecatholiqueniger.org\/wp-content\/uploads\/2024\/10\/jour2.009-130x87.jpg 130w, https:\/\/eglisecatholiqueniger.org\/wp-content\/uploads\/2024\/10\/jour2.009-359x240.jpg 359w, https:\/\/eglisecatholiqueniger.org\/wp-content\/uploads\/2024\/10\/jour2.009-85x57.jpg 85w, https:\/\/eglisecatholiqueniger.org\/wp-content\/uploads\/2024\/10\/jour2.009-546x365.jpg 546w, https:\/\/eglisecatholiqueniger.org\/wp-content\/uploads\/2024\/10\/jour2.009-266x179.jpg 266w, https:\/\/eglisecatholiqueniger.org\/wp-content\/uploads\/2024\/10\/jour2.009-165x109.jpg 165w, https:\/\/eglisecatholiqueniger.org\/wp-content\/uploads\/2024\/10\/jour2.009-347x233.jpg 347w, https:\/\/eglisecatholiqueniger.org\/wp-content\/uploads\/2024\/10\/jour2.009-112x75.jpg 112w, https:\/\/eglisecatholiqueniger.org\/wp-content\/uploads\/2024\/10\/jour2.009-179x120.jpg 179w, https:\/\/eglisecatholiqueniger.org\/wp-content\/uploads\/2024\/10\/jour2.009-170x113.jpg 170w, https:\/\/eglisecatholiqueniger.org\/wp-content\/uploads\/2024\/10\/jour2.009-81x55.jpg 81w, https:\/\/eglisecatholiqueniger.org\/wp-content\/uploads\/2024\/10\/jour2.009-765x510.jpg 765w\" sizes=\"auto, (max-width: 177px) 100vw, 177px\" \/> <img loading=\"lazy\" decoding=\"async\" class=\"alignnone wp-image-1731\" src=\"http:\/\/eglisecatholiqueniger.org\/wp-content\/uploads\/2024\/10\/jour2.008-300x200.jpg\" alt=\"\" width=\"174\" height=\"116\" srcset=\"https:\/\/eglisecatholiqueniger.org\/wp-content\/uploads\/2024\/10\/jour2.008-300x200.jpg 300w, https:\/\/eglisecatholiqueniger.org\/wp-content\/uploads\/2024\/10\/jour2.008-1024x683.jpg 1024w, https:\/\/eglisecatholiqueniger.org\/wp-content\/uploads\/2024\/10\/jour2.008-768x512.jpg 768w, https:\/\/eglisecatholiqueniger.org\/wp-content\/uploads\/2024\/10\/jour2.008-1536x1025.jpg 1536w, https:\/\/eglisecatholiqueniger.org\/wp-content\/uploads\/2024\/10\/jour2.008-2048x1367.jpg 2048w, https:\/\/eglisecatholiqueniger.org\/wp-content\/uploads\/2024\/10\/jour2.008-274x183.jpg 274w, https:\/\/eglisecatholiqueniger.org\/wp-content\/uploads\/2024\/10\/jour2.008-364x245.jpg 364w, https:\/\/eglisecatholiqueniger.org\/wp-content\/uploads\/2024\/10\/jour2.008-80x54.jpg 80w, https:\/\/eglisecatholiqueniger.org\/wp-content\/uploads\/2024\/10\/jour2.008-130x87.jpg 130w, https:\/\/eglisecatholiqueniger.org\/wp-content\/uploads\/2024\/10\/jour2.008-359x240.jpg 359w, https:\/\/eglisecatholiqueniger.org\/wp-content\/uploads\/2024\/10\/jour2.008-85x57.jpg 85w, https:\/\/eglisecatholiqueniger.org\/wp-content\/uploads\/2024\/10\/jour2.008-546x365.jpg 546w, https:\/\/eglisecatholiqueniger.org\/wp-content\/uploads\/2024\/10\/jour2.008-266x179.jpg 266w, https:\/\/eglisecatholiqueniger.org\/wp-content\/uploads\/2024\/10\/jour2.008-165x109.jpg 165w, https:\/\/eglisecatholiqueniger.org\/wp-content\/uploads\/2024\/10\/jour2.008-347x233.jpg 347w, https:\/\/eglisecatholiqueniger.org\/wp-content\/uploads\/2024\/10\/jour2.008-112x75.jpg 112w, https:\/\/eglisecatholiqueniger.org\/wp-content\/uploads\/2024\/10\/jour2.008-179x120.jpg 179w, https:\/\/eglisecatholiqueniger.org\/wp-content\/uploads\/2024\/10\/jour2.008-170x113.jpg 170w, https:\/\/eglisecatholiqueniger.org\/wp-content\/uploads\/2024\/10\/jour2.008-81x55.jpg 81w, https:\/\/eglisecatholiqueniger.org\/wp-content\/uploads\/2024\/10\/jour2.008-765x510.jpg 765w\" sizes=\"auto, (max-width: 174px) 100vw, 174px\" \/> <img loading=\"lazy\" decoding=\"async\" class=\"alignnone wp-image-1727\" src=\"http:\/\/eglisecatholiqueniger.org\/wp-content\/uploads\/2024\/10\/jour2.007-300x200.jpg\" alt=\"\" width=\"171\" height=\"114\" srcset=\"https:\/\/eglisecatholiqueniger.org\/wp-content\/uploads\/2024\/10\/jour2.007-300x200.jpg 300w, https:\/\/eglisecatholiqueniger.org\/wp-content\/uploads\/2024\/10\/jour2.007-1024x683.jpg 1024w, https:\/\/eglisecatholiqueniger.org\/wp-content\/uploads\/2024\/10\/jour2.007-768x512.jpg 768w, https:\/\/eglisecatholiqueniger.org\/wp-content\/uploads\/2024\/10\/jour2.007-1536x1025.jpg 1536w, https:\/\/eglisecatholiqueniger.org\/wp-content\/uploads\/2024\/10\/jour2.007-2048x1367.jpg 2048w, https:\/\/eglisecatholiqueniger.org\/wp-content\/uploads\/2024\/10\/jour2.007-274x183.jpg 274w, https:\/\/eglisecatholiqueniger.org\/wp-content\/uploads\/2024\/10\/jour2.007-364x245.jpg 364w, https:\/\/eglisecatholiqueniger.org\/wp-content\/uploads\/2024\/10\/jour2.007-80x54.jpg 80w, https:\/\/eglisecatholiqueniger.org\/wp-content\/uploads\/2024\/10\/jour2.007-130x87.jpg 130w, https:\/\/eglisecatholiqueniger.org\/wp-content\/uploads\/2024\/10\/jour2.007-359x240.jpg 359w, https:\/\/eglisecatholiqueniger.org\/wp-content\/uploads\/2024\/10\/jour2.007-85x57.jpg 85w, https:\/\/eglisecatholiqueniger.org\/wp-content\/uploads\/2024\/10\/jour2.007-546x365.jpg 546w, https:\/\/eglisecatholiqueniger.org\/wp-content\/uploads\/2024\/10\/jour2.007-266x179.jpg 266w, https:\/\/eglisecatholiqueniger.org\/wp-content\/uploads\/2024\/10\/jour2.007-165x109.jpg 165w, https:\/\/eglisecatholiqueniger.org\/wp-content\/uploads\/2024\/10\/jour2.007-347x233.jpg 347w, https:\/\/eglisecatholiqueniger.org\/wp-content\/uploads\/2024\/10\/jour2.007-112x75.jpg 112w, https:\/\/eglisecatholiqueniger.org\/wp-content\/uploads\/2024\/10\/jour2.007-179x120.jpg 179w, https:\/\/eglisecatholiqueniger.org\/wp-content\/uploads\/2024\/10\/jour2.007-170x113.jpg 170w, https:\/\/eglisecatholiqueniger.org\/wp-content\/uploads\/2024\/10\/jour2.007-81x55.jpg 81w, https:\/\/eglisecatholiqueniger.org\/wp-content\/uploads\/2024\/10\/jour2.007-765x510.jpg 765w\" sizes=\"auto, (max-width: 171px) 100vw, 171px\" \/><\/p>\n","protected":false},"excerpt":{"rendered":"<p>&nbsp; C\u2019est l\u2019\u00e9coute \u2018du cri de ton peuple\u2019 qui a constitu\u00e9 le th\u00e8me porteur de cette deuxi\u00e8me journ\u00e9e de l\u2019Assembl\u00e9e Dioc\u00e9saine. Apr\u00e8s la pri\u00e8re du matin c\u2019est le Dr. Lompo &#8230;<\/p>\n","protected":false},"author":3,"featured_media":0,"comment_status":"open","ping_status":"open","sticky":false,"template":"","format":"standard","meta":{"footnotes":""},"categories":[1],"tags":[],"class_list":["post-1720","post","type-post","status-publish","format-standard","category-non-classe"],"_links":{"self":[{"href":"https:\/\/eglisecatholiqueniger.org\/index.php\/wp-json\/wp\/v2\/posts\/1720","targetHints":{"allow":["GET"]}}],"collection":[{"href":"https:\/\/eglisecatholiqueniger.org\/index.php\/wp-json\/wp\/v2\/posts"}],"about":[{"href":"https:\/\/eglisecatholiqueniger.org\/index.php\/wp-json\/wp\/v2\/types\/post"}],"author":[{"embeddable":true,"href":"https:\/\/eglisecatholiqueniger.org\/index.php\/wp-json\/wp\/v2\/users\/3"}],"replies":[{"embeddable":true,"href":"https:\/\/eglisecatholiqueniger.org\/index.php\/wp-json\/wp\/v2\/comments?post=1720"}],"version-history":[{"count":1,"href":"https:\/\/eglisecatholiqueniger.org\/index.php\/wp-json\/wp\/v2\/posts\/1720\/revisions"}],"predecessor-version":[{"id":1732,"href":"https:\/\/eglisecatholiqueniger.org\/index.php\/wp-json\/wp\/v2\/posts\/1720\/revisions\/1732"}],"wp:attachment":[{"href":"https:\/\/eglisecatholiqueniger.org\/index.php\/wp-json\/wp\/v2\/media?parent=1720"}],"wp:term":[{"taxonomy":"category","embeddable":true,"href":"https:\/\/eglisecatholiqueniger.org\/index.php\/wp-json\/wp\/v2\/categories?post=1720"},{"taxonomy":"post_tag","embeddable":true,"href":"https:\/\/eglisecatholiqueniger.org\/index.php\/wp-json\/wp\/v2\/tags?post=1720"}],"curies":[{"name":"wp","href":"https:\/\/api.w.org\/{rel}","templated":true}]}}