{"id":1734,"date":"2024-10-15T10:37:06","date_gmt":"2024-10-15T08:37:06","guid":{"rendered":"https:\/\/eglisecatholiqueniger.org\/?p=1734"},"modified":"2024-10-15T10:37:06","modified_gmt":"2024-10-15T08:37:06","slug":"lheritage-de-lassemblee-diocesaine","status":"publish","type":"post","link":"https:\/\/eglisecatholiqueniger.org\/index.php\/2024\/10\/15\/lheritage-de-lassemblee-diocesaine\/","title":{"rendered":"L\u2019h\u00e9ritage de l\u2019Assembl\u00e9e Dioc\u00e9saine"},"content":{"rendered":"<p>Une bible et une natte. Voici les deux signes que le P\u00e8re \u00e9v\u00eaque Laurent a confi\u00e9 comme \u2018h\u00e9ritage\u2019 aux participants de l\u2019A.D.\u00a0! Chaque secteur a re\u00e7u ces deux signes comme engagement \u00e0 mettre en pratique ce qu\u2019on a partag\u00e9 pendant les deux jours pass\u00e9s ensemble. Dans un cadre festif et reconnaissant le pasteur du dioc\u00e8se de Niamey a voulu aider les membres qui ont particip\u00e9 \u00e0 l\u2019Assembl\u00e9e \u00e0 traduire le th\u00e8me conducteur\u2026\u2019 l\u2019\u00e9coute de Dieu et du cri du peuple \u00e0 la mani\u00e8re de J\u00e9sus\u2019\u00a0!<\/p>\n<p>La Bible comme source de la rencontre \u2018ob\u00e9issante\u2019 de Dieu, de sa parole, de son projet de vie pour tour et en particulier les pauvres\u00a0! L\u2019\u00e9coute de la Parole est donc incontournable, pour les communaut\u00e9s et \u00e0 niveau personnel, per \u00e9viter de \u2018se raconter soi-m\u00eame\u2019 . Puis la natte, un symbole parlant pour le dioc\u00e8se d\u2019autant plus que le premier \u00e9v\u00eaque de Niamey, Hyppolyte Berlier, avait fait de la \u2018natte\u2019 le symbole de la pastorale de l\u2019Eglise en ce moment. La natte pour s\u2019assoir et se mettre \u00e0 l\u2019\u00e9coute de la parole, du silence et du cri de notre peuple et des pauvres en particulier\u00a0!<\/p>\n<p>C\u2019est comme cela que les secteur repr\u00e9sentant l\u2019Eglise famille ont re\u00e7u les deux signes\u00a0: le pr\u00eatre, un religieux ou religieuse, un la\u00efc homme et femme\u2026et un enfant\u00a0! Cela pour rappeler que l\u2019\u00e9coute et l\u2019annonce sont confi\u00e9s \u00e0 la famille de Dieu et pas \u00e0 une seule cat\u00e9gorie\u00a0!<\/p>\n<p><img loading=\"lazy\" decoding=\"async\" class=\"alignnone  wp-image-1735\" src=\"http:\/\/eglisecatholiqueniger.org\/wp-content\/uploads\/2024\/10\/12-10-01-300x200.jpg\" alt=\"\" width=\"171\" height=\"114\" srcset=\"https:\/\/eglisecatholiqueniger.org\/wp-content\/uploads\/2024\/10\/12-10-01-300x200.jpg 300w, https:\/\/eglisecatholiqueniger.org\/wp-content\/uploads\/2024\/10\/12-10-01-1024x683.jpg 1024w, https:\/\/eglisecatholiqueniger.org\/wp-content\/uploads\/2024\/10\/12-10-01-768x512.jpg 768w, https:\/\/eglisecatholiqueniger.org\/wp-content\/uploads\/2024\/10\/12-10-01-1536x1025.jpg 1536w, https:\/\/eglisecatholiqueniger.org\/wp-content\/uploads\/2024\/10\/12-10-01-2048x1367.jpg 2048w, https:\/\/eglisecatholiqueniger.org\/wp-content\/uploads\/2024\/10\/12-10-01-274x183.jpg 274w, https:\/\/eglisecatholiqueniger.org\/wp-content\/uploads\/2024\/10\/12-10-01-364x245.jpg 364w, https:\/\/eglisecatholiqueniger.org\/wp-content\/uploads\/2024\/10\/12-10-01-80x54.jpg 80w, https:\/\/eglisecatholiqueniger.org\/wp-content\/uploads\/2024\/10\/12-10-01-130x87.jpg 130w, https:\/\/eglisecatholiqueniger.org\/wp-content\/uploads\/2024\/10\/12-10-01-359x240.jpg 359w, https:\/\/eglisecatholiqueniger.org\/wp-content\/uploads\/2024\/10\/12-10-01-85x57.jpg 85w, https:\/\/eglisecatholiqueniger.org\/wp-content\/uploads\/2024\/10\/12-10-01-546x365.jpg 546w, https:\/\/eglisecatholiqueniger.org\/wp-content\/uploads\/2024\/10\/12-10-01-266x179.jpg 266w, https:\/\/eglisecatholiqueniger.org\/wp-content\/uploads\/2024\/10\/12-10-01-165x109.jpg 165w, https:\/\/eglisecatholiqueniger.org\/wp-content\/uploads\/2024\/10\/12-10-01-347x233.jpg 347w, https:\/\/eglisecatholiqueniger.org\/wp-content\/uploads\/2024\/10\/12-10-01-112x75.jpg 112w, https:\/\/eglisecatholiqueniger.org\/wp-content\/uploads\/2024\/10\/12-10-01-179x120.jpg 179w, https:\/\/eglisecatholiqueniger.org\/wp-content\/uploads\/2024\/10\/12-10-01-170x113.jpg 170w, https:\/\/eglisecatholiqueniger.org\/wp-content\/uploads\/2024\/10\/12-10-01-81x55.jpg 81w, https:\/\/eglisecatholiqueniger.org\/wp-content\/uploads\/2024\/10\/12-10-01-765x510.jpg 765w\" sizes=\"auto, (max-width: 171px) 100vw, 171px\" \/> <img loading=\"lazy\" decoding=\"async\" class=\"alignnone  wp-image-1736\" src=\"http:\/\/eglisecatholiqueniger.org\/wp-content\/uploads\/2024\/10\/12-10-02-300x200.jpg\" alt=\"\" width=\"171\" height=\"114\" srcset=\"https:\/\/eglisecatholiqueniger.org\/wp-content\/uploads\/2024\/10\/12-10-02-300x200.jpg 300w, https:\/\/eglisecatholiqueniger.org\/wp-content\/uploads\/2024\/10\/12-10-02-1024x683.jpg 1024w, https:\/\/eglisecatholiqueniger.org\/wp-content\/uploads\/2024\/10\/12-10-02-768x512.jpg 768w, https:\/\/eglisecatholiqueniger.org\/wp-content\/uploads\/2024\/10\/12-10-02-1536x1025.jpg 1536w, https:\/\/eglisecatholiqueniger.org\/wp-content\/uploads\/2024\/10\/12-10-02-2048x1367.jpg 2048w, https:\/\/eglisecatholiqueniger.org\/wp-content\/uploads\/2024\/10\/12-10-02-274x183.jpg 274w, https:\/\/eglisecatholiqueniger.org\/wp-content\/uploads\/2024\/10\/12-10-02-364x245.jpg 364w, https:\/\/eglisecatholiqueniger.org\/wp-content\/uploads\/2024\/10\/12-10-02-80x54.jpg 80w, https:\/\/eglisecatholiqueniger.org\/wp-content\/uploads\/2024\/10\/12-10-02-130x87.jpg 130w, https:\/\/eglisecatholiqueniger.org\/wp-content\/uploads\/2024\/10\/12-10-02-359x240.jpg 359w, https:\/\/eglisecatholiqueniger.org\/wp-content\/uploads\/2024\/10\/12-10-02-85x57.jpg 85w, https:\/\/eglisecatholiqueniger.org\/wp-content\/uploads\/2024\/10\/12-10-02-546x365.jpg 546w, https:\/\/eglisecatholiqueniger.org\/wp-content\/uploads\/2024\/10\/12-10-02-266x179.jpg 266w, https:\/\/eglisecatholiqueniger.org\/wp-content\/uploads\/2024\/10\/12-10-02-165x109.jpg 165w, https:\/\/eglisecatholiqueniger.org\/wp-content\/uploads\/2024\/10\/12-10-02-347x233.jpg 347w, https:\/\/eglisecatholiqueniger.org\/wp-content\/uploads\/2024\/10\/12-10-02-112x75.jpg 112w, https:\/\/eglisecatholiqueniger.org\/wp-content\/uploads\/2024\/10\/12-10-02-179x120.jpg 179w, https:\/\/eglisecatholiqueniger.org\/wp-content\/uploads\/2024\/10\/12-10-02-170x113.jpg 170w, https:\/\/eglisecatholiqueniger.org\/wp-content\/uploads\/2024\/10\/12-10-02-81x55.jpg 81w, https:\/\/eglisecatholiqueniger.org\/wp-content\/uploads\/2024\/10\/12-10-02-765x510.jpg 765w\" sizes=\"auto, (max-width: 171px) 100vw, 171px\" \/> <img loading=\"lazy\" decoding=\"async\" class=\"alignnone  wp-image-1737\" src=\"http:\/\/eglisecatholiqueniger.org\/wp-content\/uploads\/2024\/10\/12-10-03-300x200.jpg\" alt=\"\" width=\"171\" height=\"114\" srcset=\"https:\/\/eglisecatholiqueniger.org\/wp-content\/uploads\/2024\/10\/12-10-03-300x200.jpg 300w, https:\/\/eglisecatholiqueniger.org\/wp-content\/uploads\/2024\/10\/12-10-03-1024x683.jpg 1024w, https:\/\/eglisecatholiqueniger.org\/wp-content\/uploads\/2024\/10\/12-10-03-768x512.jpg 768w, https:\/\/eglisecatholiqueniger.org\/wp-content\/uploads\/2024\/10\/12-10-03-1536x1025.jpg 1536w, https:\/\/eglisecatholiqueniger.org\/wp-content\/uploads\/2024\/10\/12-10-03-2048x1367.jpg 2048w, https:\/\/eglisecatholiqueniger.org\/wp-content\/uploads\/2024\/10\/12-10-03-274x183.jpg 274w, https:\/\/eglisecatholiqueniger.org\/wp-content\/uploads\/2024\/10\/12-10-03-364x245.jpg 364w, https:\/\/eglisecatholiqueniger.org\/wp-content\/uploads\/2024\/10\/12-10-03-80x54.jpg 80w, https:\/\/eglisecatholiqueniger.org\/wp-content\/uploads\/2024\/10\/12-10-03-130x87.jpg 130w, https:\/\/eglisecatholiqueniger.org\/wp-content\/uploads\/2024\/10\/12-10-03-359x240.jpg 359w, https:\/\/eglisecatholiqueniger.org\/wp-content\/uploads\/2024\/10\/12-10-03-85x57.jpg 85w, https:\/\/eglisecatholiqueniger.org\/wp-content\/uploads\/2024\/10\/12-10-03-546x365.jpg 546w, https:\/\/eglisecatholiqueniger.org\/wp-content\/uploads\/2024\/10\/12-10-03-266x179.jpg 266w, https:\/\/eglisecatholiqueniger.org\/wp-content\/uploads\/2024\/10\/12-10-03-165x109.jpg 165w, https:\/\/eglisecatholiqueniger.org\/wp-content\/uploads\/2024\/10\/12-10-03-347x233.jpg 347w, https:\/\/eglisecatholiqueniger.org\/wp-content\/uploads\/2024\/10\/12-10-03-112x75.jpg 112w, https:\/\/eglisecatholiqueniger.org\/wp-content\/uploads\/2024\/10\/12-10-03-179x120.jpg 179w, https:\/\/eglisecatholiqueniger.org\/wp-content\/uploads\/2024\/10\/12-10-03-170x113.jpg 170w, https:\/\/eglisecatholiqueniger.org\/wp-content\/uploads\/2024\/10\/12-10-03-81x55.jpg 81w, https:\/\/eglisecatholiqueniger.org\/wp-content\/uploads\/2024\/10\/12-10-03-765x510.jpg 765w\" sizes=\"auto, (max-width: 171px) 100vw, 171px\" \/><\/p>\n<p><img loading=\"lazy\" decoding=\"async\" class=\"alignnone  wp-image-1738\" src=\"http:\/\/eglisecatholiqueniger.org\/wp-content\/uploads\/2024\/10\/12-10-04-300x200.jpg\" alt=\"\" width=\"171\" height=\"114\" srcset=\"https:\/\/eglisecatholiqueniger.org\/wp-content\/uploads\/2024\/10\/12-10-04-300x200.jpg 300w, https:\/\/eglisecatholiqueniger.org\/wp-content\/uploads\/2024\/10\/12-10-04-1024x683.jpg 1024w, https:\/\/eglisecatholiqueniger.org\/wp-content\/uploads\/2024\/10\/12-10-04-768x512.jpg 768w, https:\/\/eglisecatholiqueniger.org\/wp-content\/uploads\/2024\/10\/12-10-04-1536x1025.jpg 1536w, https:\/\/eglisecatholiqueniger.org\/wp-content\/uploads\/2024\/10\/12-10-04-2048x1367.jpg 2048w, https:\/\/eglisecatholiqueniger.org\/wp-content\/uploads\/2024\/10\/12-10-04-274x183.jpg 274w, https:\/\/eglisecatholiqueniger.org\/wp-content\/uploads\/2024\/10\/12-10-04-364x245.jpg 364w, https:\/\/eglisecatholiqueniger.org\/wp-content\/uploads\/2024\/10\/12-10-04-80x54.jpg 80w, https:\/\/eglisecatholiqueniger.org\/wp-content\/uploads\/2024\/10\/12-10-04-130x87.jpg 130w, https:\/\/eglisecatholiqueniger.org\/wp-content\/uploads\/2024\/10\/12-10-04-359x240.jpg 359w, https:\/\/eglisecatholiqueniger.org\/wp-content\/uploads\/2024\/10\/12-10-04-85x57.jpg 85w, https:\/\/eglisecatholiqueniger.org\/wp-content\/uploads\/2024\/10\/12-10-04-546x365.jpg 546w, https:\/\/eglisecatholiqueniger.org\/wp-content\/uploads\/2024\/10\/12-10-04-266x179.jpg 266w, https:\/\/eglisecatholiqueniger.org\/wp-content\/uploads\/2024\/10\/12-10-04-165x109.jpg 165w, https:\/\/eglisecatholiqueniger.org\/wp-content\/uploads\/2024\/10\/12-10-04-347x233.jpg 347w, https:\/\/eglisecatholiqueniger.org\/wp-content\/uploads\/2024\/10\/12-10-04-112x75.jpg 112w, https:\/\/eglisecatholiqueniger.org\/wp-content\/uploads\/2024\/10\/12-10-04-179x120.jpg 179w, https:\/\/eglisecatholiqueniger.org\/wp-content\/uploads\/2024\/10\/12-10-04-170x113.jpg 170w, https:\/\/eglisecatholiqueniger.org\/wp-content\/uploads\/2024\/10\/12-10-04-81x55.jpg 81w, https:\/\/eglisecatholiqueniger.org\/wp-content\/uploads\/2024\/10\/12-10-04-765x510.jpg 765w\" sizes=\"auto, (max-width: 171px) 100vw, 171px\" \/> <img loading=\"lazy\" decoding=\"async\" class=\"alignnone  wp-image-1739\" src=\"http:\/\/eglisecatholiqueniger.org\/wp-content\/uploads\/2024\/10\/12-10-05-300x200.jpg\" alt=\"\" width=\"171\" height=\"114\" srcset=\"https:\/\/eglisecatholiqueniger.org\/wp-content\/uploads\/2024\/10\/12-10-05-300x200.jpg 300w, https:\/\/eglisecatholiqueniger.org\/wp-content\/uploads\/2024\/10\/12-10-05-1024x683.jpg 1024w, https:\/\/eglisecatholiqueniger.org\/wp-content\/uploads\/2024\/10\/12-10-05-768x512.jpg 768w, https:\/\/eglisecatholiqueniger.org\/wp-content\/uploads\/2024\/10\/12-10-05-1536x1025.jpg 1536w, https:\/\/eglisecatholiqueniger.org\/wp-content\/uploads\/2024\/10\/12-10-05-2048x1366.jpg 2048w, https:\/\/eglisecatholiqueniger.org\/wp-content\/uploads\/2024\/10\/12-10-05-274x183.jpg 274w, https:\/\/eglisecatholiqueniger.org\/wp-content\/uploads\/2024\/10\/12-10-05-364x245.jpg 364w, https:\/\/eglisecatholiqueniger.org\/wp-content\/uploads\/2024\/10\/12-10-05-80x54.jpg 80w, https:\/\/eglisecatholiqueniger.org\/wp-content\/uploads\/2024\/10\/12-10-05-130x87.jpg 130w, https:\/\/eglisecatholiqueniger.org\/wp-content\/uploads\/2024\/10\/12-10-05-359x240.jpg 359w, https:\/\/eglisecatholiqueniger.org\/wp-content\/uploads\/2024\/10\/12-10-05-85x57.jpg 85w, https:\/\/eglisecatholiqueniger.org\/wp-content\/uploads\/2024\/10\/12-10-05-546x365.jpg 546w, https:\/\/eglisecatholiqueniger.org\/wp-content\/uploads\/2024\/10\/12-10-05-266x179.jpg 266w, https:\/\/eglisecatholiqueniger.org\/wp-content\/uploads\/2024\/10\/12-10-05-165x109.jpg 165w, https:\/\/eglisecatholiqueniger.org\/wp-content\/uploads\/2024\/10\/12-10-05-347x233.jpg 347w, https:\/\/eglisecatholiqueniger.org\/wp-content\/uploads\/2024\/10\/12-10-05-112x75.jpg 112w, https:\/\/eglisecatholiqueniger.org\/wp-content\/uploads\/2024\/10\/12-10-05-179x120.jpg 179w, https:\/\/eglisecatholiqueniger.org\/wp-content\/uploads\/2024\/10\/12-10-05-170x113.jpg 170w, https:\/\/eglisecatholiqueniger.org\/wp-content\/uploads\/2024\/10\/12-10-05-81x55.jpg 81w, https:\/\/eglisecatholiqueniger.org\/wp-content\/uploads\/2024\/10\/12-10-05-765x510.jpg 765w\" sizes=\"auto, (max-width: 171px) 100vw, 171px\" \/> <img loading=\"lazy\" decoding=\"async\" class=\"alignnone  wp-image-1740\" src=\"http:\/\/eglisecatholiqueniger.org\/wp-content\/uploads\/2024\/10\/12-10-06-300x200.jpg\" alt=\"\" width=\"171\" height=\"114\" srcset=\"https:\/\/eglisecatholiqueniger.org\/wp-content\/uploads\/2024\/10\/12-10-06-300x200.jpg 300w, https:\/\/eglisecatholiqueniger.org\/wp-content\/uploads\/2024\/10\/12-10-06-1024x683.jpg 1024w, https:\/\/eglisecatholiqueniger.org\/wp-content\/uploads\/2024\/10\/12-10-06-768x512.jpg 768w, https:\/\/eglisecatholiqueniger.org\/wp-content\/uploads\/2024\/10\/12-10-06-1536x1025.jpg 1536w, https:\/\/eglisecatholiqueniger.org\/wp-content\/uploads\/2024\/10\/12-10-06-2048x1367.jpg 2048w, https:\/\/eglisecatholiqueniger.org\/wp-content\/uploads\/2024\/10\/12-10-06-274x183.jpg 274w, https:\/\/eglisecatholiqueniger.org\/wp-content\/uploads\/2024\/10\/12-10-06-364x245.jpg 364w, https:\/\/eglisecatholiqueniger.org\/wp-content\/uploads\/2024\/10\/12-10-06-80x54.jpg 80w, https:\/\/eglisecatholiqueniger.org\/wp-content\/uploads\/2024\/10\/12-10-06-130x87.jpg 130w, https:\/\/eglisecatholiqueniger.org\/wp-content\/uploads\/2024\/10\/12-10-06-359x240.jpg 359w, https:\/\/eglisecatholiqueniger.org\/wp-content\/uploads\/2024\/10\/12-10-06-85x57.jpg 85w, https:\/\/eglisecatholiqueniger.org\/wp-content\/uploads\/2024\/10\/12-10-06-546x365.jpg 546w, https:\/\/eglisecatholiqueniger.org\/wp-content\/uploads\/2024\/10\/12-10-06-266x179.jpg 266w, https:\/\/eglisecatholiqueniger.org\/wp-content\/uploads\/2024\/10\/12-10-06-165x109.jpg 165w, https:\/\/eglisecatholiqueniger.org\/wp-content\/uploads\/2024\/10\/12-10-06-347x233.jpg 347w, https:\/\/eglisecatholiqueniger.org\/wp-content\/uploads\/2024\/10\/12-10-06-112x75.jpg 112w, https:\/\/eglisecatholiqueniger.org\/wp-content\/uploads\/2024\/10\/12-10-06-179x120.jpg 179w, https:\/\/eglisecatholiqueniger.org\/wp-content\/uploads\/2024\/10\/12-10-06-170x113.jpg 170w, https:\/\/eglisecatholiqueniger.org\/wp-content\/uploads\/2024\/10\/12-10-06-81x55.jpg 81w, https:\/\/eglisecatholiqueniger.org\/wp-content\/uploads\/2024\/10\/12-10-06-765x510.jpg 765w\" sizes=\"auto, (max-width: 171px) 100vw, 171px\" \/><\/p>\n<p><img loading=\"lazy\" decoding=\"async\" class=\"alignnone  wp-image-1738\" src=\"http:\/\/eglisecatholiqueniger.org\/wp-content\/uploads\/2024\/10\/12-10-04-300x200.jpg\" alt=\"\" width=\"171\" height=\"114\" srcset=\"https:\/\/eglisecatholiqueniger.org\/wp-content\/uploads\/2024\/10\/12-10-04-300x200.jpg 300w, https:\/\/eglisecatholiqueniger.org\/wp-content\/uploads\/2024\/10\/12-10-04-1024x683.jpg 1024w, https:\/\/eglisecatholiqueniger.org\/wp-content\/uploads\/2024\/10\/12-10-04-768x512.jpg 768w, https:\/\/eglisecatholiqueniger.org\/wp-content\/uploads\/2024\/10\/12-10-04-1536x1025.jpg 1536w, https:\/\/eglisecatholiqueniger.org\/wp-content\/uploads\/2024\/10\/12-10-04-2048x1367.jpg 2048w, https:\/\/eglisecatholiqueniger.org\/wp-content\/uploads\/2024\/10\/12-10-04-274x183.jpg 274w, https:\/\/eglisecatholiqueniger.org\/wp-content\/uploads\/2024\/10\/12-10-04-364x245.jpg 364w, https:\/\/eglisecatholiqueniger.org\/wp-content\/uploads\/2024\/10\/12-10-04-80x54.jpg 80w, https:\/\/eglisecatholiqueniger.org\/wp-content\/uploads\/2024\/10\/12-10-04-130x87.jpg 130w, https:\/\/eglisecatholiqueniger.org\/wp-content\/uploads\/2024\/10\/12-10-04-359x240.jpg 359w, https:\/\/eglisecatholiqueniger.org\/wp-content\/uploads\/2024\/10\/12-10-04-85x57.jpg 85w, https:\/\/eglisecatholiqueniger.org\/wp-content\/uploads\/2024\/10\/12-10-04-546x365.jpg 546w, https:\/\/eglisecatholiqueniger.org\/wp-content\/uploads\/2024\/10\/12-10-04-266x179.jpg 266w, https:\/\/eglisecatholiqueniger.org\/wp-content\/uploads\/2024\/10\/12-10-04-165x109.jpg 165w, https:\/\/eglisecatholiqueniger.org\/wp-content\/uploads\/2024\/10\/12-10-04-347x233.jpg 347w, https:\/\/eglisecatholiqueniger.org\/wp-content\/uploads\/2024\/10\/12-10-04-112x75.jpg 112w, https:\/\/eglisecatholiqueniger.org\/wp-content\/uploads\/2024\/10\/12-10-04-179x120.jpg 179w, https:\/\/eglisecatholiqueniger.org\/wp-content\/uploads\/2024\/10\/12-10-04-170x113.jpg 170w, https:\/\/eglisecatholiqueniger.org\/wp-content\/uploads\/2024\/10\/12-10-04-81x55.jpg 81w, https:\/\/eglisecatholiqueniger.org\/wp-content\/uploads\/2024\/10\/12-10-04-765x510.jpg 765w\" sizes=\"auto, (max-width: 171px) 100vw, 171px\" \/> <img loading=\"lazy\" decoding=\"async\" class=\"alignnone  wp-image-1741\" src=\"http:\/\/eglisecatholiqueniger.org\/wp-content\/uploads\/2024\/10\/12-10-07-300x200.jpg\" alt=\"\" width=\"171\" height=\"114\" srcset=\"https:\/\/eglisecatholiqueniger.org\/wp-content\/uploads\/2024\/10\/12-10-07-300x200.jpg 300w, https:\/\/eglisecatholiqueniger.org\/wp-content\/uploads\/2024\/10\/12-10-07-1024x683.jpg 1024w, https:\/\/eglisecatholiqueniger.org\/wp-content\/uploads\/2024\/10\/12-10-07-768x512.jpg 768w, https:\/\/eglisecatholiqueniger.org\/wp-content\/uploads\/2024\/10\/12-10-07-1536x1025.jpg 1536w, https:\/\/eglisecatholiqueniger.org\/wp-content\/uploads\/2024\/10\/12-10-07-2048x1367.jpg 2048w, https:\/\/eglisecatholiqueniger.org\/wp-content\/uploads\/2024\/10\/12-10-07-274x183.jpg 274w, https:\/\/eglisecatholiqueniger.org\/wp-content\/uploads\/2024\/10\/12-10-07-364x245.jpg 364w, https:\/\/eglisecatholiqueniger.org\/wp-content\/uploads\/2024\/10\/12-10-07-80x54.jpg 80w, https:\/\/eglisecatholiqueniger.org\/wp-content\/uploads\/2024\/10\/12-10-07-130x87.jpg 130w, https:\/\/eglisecatholiqueniger.org\/wp-content\/uploads\/2024\/10\/12-10-07-359x240.jpg 359w, https:\/\/eglisecatholiqueniger.org\/wp-content\/uploads\/2024\/10\/12-10-07-85x57.jpg 85w, https:\/\/eglisecatholiqueniger.org\/wp-content\/uploads\/2024\/10\/12-10-07-546x365.jpg 546w, https:\/\/eglisecatholiqueniger.org\/wp-content\/uploads\/2024\/10\/12-10-07-266x179.jpg 266w, https:\/\/eglisecatholiqueniger.org\/wp-content\/uploads\/2024\/10\/12-10-07-165x109.jpg 165w, https:\/\/eglisecatholiqueniger.org\/wp-content\/uploads\/2024\/10\/12-10-07-347x233.jpg 347w, https:\/\/eglisecatholiqueniger.org\/wp-content\/uploads\/2024\/10\/12-10-07-112x75.jpg 112w, https:\/\/eglisecatholiqueniger.org\/wp-content\/uploads\/2024\/10\/12-10-07-179x120.jpg 179w, https:\/\/eglisecatholiqueniger.org\/wp-content\/uploads\/2024\/10\/12-10-07-170x113.jpg 170w, https:\/\/eglisecatholiqueniger.org\/wp-content\/uploads\/2024\/10\/12-10-07-81x55.jpg 81w, https:\/\/eglisecatholiqueniger.org\/wp-content\/uploads\/2024\/10\/12-10-07-765x510.jpg 765w\" sizes=\"auto, (max-width: 171px) 100vw, 171px\" \/> <img loading=\"lazy\" decoding=\"async\" class=\"alignnone  wp-image-1742\" src=\"http:\/\/eglisecatholiqueniger.org\/wp-content\/uploads\/2024\/10\/12-10-08-300x200.jpg\" alt=\"\" width=\"171\" height=\"114\" srcset=\"https:\/\/eglisecatholiqueniger.org\/wp-content\/uploads\/2024\/10\/12-10-08-300x200.jpg 300w, https:\/\/eglisecatholiqueniger.org\/wp-content\/uploads\/2024\/10\/12-10-08-1024x683.jpg 1024w, https:\/\/eglisecatholiqueniger.org\/wp-content\/uploads\/2024\/10\/12-10-08-768x512.jpg 768w, https:\/\/eglisecatholiqueniger.org\/wp-content\/uploads\/2024\/10\/12-10-08-1536x1025.jpg 1536w, https:\/\/eglisecatholiqueniger.org\/wp-content\/uploads\/2024\/10\/12-10-08-2048x1367.jpg 2048w, https:\/\/eglisecatholiqueniger.org\/wp-content\/uploads\/2024\/10\/12-10-08-274x183.jpg 274w, https:\/\/eglisecatholiqueniger.org\/wp-content\/uploads\/2024\/10\/12-10-08-364x245.jpg 364w, https:\/\/eglisecatholiqueniger.org\/wp-content\/uploads\/2024\/10\/12-10-08-80x54.jpg 80w, https:\/\/eglisecatholiqueniger.org\/wp-content\/uploads\/2024\/10\/12-10-08-130x87.jpg 130w, https:\/\/eglisecatholiqueniger.org\/wp-content\/uploads\/2024\/10\/12-10-08-359x240.jpg 359w, https:\/\/eglisecatholiqueniger.org\/wp-content\/uploads\/2024\/10\/12-10-08-85x57.jpg 85w, https:\/\/eglisecatholiqueniger.org\/wp-content\/uploads\/2024\/10\/12-10-08-546x365.jpg 546w, https:\/\/eglisecatholiqueniger.org\/wp-content\/uploads\/2024\/10\/12-10-08-266x179.jpg 266w, https:\/\/eglisecatholiqueniger.org\/wp-content\/uploads\/2024\/10\/12-10-08-165x109.jpg 165w, https:\/\/eglisecatholiqueniger.org\/wp-content\/uploads\/2024\/10\/12-10-08-347x233.jpg 347w, https:\/\/eglisecatholiqueniger.org\/wp-content\/uploads\/2024\/10\/12-10-08-112x75.jpg 112w, https:\/\/eglisecatholiqueniger.org\/wp-content\/uploads\/2024\/10\/12-10-08-179x120.jpg 179w, https:\/\/eglisecatholiqueniger.org\/wp-content\/uploads\/2024\/10\/12-10-08-170x113.jpg 170w, https:\/\/eglisecatholiqueniger.org\/wp-content\/uploads\/2024\/10\/12-10-08-81x55.jpg 81w, https:\/\/eglisecatholiqueniger.org\/wp-content\/uploads\/2024\/10\/12-10-08-765x510.jpg 765w\" sizes=\"auto, (max-width: 171px) 100vw, 171px\" \/><\/p>\n<p><img loading=\"lazy\" decoding=\"async\" class=\"alignnone  wp-image-1745\" src=\"http:\/\/eglisecatholiqueniger.org\/wp-content\/uploads\/2024\/10\/12-10-11-300x200.jpg\" alt=\"\" width=\"171\" height=\"114\" srcset=\"https:\/\/eglisecatholiqueniger.org\/wp-content\/uploads\/2024\/10\/12-10-11-300x200.jpg 300w, https:\/\/eglisecatholiqueniger.org\/wp-content\/uploads\/2024\/10\/12-10-11-1024x683.jpg 1024w, https:\/\/eglisecatholiqueniger.org\/wp-content\/uploads\/2024\/10\/12-10-11-768x512.jpg 768w, https:\/\/eglisecatholiqueniger.org\/wp-content\/uploads\/2024\/10\/12-10-11-1536x1025.jpg 1536w, https:\/\/eglisecatholiqueniger.org\/wp-content\/uploads\/2024\/10\/12-10-11-2048x1367.jpg 2048w, https:\/\/eglisecatholiqueniger.org\/wp-content\/uploads\/2024\/10\/12-10-11-274x183.jpg 274w, https:\/\/eglisecatholiqueniger.org\/wp-content\/uploads\/2024\/10\/12-10-11-364x245.jpg 364w, https:\/\/eglisecatholiqueniger.org\/wp-content\/uploads\/2024\/10\/12-10-11-80x54.jpg 80w, https:\/\/eglisecatholiqueniger.org\/wp-content\/uploads\/2024\/10\/12-10-11-130x87.jpg 130w, https:\/\/eglisecatholiqueniger.org\/wp-content\/uploads\/2024\/10\/12-10-11-359x240.jpg 359w, https:\/\/eglisecatholiqueniger.org\/wp-content\/uploads\/2024\/10\/12-10-11-85x57.jpg 85w, https:\/\/eglisecatholiqueniger.org\/wp-content\/uploads\/2024\/10\/12-10-11-546x365.jpg 546w, https:\/\/eglisecatholiqueniger.org\/wp-content\/uploads\/2024\/10\/12-10-11-266x179.jpg 266w, https:\/\/eglisecatholiqueniger.org\/wp-content\/uploads\/2024\/10\/12-10-11-165x109.jpg 165w, https:\/\/eglisecatholiqueniger.org\/wp-content\/uploads\/2024\/10\/12-10-11-347x233.jpg 347w, https:\/\/eglisecatholiqueniger.org\/wp-content\/uploads\/2024\/10\/12-10-11-112x75.jpg 112w, https:\/\/eglisecatholiqueniger.org\/wp-content\/uploads\/2024\/10\/12-10-11-179x120.jpg 179w, https:\/\/eglisecatholiqueniger.org\/wp-content\/uploads\/2024\/10\/12-10-11-170x113.jpg 170w, https:\/\/eglisecatholiqueniger.org\/wp-content\/uploads\/2024\/10\/12-10-11-81x55.jpg 81w, https:\/\/eglisecatholiqueniger.org\/wp-content\/uploads\/2024\/10\/12-10-11-765x510.jpg 765w\" sizes=\"auto, (max-width: 171px) 100vw, 171px\" \/> <img loading=\"lazy\" decoding=\"async\" class=\"alignnone  wp-image-1744\" src=\"http:\/\/eglisecatholiqueniger.org\/wp-content\/uploads\/2024\/10\/12-10-10-300x200.jpg\" alt=\"\" width=\"171\" height=\"114\" srcset=\"https:\/\/eglisecatholiqueniger.org\/wp-content\/uploads\/2024\/10\/12-10-10-300x200.jpg 300w, https:\/\/eglisecatholiqueniger.org\/wp-content\/uploads\/2024\/10\/12-10-10-1024x683.jpg 1024w, https:\/\/eglisecatholiqueniger.org\/wp-content\/uploads\/2024\/10\/12-10-10-768x512.jpg 768w, https:\/\/eglisecatholiqueniger.org\/wp-content\/uploads\/2024\/10\/12-10-10-1536x1025.jpg 1536w, https:\/\/eglisecatholiqueniger.org\/wp-content\/uploads\/2024\/10\/12-10-10-2048x1367.jpg 2048w, https:\/\/eglisecatholiqueniger.org\/wp-content\/uploads\/2024\/10\/12-10-10-274x183.jpg 274w, https:\/\/eglisecatholiqueniger.org\/wp-content\/uploads\/2024\/10\/12-10-10-364x245.jpg 364w, https:\/\/eglisecatholiqueniger.org\/wp-content\/uploads\/2024\/10\/12-10-10-80x54.jpg 80w, https:\/\/eglisecatholiqueniger.org\/wp-content\/uploads\/2024\/10\/12-10-10-130x87.jpg 130w, https:\/\/eglisecatholiqueniger.org\/wp-content\/uploads\/2024\/10\/12-10-10-359x240.jpg 359w, https:\/\/eglisecatholiqueniger.org\/wp-content\/uploads\/2024\/10\/12-10-10-85x57.jpg 85w, https:\/\/eglisecatholiqueniger.org\/wp-content\/uploads\/2024\/10\/12-10-10-546x365.jpg 546w, https:\/\/eglisecatholiqueniger.org\/wp-content\/uploads\/2024\/10\/12-10-10-266x179.jpg 266w, https:\/\/eglisecatholiqueniger.org\/wp-content\/uploads\/2024\/10\/12-10-10-165x109.jpg 165w, https:\/\/eglisecatholiqueniger.org\/wp-content\/uploads\/2024\/10\/12-10-10-347x233.jpg 347w, https:\/\/eglisecatholiqueniger.org\/wp-content\/uploads\/2024\/10\/12-10-10-112x75.jpg 112w, https:\/\/eglisecatholiqueniger.org\/wp-content\/uploads\/2024\/10\/12-10-10-179x120.jpg 179w, https:\/\/eglisecatholiqueniger.org\/wp-content\/uploads\/2024\/10\/12-10-10-170x113.jpg 170w, https:\/\/eglisecatholiqueniger.org\/wp-content\/uploads\/2024\/10\/12-10-10-81x55.jpg 81w, https:\/\/eglisecatholiqueniger.org\/wp-content\/uploads\/2024\/10\/12-10-10-765x510.jpg 765w\" sizes=\"auto, (max-width: 171px) 100vw, 171px\" \/> <img loading=\"lazy\" decoding=\"async\" class=\"alignnone  wp-image-1743\" src=\"http:\/\/eglisecatholiqueniger.org\/wp-content\/uploads\/2024\/10\/12-10-09-300x200.jpg\" alt=\"\" width=\"171\" height=\"114\" srcset=\"https:\/\/eglisecatholiqueniger.org\/wp-content\/uploads\/2024\/10\/12-10-09-300x200.jpg 300w, https:\/\/eglisecatholiqueniger.org\/wp-content\/uploads\/2024\/10\/12-10-09-1024x683.jpg 1024w, https:\/\/eglisecatholiqueniger.org\/wp-content\/uploads\/2024\/10\/12-10-09-768x512.jpg 768w, https:\/\/eglisecatholiqueniger.org\/wp-content\/uploads\/2024\/10\/12-10-09-1536x1025.jpg 1536w, https:\/\/eglisecatholiqueniger.org\/wp-content\/uploads\/2024\/10\/12-10-09-2048x1367.jpg 2048w, https:\/\/eglisecatholiqueniger.org\/wp-content\/uploads\/2024\/10\/12-10-09-274x183.jpg 274w, https:\/\/eglisecatholiqueniger.org\/wp-content\/uploads\/2024\/10\/12-10-09-364x245.jpg 364w, https:\/\/eglisecatholiqueniger.org\/wp-content\/uploads\/2024\/10\/12-10-09-80x54.jpg 80w, https:\/\/eglisecatholiqueniger.org\/wp-content\/uploads\/2024\/10\/12-10-09-130x87.jpg 130w, https:\/\/eglisecatholiqueniger.org\/wp-content\/uploads\/2024\/10\/12-10-09-359x240.jpg 359w, https:\/\/eglisecatholiqueniger.org\/wp-content\/uploads\/2024\/10\/12-10-09-85x57.jpg 85w, https:\/\/eglisecatholiqueniger.org\/wp-content\/uploads\/2024\/10\/12-10-09-546x365.jpg 546w, https:\/\/eglisecatholiqueniger.org\/wp-content\/uploads\/2024\/10\/12-10-09-266x179.jpg 266w, https:\/\/eglisecatholiqueniger.org\/wp-content\/uploads\/2024\/10\/12-10-09-165x109.jpg 165w, https:\/\/eglisecatholiqueniger.org\/wp-content\/uploads\/2024\/10\/12-10-09-347x233.jpg 347w, https:\/\/eglisecatholiqueniger.org\/wp-content\/uploads\/2024\/10\/12-10-09-112x75.jpg 112w, https:\/\/eglisecatholiqueniger.org\/wp-content\/uploads\/2024\/10\/12-10-09-179x120.jpg 179w, https:\/\/eglisecatholiqueniger.org\/wp-content\/uploads\/2024\/10\/12-10-09-170x113.jpg 170w, https:\/\/eglisecatholiqueniger.org\/wp-content\/uploads\/2024\/10\/12-10-09-81x55.jpg 81w, https:\/\/eglisecatholiqueniger.org\/wp-content\/uploads\/2024\/10\/12-10-09-765x510.jpg 765w\" sizes=\"auto, (max-width: 171px) 100vw, 171px\" \/><\/p>\n<p><img loading=\"lazy\" decoding=\"async\" class=\"alignnone  wp-image-1747\" src=\"http:\/\/eglisecatholiqueniger.org\/wp-content\/uploads\/2024\/10\/12-10-12-1-300x200.jpg\" alt=\"\" width=\"171\" height=\"114\" srcset=\"https:\/\/eglisecatholiqueniger.org\/wp-content\/uploads\/2024\/10\/12-10-12-1-300x200.jpg 300w, https:\/\/eglisecatholiqueniger.org\/wp-content\/uploads\/2024\/10\/12-10-12-1-1024x683.jpg 1024w, https:\/\/eglisecatholiqueniger.org\/wp-content\/uploads\/2024\/10\/12-10-12-1-768x512.jpg 768w, https:\/\/eglisecatholiqueniger.org\/wp-content\/uploads\/2024\/10\/12-10-12-1-1536x1025.jpg 1536w, https:\/\/eglisecatholiqueniger.org\/wp-content\/uploads\/2024\/10\/12-10-12-1-2048x1367.jpg 2048w, https:\/\/eglisecatholiqueniger.org\/wp-content\/uploads\/2024\/10\/12-10-12-1-274x183.jpg 274w, https:\/\/eglisecatholiqueniger.org\/wp-content\/uploads\/2024\/10\/12-10-12-1-364x245.jpg 364w, https:\/\/eglisecatholiqueniger.org\/wp-content\/uploads\/2024\/10\/12-10-12-1-80x54.jpg 80w, https:\/\/eglisecatholiqueniger.org\/wp-content\/uploads\/2024\/10\/12-10-12-1-130x87.jpg 130w, https:\/\/eglisecatholiqueniger.org\/wp-content\/uploads\/2024\/10\/12-10-12-1-359x240.jpg 359w, https:\/\/eglisecatholiqueniger.org\/wp-content\/uploads\/2024\/10\/12-10-12-1-85x57.jpg 85w, https:\/\/eglisecatholiqueniger.org\/wp-content\/uploads\/2024\/10\/12-10-12-1-546x365.jpg 546w, https:\/\/eglisecatholiqueniger.org\/wp-content\/uploads\/2024\/10\/12-10-12-1-266x179.jpg 266w, https:\/\/eglisecatholiqueniger.org\/wp-content\/uploads\/2024\/10\/12-10-12-1-165x109.jpg 165w, https:\/\/eglisecatholiqueniger.org\/wp-content\/uploads\/2024\/10\/12-10-12-1-347x233.jpg 347w, https:\/\/eglisecatholiqueniger.org\/wp-content\/uploads\/2024\/10\/12-10-12-1-112x75.jpg 112w, https:\/\/eglisecatholiqueniger.org\/wp-content\/uploads\/2024\/10\/12-10-12-1-179x120.jpg 179w, https:\/\/eglisecatholiqueniger.org\/wp-content\/uploads\/2024\/10\/12-10-12-1-170x113.jpg 170w, https:\/\/eglisecatholiqueniger.org\/wp-content\/uploads\/2024\/10\/12-10-12-1-81x55.jpg 81w, https:\/\/eglisecatholiqueniger.org\/wp-content\/uploads\/2024\/10\/12-10-12-1-765x510.jpg 765w\" sizes=\"auto, (max-width: 171px) 100vw, 171px\" \/> <img loading=\"lazy\" decoding=\"async\" class=\"alignnone  wp-image-1749\" src=\"http:\/\/eglisecatholiqueniger.org\/wp-content\/uploads\/2024\/10\/12-10-14-300x200.jpg\" alt=\"\" width=\"170\" height=\"113\" srcset=\"https:\/\/eglisecatholiqueniger.org\/wp-content\/uploads\/2024\/10\/12-10-14-300x200.jpg 300w, https:\/\/eglisecatholiqueniger.org\/wp-content\/uploads\/2024\/10\/12-10-14-1024x683.jpg 1024w, https:\/\/eglisecatholiqueniger.org\/wp-content\/uploads\/2024\/10\/12-10-14-768x512.jpg 768w, https:\/\/eglisecatholiqueniger.org\/wp-content\/uploads\/2024\/10\/12-10-14-1536x1025.jpg 1536w, https:\/\/eglisecatholiqueniger.org\/wp-content\/uploads\/2024\/10\/12-10-14-2048x1367.jpg 2048w, https:\/\/eglisecatholiqueniger.org\/wp-content\/uploads\/2024\/10\/12-10-14-274x183.jpg 274w, https:\/\/eglisecatholiqueniger.org\/wp-content\/uploads\/2024\/10\/12-10-14-364x245.jpg 364w, https:\/\/eglisecatholiqueniger.org\/wp-content\/uploads\/2024\/10\/12-10-14-80x54.jpg 80w, https:\/\/eglisecatholiqueniger.org\/wp-content\/uploads\/2024\/10\/12-10-14-130x87.jpg 130w, https:\/\/eglisecatholiqueniger.org\/wp-content\/uploads\/2024\/10\/12-10-14-359x240.jpg 359w, https:\/\/eglisecatholiqueniger.org\/wp-content\/uploads\/2024\/10\/12-10-14-85x57.jpg 85w, https:\/\/eglisecatholiqueniger.org\/wp-content\/uploads\/2024\/10\/12-10-14-546x365.jpg 546w, https:\/\/eglisecatholiqueniger.org\/wp-content\/uploads\/2024\/10\/12-10-14-266x179.jpg 266w, https:\/\/eglisecatholiqueniger.org\/wp-content\/uploads\/2024\/10\/12-10-14-165x109.jpg 165w, https:\/\/eglisecatholiqueniger.org\/wp-content\/uploads\/2024\/10\/12-10-14-347x233.jpg 347w, https:\/\/eglisecatholiqueniger.org\/wp-content\/uploads\/2024\/10\/12-10-14-112x75.jpg 112w, https:\/\/eglisecatholiqueniger.org\/wp-content\/uploads\/2024\/10\/12-10-14-179x120.jpg 179w, https:\/\/eglisecatholiqueniger.org\/wp-content\/uploads\/2024\/10\/12-10-14-170x113.jpg 170w, https:\/\/eglisecatholiqueniger.org\/wp-content\/uploads\/2024\/10\/12-10-14-81x55.jpg 81w, https:\/\/eglisecatholiqueniger.org\/wp-content\/uploads\/2024\/10\/12-10-14-765x510.jpg 765w\" sizes=\"auto, (max-width: 170px) 100vw, 170px\" \/> <img loading=\"lazy\" decoding=\"async\" class=\"alignnone  wp-image-1748\" src=\"http:\/\/eglisecatholiqueniger.org\/wp-content\/uploads\/2024\/10\/12-10-13-300x200.jpg\" alt=\"\" width=\"171\" height=\"114\" srcset=\"https:\/\/eglisecatholiqueniger.org\/wp-content\/uploads\/2024\/10\/12-10-13-300x200.jpg 300w, https:\/\/eglisecatholiqueniger.org\/wp-content\/uploads\/2024\/10\/12-10-13-1024x683.jpg 1024w, https:\/\/eglisecatholiqueniger.org\/wp-content\/uploads\/2024\/10\/12-10-13-768x512.jpg 768w, https:\/\/eglisecatholiqueniger.org\/wp-content\/uploads\/2024\/10\/12-10-13-1536x1025.jpg 1536w, https:\/\/eglisecatholiqueniger.org\/wp-content\/uploads\/2024\/10\/12-10-13-2048x1367.jpg 2048w, https:\/\/eglisecatholiqueniger.org\/wp-content\/uploads\/2024\/10\/12-10-13-274x183.jpg 274w, https:\/\/eglisecatholiqueniger.org\/wp-content\/uploads\/2024\/10\/12-10-13-364x245.jpg 364w, https:\/\/eglisecatholiqueniger.org\/wp-content\/uploads\/2024\/10\/12-10-13-80x54.jpg 80w, https:\/\/eglisecatholiqueniger.org\/wp-content\/uploads\/2024\/10\/12-10-13-130x87.jpg 130w, https:\/\/eglisecatholiqueniger.org\/wp-content\/uploads\/2024\/10\/12-10-13-359x240.jpg 359w, https:\/\/eglisecatholiqueniger.org\/wp-content\/uploads\/2024\/10\/12-10-13-85x57.jpg 85w, https:\/\/eglisecatholiqueniger.org\/wp-content\/uploads\/2024\/10\/12-10-13-546x365.jpg 546w, https:\/\/eglisecatholiqueniger.org\/wp-content\/uploads\/2024\/10\/12-10-13-266x179.jpg 266w, https:\/\/eglisecatholiqueniger.org\/wp-content\/uploads\/2024\/10\/12-10-13-165x109.jpg 165w, https:\/\/eglisecatholiqueniger.org\/wp-content\/uploads\/2024\/10\/12-10-13-347x233.jpg 347w, https:\/\/eglisecatholiqueniger.org\/wp-content\/uploads\/2024\/10\/12-10-13-112x75.jpg 112w, https:\/\/eglisecatholiqueniger.org\/wp-content\/uploads\/2024\/10\/12-10-13-179x120.jpg 179w, https:\/\/eglisecatholiqueniger.org\/wp-content\/uploads\/2024\/10\/12-10-13-170x113.jpg 170w, https:\/\/eglisecatholiqueniger.org\/wp-content\/uploads\/2024\/10\/12-10-13-81x55.jpg 81w, https:\/\/eglisecatholiqueniger.org\/wp-content\/uploads\/2024\/10\/12-10-13-765x510.jpg 765w\" sizes=\"auto, (max-width: 171px) 100vw, 171px\" \/><\/p>\n<p><img loading=\"lazy\" decoding=\"async\" class=\"alignnone  wp-image-1754\" src=\"http:\/\/eglisecatholiqueniger.org\/wp-content\/uploads\/2024\/10\/12-10-15-1-300x200.jpg\" alt=\"\" width=\"171\" height=\"114\" srcset=\"https:\/\/eglisecatholiqueniger.org\/wp-content\/uploads\/2024\/10\/12-10-15-1-300x200.jpg 300w, https:\/\/eglisecatholiqueniger.org\/wp-content\/uploads\/2024\/10\/12-10-15-1-1024x683.jpg 1024w, https:\/\/eglisecatholiqueniger.org\/wp-content\/uploads\/2024\/10\/12-10-15-1-768x512.jpg 768w, https:\/\/eglisecatholiqueniger.org\/wp-content\/uploads\/2024\/10\/12-10-15-1-1536x1025.jpg 1536w, https:\/\/eglisecatholiqueniger.org\/wp-content\/uploads\/2024\/10\/12-10-15-1-2048x1367.jpg 2048w, https:\/\/eglisecatholiqueniger.org\/wp-content\/uploads\/2024\/10\/12-10-15-1-274x183.jpg 274w, https:\/\/eglisecatholiqueniger.org\/wp-content\/uploads\/2024\/10\/12-10-15-1-364x245.jpg 364w, https:\/\/eglisecatholiqueniger.org\/wp-content\/uploads\/2024\/10\/12-10-15-1-80x54.jpg 80w, https:\/\/eglisecatholiqueniger.org\/wp-content\/uploads\/2024\/10\/12-10-15-1-130x87.jpg 130w, https:\/\/eglisecatholiqueniger.org\/wp-content\/uploads\/2024\/10\/12-10-15-1-359x240.jpg 359w, https:\/\/eglisecatholiqueniger.org\/wp-content\/uploads\/2024\/10\/12-10-15-1-85x57.jpg 85w, https:\/\/eglisecatholiqueniger.org\/wp-content\/uploads\/2024\/10\/12-10-15-1-546x365.jpg 546w, https:\/\/eglisecatholiqueniger.org\/wp-content\/uploads\/2024\/10\/12-10-15-1-266x179.jpg 266w, https:\/\/eglisecatholiqueniger.org\/wp-content\/uploads\/2024\/10\/12-10-15-1-165x109.jpg 165w, https:\/\/eglisecatholiqueniger.org\/wp-content\/uploads\/2024\/10\/12-10-15-1-347x233.jpg 347w, https:\/\/eglisecatholiqueniger.org\/wp-content\/uploads\/2024\/10\/12-10-15-1-112x75.jpg 112w, https:\/\/eglisecatholiqueniger.org\/wp-content\/uploads\/2024\/10\/12-10-15-1-179x120.jpg 179w, https:\/\/eglisecatholiqueniger.org\/wp-content\/uploads\/2024\/10\/12-10-15-1-170x113.jpg 170w, https:\/\/eglisecatholiqueniger.org\/wp-content\/uploads\/2024\/10\/12-10-15-1-81x55.jpg 81w, https:\/\/eglisecatholiqueniger.org\/wp-content\/uploads\/2024\/10\/12-10-15-1-765x510.jpg 765w\" sizes=\"auto, (max-width: 171px) 100vw, 171px\" \/> <img loading=\"lazy\" decoding=\"async\" class=\"alignnone  wp-image-1752\" src=\"http:\/\/eglisecatholiqueniger.org\/wp-content\/uploads\/2024\/10\/12-10-16-300x200.jpg\" alt=\"\" width=\"173\" height=\"115\" srcset=\"https:\/\/eglisecatholiqueniger.org\/wp-content\/uploads\/2024\/10\/12-10-16-300x200.jpg 300w, https:\/\/eglisecatholiqueniger.org\/wp-content\/uploads\/2024\/10\/12-10-16-1024x683.jpg 1024w, https:\/\/eglisecatholiqueniger.org\/wp-content\/uploads\/2024\/10\/12-10-16-768x512.jpg 768w, https:\/\/eglisecatholiqueniger.org\/wp-content\/uploads\/2024\/10\/12-10-16-1536x1025.jpg 1536w, https:\/\/eglisecatholiqueniger.org\/wp-content\/uploads\/2024\/10\/12-10-16-2048x1367.jpg 2048w, https:\/\/eglisecatholiqueniger.org\/wp-content\/uploads\/2024\/10\/12-10-16-274x183.jpg 274w, https:\/\/eglisecatholiqueniger.org\/wp-content\/uploads\/2024\/10\/12-10-16-364x245.jpg 364w, https:\/\/eglisecatholiqueniger.org\/wp-content\/uploads\/2024\/10\/12-10-16-80x54.jpg 80w, https:\/\/eglisecatholiqueniger.org\/wp-content\/uploads\/2024\/10\/12-10-16-130x87.jpg 130w, https:\/\/eglisecatholiqueniger.org\/wp-content\/uploads\/2024\/10\/12-10-16-359x240.jpg 359w, https:\/\/eglisecatholiqueniger.org\/wp-content\/uploads\/2024\/10\/12-10-16-85x57.jpg 85w, https:\/\/eglisecatholiqueniger.org\/wp-content\/uploads\/2024\/10\/12-10-16-546x365.jpg 546w, https:\/\/eglisecatholiqueniger.org\/wp-content\/uploads\/2024\/10\/12-10-16-266x179.jpg 266w, https:\/\/eglisecatholiqueniger.org\/wp-content\/uploads\/2024\/10\/12-10-16-165x109.jpg 165w, https:\/\/eglisecatholiqueniger.org\/wp-content\/uploads\/2024\/10\/12-10-16-347x233.jpg 347w, https:\/\/eglisecatholiqueniger.org\/wp-content\/uploads\/2024\/10\/12-10-16-112x75.jpg 112w, https:\/\/eglisecatholiqueniger.org\/wp-content\/uploads\/2024\/10\/12-10-16-179x120.jpg 179w, https:\/\/eglisecatholiqueniger.org\/wp-content\/uploads\/2024\/10\/12-10-16-170x113.jpg 170w, https:\/\/eglisecatholiqueniger.org\/wp-content\/uploads\/2024\/10\/12-10-16-81x55.jpg 81w, https:\/\/eglisecatholiqueniger.org\/wp-content\/uploads\/2024\/10\/12-10-16-765x510.jpg 765w\" sizes=\"auto, (max-width: 173px) 100vw, 173px\" \/> <img loading=\"lazy\" decoding=\"async\" class=\"alignnone  wp-image-1751\" src=\"http:\/\/eglisecatholiqueniger.org\/wp-content\/uploads\/2024\/10\/12-10-17-300x200.jpg\" alt=\"\" width=\"170\" height=\"113\" srcset=\"https:\/\/eglisecatholiqueniger.org\/wp-content\/uploads\/2024\/10\/12-10-17-300x200.jpg 300w, https:\/\/eglisecatholiqueniger.org\/wp-content\/uploads\/2024\/10\/12-10-17-1024x683.jpg 1024w, https:\/\/eglisecatholiqueniger.org\/wp-content\/uploads\/2024\/10\/12-10-17-768x512.jpg 768w, https:\/\/eglisecatholiqueniger.org\/wp-content\/uploads\/2024\/10\/12-10-17-1536x1025.jpg 1536w, https:\/\/eglisecatholiqueniger.org\/wp-content\/uploads\/2024\/10\/12-10-17-2048x1367.jpg 2048w, https:\/\/eglisecatholiqueniger.org\/wp-content\/uploads\/2024\/10\/12-10-17-274x183.jpg 274w, https:\/\/eglisecatholiqueniger.org\/wp-content\/uploads\/2024\/10\/12-10-17-364x245.jpg 364w, https:\/\/eglisecatholiqueniger.org\/wp-content\/uploads\/2024\/10\/12-10-17-80x54.jpg 80w, https:\/\/eglisecatholiqueniger.org\/wp-content\/uploads\/2024\/10\/12-10-17-130x87.jpg 130w, https:\/\/eglisecatholiqueniger.org\/wp-content\/uploads\/2024\/10\/12-10-17-359x240.jpg 359w, https:\/\/eglisecatholiqueniger.org\/wp-content\/uploads\/2024\/10\/12-10-17-85x57.jpg 85w, https:\/\/eglisecatholiqueniger.org\/wp-content\/uploads\/2024\/10\/12-10-17-546x365.jpg 546w, https:\/\/eglisecatholiqueniger.org\/wp-content\/uploads\/2024\/10\/12-10-17-266x179.jpg 266w, https:\/\/eglisecatholiqueniger.org\/wp-content\/uploads\/2024\/10\/12-10-17-165x109.jpg 165w, https:\/\/eglisecatholiqueniger.org\/wp-content\/uploads\/2024\/10\/12-10-17-347x233.jpg 347w, https:\/\/eglisecatholiqueniger.org\/wp-content\/uploads\/2024\/10\/12-10-17-112x75.jpg 112w, https:\/\/eglisecatholiqueniger.org\/wp-content\/uploads\/2024\/10\/12-10-17-179x120.jpg 179w, https:\/\/eglisecatholiqueniger.org\/wp-content\/uploads\/2024\/10\/12-10-17-170x113.jpg 170w, https:\/\/eglisecatholiqueniger.org\/wp-content\/uploads\/2024\/10\/12-10-17-81x55.jpg 81w, https:\/\/eglisecatholiqueniger.org\/wp-content\/uploads\/2024\/10\/12-10-17-765x510.jpg 765w\" sizes=\"auto, (max-width: 170px) 100vw, 170px\" \/><\/p>\n<p>&nbsp;<\/p>\n","protected":false},"excerpt":{"rendered":"<p>Une bible et une natte. Voici les deux signes que le P\u00e8re \u00e9v\u00eaque Laurent a confi\u00e9 comme \u2018h\u00e9ritage\u2019 aux participants de l\u2019A.D.\u00a0! Chaque secteur a re\u00e7u ces deux signes comme &#8230;<\/p>\n","protected":false},"author":3,"featured_media":0,"comment_status":"open","ping_status":"open","sticky":false,"template":"","format":"standard","meta":{"footnotes":""},"categories":[1],"tags":[],"class_list":["post-1734","post","type-post","status-publish","format-standard","category-non-classe"],"_links":{"self":[{"href":"https:\/\/eglisecatholiqueniger.org\/index.php\/wp-json\/wp\/v2\/posts\/1734","targetHints":{"allow":["GET"]}}],"collection":[{"href":"https:\/\/eglisecatholiqueniger.org\/index.php\/wp-json\/wp\/v2\/posts"}],"about":[{"href":"https:\/\/eglisecatholiqueniger.org\/index.php\/wp-json\/wp\/v2\/types\/post"}],"author":[{"embeddable":true,"href":"https:\/\/eglisecatholiqueniger.org\/index.php\/wp-json\/wp\/v2\/users\/3"}],"replies":[{"embeddable":true,"href":"https:\/\/eglisecatholiqueniger.org\/index.php\/wp-json\/wp\/v2\/comments?post=1734"}],"version-history":[{"count":2,"href":"https:\/\/eglisecatholiqueniger.org\/index.php\/wp-json\/wp\/v2\/posts\/1734\/revisions"}],"predecessor-version":[{"id":1756,"href":"https:\/\/eglisecatholiqueniger.org\/index.php\/wp-json\/wp\/v2\/posts\/1734\/revisions\/1756"}],"wp:attachment":[{"href":"https:\/\/eglisecatholiqueniger.org\/index.php\/wp-json\/wp\/v2\/media?parent=1734"}],"wp:term":[{"taxonomy":"category","embeddable":true,"href":"https:\/\/eglisecatholiqueniger.org\/index.php\/wp-json\/wp\/v2\/categories?post=1734"},{"taxonomy":"post_tag","embeddable":true,"href":"https:\/\/eglisecatholiqueniger.org\/index.php\/wp-json\/wp\/v2\/tags?post=1734"}],"curies":[{"name":"wp","href":"https:\/\/api.w.org\/{rel}","templated":true}]}}