{"id":1773,"date":"2024-11-28T17:08:10","date_gmt":"2024-11-28T16:08:10","guid":{"rendered":"https:\/\/eglisecatholiqueniger.org\/?p=1773"},"modified":"2024-11-28T17:08:10","modified_gmt":"2024-11-28T16:08:10","slug":"jubile-detain-de-la-paroisse-st-augustin-de-bobiel","status":"publish","type":"post","link":"https:\/\/eglisecatholiqueniger.org\/index.php\/2024\/11\/28\/jubile-detain-de-la-paroisse-st-augustin-de-bobiel\/","title":{"rendered":"Jubil\u00e9 d\u2019\u00e9tain de la paroisse St Augustin de Bobiel"},"content":{"rendered":"<p>Q\u00a0u\u2019il est beau, qu\u2019il est bon pour des fr\u00e8res de se r\u00e9unir pour \u00e9lever la voix en action de gr\u00e2ce pour les bienfaits du Seigneur.<\/p>\n<p>ET plus sp\u00e9cialement en ce jour, trente troisi\u00e8me dimanche du temps ordinaire, que Dieu dans sa bont\u00e9 infinie nous donne pour lui rende gr\u00e2ce pour dix ans de bienfaits, de merveilles et de gr\u00e2ces.<\/p>\n<p><img loading=\"lazy\" decoding=\"async\" class=\"alignnone  wp-image-1774\" src=\"http:\/\/eglisecatholiqueniger.org\/wp-content\/uploads\/2024\/11\/bobiel01-300x157.jpg\" alt=\"\" width=\"176\" height=\"92\" srcset=\"https:\/\/eglisecatholiqueniger.org\/wp-content\/uploads\/2024\/11\/bobiel01-300x157.jpg 300w, https:\/\/eglisecatholiqueniger.org\/wp-content\/uploads\/2024\/11\/bobiel01-1024x537.jpg 1024w, https:\/\/eglisecatholiqueniger.org\/wp-content\/uploads\/2024\/11\/bobiel01-768x403.jpg 768w, https:\/\/eglisecatholiqueniger.org\/wp-content\/uploads\/2024\/11\/bobiel01-1536x806.jpg 1536w, https:\/\/eglisecatholiqueniger.org\/wp-content\/uploads\/2024\/11\/bobiel01-2048x1074.jpg 2048w\" sizes=\"auto, (max-width: 176px) 100vw, 176px\" \/> \u00a0 <img loading=\"lazy\" decoding=\"async\" class=\"alignnone  wp-image-1775\" src=\"http:\/\/eglisecatholiqueniger.org\/wp-content\/uploads\/2024\/11\/Bobiel-06-300x168.jpg\" alt=\"\" width=\"176\" height=\"99\" srcset=\"https:\/\/eglisecatholiqueniger.org\/wp-content\/uploads\/2024\/11\/Bobiel-06-300x168.jpg 300w, https:\/\/eglisecatholiqueniger.org\/wp-content\/uploads\/2024\/11\/Bobiel-06.jpg 667w\" sizes=\"auto, (max-width: 176px) 100vw, 176px\" \/>\u00a0 <img loading=\"lazy\" decoding=\"async\" class=\"alignnone  wp-image-1777\" src=\"http:\/\/eglisecatholiqueniger.org\/wp-content\/uploads\/2024\/11\/Bobiel-015-300x168.jpg\" alt=\"\" width=\"178\" height=\"100\" srcset=\"https:\/\/eglisecatholiqueniger.org\/wp-content\/uploads\/2024\/11\/Bobiel-015-300x168.jpg 300w, https:\/\/eglisecatholiqueniger.org\/wp-content\/uploads\/2024\/11\/Bobiel-015.jpg 667w\" sizes=\"auto, (max-width: 178px) 100vw, 178px\" \/><\/p>\n<p>Lan 2000-2001 a \u00e9t\u00e9 rendu officiel l\u2019acquisition d\u2019un grand terrain de la zone nord de la paroisse St Jean de Yantala par l\u2019archev\u00each\u00e9.<\/p>\n<p>La gestion du terrain a \u00e9t\u00e9 mise sous la responsabilit\u00e9 du Conseil Paroissial de la Paroisse St Jean et sous la conduite du P\u00e8re Guy OLIVAUD (paix \u00e0 son \u00e2me).<\/p>\n<p>En novembre 2001 naissait alors la communaut\u00e9 qui se r\u00e9unissait\u00a0 tous les mercredis afin de prier ensemble. A la suite d\u2019un choix de nom, propos\u00e9 par le p\u00e8re Guy OLIVAUD et soumit\u00a0 au CPP de St Jean \u00e0 savoir Antoine du nom, du nom port\u00e9\u00a0 par le premier chr\u00e9tien\u00a0 Nig\u00e9rien et saint augustin port\u00e9 par un saint africain , les conseillers dans leur grande\u00a0 majorit\u00e9 ont opt\u00e9 pour saint Augustin.<\/p>\n<p>En 2003, un financement\u00a0 acquis par le p\u00e8re Guy AULIVAUD a permis de construire le centre de sant\u00e9 et la chapelle, un b\u00e2timent de deux\u00a0 pi\u00e8ces\u00a0 principales. A la fin des travaux, la communaut\u00e9 tenait ses rencontres de pri\u00e8res\u00a0 des Mercredis \u00e0 la chapelle autour du p\u00e8re Guy qui les entretenait sur divers th\u00e9matiques \u00e0 savoir\u00a0: l\u2019histoire de l\u2019Eglise, la Mission de l\u2019Eglise au Niger, l\u2019Islam et les relations avec les musulmans.<\/p>\n<p>En 2004,le d\u00e9part d\u00e9finitif du p\u00e8re Guy a \u00e9t\u00e9 c\u00e9l\u00e9br\u00e9 par la communaut\u00e9 autour d\u2019un repas partag\u00e9, repas au cours duquel, la communaut\u00e9 lui a exprim\u00e9 sa reconnaissance avec un cadeau\u00a0: une peau d\u2019animal trait\u00e9e sur laquelle est \u00e9crit\u00a0: &lt;&lt;P\u00e8re Guy OLIVAUD , b\u00e2tisseur infatigable \u00e0 la suite du christ&gt;&gt;.<\/p>\n<p>Le P\u00e8re Fran\u00e7ois MOULIN lui a succ\u00e9d\u00e9. A son d\u00e9part pour Bomoanga, il a \u00e9t\u00e9 remplac\u00e9 par le P\u00e8re Yvon CRUSSON. C\u2019est \u00e0 son arriv\u00e9 que les pri\u00e8res des mercredis ont \u00e9t\u00e9 remplac\u00e9es par les c\u00e9l\u00e9brations Eucharistiques.\u00a0 Pendant ses absences, il \u00e9tait remplac\u00e9 par le P\u00e8re DEVA son Vicaire.\u00a0\u00a0\u00a0\u00a0\u00a0\u00a0\u00a0\u00a0\u00a0 Au terme de son s\u00e9jour \u00e0 St Jean en 2008, le P\u00e8re Yvon est remplac\u00e9 par le P\u00e8re Claude NACHON qui a assur\u00e9 la continuit\u00e9 de la messe.<\/p>\n<p>En 2010 a \u00e9t\u00e9 nomm\u00e9 le premier administrateur de la communaut\u00e9 St Augustin en la personne de Cl\u00e9ment FORESTIER. Sa premi\u00e8re\u00a0 rencontre avec la communaut\u00e9\u00a0 a eu lieu le 25 septembre 2010 C\u2019est lui qui a r\u00e9am\u00e9nag\u00e9 \u00a0l\u2019int\u00e9rieur de la chapelle\u00a0 sa devanture. Depuis ce temps, il a instaur\u00e9 la Messe pour tous les dimanches \u00e0 9 h et celles de tous les mercredis \u00e0 19 h. Organis\u00e9 la communaut\u00e9 pour la liturgie et le premier chemin de croix \u00e0 St Augustin. Il a fait les premiers bapt\u00eames dans la communaut\u00e9 avec trois enfants le jour de P\u00e2ques de la m\u00eame ann\u00e9e. Apr\u00e8s il a \u00e9t\u00e9 appel\u00e9 \u00e0 d\u2019autres fonction au Burkina Faso.<\/p>\n<p>Le deuxi\u00e8me Administrateur nomm\u00e9 pour la communaut\u00e9 de Saint Augustin es le p\u00e8re Cosme AHONON, qui a s\u00e9journ\u00e9 pendant 3ans.<\/p>\n<p>Le troisi\u00e8me administrateur nomm\u00e9 est le p\u00e8re Claude NACHON. C\u2019est sous sa responsabilit\u00e9 que cette \u00e9glise a \u00e9t\u00e9 r\u00e9alis\u00e9e. Il est rest\u00e9 administrateur\u00a0 jusqu\u2019en la f\u00eate de Saint Augustin, le 28 Ao\u00fbt 2014 o\u00f9 le d\u00e9cret sign\u00e9 par l\u2019Archev\u00eaque Michel CATATEGUY le nomma\u00a0 1<sup>er<\/sup> Cur\u00e9 de la paroisse\u00a0 de St Augustin. Il y est rest\u00e9 jusqu\u2019en fin Novembre de la m\u00eame ann\u00e9e.<\/p>\n<p>Le\u00a0 2eme Cur\u00e9 de la paroisse\u00a0 est le p\u00e8re Sergio F. GOHOUN il prit la succession du P\u00e8re\u00a0 Claude NACHON de fin Novembre 2014 jusqu\u2019au 15 septembre 2017o\u00f9 il fut remplac\u00e9 par le P\u00e8re Flavien AKPO, qui devient ainsi le 3eme Cur\u00e9 de la paroisse.<\/p>\n<p><img loading=\"lazy\" decoding=\"async\" class=\"alignnone  wp-image-1779\" src=\"http:\/\/eglisecatholiqueniger.org\/wp-content\/uploads\/2024\/11\/bobiel-013-300x168.jpg\" alt=\"\" width=\"175\" height=\"98\" srcset=\"https:\/\/eglisecatholiqueniger.org\/wp-content\/uploads\/2024\/11\/bobiel-013-300x168.jpg 300w, https:\/\/eglisecatholiqueniger.org\/wp-content\/uploads\/2024\/11\/bobiel-013.jpg 667w\" sizes=\"auto, (max-width: 175px) 100vw, 175px\" \/> <img loading=\"lazy\" decoding=\"async\" class=\"alignnone  wp-image-1780\" src=\"http:\/\/eglisecatholiqueniger.org\/wp-content\/uploads\/2024\/11\/Bobiel-017-300x168.jpg\" alt=\"\" width=\"175\" height=\"98\" srcset=\"https:\/\/eglisecatholiqueniger.org\/wp-content\/uploads\/2024\/11\/Bobiel-017-300x168.jpg 300w, https:\/\/eglisecatholiqueniger.org\/wp-content\/uploads\/2024\/11\/Bobiel-017.jpg 667w\" sizes=\"auto, (max-width: 175px) 100vw, 175px\" \/>\u00a0\u00a0<img loading=\"lazy\" decoding=\"async\" class=\"alignnone  wp-image-1782\" src=\"http:\/\/eglisecatholiqueniger.org\/wp-content\/uploads\/2024\/11\/Bobiel08-300x168.jpg\" alt=\"\" width=\"179\" height=\"100\" srcset=\"https:\/\/eglisecatholiqueniger.org\/wp-content\/uploads\/2024\/11\/Bobiel08-300x168.jpg 300w, https:\/\/eglisecatholiqueniger.org\/wp-content\/uploads\/2024\/11\/Bobiel08.jpg 667w\" sizes=\"auto, (max-width: 179px) 100vw, 179px\" \/><\/p>\n<p><img loading=\"lazy\" decoding=\"async\" class=\"alignnone  wp-image-1785\" src=\"http:\/\/eglisecatholiqueniger.org\/wp-content\/uploads\/2024\/11\/Bobiel-011-300x168.jpg\" alt=\"\" width=\"178\" height=\"100\" srcset=\"https:\/\/eglisecatholiqueniger.org\/wp-content\/uploads\/2024\/11\/Bobiel-011-300x168.jpg 300w, https:\/\/eglisecatholiqueniger.org\/wp-content\/uploads\/2024\/11\/Bobiel-011.jpg 667w\" sizes=\"auto, (max-width: 178px) 100vw, 178px\" \/> <img loading=\"lazy\" decoding=\"async\" class=\"alignnone  wp-image-1786\" src=\"http:\/\/eglisecatholiqueniger.org\/wp-content\/uploads\/2024\/11\/Bobiel-010-300x168.jpg\" alt=\"\" width=\"174\" height=\"98\" srcset=\"https:\/\/eglisecatholiqueniger.org\/wp-content\/uploads\/2024\/11\/Bobiel-010-300x168.jpg 300w, https:\/\/eglisecatholiqueniger.org\/wp-content\/uploads\/2024\/11\/Bobiel-010.jpg 667w\" sizes=\"auto, (max-width: 174px) 100vw, 174px\" \/> <img loading=\"lazy\" decoding=\"async\" class=\"alignnone  wp-image-1784\" src=\"http:\/\/eglisecatholiqueniger.org\/wp-content\/uploads\/2024\/11\/Bobiel014-300x168.jpg\" alt=\"\" width=\"177\" height=\"99\" srcset=\"https:\/\/eglisecatholiqueniger.org\/wp-content\/uploads\/2024\/11\/Bobiel014-300x168.jpg 300w, https:\/\/eglisecatholiqueniger.org\/wp-content\/uploads\/2024\/11\/Bobiel014.jpg 667w\" sizes=\"auto, (max-width: 177px) 100vw, 177px\" \/><\/p>\n<p><img loading=\"lazy\" decoding=\"async\" class=\"alignnone  wp-image-1778\" src=\"http:\/\/eglisecatholiqueniger.org\/wp-content\/uploads\/2024\/11\/Bobiel-019-300x168.jpg\" alt=\"\" width=\"175\" height=\"98\" srcset=\"https:\/\/eglisecatholiqueniger.org\/wp-content\/uploads\/2024\/11\/Bobiel-019-300x168.jpg 300w, https:\/\/eglisecatholiqueniger.org\/wp-content\/uploads\/2024\/11\/Bobiel-019.jpg 667w\" sizes=\"auto, (max-width: 175px) 100vw, 175px\" \/><img loading=\"lazy\" decoding=\"async\" class=\"alignnone  wp-image-1787\" src=\"http:\/\/eglisecatholiqueniger.org\/wp-content\/uploads\/2024\/11\/BObiel-012-300x168.jpg\" alt=\"\" width=\"171\" height=\"96\" srcset=\"https:\/\/eglisecatholiqueniger.org\/wp-content\/uploads\/2024\/11\/BObiel-012-300x168.jpg 300w, https:\/\/eglisecatholiqueniger.org\/wp-content\/uploads\/2024\/11\/BObiel-012.jpg 667w\" sizes=\"auto, (max-width: 171px) 100vw, 171px\" \/><img loading=\"lazy\" decoding=\"async\" class=\"alignnone  wp-image-1774\" src=\"http:\/\/eglisecatholiqueniger.org\/wp-content\/uploads\/2024\/11\/bobiel01-300x157.jpg\" alt=\"\" width=\"182\" height=\"95\" srcset=\"https:\/\/eglisecatholiqueniger.org\/wp-content\/uploads\/2024\/11\/bobiel01-300x157.jpg 300w, https:\/\/eglisecatholiqueniger.org\/wp-content\/uploads\/2024\/11\/bobiel01-1024x537.jpg 1024w, https:\/\/eglisecatholiqueniger.org\/wp-content\/uploads\/2024\/11\/bobiel01-768x403.jpg 768w, https:\/\/eglisecatholiqueniger.org\/wp-content\/uploads\/2024\/11\/bobiel01-1536x806.jpg 1536w, https:\/\/eglisecatholiqueniger.org\/wp-content\/uploads\/2024\/11\/bobiel01-2048x1074.jpg 2048w\" sizes=\"auto, (max-width: 182px) 100vw, 182px\" \/><\/p>\n","protected":false},"excerpt":{"rendered":"<p>Q\u00a0u\u2019il est beau, qu\u2019il est bon pour des fr\u00e8res de se r\u00e9unir pour \u00e9lever la voix en action de gr\u00e2ce pour les bienfaits du Seigneur. ET plus sp\u00e9cialement en ce &#8230;<\/p>\n","protected":false},"author":3,"featured_media":0,"comment_status":"open","ping_status":"open","sticky":false,"template":"","format":"standard","meta":{"footnotes":""},"categories":[1],"tags":[],"class_list":["post-1773","post","type-post","status-publish","format-standard","category-non-classe"],"_links":{"self":[{"href":"https:\/\/eglisecatholiqueniger.org\/index.php\/wp-json\/wp\/v2\/posts\/1773","targetHints":{"allow":["GET"]}}],"collection":[{"href":"https:\/\/eglisecatholiqueniger.org\/index.php\/wp-json\/wp\/v2\/posts"}],"about":[{"href":"https:\/\/eglisecatholiqueniger.org\/index.php\/wp-json\/wp\/v2\/types\/post"}],"author":[{"embeddable":true,"href":"https:\/\/eglisecatholiqueniger.org\/index.php\/wp-json\/wp\/v2\/users\/3"}],"replies":[{"embeddable":true,"href":"https:\/\/eglisecatholiqueniger.org\/index.php\/wp-json\/wp\/v2\/comments?post=1773"}],"version-history":[{"count":5,"href":"https:\/\/eglisecatholiqueniger.org\/index.php\/wp-json\/wp\/v2\/posts\/1773\/revisions"}],"predecessor-version":[{"id":1791,"href":"https:\/\/eglisecatholiqueniger.org\/index.php\/wp-json\/wp\/v2\/posts\/1773\/revisions\/1791"}],"wp:attachment":[{"href":"https:\/\/eglisecatholiqueniger.org\/index.php\/wp-json\/wp\/v2\/media?parent=1773"}],"wp:term":[{"taxonomy":"category","embeddable":true,"href":"https:\/\/eglisecatholiqueniger.org\/index.php\/wp-json\/wp\/v2\/categories?post=1773"},{"taxonomy":"post_tag","embeddable":true,"href":"https:\/\/eglisecatholiqueniger.org\/index.php\/wp-json\/wp\/v2\/tags?post=1773"}],"curies":[{"name":"wp","href":"https:\/\/api.w.org\/{rel}","templated":true}]}}