{"id":1801,"date":"2024-12-25T12:40:24","date_gmt":"2024-12-25T11:40:24","guid":{"rendered":"https:\/\/eglisecatholiqueniger.org\/?p=1801"},"modified":"2024-12-25T12:40:24","modified_gmt":"2024-12-25T11:40:24","slug":"messe-anniversaire-de-mgr-guy-romano-decede-le-23-novembre-2023-a-lage-de-85-ans","status":"publish","type":"post","link":"https:\/\/eglisecatholiqueniger.org\/index.php\/2024\/12\/25\/messe-anniversaire-de-mgr-guy-romano-decede-le-23-novembre-2023-a-lage-de-85-ans\/","title":{"rendered":"Messe anniversaire de Mgr Guy ROMANO d\u00e9c\u00e9d\u00e9 le 23 novembre 2023 \u00e0 l\u2019\u00e2ge de 85 ans"},"content":{"rendered":"<p><img loading=\"lazy\" decoding=\"async\" class=\"alignnone size-medium wp-image-1808\" src=\"http:\/\/eglisecatholiqueniger.org\/wp-content\/uploads\/2024\/12\/Stele-026-300x168.jpg\" alt=\"\" width=\"300\" height=\"168\" srcset=\"https:\/\/eglisecatholiqueniger.org\/wp-content\/uploads\/2024\/12\/Stele-026-300x168.jpg 300w, https:\/\/eglisecatholiqueniger.org\/wp-content\/uploads\/2024\/12\/Stele-026.jpg 667w\" sizes=\"auto, (max-width: 300px) 100vw, 300px\" \/> <img loading=\"lazy\" decoding=\"async\" class=\"alignnone size-medium wp-image-1806\" src=\"http:\/\/eglisecatholiqueniger.org\/wp-content\/uploads\/2024\/12\/Stele-031-300x168.jpg\" alt=\"\" width=\"300\" height=\"168\" srcset=\"https:\/\/eglisecatholiqueniger.org\/wp-content\/uploads\/2024\/12\/Stele-031-300x168.jpg 300w, https:\/\/eglisecatholiqueniger.org\/wp-content\/uploads\/2024\/12\/Stele-031.jpg 667w\" sizes=\"auto, (max-width: 300px) 100vw, 300px\" \/><\/p>\n<p>Mgr\u00a0 GUY ROMANO a si\u00e9g\u00e9 sur sa cath\u00e8dre pendant 19 ans entant qu\u2019\u00e9v\u00eaque du dioc\u00e8se du Niger\u00a0 (Niamey et Maradi)<\/p>\n<p>EN effet, Mgr Guy ROMANO est arriv\u00e9 au Niger par le d\u00e9sert en 1969 avec les Michel Antoine et Jacques Pardon conduits par le Mr Andr\u00e9 LAMBO chauffeur d\u2019alors de Mgr Hyppolite BERLIER<\/p>\n<p>Il fut un pasteur qui \u00e9coute ceux et celles qui viennent vers lui. Pour tous ceux et celles qui l\u2019ont connu, il \u00e9tait un pasteur infatigable et totalement d\u00e9vou\u00e9 \u00e0 la mission \u00e0 l\u2019exemple du Christ.<\/p>\n<p>Mgr Guy ROMANO a \u0153uvr\u00e9 avec beaucoup de z\u00e8le pendant 35 ans pour l\u2019\u00e9vang\u00e9lisation au Niger et le dialogue interreligieux.<\/p>\n<p>La vie de Mgr Guy ROMANO rejoint la sagesse africaine selon Seydou BADIAN\u00a0 dans son livre\u00a0\u00a0\u00a0\u00a0\u00a0\u00a0\u00a0\u00a0\u00a0\u00a0\u00a0\u00a0\u00a0 <strong>\u00ab\u00a0<\/strong><strong>La valeur d\u2019homme ne se trouve pas dans nombre d\u2019\u00e9toffes qu\u2019il porte, Mais dans sa capacit\u00e9 d\u2019aimer les gens sans distinction aucune, d\u2019\u00eatre g\u00e9n\u00e9reux, d\u2019\u00eatre humble et sachant dialoguer avec les autres.\u00bb<\/strong><\/p>\n<p><img loading=\"lazy\" decoding=\"async\" class=\"alignnone size-medium wp-image-1810\" src=\"http:\/\/eglisecatholiqueniger.org\/wp-content\/uploads\/2024\/12\/Stele-0003-300x168.jpg\" alt=\"\" width=\"300\" height=\"168\" srcset=\"https:\/\/eglisecatholiqueniger.org\/wp-content\/uploads\/2024\/12\/Stele-0003-300x168.jpg 300w, https:\/\/eglisecatholiqueniger.org\/wp-content\/uploads\/2024\/12\/Stele-0003.jpg 667w\" sizes=\"auto, (max-width: 300px) 100vw, 300px\" \/> <img loading=\"lazy\" decoding=\"async\" class=\"alignnone size-medium wp-image-1813\" src=\"http:\/\/eglisecatholiqueniger.org\/wp-content\/uploads\/2024\/12\/Stele-00001-1-300x168.jpg\" alt=\"\" width=\"300\" height=\"168\" srcset=\"https:\/\/eglisecatholiqueniger.org\/wp-content\/uploads\/2024\/12\/Stele-00001-1-300x168.jpg 300w, https:\/\/eglisecatholiqueniger.org\/wp-content\/uploads\/2024\/12\/Stele-00001-1.jpg 667w\" sizes=\"auto, (max-width: 300px) 100vw, 300px\" \/><\/p>\n<p>Mgr Guy ROMANO a aim\u00e9 Dieu les hommes et les femmes et surtout les pauvres qu\u2019il visitait. Il a pratiqu\u00e9 le grand commandement de Dieu sans\u00a0 hypocrisie car toute sa vie a \u00e9t\u00e9 p\u00e9trie d\u2019amour.<\/p>\n<p>Mgr Guy ROMANO \u00e9tait un pasteur qui allait \u00e0 la rencontre des brebis et non un pur administrateur de bureau. Il \u00e9tait au milieu du peuple pour sentir son odeur comme nous l\u2019indique le Pape Fran\u00e7ois.<\/p>\n<p>&nbsp;<\/p>\n<p>Mgr Guy ROMANO \u00e9tait un amoureux de la nature et surtout des arbres. Durant son \u00e9piscopat, il en a plant\u00e9 des arbres \u00e0 tel enseigne que quand les gens venaient dans l(enceinte de la Cath\u00e9drale. Ils s\u2019exclamaient en disant <strong>\u00absommes-nous au sahel\u00a0!\u00bb<\/strong><\/p>\n<p>C\u2019est \u00a0pourquoi \u00a0nous avons voulu mettre un symbole parlant sur la st\u00e8le construite pour faire m\u00e9moire de sa pr\u00e9sence\u00a0 parmi nous au Niger, un arbre\u00a0 aux feuilles vertes, traduisant que\u00a0: \u00ab<strong>celui qui a plant\u00e9 un arbre n\u2019a pas v\u00e9cu inutilement.\u00bb<\/strong><\/p>\n<p><img loading=\"lazy\" decoding=\"async\" class=\"alignnone  wp-image-1819\" src=\"http:\/\/eglisecatholiqueniger.org\/wp-content\/uploads\/2024\/12\/Stele16-300x168.jpg\" alt=\"\" width=\"252\" height=\"141\" srcset=\"https:\/\/eglisecatholiqueniger.org\/wp-content\/uploads\/2024\/12\/Stele16-300x168.jpg 300w, https:\/\/eglisecatholiqueniger.org\/wp-content\/uploads\/2024\/12\/Stele16.jpg 667w\" sizes=\"auto, (max-width: 252px) 100vw, 252px\" \/>\u00a0\u00a0<img loading=\"lazy\" decoding=\"async\" class=\"alignnone  wp-image-1815\" src=\"http:\/\/eglisecatholiqueniger.org\/wp-content\/uploads\/2024\/12\/Stele-028-300x168.jpg\" alt=\"\" width=\"251\" height=\"141\" srcset=\"https:\/\/eglisecatholiqueniger.org\/wp-content\/uploads\/2024\/12\/Stele-028-300x168.jpg 300w, https:\/\/eglisecatholiqueniger.org\/wp-content\/uploads\/2024\/12\/Stele-028.jpg 667w\" sizes=\"auto, (max-width: 251px) 100vw, 251px\" \/><\/p>\n<p><img loading=\"lazy\" decoding=\"async\" class=\"alignnone  wp-image-1816\" src=\"http:\/\/eglisecatholiqueniger.org\/wp-content\/uploads\/2024\/12\/Stele022-300x168.jpg\" alt=\"\" width=\"251\" height=\"141\" srcset=\"https:\/\/eglisecatholiqueniger.org\/wp-content\/uploads\/2024\/12\/Stele022-300x168.jpg 300w, https:\/\/eglisecatholiqueniger.org\/wp-content\/uploads\/2024\/12\/Stele022.jpg 667w\" sizes=\"auto, (max-width: 251px) 100vw, 251px\" \/>\u00a0\u00a0<img loading=\"lazy\" decoding=\"async\" class=\"alignnone  wp-image-1814\" src=\"http:\/\/eglisecatholiqueniger.org\/wp-content\/uploads\/2024\/12\/Stele-0029-300x168.jpg\" alt=\"\" width=\"251\" height=\"141\" srcset=\"https:\/\/eglisecatholiqueniger.org\/wp-content\/uploads\/2024\/12\/Stele-0029-300x168.jpg 300w, https:\/\/eglisecatholiqueniger.org\/wp-content\/uploads\/2024\/12\/Stele-0029.jpg 667w\" sizes=\"auto, (max-width: 251px) 100vw, 251px\" \/><\/p>\n","protected":false},"excerpt":{"rendered":"<p>Mgr\u00a0 GUY ROMANO a si\u00e9g\u00e9 sur sa cath\u00e8dre pendant 19 ans entant qu\u2019\u00e9v\u00eaque du dioc\u00e8se du Niger\u00a0 (Niamey et Maradi) EN effet, Mgr Guy ROMANO est arriv\u00e9 au Niger par &#8230;<\/p>\n","protected":false},"author":3,"featured_media":0,"comment_status":"open","ping_status":"open","sticky":false,"template":"","format":"standard","meta":{"footnotes":""},"categories":[1],"tags":[],"class_list":["post-1801","post","type-post","status-publish","format-standard","category-non-classe"],"_links":{"self":[{"href":"https:\/\/eglisecatholiqueniger.org\/index.php\/wp-json\/wp\/v2\/posts\/1801","targetHints":{"allow":["GET"]}}],"collection":[{"href":"https:\/\/eglisecatholiqueniger.org\/index.php\/wp-json\/wp\/v2\/posts"}],"about":[{"href":"https:\/\/eglisecatholiqueniger.org\/index.php\/wp-json\/wp\/v2\/types\/post"}],"author":[{"embeddable":true,"href":"https:\/\/eglisecatholiqueniger.org\/index.php\/wp-json\/wp\/v2\/users\/3"}],"replies":[{"embeddable":true,"href":"https:\/\/eglisecatholiqueniger.org\/index.php\/wp-json\/wp\/v2\/comments?post=1801"}],"version-history":[{"count":12,"href":"https:\/\/eglisecatholiqueniger.org\/index.php\/wp-json\/wp\/v2\/posts\/1801\/revisions"}],"predecessor-version":[{"id":1823,"href":"https:\/\/eglisecatholiqueniger.org\/index.php\/wp-json\/wp\/v2\/posts\/1801\/revisions\/1823"}],"wp:attachment":[{"href":"https:\/\/eglisecatholiqueniger.org\/index.php\/wp-json\/wp\/v2\/media?parent=1801"}],"wp:term":[{"taxonomy":"category","embeddable":true,"href":"https:\/\/eglisecatholiqueniger.org\/index.php\/wp-json\/wp\/v2\/categories?post=1801"},{"taxonomy":"post_tag","embeddable":true,"href":"https:\/\/eglisecatholiqueniger.org\/index.php\/wp-json\/wp\/v2\/tags?post=1801"}],"curies":[{"name":"wp","href":"https:\/\/api.w.org\/{rel}","templated":true}]}}