{"id":1824,"date":"2024-12-25T12:44:15","date_gmt":"2024-12-25T11:44:15","guid":{"rendered":"https:\/\/eglisecatholiqueniger.org\/?p=1824"},"modified":"2024-12-25T12:44:15","modified_gmt":"2024-12-25T11:44:15","slug":"voeux-des-eveques-catholiques-du-niger-pour-noel-2024","status":"publish","type":"post","link":"https:\/\/eglisecatholiqueniger.org\/index.php\/2024\/12\/25\/voeux-des-eveques-catholiques-du-niger-pour-noel-2024\/","title":{"rendered":"V\u0152UX DES EV\u00caQUES CATHOLIQUES DU NIGER POUR NO\u00cbL 2024"},"content":{"rendered":"<p>&nbsp;<\/p>\n<p>Mgr Ambroise OUEDRAOGO, Ev\u00eaque de Maradi et moi-m\u00eame Archev\u00eaque de Niamey, venons vous rejoindre dans la joie l\u00e0 o\u00f9 vous \u00eates, vous tous chr\u00e9tiens ainsi que nos amis musulmans pour vous souhaiter un joyeux No\u00ebl.<\/p>\n<p>Cette ann\u00e9e, la f\u00eate de No\u00ebl est c\u00e9l\u00e9br\u00e9e dans un contexte toujours marqu\u00e9 par la guerre en Russie et en Ukraine\u00a0; en Isra\u00ebl et Gaza\u00a0; au Soudan, sans oublier le r\u00e9current probl\u00e8me du terrorisme qui ne cesse de faire des victimes et d\u2019endeuiller de nombreuses familles dans l\u2019espace AES.<\/p>\n<p>En ces temps difficiles, l\u2019Enfant J\u00e9sus vient nous apporter le salut de Dieu et l\u2019esp\u00e9rance pour les lendemains meilleurs.<\/p>\n<p>La c\u00e9l\u00e9bration de\u00a0No\u00ebl nous rappelle que Dieu est \u00e0 nos cot\u00e9s et veut toujours nous manifester son amour et nous lib\u00e9rer de tout ce qui nous accable.<\/p>\n<p>Le message de No\u00ebl <strong>r\u00e9siste \u00e0 l\u2019intol\u00e9rance religieuse<\/strong>, <strong>\u00e0 la violence, \u00e0 l\u2019oubli des pauvres, \u00e0 l\u2019injustice, \u00e0 la corruption et aux in\u00e9galit\u00e9s sociales.<\/strong><\/p>\n<p>A No\u00ebl, nous c\u00e9l\u00e9brons l\u2019amour de Dieu pour l\u2019homme\u00a0; \u00e0 No\u00ebl, nous c\u00e9l\u00e9brons la proximit\u00e9 de Dieu avec l\u2019homme\u00a0; \u00e0 No\u00ebl, nous c\u00e9l\u00e9brons la solidarit\u00e9 de Dieu vis-\u00e0-vis de l\u2019homme. A No\u00ebl, Dieu vient faire corps avec l\u2019humanit\u00e9 dans ses joies et dans ses peines.<\/p>\n<p>Que cette f\u00eate de No\u00ebl, c\u00e9l\u00e9br\u00e9e dans la ferveur spirituelle et dans un esprit familial de partage, soit l\u2019occasion pour nous de placer notre confiance en Dieu qui, peut nous sauver du mal sous toutes ses formes.<\/p>\n<p>Que cette f\u00eate de No\u00ebl ouvre nos c\u0153urs \u00e0 la pri\u00e8re pour tous ceux et celles qui souffrent de la maladie, de la pauvret\u00e9 et de l\u2019ins\u00e9curit\u00e9, qu\u2019elle nous rende plus solidaires d\u2019eux.<\/p>\n<p>Que le Christ, n\u00e9 en cette nuit tr\u00e8s sainte de No\u00ebl nous prot\u00e8ge de tout malheur, qu\u2019il prot\u00e8ge notre pays le Niger et accorde la paix \u00e0 notre sous-r\u00e9gion du Sahel\u00a0; qu\u2019il garde notre esp\u00e9rance vive pour toujours.<\/p>\n<p><strong><em>Sainte et heureuse f\u00eate de No\u00ebl \u00e0 toutes et \u00e0 tous\u00a0!<\/em><\/strong><\/p>\n<p>&nbsp;<\/p>\n<p>Fait \u00e0 Niamey, le 23 d\u00e9cembre 2024<\/p>\n<p>&nbsp;<\/p>\n<p>Mgr Laurent LOMPO, Archev\u00eaque de Niamey<\/p>\n<p>Mgr Ambroise OUEDRAOGO, Ev\u00eaque de Maradi<\/p>\n","protected":false},"excerpt":{"rendered":"<p>&nbsp; Mgr Ambroise OUEDRAOGO, Ev\u00eaque de Maradi et moi-m\u00eame Archev\u00eaque de Niamey, venons vous rejoindre dans la joie l\u00e0 o\u00f9 vous \u00eates, vous tous chr\u00e9tiens ainsi que nos amis musulmans &#8230;<\/p>\n","protected":false},"author":3,"featured_media":0,"comment_status":"open","ping_status":"open","sticky":false,"template":"","format":"standard","meta":{"footnotes":""},"categories":[1],"tags":[],"class_list":["post-1824","post","type-post","status-publish","format-standard","category-non-classe"],"_links":{"self":[{"href":"https:\/\/eglisecatholiqueniger.org\/index.php\/wp-json\/wp\/v2\/posts\/1824","targetHints":{"allow":["GET"]}}],"collection":[{"href":"https:\/\/eglisecatholiqueniger.org\/index.php\/wp-json\/wp\/v2\/posts"}],"about":[{"href":"https:\/\/eglisecatholiqueniger.org\/index.php\/wp-json\/wp\/v2\/types\/post"}],"author":[{"embeddable":true,"href":"https:\/\/eglisecatholiqueniger.org\/index.php\/wp-json\/wp\/v2\/users\/3"}],"replies":[{"embeddable":true,"href":"https:\/\/eglisecatholiqueniger.org\/index.php\/wp-json\/wp\/v2\/comments?post=1824"}],"version-history":[{"count":1,"href":"https:\/\/eglisecatholiqueniger.org\/index.php\/wp-json\/wp\/v2\/posts\/1824\/revisions"}],"predecessor-version":[{"id":1825,"href":"https:\/\/eglisecatholiqueniger.org\/index.php\/wp-json\/wp\/v2\/posts\/1824\/revisions\/1825"}],"wp:attachment":[{"href":"https:\/\/eglisecatholiqueniger.org\/index.php\/wp-json\/wp\/v2\/media?parent=1824"}],"wp:term":[{"taxonomy":"category","embeddable":true,"href":"https:\/\/eglisecatholiqueniger.org\/index.php\/wp-json\/wp\/v2\/categories?post=1824"},{"taxonomy":"post_tag","embeddable":true,"href":"https:\/\/eglisecatholiqueniger.org\/index.php\/wp-json\/wp\/v2\/tags?post=1824"}],"curies":[{"name":"wp","href":"https:\/\/api.w.org\/{rel}","templated":true}]}}