{"id":1827,"date":"2024-12-26T13:14:57","date_gmt":"2024-12-26T12:14:57","guid":{"rendered":"https:\/\/eglisecatholiqueniger.org\/?p=1827"},"modified":"2024-12-26T13:14:57","modified_gmt":"2024-12-26T12:14:57","slug":"messe-de-la-nuit-de-noel-2024","status":"publish","type":"post","link":"https:\/\/eglisecatholiqueniger.org\/index.php\/2024\/12\/26\/messe-de-la-nuit-de-noel-2024\/","title":{"rendered":"Messe de la Nuit de No\u00ebl 2024"},"content":{"rendered":"<p><img loading=\"lazy\" decoding=\"async\" class=\"alignnone size-medium wp-image-1828\" src=\"http:\/\/eglisecatholiqueniger.org\/wp-content\/uploads\/2024\/12\/NOEL-2024-1-300x200.jpg\" alt=\"\" width=\"300\" height=\"200\" srcset=\"https:\/\/eglisecatholiqueniger.org\/wp-content\/uploads\/2024\/12\/NOEL-2024-1-300x200.jpg 300w, https:\/\/eglisecatholiqueniger.org\/wp-content\/uploads\/2024\/12\/NOEL-2024-1-274x183.jpg 274w, https:\/\/eglisecatholiqueniger.org\/wp-content\/uploads\/2024\/12\/NOEL-2024-1-80x54.jpg 80w, https:\/\/eglisecatholiqueniger.org\/wp-content\/uploads\/2024\/12\/NOEL-2024-1-130x87.jpg 130w, https:\/\/eglisecatholiqueniger.org\/wp-content\/uploads\/2024\/12\/NOEL-2024-1-359x240.jpg 359w, https:\/\/eglisecatholiqueniger.org\/wp-content\/uploads\/2024\/12\/NOEL-2024-1-85x57.jpg 85w, https:\/\/eglisecatholiqueniger.org\/wp-content\/uploads\/2024\/12\/NOEL-2024-1-546x365.jpg 546w, https:\/\/eglisecatholiqueniger.org\/wp-content\/uploads\/2024\/12\/NOEL-2024-1-165x109.jpg 165w, https:\/\/eglisecatholiqueniger.org\/wp-content\/uploads\/2024\/12\/NOEL-2024-1-347x233.jpg 347w, https:\/\/eglisecatholiqueniger.org\/wp-content\/uploads\/2024\/12\/NOEL-2024-1-112x75.jpg 112w, https:\/\/eglisecatholiqueniger.org\/wp-content\/uploads\/2024\/12\/NOEL-2024-1-179x120.jpg 179w, https:\/\/eglisecatholiqueniger.org\/wp-content\/uploads\/2024\/12\/NOEL-2024-1-170x113.jpg 170w, https:\/\/eglisecatholiqueniger.org\/wp-content\/uploads\/2024\/12\/NOEL-2024-1-81x55.jpg 81w, https:\/\/eglisecatholiqueniger.org\/wp-content\/uploads\/2024\/12\/NOEL-2024-1-765x510.jpg 765w, https:\/\/eglisecatholiqueniger.org\/wp-content\/uploads\/2024\/12\/NOEL-2024-1.jpg 611w\" sizes=\"auto, (max-width: 300px) 100vw, 300px\" \/> <img loading=\"lazy\" decoding=\"async\" class=\"alignnone size-medium wp-image-1829\" src=\"http:\/\/eglisecatholiqueniger.org\/wp-content\/uploads\/2024\/12\/NOEL-2024-9-300x200.jpg\" alt=\"\" width=\"300\" height=\"200\" srcset=\"https:\/\/eglisecatholiqueniger.org\/wp-content\/uploads\/2024\/12\/NOEL-2024-9-300x200.jpg 300w, https:\/\/eglisecatholiqueniger.org\/wp-content\/uploads\/2024\/12\/NOEL-2024-9-274x183.jpg 274w, https:\/\/eglisecatholiqueniger.org\/wp-content\/uploads\/2024\/12\/NOEL-2024-9-80x54.jpg 80w, https:\/\/eglisecatholiqueniger.org\/wp-content\/uploads\/2024\/12\/NOEL-2024-9-130x87.jpg 130w, https:\/\/eglisecatholiqueniger.org\/wp-content\/uploads\/2024\/12\/NOEL-2024-9-359x240.jpg 359w, https:\/\/eglisecatholiqueniger.org\/wp-content\/uploads\/2024\/12\/NOEL-2024-9-85x57.jpg 85w, https:\/\/eglisecatholiqueniger.org\/wp-content\/uploads\/2024\/12\/NOEL-2024-9-546x365.jpg 546w, https:\/\/eglisecatholiqueniger.org\/wp-content\/uploads\/2024\/12\/NOEL-2024-9-165x109.jpg 165w, https:\/\/eglisecatholiqueniger.org\/wp-content\/uploads\/2024\/12\/NOEL-2024-9-347x233.jpg 347w, https:\/\/eglisecatholiqueniger.org\/wp-content\/uploads\/2024\/12\/NOEL-2024-9-112x75.jpg 112w, https:\/\/eglisecatholiqueniger.org\/wp-content\/uploads\/2024\/12\/NOEL-2024-9-179x120.jpg 179w, https:\/\/eglisecatholiqueniger.org\/wp-content\/uploads\/2024\/12\/NOEL-2024-9-170x113.jpg 170w, https:\/\/eglisecatholiqueniger.org\/wp-content\/uploads\/2024\/12\/NOEL-2024-9-81x55.jpg 81w, https:\/\/eglisecatholiqueniger.org\/wp-content\/uploads\/2024\/12\/NOEL-2024-9-765x510.jpg 765w, https:\/\/eglisecatholiqueniger.org\/wp-content\/uploads\/2024\/12\/NOEL-2024-9.jpg 611w\" sizes=\"auto, (max-width: 300px) 100vw, 300px\" \/><\/p>\n<p>&nbsp;<\/p>\n<p>R\u00e9jouissons-nous ensemble de c\u00e9l\u00e9brer la naissance du Verbe de vie que les mains de Marie, femme \u00e9lue et pr\u00e9f\u00e9r\u00e9e de Dieu, nous pr\u00e9sente \u00e0 travers le monde entier.<\/p>\n<p>Cette naissance \u00e9tait <strong>attendue, annonc\u00e9e, pr\u00e9par\u00e9e <\/strong>depuis que l\u2019humanit\u00e9 aspire de toute son \u00e2me \u00e0 \u00eatre le reflet de Dieu en ce monde. Nous, les chr\u00e9tiens, pour bien accueillir cette naissance dans la v\u00e9rit\u00e9 de notre foi et dans la puret\u00e9 de notre vie, nous nous sommes pr\u00e9par\u00e9s depuis quatre semaines \u00e0 l\u2019\u00e9coute des proph\u00e8tes Isa\u00efe et Jean-Baptiste.<\/p>\n<p>Ils n\u2019ont pas \u00e9t\u00e9 tendres pour nos vies \u00e9loign\u00e9es et s\u00e9par\u00e9es de Dieu par l\u2019arrogance de notre suffisance et par l\u2019indiff\u00e9rence \u00e0 la souffrance des autres aujourd\u2019hui.<\/p>\n<p>Pour chacun de nous, les proph\u00e8tes Isa\u00efe et Jean-Baptiste, ont eu une parole percutante sur la conversion et le changement de mentalit\u00e9 vis-\u00e0-vis de la souffrance des autres. Pour ceux qui ont des responsabilit\u00e9s, \u00e0 quelque niveau que ce soit, dans les domaines de la <strong>gouvernance politique, de la religion, de l\u2019\u00e9conomie et du social<\/strong>, ils ont le grave devoir d\u2019agir en direction de la <strong>justice, de la r\u00e9conciliation, de la paix et la fraternit\u00e9<\/strong> entre les personnes au sein de la soci\u00e9t\u00e9.<\/p>\n<p>Pouvons-nous \u00eatre des hommes et des femmes de foi\u00a0; des adorateurs de Dieu\u00a0; des responsables aux bas et haut niveaux dans la soci\u00e9t\u00e9 et dormir tranquille devant la souffrance des milliers de familles d\u00e9plac\u00e9es sans abris, sans nourriture, sans moyens pour se soigner\u00a0? Pouvons-nous f\u00eater No\u00ebl dans nos familles tranquillement et paisiblement avec tous les conforts possibles sans penser aux fr\u00e8res et s\u0153urs qui vivent dans les zones d\u2019ins\u00e9curit\u00e9\u00a0: Tillabery, Ayorou, Ouallam, T\u00e9ra, Dolbel, Makalondi et Torodi\u00a0?<\/p>\n<p>Pouvons-nous f\u00eater No\u00ebl dans la paix quand dans nos familles, dans nos diff\u00e9rents lieux de service au sein de la soci\u00e9t\u00e9, nous marchons <strong>sur les chemins de l\u2019injustice, les vols et les d\u00e9tournements des biens publics au d\u00e9triment de la population souffrante\u00a0?<\/strong><\/p>\n<p>Ce que nous entendons \u00e0 la radio, ce que nous lisons dans les r\u00e9seaux sociaux et les sc\u00e8nes horribles que nous venons de voir ce soir sous forme de repr\u00e9sentation th\u00e9\u00e2trale dans cette Cath\u00e9drale, sont une interrogation quant \u00e0 la paix recherch\u00e9e aujourd\u2019hui.<\/p>\n<p>Il est inutile de rechercher \u00e0 faire la paix tant que les sentiments <strong>d\u2019hostilit\u00e9s, de m\u00e9pris, de violence, d\u2019indiff\u00e9rence et de domination, <\/strong>g\u00e8rent nos relations humaines. Quand l\u2019eau est trouble, on remonte toujours \u00e0 la source pour la purifier. Purifions donc nos c\u0153urs, am\u00e9liorons nos comportements vis-\u00e0-vis de Dieu et de nos prochains pour qu\u2019advienne la paix dans nos familles et la paix dans l\u2019espace du Sahel.<\/p>\n<p><img loading=\"lazy\" decoding=\"async\" class=\"alignnone size-medium wp-image-1831\" src=\"http:\/\/eglisecatholiqueniger.org\/wp-content\/uploads\/2024\/12\/NOEL-2024-17-300x200.jpg\" alt=\"\" width=\"300\" height=\"200\" srcset=\"https:\/\/eglisecatholiqueniger.org\/wp-content\/uploads\/2024\/12\/NOEL-2024-17-300x200.jpg 300w, https:\/\/eglisecatholiqueniger.org\/wp-content\/uploads\/2024\/12\/NOEL-2024-17-274x183.jpg 274w, https:\/\/eglisecatholiqueniger.org\/wp-content\/uploads\/2024\/12\/NOEL-2024-17-80x54.jpg 80w, https:\/\/eglisecatholiqueniger.org\/wp-content\/uploads\/2024\/12\/NOEL-2024-17-130x87.jpg 130w, https:\/\/eglisecatholiqueniger.org\/wp-content\/uploads\/2024\/12\/NOEL-2024-17-359x240.jpg 359w, https:\/\/eglisecatholiqueniger.org\/wp-content\/uploads\/2024\/12\/NOEL-2024-17-85x57.jpg 85w, https:\/\/eglisecatholiqueniger.org\/wp-content\/uploads\/2024\/12\/NOEL-2024-17-546x365.jpg 546w, https:\/\/eglisecatholiqueniger.org\/wp-content\/uploads\/2024\/12\/NOEL-2024-17-165x109.jpg 165w, https:\/\/eglisecatholiqueniger.org\/wp-content\/uploads\/2024\/12\/NOEL-2024-17-347x233.jpg 347w, https:\/\/eglisecatholiqueniger.org\/wp-content\/uploads\/2024\/12\/NOEL-2024-17-112x75.jpg 112w, https:\/\/eglisecatholiqueniger.org\/wp-content\/uploads\/2024\/12\/NOEL-2024-17-179x120.jpg 179w, https:\/\/eglisecatholiqueniger.org\/wp-content\/uploads\/2024\/12\/NOEL-2024-17-170x113.jpg 170w, https:\/\/eglisecatholiqueniger.org\/wp-content\/uploads\/2024\/12\/NOEL-2024-17-81x55.jpg 81w, https:\/\/eglisecatholiqueniger.org\/wp-content\/uploads\/2024\/12\/NOEL-2024-17-765x510.jpg 765w, https:\/\/eglisecatholiqueniger.org\/wp-content\/uploads\/2024\/12\/NOEL-2024-17.jpg 612w\" sizes=\"auto, (max-width: 300px) 100vw, 300px\" \/> \u00a0<img loading=\"lazy\" decoding=\"async\" class=\"alignnone size-medium wp-image-1832\" src=\"http:\/\/eglisecatholiqueniger.org\/wp-content\/uploads\/2024\/12\/NOEL-2024-18-300x200.jpg\" alt=\"\" width=\"300\" height=\"200\" srcset=\"https:\/\/eglisecatholiqueniger.org\/wp-content\/uploads\/2024\/12\/NOEL-2024-18-300x200.jpg 300w, https:\/\/eglisecatholiqueniger.org\/wp-content\/uploads\/2024\/12\/NOEL-2024-18-274x183.jpg 274w, https:\/\/eglisecatholiqueniger.org\/wp-content\/uploads\/2024\/12\/NOEL-2024-18-80x54.jpg 80w, https:\/\/eglisecatholiqueniger.org\/wp-content\/uploads\/2024\/12\/NOEL-2024-18-130x87.jpg 130w, https:\/\/eglisecatholiqueniger.org\/wp-content\/uploads\/2024\/12\/NOEL-2024-18-359x240.jpg 359w, https:\/\/eglisecatholiqueniger.org\/wp-content\/uploads\/2024\/12\/NOEL-2024-18-85x57.jpg 85w, https:\/\/eglisecatholiqueniger.org\/wp-content\/uploads\/2024\/12\/NOEL-2024-18-546x365.jpg 546w, https:\/\/eglisecatholiqueniger.org\/wp-content\/uploads\/2024\/12\/NOEL-2024-18-165x109.jpg 165w, https:\/\/eglisecatholiqueniger.org\/wp-content\/uploads\/2024\/12\/NOEL-2024-18-347x233.jpg 347w, https:\/\/eglisecatholiqueniger.org\/wp-content\/uploads\/2024\/12\/NOEL-2024-18-112x75.jpg 112w, https:\/\/eglisecatholiqueniger.org\/wp-content\/uploads\/2024\/12\/NOEL-2024-18-179x120.jpg 179w, https:\/\/eglisecatholiqueniger.org\/wp-content\/uploads\/2024\/12\/NOEL-2024-18-170x113.jpg 170w, https:\/\/eglisecatholiqueniger.org\/wp-content\/uploads\/2024\/12\/NOEL-2024-18-81x55.jpg 81w, https:\/\/eglisecatholiqueniger.org\/wp-content\/uploads\/2024\/12\/NOEL-2024-18-765x510.jpg 765w, https:\/\/eglisecatholiqueniger.org\/wp-content\/uploads\/2024\/12\/NOEL-2024-18.jpg 612w\" sizes=\"auto, (max-width: 300px) 100vw, 300px\" \/><\/p>\n<p>Ce soir, nous accueillons le Prince de la paix \u00e0 travers le monde entier. Il est n\u00e9 dans des conditions modestes et voudrait \u00eatre accueilli humblement chez nous sans fanfare ni trompette. Cet \u00ab\u00a0Enfant, Prince de la paix, nous l\u2019accueillons ce soir avec l\u2019\u00e9merveillement des bergers et avec la gratitude discr\u00e8te de Marie et Joseph.<\/p>\n<p>Prions-le de tout notre c\u0153ur pour\u00a0:<\/p>\n<ul>\n<li>Qu\u2019il lib\u00e8re nos chaines d\u2019esclavage qui nous emp\u00eachent d\u2019agir pour le bien des autres\u00a0;<\/li>\n<li>Qu\u2019il brise nos b\u00e2tons de commandement pour permettre aux autres de vivre sans peur\u00a0;<\/li>\n<li>Qu\u2019il s\u00e8me dans tous nos actes ses germes d\u2019amour, de justice, de tol\u00e9rance et de paix\u00a0;<\/li>\n<li>Qu\u2019il renouvelle notre c\u0153ur d\u2019hommes et de femmes et qu\u2019il soit sa demeure \u00e0 jamais.<\/li>\n<\/ul>\n<p>Chers fr\u00e8res et s\u0153urs que cette pri\u00e8re, avec mes v\u0153ux de bonne f\u00eate de No\u00ebl, vous atteigne l\u00e0 o\u00f9 vous \u00eates rassembl\u00e9s ce soir en communaut\u00e9 ou en famille.<\/p>\n<ul>\n<li><strong>A vous habitants du dioc\u00e8se de Maradi<\/strong>, unis \u00e0 votre Ev\u00eaque Mgr Ambroise pour c\u00e9l\u00e9brer No\u00ebl, que le Prince de la Paix entre dans toutes vos familles et dans tous vos c\u0153urs pour vous donner la joie v\u00e9ritable.<\/li>\n<li><strong>A vous habitants de la capitale Niamey<\/strong>, que l\u2019Enfant J\u00e9sus, n\u00e9 \u00e0 No\u00ebl accorde la gr\u00e2ce d\u2019\u00eatre attentifs aux populations d\u00e9plac\u00e9es en d\u00e9pit de la conjoncture \u00e9conomique dans les familles.<\/li>\n<li><strong>A vous habitants de Dosso, Dogondoutchi et Gaya<\/strong>, vous faites l\u2019exp\u00e9rience du poids de la fermeture des fronti\u00e8res, que l\u2019Enfant de la cr\u00e8che, ranime votre esp\u00e9rance en ces moments difficiles.<\/li>\n<li><strong>A vous populations d\u00e9plac\u00e9es de Tillab\u00e9ri, T\u00e9ra, Dolbel, Makalondi, Kankani, Bomoanga et Torodi,<\/strong> vous faites l\u2019exp\u00e9rience am\u00e8re de l\u2019ins\u00e9curit\u00e9 entrainant des angoisses, des m\u00e9fiances, des soup\u00e7ons et voire des violences meurtri\u00e8res.<\/li>\n<\/ul>\n<p>Que l\u2019Enfant de No\u00ebl qui a parcouru les routes incertaines de la Palestine vous donne le courage de surpasser toutes ces peurs pour vivre votre foi.<\/p>\n<ul>\n<li><strong>A vous fr\u00e8res et s\u0153urs<\/strong> oubli\u00e9s sur vos lits d\u2019h\u00f4pitaux, vos nattes de prison et vous les enfants de la rue, que l\u2019Enfant de No\u00ebl soit \u00e0 vos c\u00f4tes malgr\u00e9 votre solitude, maintenant et pour les si\u00e8cles des si\u00e8cles.<\/li>\n<\/ul>\n<p><img loading=\"lazy\" decoding=\"async\" class=\"alignnone  wp-image-1834\" src=\"http:\/\/eglisecatholiqueniger.org\/wp-content\/uploads\/2024\/12\/NOEL-2024-4-300x200.jpg\" alt=\"\" width=\"291\" height=\"194\" srcset=\"https:\/\/eglisecatholiqueniger.org\/wp-content\/uploads\/2024\/12\/NOEL-2024-4-300x200.jpg 300w, https:\/\/eglisecatholiqueniger.org\/wp-content\/uploads\/2024\/12\/NOEL-2024-4-274x183.jpg 274w, https:\/\/eglisecatholiqueniger.org\/wp-content\/uploads\/2024\/12\/NOEL-2024-4-80x54.jpg 80w, https:\/\/eglisecatholiqueniger.org\/wp-content\/uploads\/2024\/12\/NOEL-2024-4-130x87.jpg 130w, https:\/\/eglisecatholiqueniger.org\/wp-content\/uploads\/2024\/12\/NOEL-2024-4-359x240.jpg 359w, https:\/\/eglisecatholiqueniger.org\/wp-content\/uploads\/2024\/12\/NOEL-2024-4-85x57.jpg 85w, https:\/\/eglisecatholiqueniger.org\/wp-content\/uploads\/2024\/12\/NOEL-2024-4-546x365.jpg 546w, https:\/\/eglisecatholiqueniger.org\/wp-content\/uploads\/2024\/12\/NOEL-2024-4-165x109.jpg 165w, https:\/\/eglisecatholiqueniger.org\/wp-content\/uploads\/2024\/12\/NOEL-2024-4-347x233.jpg 347w, https:\/\/eglisecatholiqueniger.org\/wp-content\/uploads\/2024\/12\/NOEL-2024-4-112x75.jpg 112w, https:\/\/eglisecatholiqueniger.org\/wp-content\/uploads\/2024\/12\/NOEL-2024-4-179x120.jpg 179w, https:\/\/eglisecatholiqueniger.org\/wp-content\/uploads\/2024\/12\/NOEL-2024-4-170x113.jpg 170w, https:\/\/eglisecatholiqueniger.org\/wp-content\/uploads\/2024\/12\/NOEL-2024-4-81x55.jpg 81w, https:\/\/eglisecatholiqueniger.org\/wp-content\/uploads\/2024\/12\/NOEL-2024-4-765x510.jpg 765w, https:\/\/eglisecatholiqueniger.org\/wp-content\/uploads\/2024\/12\/NOEL-2024-4.jpg 611w\" sizes=\"auto, (max-width: 291px) 100vw, 291px\" \/>\u00a0\u00a0<img loading=\"lazy\" decoding=\"async\" class=\"alignnone  wp-image-1835\" src=\"http:\/\/eglisecatholiqueniger.org\/wp-content\/uploads\/2024\/12\/NOEL-2024-5-300x200.jpg\" alt=\"\" width=\"294\" height=\"196\" srcset=\"https:\/\/eglisecatholiqueniger.org\/wp-content\/uploads\/2024\/12\/NOEL-2024-5-300x200.jpg 300w, https:\/\/eglisecatholiqueniger.org\/wp-content\/uploads\/2024\/12\/NOEL-2024-5-274x183.jpg 274w, https:\/\/eglisecatholiqueniger.org\/wp-content\/uploads\/2024\/12\/NOEL-2024-5-80x54.jpg 80w, https:\/\/eglisecatholiqueniger.org\/wp-content\/uploads\/2024\/12\/NOEL-2024-5-130x87.jpg 130w, https:\/\/eglisecatholiqueniger.org\/wp-content\/uploads\/2024\/12\/NOEL-2024-5-359x240.jpg 359w, https:\/\/eglisecatholiqueniger.org\/wp-content\/uploads\/2024\/12\/NOEL-2024-5-85x57.jpg 85w, https:\/\/eglisecatholiqueniger.org\/wp-content\/uploads\/2024\/12\/NOEL-2024-5-546x365.jpg 546w, https:\/\/eglisecatholiqueniger.org\/wp-content\/uploads\/2024\/12\/NOEL-2024-5-165x109.jpg 165w, https:\/\/eglisecatholiqueniger.org\/wp-content\/uploads\/2024\/12\/NOEL-2024-5-347x233.jpg 347w, https:\/\/eglisecatholiqueniger.org\/wp-content\/uploads\/2024\/12\/NOEL-2024-5-112x75.jpg 112w, https:\/\/eglisecatholiqueniger.org\/wp-content\/uploads\/2024\/12\/NOEL-2024-5-179x120.jpg 179w, https:\/\/eglisecatholiqueniger.org\/wp-content\/uploads\/2024\/12\/NOEL-2024-5-170x113.jpg 170w, https:\/\/eglisecatholiqueniger.org\/wp-content\/uploads\/2024\/12\/NOEL-2024-5-81x55.jpg 81w, https:\/\/eglisecatholiqueniger.org\/wp-content\/uploads\/2024\/12\/NOEL-2024-5-765x510.jpg 765w, https:\/\/eglisecatholiqueniger.org\/wp-content\/uploads\/2024\/12\/NOEL-2024-5.jpg 611w\" sizes=\"auto, (max-width: 294px) 100vw, 294px\" \/> \u00a0 <img loading=\"lazy\" decoding=\"async\" class=\"alignnone size-medium wp-image-1839\" src=\"http:\/\/eglisecatholiqueniger.org\/wp-content\/uploads\/2024\/12\/NOEL-2024-15-300x200.jpg\" alt=\"\" width=\"300\" height=\"200\" srcset=\"https:\/\/eglisecatholiqueniger.org\/wp-content\/uploads\/2024\/12\/NOEL-2024-15-300x200.jpg 300w, https:\/\/eglisecatholiqueniger.org\/wp-content\/uploads\/2024\/12\/NOEL-2024-15-274x183.jpg 274w, https:\/\/eglisecatholiqueniger.org\/wp-content\/uploads\/2024\/12\/NOEL-2024-15-80x54.jpg 80w, https:\/\/eglisecatholiqueniger.org\/wp-content\/uploads\/2024\/12\/NOEL-2024-15-130x87.jpg 130w, https:\/\/eglisecatholiqueniger.org\/wp-content\/uploads\/2024\/12\/NOEL-2024-15-359x240.jpg 359w, https:\/\/eglisecatholiqueniger.org\/wp-content\/uploads\/2024\/12\/NOEL-2024-15-85x57.jpg 85w, https:\/\/eglisecatholiqueniger.org\/wp-content\/uploads\/2024\/12\/NOEL-2024-15-546x365.jpg 546w, https:\/\/eglisecatholiqueniger.org\/wp-content\/uploads\/2024\/12\/NOEL-2024-15-165x109.jpg 165w, https:\/\/eglisecatholiqueniger.org\/wp-content\/uploads\/2024\/12\/NOEL-2024-15-347x233.jpg 347w, https:\/\/eglisecatholiqueniger.org\/wp-content\/uploads\/2024\/12\/NOEL-2024-15-112x75.jpg 112w, https:\/\/eglisecatholiqueniger.org\/wp-content\/uploads\/2024\/12\/NOEL-2024-15-179x120.jpg 179w, https:\/\/eglisecatholiqueniger.org\/wp-content\/uploads\/2024\/12\/NOEL-2024-15-170x113.jpg 170w, https:\/\/eglisecatholiqueniger.org\/wp-content\/uploads\/2024\/12\/NOEL-2024-15-81x55.jpg 81w, https:\/\/eglisecatholiqueniger.org\/wp-content\/uploads\/2024\/12\/NOEL-2024-15-765x510.jpg 765w, https:\/\/eglisecatholiqueniger.org\/wp-content\/uploads\/2024\/12\/NOEL-2024-15.jpg 612w\" sizes=\"auto, (max-width: 300px) 100vw, 300px\" \/>\u00a0\u00a0<img loading=\"lazy\" decoding=\"async\" class=\"alignnone  wp-image-1836\" src=\"http:\/\/eglisecatholiqueniger.org\/wp-content\/uploads\/2024\/12\/NOEL-2024-14-300x200.jpg\" alt=\"\" width=\"296\" height=\"197\" srcset=\"https:\/\/eglisecatholiqueniger.org\/wp-content\/uploads\/2024\/12\/NOEL-2024-14-300x200.jpg 300w, https:\/\/eglisecatholiqueniger.org\/wp-content\/uploads\/2024\/12\/NOEL-2024-14-274x183.jpg 274w, https:\/\/eglisecatholiqueniger.org\/wp-content\/uploads\/2024\/12\/NOEL-2024-14-80x54.jpg 80w, https:\/\/eglisecatholiqueniger.org\/wp-content\/uploads\/2024\/12\/NOEL-2024-14-130x87.jpg 130w, https:\/\/eglisecatholiqueniger.org\/wp-content\/uploads\/2024\/12\/NOEL-2024-14-359x240.jpg 359w, https:\/\/eglisecatholiqueniger.org\/wp-content\/uploads\/2024\/12\/NOEL-2024-14-85x57.jpg 85w, https:\/\/eglisecatholiqueniger.org\/wp-content\/uploads\/2024\/12\/NOEL-2024-14-546x365.jpg 546w, https:\/\/eglisecatholiqueniger.org\/wp-content\/uploads\/2024\/12\/NOEL-2024-14-165x109.jpg 165w, https:\/\/eglisecatholiqueniger.org\/wp-content\/uploads\/2024\/12\/NOEL-2024-14-112x75.jpg 112w, https:\/\/eglisecatholiqueniger.org\/wp-content\/uploads\/2024\/12\/NOEL-2024-14-179x120.jpg 179w, https:\/\/eglisecatholiqueniger.org\/wp-content\/uploads\/2024\/12\/NOEL-2024-14-170x113.jpg 170w, https:\/\/eglisecatholiqueniger.org\/wp-content\/uploads\/2024\/12\/NOEL-2024-14-81x55.jpg 81w, https:\/\/eglisecatholiqueniger.org\/wp-content\/uploads\/2024\/12\/NOEL-2024-14-765x510.jpg 765w, https:\/\/eglisecatholiqueniger.org\/wp-content\/uploads\/2024\/12\/NOEL-2024-14.jpg 612w\" sizes=\"auto, (max-width: 296px) 100vw, 296px\" \/><\/p>\n<p><img loading=\"lazy\" decoding=\"async\" class=\"alignnone  wp-image-1837\" src=\"http:\/\/eglisecatholiqueniger.org\/wp-content\/uploads\/2024\/12\/NOEL-2024-12-300x200.jpg\" alt=\"\" width=\"296\" height=\"197\" srcset=\"https:\/\/eglisecatholiqueniger.org\/wp-content\/uploads\/2024\/12\/NOEL-2024-12-300x200.jpg 300w, https:\/\/eglisecatholiqueniger.org\/wp-content\/uploads\/2024\/12\/NOEL-2024-12-274x183.jpg 274w, https:\/\/eglisecatholiqueniger.org\/wp-content\/uploads\/2024\/12\/NOEL-2024-12-80x54.jpg 80w, https:\/\/eglisecatholiqueniger.org\/wp-content\/uploads\/2024\/12\/NOEL-2024-12-130x87.jpg 130w, https:\/\/eglisecatholiqueniger.org\/wp-content\/uploads\/2024\/12\/NOEL-2024-12-359x240.jpg 359w, https:\/\/eglisecatholiqueniger.org\/wp-content\/uploads\/2024\/12\/NOEL-2024-12-85x57.jpg 85w, https:\/\/eglisecatholiqueniger.org\/wp-content\/uploads\/2024\/12\/NOEL-2024-12-546x365.jpg 546w, https:\/\/eglisecatholiqueniger.org\/wp-content\/uploads\/2024\/12\/NOEL-2024-12-165x109.jpg 165w, https:\/\/eglisecatholiqueniger.org\/wp-content\/uploads\/2024\/12\/NOEL-2024-12-112x75.jpg 112w, https:\/\/eglisecatholiqueniger.org\/wp-content\/uploads\/2024\/12\/NOEL-2024-12-179x120.jpg 179w, https:\/\/eglisecatholiqueniger.org\/wp-content\/uploads\/2024\/12\/NOEL-2024-12-170x113.jpg 170w, https:\/\/eglisecatholiqueniger.org\/wp-content\/uploads\/2024\/12\/NOEL-2024-12-81x55.jpg 81w, https:\/\/eglisecatholiqueniger.org\/wp-content\/uploads\/2024\/12\/NOEL-2024-12-765x510.jpg 765w, https:\/\/eglisecatholiqueniger.org\/wp-content\/uploads\/2024\/12\/NOEL-2024-12.jpg 611w\" sizes=\"auto, (max-width: 296px) 100vw, 296px\" \/> \u00a0<img loading=\"lazy\" decoding=\"async\" class=\"alignnone  wp-image-1838\" src=\"http:\/\/eglisecatholiqueniger.org\/wp-content\/uploads\/2024\/12\/NOEL-2024-13-300x200.jpg\" alt=\"\" width=\"294\" height=\"196\" srcset=\"https:\/\/eglisecatholiqueniger.org\/wp-content\/uploads\/2024\/12\/NOEL-2024-13-300x200.jpg 300w, https:\/\/eglisecatholiqueniger.org\/wp-content\/uploads\/2024\/12\/NOEL-2024-13-274x183.jpg 274w, https:\/\/eglisecatholiqueniger.org\/wp-content\/uploads\/2024\/12\/NOEL-2024-13-80x54.jpg 80w, https:\/\/eglisecatholiqueniger.org\/wp-content\/uploads\/2024\/12\/NOEL-2024-13-130x87.jpg 130w, https:\/\/eglisecatholiqueniger.org\/wp-content\/uploads\/2024\/12\/NOEL-2024-13-359x240.jpg 359w, https:\/\/eglisecatholiqueniger.org\/wp-content\/uploads\/2024\/12\/NOEL-2024-13-85x57.jpg 85w, https:\/\/eglisecatholiqueniger.org\/wp-content\/uploads\/2024\/12\/NOEL-2024-13-546x365.jpg 546w, https:\/\/eglisecatholiqueniger.org\/wp-content\/uploads\/2024\/12\/NOEL-2024-13-165x109.jpg 165w, https:\/\/eglisecatholiqueniger.org\/wp-content\/uploads\/2024\/12\/NOEL-2024-13-347x233.jpg 347w, https:\/\/eglisecatholiqueniger.org\/wp-content\/uploads\/2024\/12\/NOEL-2024-13-112x75.jpg 112w, https:\/\/eglisecatholiqueniger.org\/wp-content\/uploads\/2024\/12\/NOEL-2024-13-179x120.jpg 179w, https:\/\/eglisecatholiqueniger.org\/wp-content\/uploads\/2024\/12\/NOEL-2024-13-170x113.jpg 170w, https:\/\/eglisecatholiqueniger.org\/wp-content\/uploads\/2024\/12\/NOEL-2024-13-81x55.jpg 81w, https:\/\/eglisecatholiqueniger.org\/wp-content\/uploads\/2024\/12\/NOEL-2024-13-765x510.jpg 765w, https:\/\/eglisecatholiqueniger.org\/wp-content\/uploads\/2024\/12\/NOEL-2024-13.jpg 611w\" sizes=\"auto, (max-width: 294px) 100vw, 294px\" \/> \u00a0 <img loading=\"lazy\" decoding=\"async\" class=\"alignnone  wp-image-1840\" src=\"http:\/\/eglisecatholiqueniger.org\/wp-content\/uploads\/2024\/12\/NOEL-2024-11-300x200.jpg\" alt=\"\" width=\"290\" height=\"193\" srcset=\"https:\/\/eglisecatholiqueniger.org\/wp-content\/uploads\/2024\/12\/NOEL-2024-11-300x200.jpg 300w, https:\/\/eglisecatholiqueniger.org\/wp-content\/uploads\/2024\/12\/NOEL-2024-11-274x183.jpg 274w, https:\/\/eglisecatholiqueniger.org\/wp-content\/uploads\/2024\/12\/NOEL-2024-11-80x54.jpg 80w, https:\/\/eglisecatholiqueniger.org\/wp-content\/uploads\/2024\/12\/NOEL-2024-11-130x87.jpg 130w, https:\/\/eglisecatholiqueniger.org\/wp-content\/uploads\/2024\/12\/NOEL-2024-11-359x240.jpg 359w, https:\/\/eglisecatholiqueniger.org\/wp-content\/uploads\/2024\/12\/NOEL-2024-11-85x57.jpg 85w, https:\/\/eglisecatholiqueniger.org\/wp-content\/uploads\/2024\/12\/NOEL-2024-11-546x365.jpg 546w, https:\/\/eglisecatholiqueniger.org\/wp-content\/uploads\/2024\/12\/NOEL-2024-11-165x109.jpg 165w, https:\/\/eglisecatholiqueniger.org\/wp-content\/uploads\/2024\/12\/NOEL-2024-11-112x75.jpg 112w, https:\/\/eglisecatholiqueniger.org\/wp-content\/uploads\/2024\/12\/NOEL-2024-11-179x120.jpg 179w, https:\/\/eglisecatholiqueniger.org\/wp-content\/uploads\/2024\/12\/NOEL-2024-11-170x113.jpg 170w, https:\/\/eglisecatholiqueniger.org\/wp-content\/uploads\/2024\/12\/NOEL-2024-11-81x55.jpg 81w, https:\/\/eglisecatholiqueniger.org\/wp-content\/uploads\/2024\/12\/NOEL-2024-11-765x510.jpg 765w, https:\/\/eglisecatholiqueniger.org\/wp-content\/uploads\/2024\/12\/NOEL-2024-11.jpg 611w\" sizes=\"auto, (max-width: 290px) 100vw, 290px\" \/>\u00a0 \u00a0<img loading=\"lazy\" decoding=\"async\" class=\"alignnone  wp-image-1841\" src=\"http:\/\/eglisecatholiqueniger.org\/wp-content\/uploads\/2024\/12\/NOEL-2024-16-300x200.jpg\" alt=\"\" width=\"296\" height=\"197\" srcset=\"https:\/\/eglisecatholiqueniger.org\/wp-content\/uploads\/2024\/12\/NOEL-2024-16-300x200.jpg 300w, https:\/\/eglisecatholiqueniger.org\/wp-content\/uploads\/2024\/12\/NOEL-2024-16-274x183.jpg 274w, https:\/\/eglisecatholiqueniger.org\/wp-content\/uploads\/2024\/12\/NOEL-2024-16-80x54.jpg 80w, https:\/\/eglisecatholiqueniger.org\/wp-content\/uploads\/2024\/12\/NOEL-2024-16-130x87.jpg 130w, https:\/\/eglisecatholiqueniger.org\/wp-content\/uploads\/2024\/12\/NOEL-2024-16-359x240.jpg 359w, https:\/\/eglisecatholiqueniger.org\/wp-content\/uploads\/2024\/12\/NOEL-2024-16-85x57.jpg 85w, https:\/\/eglisecatholiqueniger.org\/wp-content\/uploads\/2024\/12\/NOEL-2024-16-546x365.jpg 546w, https:\/\/eglisecatholiqueniger.org\/wp-content\/uploads\/2024\/12\/NOEL-2024-16-165x109.jpg 165w, https:\/\/eglisecatholiqueniger.org\/wp-content\/uploads\/2024\/12\/NOEL-2024-16-112x75.jpg 112w, https:\/\/eglisecatholiqueniger.org\/wp-content\/uploads\/2024\/12\/NOEL-2024-16-179x120.jpg 179w, https:\/\/eglisecatholiqueniger.org\/wp-content\/uploads\/2024\/12\/NOEL-2024-16-170x113.jpg 170w, https:\/\/eglisecatholiqueniger.org\/wp-content\/uploads\/2024\/12\/NOEL-2024-16-81x55.jpg 81w, https:\/\/eglisecatholiqueniger.org\/wp-content\/uploads\/2024\/12\/NOEL-2024-16-765x510.jpg 765w, https:\/\/eglisecatholiqueniger.org\/wp-content\/uploads\/2024\/12\/NOEL-2024-16.jpg 612w\" sizes=\"auto, (max-width: 296px) 100vw, 296px\" \/><\/p>\n","protected":false},"excerpt":{"rendered":"<p>&nbsp; R\u00e9jouissons-nous ensemble de c\u00e9l\u00e9brer la naissance du Verbe de vie que les mains de Marie, femme \u00e9lue et pr\u00e9f\u00e9r\u00e9e de Dieu, nous pr\u00e9sente \u00e0 travers le monde entier. Cette &#8230;<\/p>\n","protected":false},"author":3,"featured_media":0,"comment_status":"open","ping_status":"open","sticky":false,"template":"","format":"standard","meta":{"footnotes":""},"categories":[1],"tags":[],"class_list":["post-1827","post","type-post","status-publish","format-standard","category-non-classe"],"_links":{"self":[{"href":"https:\/\/eglisecatholiqueniger.org\/index.php\/wp-json\/wp\/v2\/posts\/1827","targetHints":{"allow":["GET"]}}],"collection":[{"href":"https:\/\/eglisecatholiqueniger.org\/index.php\/wp-json\/wp\/v2\/posts"}],"about":[{"href":"https:\/\/eglisecatholiqueniger.org\/index.php\/wp-json\/wp\/v2\/types\/post"}],"author":[{"embeddable":true,"href":"https:\/\/eglisecatholiqueniger.org\/index.php\/wp-json\/wp\/v2\/users\/3"}],"replies":[{"embeddable":true,"href":"https:\/\/eglisecatholiqueniger.org\/index.php\/wp-json\/wp\/v2\/comments?post=1827"}],"version-history":[{"count":11,"href":"https:\/\/eglisecatholiqueniger.org\/index.php\/wp-json\/wp\/v2\/posts\/1827\/revisions"}],"predecessor-version":[{"id":1850,"href":"https:\/\/eglisecatholiqueniger.org\/index.php\/wp-json\/wp\/v2\/posts\/1827\/revisions\/1850"}],"wp:attachment":[{"href":"https:\/\/eglisecatholiqueniger.org\/index.php\/wp-json\/wp\/v2\/media?parent=1827"}],"wp:term":[{"taxonomy":"category","embeddable":true,"href":"https:\/\/eglisecatholiqueniger.org\/index.php\/wp-json\/wp\/v2\/categories?post=1827"},{"taxonomy":"post_tag","embeddable":true,"href":"https:\/\/eglisecatholiqueniger.org\/index.php\/wp-json\/wp\/v2\/tags?post=1827"}],"curies":[{"name":"wp","href":"https:\/\/api.w.org\/{rel}","templated":true}]}}