{"id":1852,"date":"2024-12-27T09:41:59","date_gmt":"2024-12-27T08:41:59","guid":{"rendered":"https:\/\/eglisecatholiqueniger.org\/?p=1852"},"modified":"2024-12-27T09:41:59","modified_gmt":"2024-12-27T08:41:59","slug":"celebration-de-la-noel-au-niger-les-chretiens-du-niger-fetent-avec-un-regard-tourne-vers-leurs-freres-meurtris-dans-les-zones-de-conflit-a-travers-le-pays","status":"publish","type":"post","link":"https:\/\/eglisecatholiqueniger.org\/index.php\/2024\/12\/27\/celebration-de-la-noel-au-niger-les-chretiens-du-niger-fetent-avec-un-regard-tourne-vers-leurs-freres-meurtris-dans-les-zones-de-conflit-a-travers-le-pays\/","title":{"rendered":"C\u00e9l\u00e9bration de la No\u00ebl au Niger : les chr\u00e9tiens du Niger f\u00eatent avec un regard tourn\u00e9 vers leurs fr\u00e8res meurtris dans les zones de conflit \u00e0 travers le pays"},"content":{"rendered":"<p><strong>Les chr\u00e9tiens du Niger, \u00e0 l\u2019instar de ceux du monde entier, ont c\u00e9l\u00e9br\u00e9 mercredi dernier, la nativit\u00e9 du Christ, commun\u00e9ment appel\u00e9 No\u00ebl. De toutes les paroisses, les fid\u00e8les se sont r\u00e9unis autours de leurs pasteurs, accompagn\u00e9s pour certains de leurs amis d\u2019autres confessions. Un seul \u00e9cho r\u00e9sonne \u00e0 travers la nuit froide et \u00e9toil\u00e9e de Niamey et de toutes les r\u00e9gions, \u00ab\u00a0Il est n\u00e9 le Divin Enfant\u00a0\u00bb.<\/strong><\/p>\n<p>Au Vatican, \u00e0 cette veille de No\u00ebl, le pape Fran\u00e7ois a ouvert, le mardi 24\u00a0d\u00e9cembre, l\u2019Ann\u00e9e sainte\u00a02025 de l\u2019Eglise catholique, un grand p\u00e8lerinage international pour lequel plus de 30\u00a0millions de fid\u00e8les du monde entier sont attendus \u00e0 Rome. Comme \u00e0 son habitude, le souverain pontife a, au cours la messe de la nuit de No\u00ebl dans la basilique Saint-Pierre du Vatican invit\u00e9 les fid\u00e8les \u00e0 penser <em>\u00ab\u00a0aux guerres, aux enfants mitraill\u00e9s, aux bombes sur les \u00e9coles ou les h\u00f4pitaux\u00a0\u00bb<\/em>, une allusion faite aux guerres qui meurtrissent les hommes, les femmes et les enfants \u00e0 travers le monde.<\/p>\n<p>A la Cath\u00e9drale de Niamey, l\u2019Archev\u00eaque Mgr Laurent Lompo s\u2019est fait l\u2019\u00e9cho du message du Pape en rappelant le bien fond\u00e9 de la paix. A juste titre, Mgr Laurent Lompo a remerci\u00e9 les fr\u00e8res et s\u0153urs musulmans et des autres religions venus \u00a0s\u2019associer \u00e0 la f\u00eate de No\u00ebl.<\/p>\n<blockquote><p>\u00ab\u00a0Cela est un signe de respect et de bonne cohabitation entre vous et nous au Niger\u00a0\u00bb a-t-il t\u00e9moign\u00e9.<\/p><\/blockquote>\n<p>L\u2019Archev\u00eaque de Niamey a ensuite exprim\u00e9 sa gratitude envers les autorit\u00e9s nig\u00e9riennes, se disant honor\u00e9 que le Pr\u00e9sident du CNSP, le G\u00e9n\u00e9ral Abdourahamane Tiani envoie une d\u00e9l\u00e9gation<\/p>\n<p>pour saluer la communaut\u00e9 chr\u00e9tienne. En effet, deux membres du gouvernement, notamment, le ministre des Transports et de l&rsquo;Equipement, le Colonel major Salissou Mahaman Salissou et le ministre de l&rsquo;Hydraulique, de l&rsquo;Assainissement et de l&rsquo;Environnement, le Colonel Maizama Abdoulaye ont honor\u00e9 de leur pr\u00e9sence le Minuit Chr\u00e9tien retransmis en direct sur la cha\u00eene nationale gr\u00e2ce au concours de la Radio T\u00e9l\u00e9vision Nationale (RTN) et de l\u2019\u00e9quipe technique de l\u2019Eglise Catholique.<\/p>\n<p>A travers le pays, ceux qui n\u2019ont pas pu effectuer le d\u00e9placement de la Cath\u00e9drale ont eu l\u2019opportunit\u00e9 de penser \u00e0 toutes les populations nig\u00e9riennes qui n\u2019ont pas pu f\u00eater No\u00ebl \u00e0 cause de l\u2019ins\u00e9curit\u00e9 ou emp\u00each\u00e9es pour d\u2019autres raisons.<\/p>\n<p>Pour chacun de nous, a soulign\u00e9 Mgr Laurent Lompo, les proph\u00e8tes Isa\u00efe et Jean-Baptiste, ont eu une parole percutante sur la conversion et le changement de mentalit\u00e9 vis-\u00e0-vis de la souffrance des autres. Pour ceux qui ont des responsabilit\u00e9s, a-t-il continu\u00e9, \u00e0 quelque niveau que ce soit, dans les domaines de la <strong>gouvernance politique, de la religion, de l\u2019\u00e9conomie et du social<\/strong>, ils ont le grave devoir d\u2019agir en direction de la <strong>justice, de la r\u00e9conciliation, de la paix et la fraternit\u00e9<\/strong> entre les personnes au sein de la soci\u00e9t\u00e9.<\/p>\n<blockquote><p>\u00ab\u00a0Pouvons-nous \u00eatre des hommes et des femmes de foi\u00a0; des adorateurs de Dieu\u00a0; des responsables aux bas et haut niveaux dans la soci\u00e9t\u00e9 et dormir tranquille devant la souffrance des milliers de familles d\u00e9plac\u00e9es sans abris, sans nourriture, sans moyens pour se soigner\u00a0? Pouvons-nous f\u00eater No\u00ebl dans nos familles tranquillement et paisiblement avec tous les conforts possibles sans penser aux fr\u00e8res et s\u0153urs qui vivent dans les zones d\u2019ins\u00e9curit\u00e9\u00a0: Tillabery, Ayorou, Ouallam, T\u00e9ra, Dolbel, Makalondi et Torodi\u00a0? Pouvons-nous f\u00eater No\u00ebl dans la paix quand dans nos familles, dans nos diff\u00e9rents lieux de service au sein de la soci\u00e9t\u00e9, nous marchons <strong>sur les chemins de l\u2019injustice, les vols et les d\u00e9tournements des biens publics au d\u00e9triment de la population souffrante\u00a0?\u00a0<\/strong>\u00bb, s\u2019est interrog\u00e9 l\u2019Archev\u00eaque de Niamey.<\/p><\/blockquote>\n<p>Il a insist\u00e9 sur le fait qu\u2019il est inutile de rechercher \u00e0 faire la paix tant que les sentiments <strong>d\u2019hostilit\u00e9s, de m\u00e9pris, de violence, d\u2019indiff\u00e9rence et de domination, <\/strong>g\u00e8rent nos relations humaines. \u00abQuand l\u2019eau est trouble, on remonte toujours \u00e0 la source pour la purifier. Purifions donc nos c\u0153urs, am\u00e9liorons nos comportements vis-\u00e0-vis de Dieu et de nos prochains pour qu\u2019advienne la paix dans nos familles et la paix dans l\u2019espace du Sahel\u00a0\u00bb, a soutenu Mgr Laurent Lompo.<\/p>\n<p>L\u2019Archev\u00eaque de Niamey a ensuite pri\u00e9 pour que l\u2019Enfant J\u00e9sus, le Prince de la Paix lib\u00e8re nos chaines d\u2019esclavage qui nous emp\u00eachent d\u2019agir pour le bien des autres\u00a0; qu\u2019il brise nos b\u00e2tons de commandement pour permettre aux autres de vivre sans peur\u00a0; qu\u2019il s\u00e8me dans tous nos actes ses germes d\u2019amour, de justice, de tol\u00e9rance et de paix\u00a0et qu\u2019il renouvelle notre c\u0153ur d\u2019hommes et de femmes et qu\u2019il soit sa demeure \u00e0 jamais.<\/p>\n<p style=\"text-align: right;\"><strong>Moctar Aband\u00e9<\/strong><\/p>\n\r\n<div class=\"mom_images_grid mom_images_four_cols\">\r\n<ul class=\"galleryslider\"><li class=\"first\"><a href=\"https:\/\/eglisecatholiqueniger.org\/wp-content\/uploads\/2024\/12\/NOEL-2024-2-scaled.jpg\" data-title=\"\" title=\"NOEL 2024 (2)\"><img decoding=\"async\" alt=\"NOEL 2024 (2)\" src=\"https:\/\/eglisecatholiqueniger.org\/wp-content\/uploads\/2024\/12\/NOEL-2024-2-546x365.jpg\"><\/a><\/li><li class=\"\"><a href=\"https:\/\/eglisecatholiqueniger.org\/wp-content\/uploads\/2024\/12\/NOEL-2024-3-scaled.jpg\" data-title=\"\" title=\"NOEL 2024 (3)\"><img decoding=\"async\" alt=\"NOEL 2024 (3)\" src=\"https:\/\/eglisecatholiqueniger.org\/wp-content\/uploads\/2024\/12\/NOEL-2024-3-546x365.jpg\"><\/a><\/li><li class=\"\"><a href=\"https:\/\/eglisecatholiqueniger.org\/wp-content\/uploads\/2024\/12\/NOEL-2024-4-1-scaled.jpg\" data-title=\"\" title=\"NOEL 2024 (4)\"><img decoding=\"async\" alt=\"NOEL 2024 (4)\" src=\"https:\/\/eglisecatholiqueniger.org\/wp-content\/uploads\/2024\/12\/NOEL-2024-4-1-546x365.jpg\"><\/a><\/li><li class=\"last\"><a href=\"https:\/\/eglisecatholiqueniger.org\/wp-content\/uploads\/2024\/12\/NOEL-2024-1-1-scaled.jpg\" data-title=\"\" title=\"NOEL 2024 (1)\"><img decoding=\"async\" alt=\"NOEL 2024 (1)\" src=\"https:\/\/eglisecatholiqueniger.org\/wp-content\/uploads\/2024\/12\/NOEL-2024-1-1-546x365.jpg\"><\/a><\/li><\/ul><\/div>\r\n\n","protected":false},"excerpt":{"rendered":"<p>Les chr\u00e9tiens du Niger, \u00e0 l\u2019instar de ceux du monde entier, ont c\u00e9l\u00e9br\u00e9 mercredi dernier, la nativit\u00e9 du Christ, commun\u00e9ment appel\u00e9 No\u00ebl. De toutes les paroisses, les fid\u00e8les se sont &#8230;<\/p>\n","protected":false},"author":2,"featured_media":0,"comment_status":"open","ping_status":"open","sticky":false,"template":"","format":"standard","meta":{"footnotes":""},"categories":[1],"tags":[],"class_list":["post-1852","post","type-post","status-publish","format-standard","category-non-classe"],"_links":{"self":[{"href":"https:\/\/eglisecatholiqueniger.org\/index.php\/wp-json\/wp\/v2\/posts\/1852","targetHints":{"allow":["GET"]}}],"collection":[{"href":"https:\/\/eglisecatholiqueniger.org\/index.php\/wp-json\/wp\/v2\/posts"}],"about":[{"href":"https:\/\/eglisecatholiqueniger.org\/index.php\/wp-json\/wp\/v2\/types\/post"}],"author":[{"embeddable":true,"href":"https:\/\/eglisecatholiqueniger.org\/index.php\/wp-json\/wp\/v2\/users\/2"}],"replies":[{"embeddable":true,"href":"https:\/\/eglisecatholiqueniger.org\/index.php\/wp-json\/wp\/v2\/comments?post=1852"}],"version-history":[{"count":1,"href":"https:\/\/eglisecatholiqueniger.org\/index.php\/wp-json\/wp\/v2\/posts\/1852\/revisions"}],"predecessor-version":[{"id":1857,"href":"https:\/\/eglisecatholiqueniger.org\/index.php\/wp-json\/wp\/v2\/posts\/1852\/revisions\/1857"}],"wp:attachment":[{"href":"https:\/\/eglisecatholiqueniger.org\/index.php\/wp-json\/wp\/v2\/media?parent=1852"}],"wp:term":[{"taxonomy":"category","embeddable":true,"href":"https:\/\/eglisecatholiqueniger.org\/index.php\/wp-json\/wp\/v2\/categories?post=1852"},{"taxonomy":"post_tag","embeddable":true,"href":"https:\/\/eglisecatholiqueniger.org\/index.php\/wp-json\/wp\/v2\/tags?post=1852"}],"curies":[{"name":"wp","href":"https:\/\/api.w.org\/{rel}","templated":true}]}}