{"id":1859,"date":"2025-03-12T17:00:17","date_gmt":"2025-03-12T16:00:17","guid":{"rendered":"https:\/\/eglisecatholiqueniger.org\/?p=1859"},"modified":"2025-03-12T17:00:17","modified_gmt":"2025-03-12T16:00:17","slug":"pelerins-desperance","status":"publish","type":"post","link":"https:\/\/eglisecatholiqueniger.org\/index.php\/2025\/03\/12\/pelerins-desperance\/","title":{"rendered":"P\u00e8lerins  d\u2019Esp\u00e9rance"},"content":{"rendered":"<p>&nbsp;<\/p>\n<p><img loading=\"lazy\" decoding=\"async\" class=\"alignnone size-medium wp-image-1860\" src=\"http:\/\/eglisecatholiqueniger.org\/wp-content\/uploads\/2025\/03\/Pelerin0001-300x200.jpg\" alt=\"\" width=\"300\" height=\"200\" srcset=\"https:\/\/eglisecatholiqueniger.org\/wp-content\/uploads\/2025\/03\/Pelerin0001-300x200.jpg 300w, https:\/\/eglisecatholiqueniger.org\/wp-content\/uploads\/2025\/03\/Pelerin0001-274x183.jpg 274w, https:\/\/eglisecatholiqueniger.org\/wp-content\/uploads\/2025\/03\/Pelerin0001-80x54.jpg 80w, https:\/\/eglisecatholiqueniger.org\/wp-content\/uploads\/2025\/03\/Pelerin0001-130x87.jpg 130w, https:\/\/eglisecatholiqueniger.org\/wp-content\/uploads\/2025\/03\/Pelerin0001-359x240.jpg 359w, https:\/\/eglisecatholiqueniger.org\/wp-content\/uploads\/2025\/03\/Pelerin0001-85x57.jpg 85w, https:\/\/eglisecatholiqueniger.org\/wp-content\/uploads\/2025\/03\/Pelerin0001-546x365.jpg 546w, https:\/\/eglisecatholiqueniger.org\/wp-content\/uploads\/2025\/03\/Pelerin0001-165x109.jpg 165w, https:\/\/eglisecatholiqueniger.org\/wp-content\/uploads\/2025\/03\/Pelerin0001-347x233.jpg 347w, https:\/\/eglisecatholiqueniger.org\/wp-content\/uploads\/2025\/03\/Pelerin0001-112x75.jpg 112w, https:\/\/eglisecatholiqueniger.org\/wp-content\/uploads\/2025\/03\/Pelerin0001-179x120.jpg 179w, https:\/\/eglisecatholiqueniger.org\/wp-content\/uploads\/2025\/03\/Pelerin0001-170x113.jpg 170w, https:\/\/eglisecatholiqueniger.org\/wp-content\/uploads\/2025\/03\/Pelerin0001-81x55.jpg 81w, https:\/\/eglisecatholiqueniger.org\/wp-content\/uploads\/2025\/03\/Pelerin0001-765x510.jpg 765w, https:\/\/eglisecatholiqueniger.org\/wp-content\/uploads\/2025\/03\/Pelerin0001.jpg 612w\" sizes=\"auto, (max-width: 300px) 100vw, 300px\" \/>\u00a0 <img loading=\"lazy\" decoding=\"async\" class=\"alignnone size-medium wp-image-1861\" src=\"http:\/\/eglisecatholiqueniger.org\/wp-content\/uploads\/2025\/03\/Pelerin002-300x200.jpg\" alt=\"\" width=\"300\" height=\"200\" srcset=\"https:\/\/eglisecatholiqueniger.org\/wp-content\/uploads\/2025\/03\/Pelerin002-300x200.jpg 300w, https:\/\/eglisecatholiqueniger.org\/wp-content\/uploads\/2025\/03\/Pelerin002-274x183.jpg 274w, https:\/\/eglisecatholiqueniger.org\/wp-content\/uploads\/2025\/03\/Pelerin002-80x54.jpg 80w, https:\/\/eglisecatholiqueniger.org\/wp-content\/uploads\/2025\/03\/Pelerin002-130x87.jpg 130w, https:\/\/eglisecatholiqueniger.org\/wp-content\/uploads\/2025\/03\/Pelerin002-359x240.jpg 359w, https:\/\/eglisecatholiqueniger.org\/wp-content\/uploads\/2025\/03\/Pelerin002-85x57.jpg 85w, https:\/\/eglisecatholiqueniger.org\/wp-content\/uploads\/2025\/03\/Pelerin002-546x365.jpg 546w, https:\/\/eglisecatholiqueniger.org\/wp-content\/uploads\/2025\/03\/Pelerin002-165x109.jpg 165w, https:\/\/eglisecatholiqueniger.org\/wp-content\/uploads\/2025\/03\/Pelerin002-347x233.jpg 347w, https:\/\/eglisecatholiqueniger.org\/wp-content\/uploads\/2025\/03\/Pelerin002-112x75.jpg 112w, https:\/\/eglisecatholiqueniger.org\/wp-content\/uploads\/2025\/03\/Pelerin002-179x120.jpg 179w, https:\/\/eglisecatholiqueniger.org\/wp-content\/uploads\/2025\/03\/Pelerin002-170x113.jpg 170w, https:\/\/eglisecatholiqueniger.org\/wp-content\/uploads\/2025\/03\/Pelerin002-81x55.jpg 81w, https:\/\/eglisecatholiqueniger.org\/wp-content\/uploads\/2025\/03\/Pelerin002-765x510.jpg 765w, https:\/\/eglisecatholiqueniger.org\/wp-content\/uploads\/2025\/03\/Pelerin002.jpg 612w\" sizes=\"auto, (max-width: 300px) 100vw, 300px\" \/><\/p>\n<p>R\u00e9uni en Eglise Famille autour de notre P\u00e8re Ev\u00eaque, nous voulons rendre gr\u00e2ce\u00a0 au Seigneur pour les bienfaits re\u00e7us pendant l\u2019ann\u00e9e 2024 et lui confier l\u2019Ann\u00e9e 2025, afin qu\u2019il la b\u00e9nisse et la consacre pour qu\u2019elle soit une ann\u00e9e fructueuse.<\/p>\n<p>Notre action de gr\u00e2ce, rev\u00eat une importance particuli\u00e8re<\/p>\n<p>En effet, en plus de rendre gr\u00e2ce au seigneur\u00a0 avec notre p\u00e8re Ev\u00eaque, nous c\u00e9l\u00e9brons l\u2019ouverture de l\u2019ann\u00e9e jubilaire de l\u2019Esp\u00e9rance<\/p>\n<p>Tous les 25 ans L\u2019Eglise Catholique invite ses fid\u00e8les \u00e0 une ann\u00e9e jubilaire aussi appel\u00e9e une ann\u00e9e sainte<\/p>\n<p>Le Pape Fran\u00e7ois a annonc\u00e9 l\u2019ANNEE JUBILAIRE 2025 dans un document, intitul\u00e9 \u00ab\u00a0<strong>l\u2019esp\u00e9rance ne d\u00e9\u00e7oit pas<\/strong>\u00a0\u00bb Le Th\u00e8me qui nous permettra de vivre cette ann\u00e9e sainte est \u00ab\u00a0<strong>P\u00e8lerin d\u2019Esp\u00e9rance<\/strong>\u00a0\u00bb.<\/p>\n<p>L\u2019ann\u00e9e jubilaire qui \u2018ouvre nous rappelle que nous sommes des hommes et femmes d\u2019Esp\u00e9rance et nous invite \u00e0 mettre notre confiance en Dieu.<\/p>\n<p>&nbsp;<\/p>\n<p><img loading=\"lazy\" decoding=\"async\" class=\"alignnone wp-image-1862\" src=\"http:\/\/eglisecatholiqueniger.org\/wp-content\/uploads\/2025\/03\/Pelerin003-300x200.jpg\" alt=\"\" width=\"224\" height=\"149\" srcset=\"https:\/\/eglisecatholiqueniger.org\/wp-content\/uploads\/2025\/03\/Pelerin003-300x200.jpg 300w, https:\/\/eglisecatholiqueniger.org\/wp-content\/uploads\/2025\/03\/Pelerin003-274x183.jpg 274w, https:\/\/eglisecatholiqueniger.org\/wp-content\/uploads\/2025\/03\/Pelerin003-80x54.jpg 80w, https:\/\/eglisecatholiqueniger.org\/wp-content\/uploads\/2025\/03\/Pelerin003-130x87.jpg 130w, https:\/\/eglisecatholiqueniger.org\/wp-content\/uploads\/2025\/03\/Pelerin003-359x240.jpg 359w, https:\/\/eglisecatholiqueniger.org\/wp-content\/uploads\/2025\/03\/Pelerin003-85x57.jpg 85w, https:\/\/eglisecatholiqueniger.org\/wp-content\/uploads\/2025\/03\/Pelerin003-546x365.jpg 546w, https:\/\/eglisecatholiqueniger.org\/wp-content\/uploads\/2025\/03\/Pelerin003-165x109.jpg 165w, https:\/\/eglisecatholiqueniger.org\/wp-content\/uploads\/2025\/03\/Pelerin003-347x233.jpg 347w, https:\/\/eglisecatholiqueniger.org\/wp-content\/uploads\/2025\/03\/Pelerin003-112x75.jpg 112w, https:\/\/eglisecatholiqueniger.org\/wp-content\/uploads\/2025\/03\/Pelerin003-179x120.jpg 179w, https:\/\/eglisecatholiqueniger.org\/wp-content\/uploads\/2025\/03\/Pelerin003-170x113.jpg 170w, https:\/\/eglisecatholiqueniger.org\/wp-content\/uploads\/2025\/03\/Pelerin003-81x55.jpg 81w, https:\/\/eglisecatholiqueniger.org\/wp-content\/uploads\/2025\/03\/Pelerin003-765x510.jpg 765w, https:\/\/eglisecatholiqueniger.org\/wp-content\/uploads\/2025\/03\/Pelerin003.jpg 612w\" sizes=\"auto, (max-width: 224px) 100vw, 224px\" \/>\u00a0\u00a0<img loading=\"lazy\" decoding=\"async\" class=\"alignnone wp-image-1863\" src=\"http:\/\/eglisecatholiqueniger.org\/wp-content\/uploads\/2025\/03\/Pelerin004-300x200.jpg\" alt=\"\" width=\"227\" height=\"151\" srcset=\"https:\/\/eglisecatholiqueniger.org\/wp-content\/uploads\/2025\/03\/Pelerin004-300x200.jpg 300w, https:\/\/eglisecatholiqueniger.org\/wp-content\/uploads\/2025\/03\/Pelerin004-274x183.jpg 274w, https:\/\/eglisecatholiqueniger.org\/wp-content\/uploads\/2025\/03\/Pelerin004-80x54.jpg 80w, https:\/\/eglisecatholiqueniger.org\/wp-content\/uploads\/2025\/03\/Pelerin004-130x87.jpg 130w, https:\/\/eglisecatholiqueniger.org\/wp-content\/uploads\/2025\/03\/Pelerin004-359x240.jpg 359w, https:\/\/eglisecatholiqueniger.org\/wp-content\/uploads\/2025\/03\/Pelerin004-85x57.jpg 85w, https:\/\/eglisecatholiqueniger.org\/wp-content\/uploads\/2025\/03\/Pelerin004-546x365.jpg 546w, https:\/\/eglisecatholiqueniger.org\/wp-content\/uploads\/2025\/03\/Pelerin004-165x109.jpg 165w, https:\/\/eglisecatholiqueniger.org\/wp-content\/uploads\/2025\/03\/Pelerin004-347x233.jpg 347w, https:\/\/eglisecatholiqueniger.org\/wp-content\/uploads\/2025\/03\/Pelerin004-112x75.jpg 112w, https:\/\/eglisecatholiqueniger.org\/wp-content\/uploads\/2025\/03\/Pelerin004-179x120.jpg 179w, https:\/\/eglisecatholiqueniger.org\/wp-content\/uploads\/2025\/03\/Pelerin004-170x113.jpg 170w, https:\/\/eglisecatholiqueniger.org\/wp-content\/uploads\/2025\/03\/Pelerin004-81x55.jpg 81w, https:\/\/eglisecatholiqueniger.org\/wp-content\/uploads\/2025\/03\/Pelerin004-765x510.jpg 765w, https:\/\/eglisecatholiqueniger.org\/wp-content\/uploads\/2025\/03\/Pelerin004.jpg 612w\" sizes=\"auto, (max-width: 227px) 100vw, 227px\" \/> \u00a0<img loading=\"lazy\" decoding=\"async\" class=\"alignnone wp-image-1864\" src=\"http:\/\/eglisecatholiqueniger.org\/wp-content\/uploads\/2025\/03\/Pelerin005-300x200.jpg\" alt=\"\" width=\"223\" height=\"148\" srcset=\"https:\/\/eglisecatholiqueniger.org\/wp-content\/uploads\/2025\/03\/Pelerin005-300x200.jpg 300w, https:\/\/eglisecatholiqueniger.org\/wp-content\/uploads\/2025\/03\/Pelerin005-274x183.jpg 274w, https:\/\/eglisecatholiqueniger.org\/wp-content\/uploads\/2025\/03\/Pelerin005-80x54.jpg 80w, https:\/\/eglisecatholiqueniger.org\/wp-content\/uploads\/2025\/03\/Pelerin005-130x87.jpg 130w, https:\/\/eglisecatholiqueniger.org\/wp-content\/uploads\/2025\/03\/Pelerin005-359x240.jpg 359w, https:\/\/eglisecatholiqueniger.org\/wp-content\/uploads\/2025\/03\/Pelerin005-85x57.jpg 85w, https:\/\/eglisecatholiqueniger.org\/wp-content\/uploads\/2025\/03\/Pelerin005-546x365.jpg 546w, https:\/\/eglisecatholiqueniger.org\/wp-content\/uploads\/2025\/03\/Pelerin005-165x109.jpg 165w, https:\/\/eglisecatholiqueniger.org\/wp-content\/uploads\/2025\/03\/Pelerin005-112x75.jpg 112w, https:\/\/eglisecatholiqueniger.org\/wp-content\/uploads\/2025\/03\/Pelerin005-179x120.jpg 179w, https:\/\/eglisecatholiqueniger.org\/wp-content\/uploads\/2025\/03\/Pelerin005-170x113.jpg 170w, https:\/\/eglisecatholiqueniger.org\/wp-content\/uploads\/2025\/03\/Pelerin005-81x55.jpg 81w, https:\/\/eglisecatholiqueniger.org\/wp-content\/uploads\/2025\/03\/Pelerin005-765x510.jpg 765w, https:\/\/eglisecatholiqueniger.org\/wp-content\/uploads\/2025\/03\/Pelerin005.jpg 611w\" sizes=\"auto, (max-width: 223px) 100vw, 223px\" \/> <img loading=\"lazy\" decoding=\"async\" class=\"alignnone wp-image-1865\" src=\"http:\/\/eglisecatholiqueniger.org\/wp-content\/uploads\/2025\/03\/Pelerin-006-300x200.jpg\" alt=\"\" width=\"224\" height=\"149\" srcset=\"https:\/\/eglisecatholiqueniger.org\/wp-content\/uploads\/2025\/03\/Pelerin-006-300x200.jpg 300w, https:\/\/eglisecatholiqueniger.org\/wp-content\/uploads\/2025\/03\/Pelerin-006-274x183.jpg 274w, https:\/\/eglisecatholiqueniger.org\/wp-content\/uploads\/2025\/03\/Pelerin-006-80x54.jpg 80w, https:\/\/eglisecatholiqueniger.org\/wp-content\/uploads\/2025\/03\/Pelerin-006-130x87.jpg 130w, https:\/\/eglisecatholiqueniger.org\/wp-content\/uploads\/2025\/03\/Pelerin-006-359x240.jpg 359w, https:\/\/eglisecatholiqueniger.org\/wp-content\/uploads\/2025\/03\/Pelerin-006-85x57.jpg 85w, https:\/\/eglisecatholiqueniger.org\/wp-content\/uploads\/2025\/03\/Pelerin-006-546x365.jpg 546w, https:\/\/eglisecatholiqueniger.org\/wp-content\/uploads\/2025\/03\/Pelerin-006-165x109.jpg 165w, https:\/\/eglisecatholiqueniger.org\/wp-content\/uploads\/2025\/03\/Pelerin-006-347x233.jpg 347w, https:\/\/eglisecatholiqueniger.org\/wp-content\/uploads\/2025\/03\/Pelerin-006-112x75.jpg 112w, https:\/\/eglisecatholiqueniger.org\/wp-content\/uploads\/2025\/03\/Pelerin-006-179x120.jpg 179w, https:\/\/eglisecatholiqueniger.org\/wp-content\/uploads\/2025\/03\/Pelerin-006-170x113.jpg 170w, https:\/\/eglisecatholiqueniger.org\/wp-content\/uploads\/2025\/03\/Pelerin-006-81x55.jpg 81w, https:\/\/eglisecatholiqueniger.org\/wp-content\/uploads\/2025\/03\/Pelerin-006-765x510.jpg 765w, https:\/\/eglisecatholiqueniger.org\/wp-content\/uploads\/2025\/03\/Pelerin-006.jpg 611w\" sizes=\"auto, (max-width: 224px) 100vw, 224px\" \/> \u00a0<img loading=\"lazy\" decoding=\"async\" class=\"alignnone wp-image-1866\" src=\"http:\/\/eglisecatholiqueniger.org\/wp-content\/uploads\/2025\/03\/Pelerin-007-300x200.jpg\" alt=\"\" width=\"236\" height=\"158\" srcset=\"https:\/\/eglisecatholiqueniger.org\/wp-content\/uploads\/2025\/03\/Pelerin-007-300x200.jpg 300w, https:\/\/eglisecatholiqueniger.org\/wp-content\/uploads\/2025\/03\/Pelerin-007-274x183.jpg 274w, https:\/\/eglisecatholiqueniger.org\/wp-content\/uploads\/2025\/03\/Pelerin-007-364x245.jpg 364w, https:\/\/eglisecatholiqueniger.org\/wp-content\/uploads\/2025\/03\/Pelerin-007-80x54.jpg 80w, https:\/\/eglisecatholiqueniger.org\/wp-content\/uploads\/2025\/03\/Pelerin-007-130x87.jpg 130w, https:\/\/eglisecatholiqueniger.org\/wp-content\/uploads\/2025\/03\/Pelerin-007-359x240.jpg 359w, https:\/\/eglisecatholiqueniger.org\/wp-content\/uploads\/2025\/03\/Pelerin-007-85x57.jpg 85w, https:\/\/eglisecatholiqueniger.org\/wp-content\/uploads\/2025\/03\/Pelerin-007-546x365.jpg 546w, https:\/\/eglisecatholiqueniger.org\/wp-content\/uploads\/2025\/03\/Pelerin-007-266x179.jpg 266w, https:\/\/eglisecatholiqueniger.org\/wp-content\/uploads\/2025\/03\/Pelerin-007-165x109.jpg 165w, https:\/\/eglisecatholiqueniger.org\/wp-content\/uploads\/2025\/03\/Pelerin-007-347x233.jpg 347w, https:\/\/eglisecatholiqueniger.org\/wp-content\/uploads\/2025\/03\/Pelerin-007-112x75.jpg 112w, https:\/\/eglisecatholiqueniger.org\/wp-content\/uploads\/2025\/03\/Pelerin-007-179x120.jpg 179w, https:\/\/eglisecatholiqueniger.org\/wp-content\/uploads\/2025\/03\/Pelerin-007-170x113.jpg 170w, https:\/\/eglisecatholiqueniger.org\/wp-content\/uploads\/2025\/03\/Pelerin-007-81x55.jpg 81w, https:\/\/eglisecatholiqueniger.org\/wp-content\/uploads\/2025\/03\/Pelerin-007-765x510.jpg 765w, https:\/\/eglisecatholiqueniger.org\/wp-content\/uploads\/2025\/03\/Pelerin-007.jpg 611w\" sizes=\"auto, (max-width: 236px) 100vw, 236px\" \/>\u00a0 <img loading=\"lazy\" decoding=\"async\" class=\"alignnone wp-image-1867\" src=\"http:\/\/eglisecatholiqueniger.org\/wp-content\/uploads\/2025\/03\/Pelerin008-300x200.jpg\" alt=\"\" width=\"227\" height=\"151\" srcset=\"https:\/\/eglisecatholiqueniger.org\/wp-content\/uploads\/2025\/03\/Pelerin008-300x200.jpg 300w, https:\/\/eglisecatholiqueniger.org\/wp-content\/uploads\/2025\/03\/Pelerin008-274x183.jpg 274w, https:\/\/eglisecatholiqueniger.org\/wp-content\/uploads\/2025\/03\/Pelerin008-80x54.jpg 80w, https:\/\/eglisecatholiqueniger.org\/wp-content\/uploads\/2025\/03\/Pelerin008-130x87.jpg 130w, https:\/\/eglisecatholiqueniger.org\/wp-content\/uploads\/2025\/03\/Pelerin008-359x240.jpg 359w, https:\/\/eglisecatholiqueniger.org\/wp-content\/uploads\/2025\/03\/Pelerin008-85x57.jpg 85w, https:\/\/eglisecatholiqueniger.org\/wp-content\/uploads\/2025\/03\/Pelerin008-546x365.jpg 546w, https:\/\/eglisecatholiqueniger.org\/wp-content\/uploads\/2025\/03\/Pelerin008-165x109.jpg 165w, https:\/\/eglisecatholiqueniger.org\/wp-content\/uploads\/2025\/03\/Pelerin008-347x233.jpg 347w, https:\/\/eglisecatholiqueniger.org\/wp-content\/uploads\/2025\/03\/Pelerin008-112x75.jpg 112w, https:\/\/eglisecatholiqueniger.org\/wp-content\/uploads\/2025\/03\/Pelerin008-179x120.jpg 179w, https:\/\/eglisecatholiqueniger.org\/wp-content\/uploads\/2025\/03\/Pelerin008-170x113.jpg 170w, https:\/\/eglisecatholiqueniger.org\/wp-content\/uploads\/2025\/03\/Pelerin008-81x55.jpg 81w, https:\/\/eglisecatholiqueniger.org\/wp-content\/uploads\/2025\/03\/Pelerin008-765x510.jpg 765w, https:\/\/eglisecatholiqueniger.org\/wp-content\/uploads\/2025\/03\/Pelerin008.jpg 611w\" sizes=\"auto, (max-width: 227px) 100vw, 227px\" \/>\u00a0<img loading=\"lazy\" decoding=\"async\" class=\"alignnone wp-image-1869\" src=\"http:\/\/eglisecatholiqueniger.org\/wp-content\/uploads\/2025\/03\/Pelerin010-300x200.jpg\" alt=\"\" width=\"233\" height=\"156\" srcset=\"https:\/\/eglisecatholiqueniger.org\/wp-content\/uploads\/2025\/03\/Pelerin010-300x200.jpg 300w, https:\/\/eglisecatholiqueniger.org\/wp-content\/uploads\/2025\/03\/Pelerin010-274x183.jpg 274w, https:\/\/eglisecatholiqueniger.org\/wp-content\/uploads\/2025\/03\/Pelerin010-364x245.jpg 364w, https:\/\/eglisecatholiqueniger.org\/wp-content\/uploads\/2025\/03\/Pelerin010-80x54.jpg 80w, https:\/\/eglisecatholiqueniger.org\/wp-content\/uploads\/2025\/03\/Pelerin010-130x87.jpg 130w, https:\/\/eglisecatholiqueniger.org\/wp-content\/uploads\/2025\/03\/Pelerin010-359x240.jpg 359w, https:\/\/eglisecatholiqueniger.org\/wp-content\/uploads\/2025\/03\/Pelerin010-85x57.jpg 85w, https:\/\/eglisecatholiqueniger.org\/wp-content\/uploads\/2025\/03\/Pelerin010-546x365.jpg 546w, https:\/\/eglisecatholiqueniger.org\/wp-content\/uploads\/2025\/03\/Pelerin010-266x179.jpg 266w, https:\/\/eglisecatholiqueniger.org\/wp-content\/uploads\/2025\/03\/Pelerin010-165x109.jpg 165w, https:\/\/eglisecatholiqueniger.org\/wp-content\/uploads\/2025\/03\/Pelerin010-347x233.jpg 347w, https:\/\/eglisecatholiqueniger.org\/wp-content\/uploads\/2025\/03\/Pelerin010-112x75.jpg 112w, https:\/\/eglisecatholiqueniger.org\/wp-content\/uploads\/2025\/03\/Pelerin010-179x120.jpg 179w, https:\/\/eglisecatholiqueniger.org\/wp-content\/uploads\/2025\/03\/Pelerin010-170x113.jpg 170w, https:\/\/eglisecatholiqueniger.org\/wp-content\/uploads\/2025\/03\/Pelerin010-81x55.jpg 81w, https:\/\/eglisecatholiqueniger.org\/wp-content\/uploads\/2025\/03\/Pelerin010-765x510.jpg 765w, https:\/\/eglisecatholiqueniger.org\/wp-content\/uploads\/2025\/03\/Pelerin010.jpg 611w\" sizes=\"auto, (max-width: 233px) 100vw, 233px\" \/> <img loading=\"lazy\" decoding=\"async\" class=\"alignnone wp-image-1869\" src=\"http:\/\/eglisecatholiqueniger.org\/wp-content\/uploads\/2025\/03\/Pelerin010-300x200.jpg\" alt=\"\" width=\"231\" height=\"154\" srcset=\"https:\/\/eglisecatholiqueniger.org\/wp-content\/uploads\/2025\/03\/Pelerin010-300x200.jpg 300w, https:\/\/eglisecatholiqueniger.org\/wp-content\/uploads\/2025\/03\/Pelerin010-274x183.jpg 274w, https:\/\/eglisecatholiqueniger.org\/wp-content\/uploads\/2025\/03\/Pelerin010-364x245.jpg 364w, https:\/\/eglisecatholiqueniger.org\/wp-content\/uploads\/2025\/03\/Pelerin010-80x54.jpg 80w, https:\/\/eglisecatholiqueniger.org\/wp-content\/uploads\/2025\/03\/Pelerin010-130x87.jpg 130w, https:\/\/eglisecatholiqueniger.org\/wp-content\/uploads\/2025\/03\/Pelerin010-359x240.jpg 359w, https:\/\/eglisecatholiqueniger.org\/wp-content\/uploads\/2025\/03\/Pelerin010-85x57.jpg 85w, https:\/\/eglisecatholiqueniger.org\/wp-content\/uploads\/2025\/03\/Pelerin010-546x365.jpg 546w, https:\/\/eglisecatholiqueniger.org\/wp-content\/uploads\/2025\/03\/Pelerin010-266x179.jpg 266w, https:\/\/eglisecatholiqueniger.org\/wp-content\/uploads\/2025\/03\/Pelerin010-165x109.jpg 165w, https:\/\/eglisecatholiqueniger.org\/wp-content\/uploads\/2025\/03\/Pelerin010-347x233.jpg 347w, https:\/\/eglisecatholiqueniger.org\/wp-content\/uploads\/2025\/03\/Pelerin010-112x75.jpg 112w, https:\/\/eglisecatholiqueniger.org\/wp-content\/uploads\/2025\/03\/Pelerin010-179x120.jpg 179w, https:\/\/eglisecatholiqueniger.org\/wp-content\/uploads\/2025\/03\/Pelerin010-170x113.jpg 170w, https:\/\/eglisecatholiqueniger.org\/wp-content\/uploads\/2025\/03\/Pelerin010-81x55.jpg 81w, https:\/\/eglisecatholiqueniger.org\/wp-content\/uploads\/2025\/03\/Pelerin010-765x510.jpg 765w, https:\/\/eglisecatholiqueniger.org\/wp-content\/uploads\/2025\/03\/Pelerin010.jpg 611w\" sizes=\"auto, (max-width: 231px) 100vw, 231px\" \/><\/p>\n","protected":false},"excerpt":{"rendered":"<p>&nbsp; \u00a0 R\u00e9uni en Eglise Famille autour de notre P\u00e8re Ev\u00eaque, nous voulons rendre gr\u00e2ce\u00a0 au Seigneur pour les bienfaits re\u00e7us pendant l\u2019ann\u00e9e 2024 et lui confier l\u2019Ann\u00e9e 2025, afin &#8230;<\/p>\n","protected":false},"author":3,"featured_media":0,"comment_status":"open","ping_status":"open","sticky":false,"template":"","format":"standard","meta":{"footnotes":""},"categories":[1],"tags":[],"class_list":["post-1859","post","type-post","status-publish","format-standard","category-non-classe"],"_links":{"self":[{"href":"https:\/\/eglisecatholiqueniger.org\/index.php\/wp-json\/wp\/v2\/posts\/1859","targetHints":{"allow":["GET"]}}],"collection":[{"href":"https:\/\/eglisecatholiqueniger.org\/index.php\/wp-json\/wp\/v2\/posts"}],"about":[{"href":"https:\/\/eglisecatholiqueniger.org\/index.php\/wp-json\/wp\/v2\/types\/post"}],"author":[{"embeddable":true,"href":"https:\/\/eglisecatholiqueniger.org\/index.php\/wp-json\/wp\/v2\/users\/3"}],"replies":[{"embeddable":true,"href":"https:\/\/eglisecatholiqueniger.org\/index.php\/wp-json\/wp\/v2\/comments?post=1859"}],"version-history":[{"count":12,"href":"https:\/\/eglisecatholiqueniger.org\/index.php\/wp-json\/wp\/v2\/posts\/1859\/revisions"}],"predecessor-version":[{"id":1891,"href":"https:\/\/eglisecatholiqueniger.org\/index.php\/wp-json\/wp\/v2\/posts\/1859\/revisions\/1891"}],"wp:attachment":[{"href":"https:\/\/eglisecatholiqueniger.org\/index.php\/wp-json\/wp\/v2\/media?parent=1859"}],"wp:term":[{"taxonomy":"category","embeddable":true,"href":"https:\/\/eglisecatholiqueniger.org\/index.php\/wp-json\/wp\/v2\/categories?post=1859"},{"taxonomy":"post_tag","embeddable":true,"href":"https:\/\/eglisecatholiqueniger.org\/index.php\/wp-json\/wp\/v2\/tags?post=1859"}],"curies":[{"name":"wp","href":"https:\/\/api.w.org\/{rel}","templated":true}]}}