{"id":1880,"date":"2025-03-12T17:01:16","date_gmt":"2025-03-12T16:01:16","guid":{"rendered":"https:\/\/eglisecatholiqueniger.org\/?p=1880"},"modified":"2025-03-12T17:01:16","modified_gmt":"2025-03-12T16:01:16","slug":"groupe-de-travail-initiative-paix-au-sahel","status":"publish","type":"post","link":"https:\/\/eglisecatholiqueniger.org\/index.php\/2025\/03\/12\/groupe-de-travail-initiative-paix-au-sahel\/","title":{"rendered":"GROUPE DE TRAVAIL INITIATIVE PAIX AU SAHEL"},"content":{"rendered":"<p><img loading=\"lazy\" decoding=\"async\" class=\"size-medium wp-image-1881 alignleft\" src=\"http:\/\/eglisecatholiqueniger.org\/wp-content\/uploads\/2025\/03\/IMG-20250228-WA0206-300x200.jpg\" alt=\"\" width=\"300\" height=\"200\" srcset=\"https:\/\/eglisecatholiqueniger.org\/wp-content\/uploads\/2025\/03\/IMG-20250228-WA0206-300x200.jpg 300w, https:\/\/eglisecatholiqueniger.org\/wp-content\/uploads\/2025\/03\/IMG-20250228-WA0206-1024x682.jpg 1024w, https:\/\/eglisecatholiqueniger.org\/wp-content\/uploads\/2025\/03\/IMG-20250228-WA0206-768x512.jpg 768w, https:\/\/eglisecatholiqueniger.org\/wp-content\/uploads\/2025\/03\/IMG-20250228-WA0206-1536x1023.jpg 1536w, https:\/\/eglisecatholiqueniger.org\/wp-content\/uploads\/2025\/03\/IMG-20250228-WA0206-274x183.jpg 274w, https:\/\/eglisecatholiqueniger.org\/wp-content\/uploads\/2025\/03\/IMG-20250228-WA0206-80x54.jpg 80w, https:\/\/eglisecatholiqueniger.org\/wp-content\/uploads\/2025\/03\/IMG-20250228-WA0206-130x87.jpg 130w, https:\/\/eglisecatholiqueniger.org\/wp-content\/uploads\/2025\/03\/IMG-20250228-WA0206-359x240.jpg 359w, https:\/\/eglisecatholiqueniger.org\/wp-content\/uploads\/2025\/03\/IMG-20250228-WA0206-85x57.jpg 85w, https:\/\/eglisecatholiqueniger.org\/wp-content\/uploads\/2025\/03\/IMG-20250228-WA0206-546x365.jpg 546w, https:\/\/eglisecatholiqueniger.org\/wp-content\/uploads\/2025\/03\/IMG-20250228-WA0206-165x109.jpg 165w, https:\/\/eglisecatholiqueniger.org\/wp-content\/uploads\/2025\/03\/IMG-20250228-WA0206-347x233.jpg 347w, https:\/\/eglisecatholiqueniger.org\/wp-content\/uploads\/2025\/03\/IMG-20250228-WA0206-112x75.jpg 112w, https:\/\/eglisecatholiqueniger.org\/wp-content\/uploads\/2025\/03\/IMG-20250228-WA0206-179x120.jpg 179w, https:\/\/eglisecatholiqueniger.org\/wp-content\/uploads\/2025\/03\/IMG-20250228-WA0206-170x113.jpg 170w, https:\/\/eglisecatholiqueniger.org\/wp-content\/uploads\/2025\/03\/IMG-20250228-WA0206-81x55.jpg 81w, https:\/\/eglisecatholiqueniger.org\/wp-content\/uploads\/2025\/03\/IMG-20250228-WA0206-765x510.jpg 765w, https:\/\/eglisecatholiqueniger.org\/wp-content\/uploads\/2025\/03\/IMG-20250228-WA0206.jpg 1600w\" sizes=\"auto, (max-width: 300px) 100vw, 300px\" \/><\/p>\n<p>Le groupe de Travail SPI r\u00e9uni en assembl\u00e95 avec pour objectifs Proposer des strat\u00e9gies adapt\u00e9es pour renforcer la coh\u00e9sion sociale, superviser la mise en \u0153uvre des programmes de formation destin\u00e9s aux acteurs locaux, d\u2019\u00e9valuer les avanc\u00e9es des initiatives en cours et d\u2019identifier les axes d\u2019am\u00e9lioration pour renforcer la paix et la stabilit\u00e9 dans la r\u00e9gion. Le groupe a examin\u00e9 les activit\u00e9s r\u00e9alis\u00e9es, les nouvelles activit\u00e9s, en pr\u00e9sence de son Pr\u00e9sident et du Vice-pr\u00e9sident respectivement Son Excellence Monseigneur Laurent Lompo, Archev\u00eaque de Niamey et Coordonnateur National du CDIR Cheick Barham et de la CR\/CRS, le Charg\u00e9 de partenariat CRS, du SEN, les cur\u00e9s des zones d\u2019interventions, les aum\u00f4niers de la CADEV-NIGER et des cadres de la CADEV-NIGER.<\/p>\n<p>Apr\u00e8s la pri\u00e8re d\u2019ouverture dirig\u00e9e par Monseigneur et Cheick Barham, le Pr\u00e9sident du groupe de Travail a donn\u00e9 le mot de bienvenu tout en partageant l\u2019esprit de SPI depuis sa cr\u00e9ation.<\/p>\n<p>Dans les \u00e9changes il faut retenir une mention sp\u00e9ciale adress\u00e9e \u00e0 toute l\u2019\u00e9quipe pour les efforts consentis \u00e7\u00e0 et l\u00e0. L\u2019appr\u00e9ciation positives de la coh\u00e9sion sociale avec une r\u00e9duction des conflits et un engouement pour le vivre ensemble.<\/p>\n<ol start=\"2\">\n<li><strong> \u00c9tat des lieux de la situation au Sahel<\/strong><\/li>\n<\/ol>\n<p><strong>Pr\u00e9sentation de l&rsquo;\u00e9volution r\u00e9cente de la situation s\u00e9curitaire et politique.<\/strong><\/p>\n<ul>\n<li>Augmentation des incidents li\u00e9s aux groupes arm\u00e9s non \u00e9tatiques dans certaines r\u00e9gions.<\/li>\n<li>Mise en place de nouvelles strat\u00e9gies de s\u00e9curit\u00e9 par les gouvernements locaux et partenaires internationaux.<\/li>\n<li>\u00c9volution du dialogue politique et des n\u00e9gociations avec certains groupes.<\/li>\n<li>Impact des changements de gouvernance sur la stabilit\u00e9 r\u00e9gionale.<\/li>\n<\/ul>\n<p><strong>Analyse des d\u00e9fis actuels : conflits arm\u00e9s, crises humanitaires, impact du changement climatique.<\/strong><\/p>\n<ul>\n<li><strong>Conflits arm\u00e9s<\/strong> : Intensification des combats dans certaines zones, affectant les populations civiles et les infrastructures.<\/li>\n<li><strong>Crises humanitaires<\/strong> : Aggravation de la situation alimentaire et sanitaire, d\u00e9placement de populations.<\/li>\n<li><strong>Impact du changement climatique<\/strong> : D\u00e9sertification croissante, rar\u00e9faction des ressources naturelles exacerbant les tensions locales.<\/li>\n<\/ul>\n<p><strong>Retour sur les actions des acteurs locaux et internationaux.<\/strong><\/p>\n<ul>\n<li>Implication des organisations locales dans la m\u00e9diation des conflits.<\/li>\n<li>Initiatives des ONG internationales pour apporter une assistance humanitaire.<\/li>\n<li>Coop\u00e9ration entre les \u00c9tats sah\u00e9liens et les partenaires internationaux pour la s\u00e9curit\u00e9 et le d\u00e9veloppement.<\/li>\n<li>Mise en \u0153uvre de programmes de r\u00e9habilitation et de r\u00e9int\u00e9gration pour les populations affect\u00e9es.<\/li>\n<\/ul>\n<ol start=\"3\">\n<li><strong> Bilan des actions en cours<\/strong><\/li>\n<\/ol>\n<ul>\n<li>Point sur les projets de m\u00e9diation et de dialogue intercommunautaire.<\/li>\n<li>\u00c9valuation des initiatives de d\u00e9veloppement \u00e9conomique et social.<\/li>\n<li><img loading=\"lazy\" decoding=\"async\" class=\"alignnone wp-image-1882\" src=\"http:\/\/eglisecatholiqueniger.org\/wp-content\/uploads\/2025\/03\/IMG-20250228-WA0207-300x200.jpg\" alt=\"\" width=\"269\" height=\"179\" srcset=\"https:\/\/eglisecatholiqueniger.org\/wp-content\/uploads\/2025\/03\/IMG-20250228-WA0207-300x200.jpg 300w, https:\/\/eglisecatholiqueniger.org\/wp-content\/uploads\/2025\/03\/IMG-20250228-WA0207-1024x682.jpg 1024w, https:\/\/eglisecatholiqueniger.org\/wp-content\/uploads\/2025\/03\/IMG-20250228-WA0207-768x512.jpg 768w, https:\/\/eglisecatholiqueniger.org\/wp-content\/uploads\/2025\/03\/IMG-20250228-WA0207-1536x1023.jpg 1536w, https:\/\/eglisecatholiqueniger.org\/wp-content\/uploads\/2025\/03\/IMG-20250228-WA0207-274x183.jpg 274w, https:\/\/eglisecatholiqueniger.org\/wp-content\/uploads\/2025\/03\/IMG-20250228-WA0207-80x54.jpg 80w, https:\/\/eglisecatholiqueniger.org\/wp-content\/uploads\/2025\/03\/IMG-20250228-WA0207-130x87.jpg 130w, https:\/\/eglisecatholiqueniger.org\/wp-content\/uploads\/2025\/03\/IMG-20250228-WA0207-359x240.jpg 359w, https:\/\/eglisecatholiqueniger.org\/wp-content\/uploads\/2025\/03\/IMG-20250228-WA0207-85x57.jpg 85w, https:\/\/eglisecatholiqueniger.org\/wp-content\/uploads\/2025\/03\/IMG-20250228-WA0207-546x365.jpg 546w, https:\/\/eglisecatholiqueniger.org\/wp-content\/uploads\/2025\/03\/IMG-20250228-WA0207-165x109.jpg 165w, https:\/\/eglisecatholiqueniger.org\/wp-content\/uploads\/2025\/03\/IMG-20250228-WA0207-112x75.jpg 112w, https:\/\/eglisecatholiqueniger.org\/wp-content\/uploads\/2025\/03\/IMG-20250228-WA0207-179x120.jpg 179w, https:\/\/eglisecatholiqueniger.org\/wp-content\/uploads\/2025\/03\/IMG-20250228-WA0207-170x113.jpg 170w, https:\/\/eglisecatholiqueniger.org\/wp-content\/uploads\/2025\/03\/IMG-20250228-WA0207-81x55.jpg 81w, https:\/\/eglisecatholiqueniger.org\/wp-content\/uploads\/2025\/03\/IMG-20250228-WA0207-765x510.jpg 765w, https:\/\/eglisecatholiqueniger.org\/wp-content\/uploads\/2025\/03\/IMG-20250228-WA0207.jpg 1600w\" sizes=\"auto, (max-width: 269px) 100vw, 269px\" \/> <img loading=\"lazy\" decoding=\"async\" class=\"alignnone wp-image-1883\" src=\"http:\/\/eglisecatholiqueniger.org\/wp-content\/uploads\/2025\/03\/IMG-20250228-WA0208-300x200.jpg\" alt=\"\" width=\"270\" height=\"180\" srcset=\"https:\/\/eglisecatholiqueniger.org\/wp-content\/uploads\/2025\/03\/IMG-20250228-WA0208-300x200.jpg 300w, https:\/\/eglisecatholiqueniger.org\/wp-content\/uploads\/2025\/03\/IMG-20250228-WA0208-1024x682.jpg 1024w, https:\/\/eglisecatholiqueniger.org\/wp-content\/uploads\/2025\/03\/IMG-20250228-WA0208-768x512.jpg 768w, https:\/\/eglisecatholiqueniger.org\/wp-content\/uploads\/2025\/03\/IMG-20250228-WA0208-1536x1023.jpg 1536w, https:\/\/eglisecatholiqueniger.org\/wp-content\/uploads\/2025\/03\/IMG-20250228-WA0208-274x183.jpg 274w, https:\/\/eglisecatholiqueniger.org\/wp-content\/uploads\/2025\/03\/IMG-20250228-WA0208-80x54.jpg 80w, https:\/\/eglisecatholiqueniger.org\/wp-content\/uploads\/2025\/03\/IMG-20250228-WA0208-130x87.jpg 130w, https:\/\/eglisecatholiqueniger.org\/wp-content\/uploads\/2025\/03\/IMG-20250228-WA0208-359x240.jpg 359w, https:\/\/eglisecatholiqueniger.org\/wp-content\/uploads\/2025\/03\/IMG-20250228-WA0208-85x57.jpg 85w, https:\/\/eglisecatholiqueniger.org\/wp-content\/uploads\/2025\/03\/IMG-20250228-WA0208-546x365.jpg 546w, https:\/\/eglisecatholiqueniger.org\/wp-content\/uploads\/2025\/03\/IMG-20250228-WA0208-165x109.jpg 165w, https:\/\/eglisecatholiqueniger.org\/wp-content\/uploads\/2025\/03\/IMG-20250228-WA0208-347x233.jpg 347w, https:\/\/eglisecatholiqueniger.org\/wp-content\/uploads\/2025\/03\/IMG-20250228-WA0208-112x75.jpg 112w, https:\/\/eglisecatholiqueniger.org\/wp-content\/uploads\/2025\/03\/IMG-20250228-WA0208-179x120.jpg 179w, https:\/\/eglisecatholiqueniger.org\/wp-content\/uploads\/2025\/03\/IMG-20250228-WA0208-170x113.jpg 170w, https:\/\/eglisecatholiqueniger.org\/wp-content\/uploads\/2025\/03\/IMG-20250228-WA0208-81x55.jpg 81w, https:\/\/eglisecatholiqueniger.org\/wp-content\/uploads\/2025\/03\/IMG-20250228-WA0208-765x510.jpg 765w, https:\/\/eglisecatholiqueniger.org\/wp-content\/uploads\/2025\/03\/IMG-20250228-WA0208.jpg 1600w\" sizes=\"auto, (max-width: 270px) 100vw, 270px\" \/><\/li>\n<li>Antoine Yonli<\/li>\n<\/ul>\n","protected":false},"excerpt":{"rendered":"<p>Le groupe de Travail SPI r\u00e9uni en assembl\u00e95 avec pour objectifs Proposer des strat\u00e9gies adapt\u00e9es pour renforcer la coh\u00e9sion sociale, superviser la mise en \u0153uvre des programmes de formation destin\u00e9s &#8230;<\/p>\n","protected":false},"author":3,"featured_media":0,"comment_status":"open","ping_status":"open","sticky":false,"template":"","format":"standard","meta":{"footnotes":""},"categories":[1],"tags":[],"class_list":["post-1880","post","type-post","status-publish","format-standard","category-non-classe"],"_links":{"self":[{"href":"https:\/\/eglisecatholiqueniger.org\/index.php\/wp-json\/wp\/v2\/posts\/1880","targetHints":{"allow":["GET"]}}],"collection":[{"href":"https:\/\/eglisecatholiqueniger.org\/index.php\/wp-json\/wp\/v2\/posts"}],"about":[{"href":"https:\/\/eglisecatholiqueniger.org\/index.php\/wp-json\/wp\/v2\/types\/post"}],"author":[{"embeddable":true,"href":"https:\/\/eglisecatholiqueniger.org\/index.php\/wp-json\/wp\/v2\/users\/3"}],"replies":[{"embeddable":true,"href":"https:\/\/eglisecatholiqueniger.org\/index.php\/wp-json\/wp\/v2\/comments?post=1880"}],"version-history":[{"count":7,"href":"https:\/\/eglisecatholiqueniger.org\/index.php\/wp-json\/wp\/v2\/posts\/1880\/revisions"}],"predecessor-version":[{"id":1892,"href":"https:\/\/eglisecatholiqueniger.org\/index.php\/wp-json\/wp\/v2\/posts\/1880\/revisions\/1892"}],"wp:attachment":[{"href":"https:\/\/eglisecatholiqueniger.org\/index.php\/wp-json\/wp\/v2\/media?parent=1880"}],"wp:term":[{"taxonomy":"category","embeddable":true,"href":"https:\/\/eglisecatholiqueniger.org\/index.php\/wp-json\/wp\/v2\/categories?post=1880"},{"taxonomy":"post_tag","embeddable":true,"href":"https:\/\/eglisecatholiqueniger.org\/index.php\/wp-json\/wp\/v2\/tags?post=1880"}],"curies":[{"name":"wp","href":"https:\/\/api.w.org\/{rel}","templated":true}]}}