{"id":1894,"date":"2025-03-21T15:44:52","date_gmt":"2025-03-21T14:44:52","guid":{"rendered":"https:\/\/eglisecatholiqueniger.org\/?p=1894"},"modified":"2025-03-21T15:44:52","modified_gmt":"2025-03-21T14:44:52","slug":"commission-justice-et-paix","status":"publish","type":"post","link":"https:\/\/eglisecatholiqueniger.org\/index.php\/2025\/03\/21\/commission-justice-et-paix\/","title":{"rendered":"Commission Justice et Paix"},"content":{"rendered":"<p>&nbsp;<\/p>\n<p>&nbsp;<\/p>\n<p><img loading=\"lazy\" decoding=\"async\" class=\"wp-image-1897 aligncenter\" src=\"http:\/\/eglisecatholiqueniger.org\/wp-content\/uploads\/2025\/03\/IMG-20250321-WA0158-300x135.jpg\" alt=\"\" width=\"578\" height=\"260\" srcset=\"https:\/\/eglisecatholiqueniger.org\/wp-content\/uploads\/2025\/03\/IMG-20250321-WA0158-300x135.jpg 300w, https:\/\/eglisecatholiqueniger.org\/wp-content\/uploads\/2025\/03\/IMG-20250321-WA0158-1024x461.jpg 1024w, https:\/\/eglisecatholiqueniger.org\/wp-content\/uploads\/2025\/03\/IMG-20250321-WA0158-768x346.jpg 768w, https:\/\/eglisecatholiqueniger.org\/wp-content\/uploads\/2025\/03\/IMG-20250321-WA0158-1536x691.jpg 1536w, https:\/\/eglisecatholiqueniger.org\/wp-content\/uploads\/2025\/03\/IMG-20250321-WA0158.jpg 1600w\" sizes=\"auto, (max-width: 578px) 100vw, 578px\" \/><\/p>\n<p>Dans le cadre de ses activit\u00e9s, la Commission Justice et Paix, a pr\u00e9vu la mise en place des sous commissions Justice et Paix dans les paroisses de l\u2019Archidioc\u00e8se de Niamey.<\/p>\n<p>Les membres des Comit\u00e9 de Solidarit\u00e9 et de D\u00e9veloppement, les jeunes, les femmes, les hommes sont invit\u00e9s \u00e0 prendre part \u00e0 un cadre d\u2019\u00e9change sur les bases qui r\u00e9gissent le CJP. A cet effet, une d\u00e9l\u00e9gation de la Paroisse de Dosso est invit\u00e9e \u00e0 se joindre \u00e0 la communaut\u00e9 pour participer \u00e0 cet \u00e9change.<\/p>\n<p>Rendu \u00e0 Gaya, le vendredi 14 mars, nous sommes arriv\u00e9s en fin de matin\u00e9e, apr\u00e8s installation, nous avons particip\u00e9 au chemin de le Croix suivi de la Messe. Le samedi nous avons eu un temps d\u2019\u00e9changes avec quelques membres de la Communaut\u00e9. Le dimanche, au moment des annonces une plage a \u00e9t\u00e9 r\u00e9serv\u00e9e pour la pr\u00e9sentation sur les bases de la Commission Justice et Paix, les activit\u00e9s r\u00e9alis\u00e9es, le cahier de charge et \u00e9num\u00e9r\u00e9 quelques difficult\u00e9s \u00e0 Gaya.<\/p>\n<p>Devant une assembl\u00e9e de plus 300 personnes, nous avons pris la parole partager \u00e0 tous ce qu\u2019est la Commission Justice et Paix et ce qu\u2019elle au niveau dioc\u00e9sain et au niveau paroissial. A la fin nous avons partag\u00e9 le cahier de charge. A Gaya, nous avons not\u00e9 des faits de vie comme, le nombre pl\u00e9thorique des talib\u00e9s, qui ont tendance \u00e0 profiter de la gentillesse de certains et faire des rep\u00e9rages pour d\u2019\u00e9ventuelle op\u00e9ration de vol tard dans la nuit. Du fait que la majorit\u00e9 des chr\u00e9tiens viennent des pays c\u00f4tiers, ils n\u2019arrivent pas \u00e0 comprendre que l\u2019Etat ne fait rien pour r\u00e9duire voire m\u00eame contr\u00f4ler ce ph\u00e9nom\u00e8ne.<\/p>\n<p>Apr\u00e8s la Messe, nous avons continu\u00e9 les \u00e9changes avec les membres des CSD et a l\u2019issu, nous avons eu deux d\u00e9l\u00e9gu\u00e9s.<\/p>\n<p><img loading=\"lazy\" decoding=\"async\" class=\"alignnone  wp-image-1898 aligncenter\" src=\"http:\/\/eglisecatholiqueniger.org\/wp-content\/uploads\/2025\/03\/IMG-20250321-WA0159-300x135.jpg\" alt=\"\" width=\"471\" height=\"212\" srcset=\"https:\/\/eglisecatholiqueniger.org\/wp-content\/uploads\/2025\/03\/IMG-20250321-WA0159-300x135.jpg 300w, https:\/\/eglisecatholiqueniger.org\/wp-content\/uploads\/2025\/03\/IMG-20250321-WA0159-1024x461.jpg 1024w, https:\/\/eglisecatholiqueniger.org\/wp-content\/uploads\/2025\/03\/IMG-20250321-WA0159-768x346.jpg 768w, https:\/\/eglisecatholiqueniger.org\/wp-content\/uploads\/2025\/03\/IMG-20250321-WA0159-1536x691.jpg 1536w, https:\/\/eglisecatholiqueniger.org\/wp-content\/uploads\/2025\/03\/IMG-20250321-WA0159.jpg 1600w\" sizes=\"auto, (max-width: 471px) 100vw, 471px\" \/><\/p>\n<p><strong>PAROISSE SAINT JEAN MARIE VIANNEY DE GAYA<\/strong><\/p>\n<ol>\n<li>Eugenie Jos\u00e9phine Sessou<\/li>\n<li>Dr Nicod\u00e8me OROU YARI<\/li>\n<\/ol>\n<p><strong>PAROISSE SAINT CHARLES LWANAGA DE DOSSO<\/strong><\/p>\n<ol>\n<li>Cyrille Etienne Comlan<\/li>\n<li>Mme Sylvie Ogoungbe<\/li>\n<\/ol>\n<p><strong><em>Nous devons toujours \u00e0 l\u2019esprit cette citation du Pape\u00a0: \u00ab\u00a0Nous devons d\u00e9sarmer les mots pour d\u00e9sarmer les esprits et d\u00e9sarmer la Terre\u00a0\u00bb. <\/em><\/strong><\/p>\n<p><strong><em>\u00a0<\/em><\/strong><strong><em>Pour la Commission, la d\u00e9l\u00e9gation, M. Antoine Yonli Assane L.<\/em><\/strong><\/p>\n<p>&nbsp;<\/p>\n","protected":false},"excerpt":{"rendered":"<p>&nbsp; &nbsp; Dans le cadre de ses activit\u00e9s, la Commission Justice et Paix, a pr\u00e9vu la mise en place des sous commissions Justice et Paix dans les paroisses de l\u2019Archidioc\u00e8se &#8230;<\/p>\n","protected":false},"author":3,"featured_media":0,"comment_status":"open","ping_status":"open","sticky":false,"template":"","format":"standard","meta":{"footnotes":""},"categories":[1],"tags":[],"class_list":["post-1894","post","type-post","status-publish","format-standard","category-non-classe"],"_links":{"self":[{"href":"https:\/\/eglisecatholiqueniger.org\/index.php\/wp-json\/wp\/v2\/posts\/1894","targetHints":{"allow":["GET"]}}],"collection":[{"href":"https:\/\/eglisecatholiqueniger.org\/index.php\/wp-json\/wp\/v2\/posts"}],"about":[{"href":"https:\/\/eglisecatholiqueniger.org\/index.php\/wp-json\/wp\/v2\/types\/post"}],"author":[{"embeddable":true,"href":"https:\/\/eglisecatholiqueniger.org\/index.php\/wp-json\/wp\/v2\/users\/3"}],"replies":[{"embeddable":true,"href":"https:\/\/eglisecatholiqueniger.org\/index.php\/wp-json\/wp\/v2\/comments?post=1894"}],"version-history":[{"count":4,"href":"https:\/\/eglisecatholiqueniger.org\/index.php\/wp-json\/wp\/v2\/posts\/1894\/revisions"}],"predecessor-version":[{"id":1901,"href":"https:\/\/eglisecatholiqueniger.org\/index.php\/wp-json\/wp\/v2\/posts\/1894\/revisions\/1901"}],"wp:attachment":[{"href":"https:\/\/eglisecatholiqueniger.org\/index.php\/wp-json\/wp\/v2\/media?parent=1894"}],"wp:term":[{"taxonomy":"category","embeddable":true,"href":"https:\/\/eglisecatholiqueniger.org\/index.php\/wp-json\/wp\/v2\/categories?post=1894"},{"taxonomy":"post_tag","embeddable":true,"href":"https:\/\/eglisecatholiqueniger.org\/index.php\/wp-json\/wp\/v2\/tags?post=1894"}],"curies":[{"name":"wp","href":"https:\/\/api.w.org\/{rel}","templated":true}]}}