{"id":1902,"date":"2025-04-08T10:13:21","date_gmt":"2025-04-08T08:13:21","guid":{"rendered":"https:\/\/eglisecatholiqueniger.org\/?p=1902"},"modified":"2025-04-08T10:13:21","modified_gmt":"2025-04-08T08:13:21","slug":"message-des-eveques-du-niger-aux-communautes-musulmanes-pour-la-fin-du-ramadan","status":"publish","type":"post","link":"https:\/\/eglisecatholiqueniger.org\/index.php\/2025\/04\/08\/message-des-eveques-du-niger-aux-communautes-musulmanes-pour-la-fin-du-ramadan\/","title":{"rendered":"MESSAGE DES EV\u00caQUES DU NIGER AUX COMMUNAUTES MUSULMANES POUR LA FIN DU RAMADAN"},"content":{"rendered":"<p style=\"text-align: center;\"><img loading=\"lazy\" decoding=\"async\" class=\"wp-image-1903 alignleft\" src=\"http:\/\/eglisecatholiqueniger.org\/wp-content\/uploads\/2025\/04\/logo-Eglise-Catholique-300x213.png\" alt=\"\" width=\"198\" height=\"140\" srcset=\"https:\/\/eglisecatholiqueniger.org\/wp-content\/uploads\/2025\/04\/logo-Eglise-Catholique-300x213.png 300w, https:\/\/eglisecatholiqueniger.org\/wp-content\/uploads\/2025\/04\/logo-Eglise-Catholique-768x544.png 768w, https:\/\/eglisecatholiqueniger.org\/wp-content\/uploads\/2025\/04\/logo-Eglise-Catholique.png 851w\" sizes=\"auto, (max-width: 198px) 100vw, 198px\" \/><\/p>\n<p>&nbsp;<\/p>\n<p>Chers amis musulmans,<\/p>\n<p>&nbsp;<\/p>\n<p>C\u2019est une grande joie pour nous, Ev\u00eaques du Niger de vous adresser au nom de toutes les communaut\u00e9s catholiques du Niger, en cette fin du mois b\u00e9ni de Ramadan, nos v\u0153ux les meilleurs.<\/p>\n<p>&nbsp;<\/p>\n<p>Nous connaissons les difficult\u00e9s et les souffrances que vous avez endur\u00e9es et support\u00e9es pendant ce temps privil\u00e9gi\u00e9, eut \u00e9gard \u00e0 la grande chaleur, \u00e0 la chert\u00e9 de la vie et aux attaques terroristes dans plusieurs r\u00e9gions du pays causant de perte en vies humaines, mais aussi, des bless\u00e9s.<\/p>\n<p>&nbsp;<\/p>\n<p>Nous saisissons encore l\u2019occasion apr\u00e8s plusieurs jours de pri\u00e8res dans nos Eglises pour nos 44 concitoyens du village de Fambila tu\u00e9s dans une mosqu\u00e9e le vendredi 21 mars, par des terroristes, pour pr\u00e9senter nos condol\u00e9ances aux familles des victimes. Nous souhaitons \u00e9galement un prompt r\u00e9tablissement aux 13 bless\u00e9s caus\u00e9s par ces attaques terroristes.<\/p>\n<p>&nbsp;<\/p>\n<p>La vie humaine est sacr\u00e9e et la paix est n\u00e9cessaire pour la promouvoir.<\/p>\n<p>&nbsp;<\/p>\n<p>C\u2019est pourquoi, croyants tous en l\u2019unique Dieu, musulmans et chr\u00e9tiens, nous devons tous nous unir pour vaincre le mal et la haine afin de travailler ensemble avec nos \u00e9nergies pour la paix, la s\u00e9curit\u00e9, la r\u00e9conciliation et la coh\u00e9sion sociale.<\/p>\n<p>&nbsp;<\/p>\n<p>Le mois de Ramadan a \u00e9t\u00e9 un moment d\u2019efforts intenses pour la conversion \u00e0 travers la pri\u00e8re, le je\u00fbne et l\u2019aum\u00f4ne. Que le fruit de tous ces efforts \u00e9veille notre conscience \u00e0 ne jamais fermer nos yeux ni nos c\u0153urs face \u00e0 la souffrance de nos fr\u00e8res et s\u0153urs dans les zones d\u2019ins\u00e9curit\u00e9.<\/p>\n<p>&nbsp;<\/p>\n<p>Que le Tout Puissant et Mis\u00e9ricordieux nous aide \u00e0 apprendre le langage de <strong><em>l\u2019amour, de la justice sociale, du respect mutuel et du pardon<\/em><\/strong> dans notre marche souveraine avec les nouvelles autorit\u00e9s \u00e0 qui la destin\u00e9e du Niger est confi\u00e9e.<\/p>\n<p>&nbsp;<\/p>\n<p>Bonne f\u00eate \u00e0 toutes et \u00e0 tous !<\/p>\n<p>&nbsp;<\/p>\n<p>&nbsp;<\/p>\n<p>&nbsp;<\/p>\n<p>&nbsp;<\/p>\n<p>Mgr Laurent D. OUNTEINI LOMPO, Archev\u00eaque de Niamey<\/p>\n<p>Mgr Ambroise OUEDRAOGO, Ev\u00eaque de Maradi<\/p>\n<p>&nbsp;<\/p>\n","protected":false},"excerpt":{"rendered":"<p>&nbsp; Chers amis musulmans, &nbsp; C\u2019est une grande joie pour nous, Ev\u00eaques du Niger de vous adresser au nom de toutes les communaut\u00e9s catholiques du Niger, en cette fin du &#8230;<\/p>\n","protected":false},"author":3,"featured_media":0,"comment_status":"open","ping_status":"open","sticky":false,"template":"","format":"standard","meta":{"footnotes":""},"categories":[1],"tags":[],"class_list":["post-1902","post","type-post","status-publish","format-standard","category-non-classe"],"_links":{"self":[{"href":"https:\/\/eglisecatholiqueniger.org\/index.php\/wp-json\/wp\/v2\/posts\/1902","targetHints":{"allow":["GET"]}}],"collection":[{"href":"https:\/\/eglisecatholiqueniger.org\/index.php\/wp-json\/wp\/v2\/posts"}],"about":[{"href":"https:\/\/eglisecatholiqueniger.org\/index.php\/wp-json\/wp\/v2\/types\/post"}],"author":[{"embeddable":true,"href":"https:\/\/eglisecatholiqueniger.org\/index.php\/wp-json\/wp\/v2\/users\/3"}],"replies":[{"embeddable":true,"href":"https:\/\/eglisecatholiqueniger.org\/index.php\/wp-json\/wp\/v2\/comments?post=1902"}],"version-history":[{"count":3,"href":"https:\/\/eglisecatholiqueniger.org\/index.php\/wp-json\/wp\/v2\/posts\/1902\/revisions"}],"predecessor-version":[{"id":1906,"href":"https:\/\/eglisecatholiqueniger.org\/index.php\/wp-json\/wp\/v2\/posts\/1902\/revisions\/1906"}],"wp:attachment":[{"href":"https:\/\/eglisecatholiqueniger.org\/index.php\/wp-json\/wp\/v2\/media?parent=1902"}],"wp:term":[{"taxonomy":"category","embeddable":true,"href":"https:\/\/eglisecatholiqueniger.org\/index.php\/wp-json\/wp\/v2\/categories?post=1902"},{"taxonomy":"post_tag","embeddable":true,"href":"https:\/\/eglisecatholiqueniger.org\/index.php\/wp-json\/wp\/v2\/tags?post=1902"}],"curies":[{"name":"wp","href":"https:\/\/api.w.org\/{rel}","templated":true}]}}