{"id":1907,"date":"2025-04-12T17:24:20","date_gmt":"2025-04-12T15:24:20","guid":{"rendered":"https:\/\/eglisecatholiqueniger.org\/?p=1907"},"modified":"2025-04-12T17:24:20","modified_gmt":"2025-04-12T15:24:20","slug":"messe-chrismale-a-la-cathedrale-de-niamey","status":"publish","type":"post","link":"https:\/\/eglisecatholiqueniger.org\/index.php\/2025\/04\/12\/messe-chrismale-a-la-cathedrale-de-niamey\/","title":{"rendered":"Messe chrismale \u00e0 la Cath\u00e9drale de Niamey"},"content":{"rendered":"<p>&nbsp;<\/p>\n<p style=\"direction: rtl;\"><img loading=\"lazy\" decoding=\"async\" class=\"size-medium wp-image-1908 alignleft\" src=\"http:\/\/eglisecatholiqueniger.org\/wp-content\/uploads\/2025\/04\/PRESBYT-2025-25-300x200.jpg\" alt=\"\" width=\"300\" height=\"200\" srcset=\"https:\/\/eglisecatholiqueniger.org\/wp-content\/uploads\/2025\/04\/PRESBYT-2025-25-300x200.jpg 300w, https:\/\/eglisecatholiqueniger.org\/wp-content\/uploads\/2025\/04\/PRESBYT-2025-25-1024x683.jpg 1024w, https:\/\/eglisecatholiqueniger.org\/wp-content\/uploads\/2025\/04\/PRESBYT-2025-25-768x512.jpg 768w, https:\/\/eglisecatholiqueniger.org\/wp-content\/uploads\/2025\/04\/PRESBYT-2025-25-1536x1024.jpg 1536w, https:\/\/eglisecatholiqueniger.org\/wp-content\/uploads\/2025\/04\/PRESBYT-2025-25-2048x1365.jpg 2048w, https:\/\/eglisecatholiqueniger.org\/wp-content\/uploads\/2025\/04\/PRESBYT-2025-25-274x183.jpg 274w, https:\/\/eglisecatholiqueniger.org\/wp-content\/uploads\/2025\/04\/PRESBYT-2025-25-80x54.jpg 80w, https:\/\/eglisecatholiqueniger.org\/wp-content\/uploads\/2025\/04\/PRESBYT-2025-25-130x87.jpg 130w, https:\/\/eglisecatholiqueniger.org\/wp-content\/uploads\/2025\/04\/PRESBYT-2025-25-359x240.jpg 359w, https:\/\/eglisecatholiqueniger.org\/wp-content\/uploads\/2025\/04\/PRESBYT-2025-25-85x57.jpg 85w, https:\/\/eglisecatholiqueniger.org\/wp-content\/uploads\/2025\/04\/PRESBYT-2025-25-546x365.jpg 546w, https:\/\/eglisecatholiqueniger.org\/wp-content\/uploads\/2025\/04\/PRESBYT-2025-25-165x109.jpg 165w, https:\/\/eglisecatholiqueniger.org\/wp-content\/uploads\/2025\/04\/PRESBYT-2025-25-347x233.jpg 347w, https:\/\/eglisecatholiqueniger.org\/wp-content\/uploads\/2025\/04\/PRESBYT-2025-25-112x75.jpg 112w, https:\/\/eglisecatholiqueniger.org\/wp-content\/uploads\/2025\/04\/PRESBYT-2025-25-179x120.jpg 179w, https:\/\/eglisecatholiqueniger.org\/wp-content\/uploads\/2025\/04\/PRESBYT-2025-25-170x113.jpg 170w, https:\/\/eglisecatholiqueniger.org\/wp-content\/uploads\/2025\/04\/PRESBYT-2025-25-81x55.jpg 81w, https:\/\/eglisecatholiqueniger.org\/wp-content\/uploads\/2025\/04\/PRESBYT-2025-25-765x510.jpg 765w\" sizes=\"auto, (max-width: 300px) 100vw, 300px\" \/> \u00a0 \u00a0\u00a0\u00a0\u00a0Comme chaque ann\u00e9e, les pr\u00eatres de l\u2019Archidioc\u00e8se de Niamey se sont retrouv\u00e9s \u00e0 la Cath\u00e9drale, autour de leur Ev\u00eaque,\u00a0 pour la messe chrismale. De nombreux fid\u00e8les chr\u00e9tiens venus de toutes les paroisses de Niamey, y ont \u00e9galement pris part, dans une ambiance de pri\u00e8re, mais \u00e9galement de joie et de communion. C\u2019est pendant cette liturgie que l\u2019archev\u00eaque b\u00e9nit les trois huiles qui serviront \u00e0 la c\u00e9l\u00e9bration des sacrements.<\/p>\n<p><strong>La premi\u00e8re huile<\/strong> est\u00a0celle des cat\u00e9chum\u00e8nes, qui servira lors des \u00a0bapt\u00eames, et qui symbolise la force et la lutte contre le mal.<\/p>\n<p><strong>La deuxi\u00e8me huile<\/strong> est celle pour le sacrement des malades, qui servira au moment de l\u2019extr\u00eame onction. \u00ab\u00a0Elle est l\u00e0 aussi un symbole de force.<\/p>\n<p><strong>La troisi\u00e8me huile<\/strong> est le Saint-Chr\u00eame qui servira pour la c\u00e9l\u00e9bration du bapt\u00eame, des ordinations et de la confirmation. Elle est certainement l\u2019huile \u00ab\u00a0la plus importante des trois,<\/p>\n<p>&nbsp;<\/p>\n<p><img loading=\"lazy\" decoding=\"async\" class=\"alignnone  wp-image-1913\" src=\"http:\/\/eglisecatholiqueniger.org\/wp-content\/uploads\/2025\/04\/PRESBYT-2025-11-300x200.jpg\" alt=\"\" width=\"200\" height=\"133\" srcset=\"https:\/\/eglisecatholiqueniger.org\/wp-content\/uploads\/2025\/04\/PRESBYT-2025-11-300x200.jpg 300w, https:\/\/eglisecatholiqueniger.org\/wp-content\/uploads\/2025\/04\/PRESBYT-2025-11-1024x683.jpg 1024w, https:\/\/eglisecatholiqueniger.org\/wp-content\/uploads\/2025\/04\/PRESBYT-2025-11-768x512.jpg 768w, https:\/\/eglisecatholiqueniger.org\/wp-content\/uploads\/2025\/04\/PRESBYT-2025-11-1536x1024.jpg 1536w, https:\/\/eglisecatholiqueniger.org\/wp-content\/uploads\/2025\/04\/PRESBYT-2025-11-2048x1365.jpg 2048w, https:\/\/eglisecatholiqueniger.org\/wp-content\/uploads\/2025\/04\/PRESBYT-2025-11-274x183.jpg 274w, https:\/\/eglisecatholiqueniger.org\/wp-content\/uploads\/2025\/04\/PRESBYT-2025-11-80x54.jpg 80w, https:\/\/eglisecatholiqueniger.org\/wp-content\/uploads\/2025\/04\/PRESBYT-2025-11-130x87.jpg 130w, https:\/\/eglisecatholiqueniger.org\/wp-content\/uploads\/2025\/04\/PRESBYT-2025-11-359x240.jpg 359w, https:\/\/eglisecatholiqueniger.org\/wp-content\/uploads\/2025\/04\/PRESBYT-2025-11-85x57.jpg 85w, https:\/\/eglisecatholiqueniger.org\/wp-content\/uploads\/2025\/04\/PRESBYT-2025-11-546x365.jpg 546w, https:\/\/eglisecatholiqueniger.org\/wp-content\/uploads\/2025\/04\/PRESBYT-2025-11-165x109.jpg 165w, https:\/\/eglisecatholiqueniger.org\/wp-content\/uploads\/2025\/04\/PRESBYT-2025-11-347x233.jpg 347w, https:\/\/eglisecatholiqueniger.org\/wp-content\/uploads\/2025\/04\/PRESBYT-2025-11-112x75.jpg 112w, https:\/\/eglisecatholiqueniger.org\/wp-content\/uploads\/2025\/04\/PRESBYT-2025-11-179x120.jpg 179w, https:\/\/eglisecatholiqueniger.org\/wp-content\/uploads\/2025\/04\/PRESBYT-2025-11-170x113.jpg 170w, https:\/\/eglisecatholiqueniger.org\/wp-content\/uploads\/2025\/04\/PRESBYT-2025-11-81x55.jpg 81w, https:\/\/eglisecatholiqueniger.org\/wp-content\/uploads\/2025\/04\/PRESBYT-2025-11-765x510.jpg 765w\" sizes=\"auto, (max-width: 200px) 100vw, 200px\" \/><img loading=\"lazy\" decoding=\"async\" class=\"alignnone  wp-image-1917\" src=\"http:\/\/eglisecatholiqueniger.org\/wp-content\/uploads\/2025\/04\/PRESBYT-2025-12-300x200.jpg\" alt=\"\" width=\"201\" height=\"134\" srcset=\"https:\/\/eglisecatholiqueniger.org\/wp-content\/uploads\/2025\/04\/PRESBYT-2025-12-300x200.jpg 300w, https:\/\/eglisecatholiqueniger.org\/wp-content\/uploads\/2025\/04\/PRESBYT-2025-12-1024x683.jpg 1024w, https:\/\/eglisecatholiqueniger.org\/wp-content\/uploads\/2025\/04\/PRESBYT-2025-12-768x512.jpg 768w, https:\/\/eglisecatholiqueniger.org\/wp-content\/uploads\/2025\/04\/PRESBYT-2025-12-1536x1024.jpg 1536w, https:\/\/eglisecatholiqueniger.org\/wp-content\/uploads\/2025\/04\/PRESBYT-2025-12-2048x1365.jpg 2048w, https:\/\/eglisecatholiqueniger.org\/wp-content\/uploads\/2025\/04\/PRESBYT-2025-12-274x183.jpg 274w, https:\/\/eglisecatholiqueniger.org\/wp-content\/uploads\/2025\/04\/PRESBYT-2025-12-364x245.jpg 364w, https:\/\/eglisecatholiqueniger.org\/wp-content\/uploads\/2025\/04\/PRESBYT-2025-12-80x54.jpg 80w, https:\/\/eglisecatholiqueniger.org\/wp-content\/uploads\/2025\/04\/PRESBYT-2025-12-130x87.jpg 130w, https:\/\/eglisecatholiqueniger.org\/wp-content\/uploads\/2025\/04\/PRESBYT-2025-12-359x240.jpg 359w, https:\/\/eglisecatholiqueniger.org\/wp-content\/uploads\/2025\/04\/PRESBYT-2025-12-85x57.jpg 85w, https:\/\/eglisecatholiqueniger.org\/wp-content\/uploads\/2025\/04\/PRESBYT-2025-12-546x365.jpg 546w, https:\/\/eglisecatholiqueniger.org\/wp-content\/uploads\/2025\/04\/PRESBYT-2025-12-266x179.jpg 266w, https:\/\/eglisecatholiqueniger.org\/wp-content\/uploads\/2025\/04\/PRESBYT-2025-12-165x109.jpg 165w, https:\/\/eglisecatholiqueniger.org\/wp-content\/uploads\/2025\/04\/PRESBYT-2025-12-347x233.jpg 347w, https:\/\/eglisecatholiqueniger.org\/wp-content\/uploads\/2025\/04\/PRESBYT-2025-12-112x75.jpg 112w, https:\/\/eglisecatholiqueniger.org\/wp-content\/uploads\/2025\/04\/PRESBYT-2025-12-179x120.jpg 179w, https:\/\/eglisecatholiqueniger.org\/wp-content\/uploads\/2025\/04\/PRESBYT-2025-12-170x113.jpg 170w, https:\/\/eglisecatholiqueniger.org\/wp-content\/uploads\/2025\/04\/PRESBYT-2025-12-81x55.jpg 81w, https:\/\/eglisecatholiqueniger.org\/wp-content\/uploads\/2025\/04\/PRESBYT-2025-12-765x510.jpg 765w\" sizes=\"auto, (max-width: 201px) 100vw, 201px\" \/><img loading=\"lazy\" decoding=\"async\" class=\"alignnone  wp-image-1912\" src=\"http:\/\/eglisecatholiqueniger.org\/wp-content\/uploads\/2025\/04\/PRESBYT-2025-15-300x200.jpg\" alt=\"\" width=\"200\" height=\"133\" srcset=\"https:\/\/eglisecatholiqueniger.org\/wp-content\/uploads\/2025\/04\/PRESBYT-2025-15-300x200.jpg 300w, https:\/\/eglisecatholiqueniger.org\/wp-content\/uploads\/2025\/04\/PRESBYT-2025-15-1024x683.jpg 1024w, https:\/\/eglisecatholiqueniger.org\/wp-content\/uploads\/2025\/04\/PRESBYT-2025-15-768x512.jpg 768w, https:\/\/eglisecatholiqueniger.org\/wp-content\/uploads\/2025\/04\/PRESBYT-2025-15-1536x1024.jpg 1536w, https:\/\/eglisecatholiqueniger.org\/wp-content\/uploads\/2025\/04\/PRESBYT-2025-15-2048x1365.jpg 2048w, https:\/\/eglisecatholiqueniger.org\/wp-content\/uploads\/2025\/04\/PRESBYT-2025-15-274x183.jpg 274w, https:\/\/eglisecatholiqueniger.org\/wp-content\/uploads\/2025\/04\/PRESBYT-2025-15-80x54.jpg 80w, https:\/\/eglisecatholiqueniger.org\/wp-content\/uploads\/2025\/04\/PRESBYT-2025-15-130x87.jpg 130w, https:\/\/eglisecatholiqueniger.org\/wp-content\/uploads\/2025\/04\/PRESBYT-2025-15-359x240.jpg 359w, https:\/\/eglisecatholiqueniger.org\/wp-content\/uploads\/2025\/04\/PRESBYT-2025-15-85x57.jpg 85w, https:\/\/eglisecatholiqueniger.org\/wp-content\/uploads\/2025\/04\/PRESBYT-2025-15-546x365.jpg 546w, https:\/\/eglisecatholiqueniger.org\/wp-content\/uploads\/2025\/04\/PRESBYT-2025-15-165x109.jpg 165w, https:\/\/eglisecatholiqueniger.org\/wp-content\/uploads\/2025\/04\/PRESBYT-2025-15-347x233.jpg 347w, https:\/\/eglisecatholiqueniger.org\/wp-content\/uploads\/2025\/04\/PRESBYT-2025-15-112x75.jpg 112w, https:\/\/eglisecatholiqueniger.org\/wp-content\/uploads\/2025\/04\/PRESBYT-2025-15-179x120.jpg 179w, https:\/\/eglisecatholiqueniger.org\/wp-content\/uploads\/2025\/04\/PRESBYT-2025-15-170x113.jpg 170w, https:\/\/eglisecatholiqueniger.org\/wp-content\/uploads\/2025\/04\/PRESBYT-2025-15-81x55.jpg 81w, https:\/\/eglisecatholiqueniger.org\/wp-content\/uploads\/2025\/04\/PRESBYT-2025-15-765x510.jpg 765w\" sizes=\"auto, (max-width: 200px) 100vw, 200px\" \/><\/p>\n<p>Dans son hom\u00e9lie, Mgr Laurent a \u00a0dit\u00a0: \u00ab\u00a0Nous-m\u00eames, ce soir, r\u00e9unis dans une m\u00eame assembl\u00e9e entre pr\u00eatres et fid\u00e8les dans une communion d\u2019amour, fixons nos yeux sur J\u00e9sus qui doit faire notre admiration parce qu\u2019il nous r\u00e9v\u00e8le sa mission qui devient la n\u00f4tre \u00e0 travers notre minist\u00e8re baptismal et sacerdotal.\u00a0\u00bb Et de poursuivre\u00a0: \u00ab\u00a0nous n\u2019inventons pas notre mission au gr\u00e9 de nos humeurs ou selon les situations dans lesquelles nous vivons. Nous recevons notre mission de J\u00e9sus comme lui-m\u00eame l\u2019a re\u00e7u du P\u00e8re\u00a0\u00bb. Mgr Laurent a aussi invit\u00e9 les fid\u00e8les \u00e0 prier pour les pr\u00eatres et de fa\u00e7on continuelle, avant d\u2019ajouter\u00a0:\u00a0\u00ab\u00a0ils ont besoin de votre soutien pour avoir la force, la joie et le courage de rendre visible le visage du Christ\u00a0\u00bb. Et s\u2019adressant aux pr\u00eatres, il leur a dit\u00a0: \u00ab\u00a0je voudrai ce soir, exprimer \u00e0 chacun d\u2019entre vous mes remerciements pour tout ce que vous faites au quotidien pour manifester l\u2019amour du P\u00e8re en communion avec la mission du Christ. Votre travail est discret, et ne fait pas la Une.. Il est souvent marqu\u00e9 de patience, parfois de doute et de d\u00e9couragement, mais j\u2019en suis persuad\u00e9, il fait avancer le Royaume de Dieu au Niger\u00a0\u00bb.<\/p>\n<p><img loading=\"lazy\" decoding=\"async\" class=\"alignnone size-medium wp-image-1909\" src=\"http:\/\/eglisecatholiqueniger.org\/wp-content\/uploads\/2025\/04\/PRESBYT-2025-22-300x200.jpg\" alt=\"\" width=\"300\" height=\"200\" srcset=\"https:\/\/eglisecatholiqueniger.org\/wp-content\/uploads\/2025\/04\/PRESBYT-2025-22-300x200.jpg 300w, https:\/\/eglisecatholiqueniger.org\/wp-content\/uploads\/2025\/04\/PRESBYT-2025-22-1024x683.jpg 1024w, https:\/\/eglisecatholiqueniger.org\/wp-content\/uploads\/2025\/04\/PRESBYT-2025-22-768x512.jpg 768w, https:\/\/eglisecatholiqueniger.org\/wp-content\/uploads\/2025\/04\/PRESBYT-2025-22-1536x1024.jpg 1536w, https:\/\/eglisecatholiqueniger.org\/wp-content\/uploads\/2025\/04\/PRESBYT-2025-22-2048x1365.jpg 2048w, https:\/\/eglisecatholiqueniger.org\/wp-content\/uploads\/2025\/04\/PRESBYT-2025-22-274x183.jpg 274w, https:\/\/eglisecatholiqueniger.org\/wp-content\/uploads\/2025\/04\/PRESBYT-2025-22-80x54.jpg 80w, https:\/\/eglisecatholiqueniger.org\/wp-content\/uploads\/2025\/04\/PRESBYT-2025-22-130x87.jpg 130w, https:\/\/eglisecatholiqueniger.org\/wp-content\/uploads\/2025\/04\/PRESBYT-2025-22-359x240.jpg 359w, https:\/\/eglisecatholiqueniger.org\/wp-content\/uploads\/2025\/04\/PRESBYT-2025-22-85x57.jpg 85w, https:\/\/eglisecatholiqueniger.org\/wp-content\/uploads\/2025\/04\/PRESBYT-2025-22-546x365.jpg 546w, https:\/\/eglisecatholiqueniger.org\/wp-content\/uploads\/2025\/04\/PRESBYT-2025-22-165x109.jpg 165w, https:\/\/eglisecatholiqueniger.org\/wp-content\/uploads\/2025\/04\/PRESBYT-2025-22-347x233.jpg 347w, https:\/\/eglisecatholiqueniger.org\/wp-content\/uploads\/2025\/04\/PRESBYT-2025-22-112x75.jpg 112w, https:\/\/eglisecatholiqueniger.org\/wp-content\/uploads\/2025\/04\/PRESBYT-2025-22-179x120.jpg 179w, https:\/\/eglisecatholiqueniger.org\/wp-content\/uploads\/2025\/04\/PRESBYT-2025-22-170x113.jpg 170w, https:\/\/eglisecatholiqueniger.org\/wp-content\/uploads\/2025\/04\/PRESBYT-2025-22-81x55.jpg 81w, https:\/\/eglisecatholiqueniger.org\/wp-content\/uploads\/2025\/04\/PRESBYT-2025-22-765x510.jpg 765w\" sizes=\"auto, (max-width: 300px) 100vw, 300px\" \/> <img loading=\"lazy\" decoding=\"async\" class=\"alignnone size-medium wp-image-1911\" src=\"http:\/\/eglisecatholiqueniger.org\/wp-content\/uploads\/2025\/04\/PRESBYT-2025-24-300x200.jpg\" alt=\"\" width=\"300\" height=\"200\" srcset=\"https:\/\/eglisecatholiqueniger.org\/wp-content\/uploads\/2025\/04\/PRESBYT-2025-24-300x200.jpg 300w, https:\/\/eglisecatholiqueniger.org\/wp-content\/uploads\/2025\/04\/PRESBYT-2025-24-1024x683.jpg 1024w, https:\/\/eglisecatholiqueniger.org\/wp-content\/uploads\/2025\/04\/PRESBYT-2025-24-768x512.jpg 768w, https:\/\/eglisecatholiqueniger.org\/wp-content\/uploads\/2025\/04\/PRESBYT-2025-24-1536x1024.jpg 1536w, https:\/\/eglisecatholiqueniger.org\/wp-content\/uploads\/2025\/04\/PRESBYT-2025-24-2048x1365.jpg 2048w, https:\/\/eglisecatholiqueniger.org\/wp-content\/uploads\/2025\/04\/PRESBYT-2025-24-274x183.jpg 274w, https:\/\/eglisecatholiqueniger.org\/wp-content\/uploads\/2025\/04\/PRESBYT-2025-24-80x54.jpg 80w, https:\/\/eglisecatholiqueniger.org\/wp-content\/uploads\/2025\/04\/PRESBYT-2025-24-130x87.jpg 130w, https:\/\/eglisecatholiqueniger.org\/wp-content\/uploads\/2025\/04\/PRESBYT-2025-24-359x240.jpg 359w, https:\/\/eglisecatholiqueniger.org\/wp-content\/uploads\/2025\/04\/PRESBYT-2025-24-85x57.jpg 85w, https:\/\/eglisecatholiqueniger.org\/wp-content\/uploads\/2025\/04\/PRESBYT-2025-24-546x365.jpg 546w, https:\/\/eglisecatholiqueniger.org\/wp-content\/uploads\/2025\/04\/PRESBYT-2025-24-165x109.jpg 165w, https:\/\/eglisecatholiqueniger.org\/wp-content\/uploads\/2025\/04\/PRESBYT-2025-24-347x233.jpg 347w, https:\/\/eglisecatholiqueniger.org\/wp-content\/uploads\/2025\/04\/PRESBYT-2025-24-112x75.jpg 112w, https:\/\/eglisecatholiqueniger.org\/wp-content\/uploads\/2025\/04\/PRESBYT-2025-24-179x120.jpg 179w, https:\/\/eglisecatholiqueniger.org\/wp-content\/uploads\/2025\/04\/PRESBYT-2025-24-170x113.jpg 170w, https:\/\/eglisecatholiqueniger.org\/wp-content\/uploads\/2025\/04\/PRESBYT-2025-24-81x55.jpg 81w, https:\/\/eglisecatholiqueniger.org\/wp-content\/uploads\/2025\/04\/PRESBYT-2025-24-765x510.jpg 765w\" sizes=\"auto, (max-width: 300px) 100vw, 300px\" \/> <img loading=\"lazy\" decoding=\"async\" class=\"alignnone size-medium wp-image-1908\" src=\"http:\/\/eglisecatholiqueniger.org\/wp-content\/uploads\/2025\/04\/PRESBYT-2025-25-300x200.jpg\" alt=\"\" width=\"300\" height=\"200\" srcset=\"https:\/\/eglisecatholiqueniger.org\/wp-content\/uploads\/2025\/04\/PRESBYT-2025-25-300x200.jpg 300w, https:\/\/eglisecatholiqueniger.org\/wp-content\/uploads\/2025\/04\/PRESBYT-2025-25-1024x683.jpg 1024w, https:\/\/eglisecatholiqueniger.org\/wp-content\/uploads\/2025\/04\/PRESBYT-2025-25-768x512.jpg 768w, https:\/\/eglisecatholiqueniger.org\/wp-content\/uploads\/2025\/04\/PRESBYT-2025-25-1536x1024.jpg 1536w, https:\/\/eglisecatholiqueniger.org\/wp-content\/uploads\/2025\/04\/PRESBYT-2025-25-2048x1365.jpg 2048w, https:\/\/eglisecatholiqueniger.org\/wp-content\/uploads\/2025\/04\/PRESBYT-2025-25-274x183.jpg 274w, https:\/\/eglisecatholiqueniger.org\/wp-content\/uploads\/2025\/04\/PRESBYT-2025-25-80x54.jpg 80w, https:\/\/eglisecatholiqueniger.org\/wp-content\/uploads\/2025\/04\/PRESBYT-2025-25-130x87.jpg 130w, https:\/\/eglisecatholiqueniger.org\/wp-content\/uploads\/2025\/04\/PRESBYT-2025-25-359x240.jpg 359w, https:\/\/eglisecatholiqueniger.org\/wp-content\/uploads\/2025\/04\/PRESBYT-2025-25-85x57.jpg 85w, https:\/\/eglisecatholiqueniger.org\/wp-content\/uploads\/2025\/04\/PRESBYT-2025-25-546x365.jpg 546w, https:\/\/eglisecatholiqueniger.org\/wp-content\/uploads\/2025\/04\/PRESBYT-2025-25-165x109.jpg 165w, https:\/\/eglisecatholiqueniger.org\/wp-content\/uploads\/2025\/04\/PRESBYT-2025-25-347x233.jpg 347w, https:\/\/eglisecatholiqueniger.org\/wp-content\/uploads\/2025\/04\/PRESBYT-2025-25-112x75.jpg 112w, https:\/\/eglisecatholiqueniger.org\/wp-content\/uploads\/2025\/04\/PRESBYT-2025-25-179x120.jpg 179w, https:\/\/eglisecatholiqueniger.org\/wp-content\/uploads\/2025\/04\/PRESBYT-2025-25-170x113.jpg 170w, https:\/\/eglisecatholiqueniger.org\/wp-content\/uploads\/2025\/04\/PRESBYT-2025-25-81x55.jpg 81w, https:\/\/eglisecatholiqueniger.org\/wp-content\/uploads\/2025\/04\/PRESBYT-2025-25-765x510.jpg 765w\" sizes=\"auto, (max-width: 300px) 100vw, 300px\" \/><img loading=\"lazy\" decoding=\"async\" class=\"alignnone size-medium wp-image-1910\" src=\"http:\/\/eglisecatholiqueniger.org\/wp-content\/uploads\/2025\/04\/PRESBYT-2025-14-300x200.jpg\" alt=\"\" width=\"300\" height=\"200\" srcset=\"https:\/\/eglisecatholiqueniger.org\/wp-content\/uploads\/2025\/04\/PRESBYT-2025-14-300x200.jpg 300w, https:\/\/eglisecatholiqueniger.org\/wp-content\/uploads\/2025\/04\/PRESBYT-2025-14-1024x683.jpg 1024w, https:\/\/eglisecatholiqueniger.org\/wp-content\/uploads\/2025\/04\/PRESBYT-2025-14-768x512.jpg 768w, https:\/\/eglisecatholiqueniger.org\/wp-content\/uploads\/2025\/04\/PRESBYT-2025-14-1536x1024.jpg 1536w, https:\/\/eglisecatholiqueniger.org\/wp-content\/uploads\/2025\/04\/PRESBYT-2025-14-2048x1365.jpg 2048w, https:\/\/eglisecatholiqueniger.org\/wp-content\/uploads\/2025\/04\/PRESBYT-2025-14-274x183.jpg 274w, https:\/\/eglisecatholiqueniger.org\/wp-content\/uploads\/2025\/04\/PRESBYT-2025-14-80x54.jpg 80w, https:\/\/eglisecatholiqueniger.org\/wp-content\/uploads\/2025\/04\/PRESBYT-2025-14-130x87.jpg 130w, https:\/\/eglisecatholiqueniger.org\/wp-content\/uploads\/2025\/04\/PRESBYT-2025-14-359x240.jpg 359w, https:\/\/eglisecatholiqueniger.org\/wp-content\/uploads\/2025\/04\/PRESBYT-2025-14-85x57.jpg 85w, https:\/\/eglisecatholiqueniger.org\/wp-content\/uploads\/2025\/04\/PRESBYT-2025-14-546x365.jpg 546w, https:\/\/eglisecatholiqueniger.org\/wp-content\/uploads\/2025\/04\/PRESBYT-2025-14-165x109.jpg 165w, https:\/\/eglisecatholiqueniger.org\/wp-content\/uploads\/2025\/04\/PRESBYT-2025-14-347x233.jpg 347w, https:\/\/eglisecatholiqueniger.org\/wp-content\/uploads\/2025\/04\/PRESBYT-2025-14-112x75.jpg 112w, https:\/\/eglisecatholiqueniger.org\/wp-content\/uploads\/2025\/04\/PRESBYT-2025-14-179x120.jpg 179w, https:\/\/eglisecatholiqueniger.org\/wp-content\/uploads\/2025\/04\/PRESBYT-2025-14-170x113.jpg 170w, https:\/\/eglisecatholiqueniger.org\/wp-content\/uploads\/2025\/04\/PRESBYT-2025-14-81x55.jpg 81w, https:\/\/eglisecatholiqueniger.org\/wp-content\/uploads\/2025\/04\/PRESBYT-2025-14-765x510.jpg 765w\" sizes=\"auto, (max-width: 300px) 100vw, 300px\" \/><\/p>\n<p>&nbsp;<\/p>\n","protected":false},"excerpt":{"rendered":"<p>&nbsp; \u00a0 \u00a0\u00a0\u00a0\u00a0Comme chaque ann\u00e9e, les pr\u00eatres de l\u2019Archidioc\u00e8se de Niamey se sont retrouv\u00e9s \u00e0 la Cath\u00e9drale, autour de leur Ev\u00eaque,\u00a0 pour la messe chrismale. De nombreux fid\u00e8les chr\u00e9tiens venus &#8230;<\/p>\n","protected":false},"author":3,"featured_media":0,"comment_status":"open","ping_status":"open","sticky":false,"template":"","format":"standard","meta":{"footnotes":""},"categories":[1],"tags":[],"class_list":["post-1907","post","type-post","status-publish","format-standard","category-non-classe"],"_links":{"self":[{"href":"https:\/\/eglisecatholiqueniger.org\/index.php\/wp-json\/wp\/v2\/posts\/1907","targetHints":{"allow":["GET"]}}],"collection":[{"href":"https:\/\/eglisecatholiqueniger.org\/index.php\/wp-json\/wp\/v2\/posts"}],"about":[{"href":"https:\/\/eglisecatholiqueniger.org\/index.php\/wp-json\/wp\/v2\/types\/post"}],"author":[{"embeddable":true,"href":"https:\/\/eglisecatholiqueniger.org\/index.php\/wp-json\/wp\/v2\/users\/3"}],"replies":[{"embeddable":true,"href":"https:\/\/eglisecatholiqueniger.org\/index.php\/wp-json\/wp\/v2\/comments?post=1907"}],"version-history":[{"count":6,"href":"https:\/\/eglisecatholiqueniger.org\/index.php\/wp-json\/wp\/v2\/posts\/1907\/revisions"}],"predecessor-version":[{"id":1922,"href":"https:\/\/eglisecatholiqueniger.org\/index.php\/wp-json\/wp\/v2\/posts\/1907\/revisions\/1922"}],"wp:attachment":[{"href":"https:\/\/eglisecatholiqueniger.org\/index.php\/wp-json\/wp\/v2\/media?parent=1907"}],"wp:term":[{"taxonomy":"category","embeddable":true,"href":"https:\/\/eglisecatholiqueniger.org\/index.php\/wp-json\/wp\/v2\/categories?post=1907"},{"taxonomy":"post_tag","embeddable":true,"href":"https:\/\/eglisecatholiqueniger.org\/index.php\/wp-json\/wp\/v2\/tags?post=1907"}],"curies":[{"name":"wp","href":"https:\/\/api.w.org\/{rel}","templated":true}]}}