{"id":1925,"date":"2025-04-24T12:27:06","date_gmt":"2025-04-24T10:27:06","guid":{"rendered":"https:\/\/eglisecatholiqueniger.org\/?p=1925"},"modified":"2025-04-24T12:27:06","modified_gmt":"2025-04-24T10:27:06","slug":"message-des-eveques-a-loccasion-de-la-fete-de-paques-2025","status":"publish","type":"post","link":"https:\/\/eglisecatholiqueniger.org\/index.php\/2025\/04\/24\/message-des-eveques-a-loccasion-de-la-fete-de-paques-2025\/","title":{"rendered":"Message des Ev\u00eaques \u00e0 l\u2019occasion de la f\u00eate de P\u00e2ques 2025"},"content":{"rendered":"<p><img loading=\"lazy\" decoding=\"async\" class=\"alignnone size-medium wp-image-1903\" src=\"http:\/\/eglisecatholiqueniger.org\/wp-content\/uploads\/2025\/04\/logo-Eglise-Catholique-300x213.png\" alt=\"\" width=\"300\" height=\"213\" srcset=\"https:\/\/eglisecatholiqueniger.org\/wp-content\/uploads\/2025\/04\/logo-Eglise-Catholique-300x213.png 300w, https:\/\/eglisecatholiqueniger.org\/wp-content\/uploads\/2025\/04\/logo-Eglise-Catholique-768x544.png 768w, https:\/\/eglisecatholiqueniger.org\/wp-content\/uploads\/2025\/04\/logo-Eglise-Catholique.png 851w\" sizes=\"auto, (max-width: 300px) 100vw, 300px\" \/><\/p>\n<p>En ce jour de P\u00e2ques, avec Mgr Ambroise OUEDRAOGO, Administrateur du dioc\u00e8se de Maradi, Mgr Ignatius ANIPU, Ev\u00eaque nomm\u00e9 de Maradi, nous voudrions rejoindre toutes les familles chr\u00e9tiennes et croyantes du Niger pour leur offrir la vie du Ressuscit\u00e9.<\/p>\n<p>P\u00e2ques, c\u2019est la victoire de la vie sur la mort\u00a0! P\u00e2ques, c\u2019est la victoire de la lumi\u00e8re sur la nuit et les t\u00e9n\u00e8bres\u00a0!<\/p>\n<p>Les premi\u00e8res paroles du Christ apr\u00e8s sa r\u00e9surrection sont des paroles pour souhaiter\u00a0: <strong><em>\u00ab\u00a0La Paix soit avec vous\u00a0\u00bb<\/em><\/strong><\/p>\n<p>C\u2019est cette m\u00eame paix que nous souhaitons aux uns et aux autres, surtout en ces temps d\u2019ins\u00e9curit\u00e9 g\u00e9n\u00e9ralis\u00e9e dans notre sous-r\u00e9gion entrainant des d\u00e9placements massifs de la population et des guerres qui mart\u00e8lent le quotidien de tant d\u2019hommes et de femmes de par le monde.<\/p>\n<p>La paix venant de Dieu est la seule qui peut transformer le c\u0153ur des hommes et des femmes abattus par les \u00e9v\u00e8nements douloureux de la vie.<\/p>\n<ul>\n<li>Que la paix du Ressuscit\u00e9 vienne renouer les liens familiaux l\u00e0 o\u00f9 ils ont \u00e9t\u00e9 d\u00e9truits par la m\u00e9chancet\u00e9, l\u2019indiff\u00e9rence, l\u2019injustice et l\u2019arrogance des hommes.<\/li>\n<li>Que la paix du Ressuscit\u00e9 demeure \u00e0 jamais dans vos c\u0153urs et vous donne le d\u00e9sir de la construire pour le bien de votre famille, de votre communaut\u00e9 de croyants, pour votre Eglise et pour toute la nation nig\u00e9rienne en marche pour sa souverainet\u00e9 sous la conduite du Conseil National pour la Sauvegarde de la Patrie.<\/li>\n<\/ul>\n<p>A tous et \u00e0 toutes, Bonne f\u00eate de P\u00e2ques.<\/p>\n<p>&nbsp;<\/p>\n<p>Mgr Laurent LOMPO, Archev\u00eaque de\u00a0Niamey<\/p>\n<p>Mgr Ambroise OUEDRAOGO, Administrateur du dioc\u00e8se de Maradi<\/p>\n<p>Mgr Ignatus ANIPU, Ev\u00eaque nomm\u00e9 de Maradi<\/p>\n","protected":false},"excerpt":{"rendered":"<p>En ce jour de P\u00e2ques, avec Mgr Ambroise OUEDRAOGO, Administrateur du dioc\u00e8se de Maradi, Mgr Ignatius ANIPU, Ev\u00eaque nomm\u00e9 de Maradi, nous voudrions rejoindre toutes les familles chr\u00e9tiennes et croyantes &#8230;<\/p>\n","protected":false},"author":3,"featured_media":0,"comment_status":"open","ping_status":"open","sticky":false,"template":"","format":"standard","meta":{"footnotes":""},"categories":[1],"tags":[],"class_list":["post-1925","post","type-post","status-publish","format-standard","category-non-classe"],"_links":{"self":[{"href":"https:\/\/eglisecatholiqueniger.org\/index.php\/wp-json\/wp\/v2\/posts\/1925","targetHints":{"allow":["GET"]}}],"collection":[{"href":"https:\/\/eglisecatholiqueniger.org\/index.php\/wp-json\/wp\/v2\/posts"}],"about":[{"href":"https:\/\/eglisecatholiqueniger.org\/index.php\/wp-json\/wp\/v2\/types\/post"}],"author":[{"embeddable":true,"href":"https:\/\/eglisecatholiqueniger.org\/index.php\/wp-json\/wp\/v2\/users\/3"}],"replies":[{"embeddable":true,"href":"https:\/\/eglisecatholiqueniger.org\/index.php\/wp-json\/wp\/v2\/comments?post=1925"}],"version-history":[{"count":1,"href":"https:\/\/eglisecatholiqueniger.org\/index.php\/wp-json\/wp\/v2\/posts\/1925\/revisions"}],"predecessor-version":[{"id":1926,"href":"https:\/\/eglisecatholiqueniger.org\/index.php\/wp-json\/wp\/v2\/posts\/1925\/revisions\/1926"}],"wp:attachment":[{"href":"https:\/\/eglisecatholiqueniger.org\/index.php\/wp-json\/wp\/v2\/media?parent=1925"}],"wp:term":[{"taxonomy":"category","embeddable":true,"href":"https:\/\/eglisecatholiqueniger.org\/index.php\/wp-json\/wp\/v2\/categories?post=1925"},{"taxonomy":"post_tag","embeddable":true,"href":"https:\/\/eglisecatholiqueniger.org\/index.php\/wp-json\/wp\/v2\/tags?post=1925"}],"curies":[{"name":"wp","href":"https:\/\/api.w.org\/{rel}","templated":true}]}}