{"id":1927,"date":"2025-04-24T13:23:07","date_gmt":"2025-04-24T11:23:07","guid":{"rendered":"https:\/\/eglisecatholiqueniger.org\/?p=1927"},"modified":"2025-04-24T13:23:07","modified_gmt":"2025-04-24T11:23:07","slug":"larcheveque-de-niamey-annonce-a-la-communaute-la-mort-du-pape-francois","status":"publish","type":"post","link":"https:\/\/eglisecatholiqueniger.org\/index.php\/2025\/04\/24\/larcheveque-de-niamey-annonce-a-la-communaute-la-mort-du-pape-francois\/","title":{"rendered":"L&rsquo;Archev\u00eaque de Niamey annonce \u00e0 la communaut\u00e9 la mort du pape Fran\u00e7ois"},"content":{"rendered":"<p><img loading=\"lazy\" decoding=\"async\" class=\"alignnone size-medium wp-image-1928\" src=\"http:\/\/eglisecatholiqueniger.org\/wp-content\/uploads\/2025\/04\/deces-Pape-212x300.jpg\" alt=\"\" width=\"212\" height=\"300\" srcset=\"https:\/\/eglisecatholiqueniger.org\/wp-content\/uploads\/2025\/04\/deces-Pape-212x300.jpg 212w, https:\/\/eglisecatholiqueniger.org\/wp-content\/uploads\/2025\/04\/deces-Pape-724x1024.jpg 724w, https:\/\/eglisecatholiqueniger.org\/wp-content\/uploads\/2025\/04\/deces-Pape-768x1086.jpg 768w, https:\/\/eglisecatholiqueniger.org\/wp-content\/uploads\/2025\/04\/deces-Pape-1086x1536.jpg 1086w, https:\/\/eglisecatholiqueniger.org\/wp-content\/uploads\/2025\/04\/deces-Pape.jpg 1239w\" sizes=\"auto, (max-width: 212px) 100vw, 212px\" \/>\u00a0<img loading=\"lazy\" decoding=\"async\" class=\"alignnone size-medium wp-image-1933\" src=\"http:\/\/eglisecatholiqueniger.org\/wp-content\/uploads\/2025\/04\/images-1-300x166.jpg\" alt=\"\" width=\"300\" height=\"166\" srcset=\"https:\/\/eglisecatholiqueniger.org\/wp-content\/uploads\/2025\/04\/images-1-300x166.jpg 300w, https:\/\/eglisecatholiqueniger.org\/wp-content\/uploads\/2025\/04\/images-1-546x300.jpg 546w, https:\/\/eglisecatholiqueniger.org\/wp-content\/uploads\/2025\/04\/images-1.jpg 302w\" sizes=\"auto, (max-width: 300px) 100vw, 300px\" \/><\/p>\n<p>Chers\u00a0 fr\u00e8res et s\u0153urs,<\/p>\n<p>Il a plu \u00e0 Dieu de rappeler au pr\u00e8s de lui le Pape Fran\u00e7ois , Pasteur de l&rsquo;Eglise Catholique\u00a0 Universelle, ce lundi 21 avril2025.<\/p>\n<p>Durant son Pontificat, le Pape Fran\u00e7ois a beaucoup \u0153uvr\u00e9\u00a0 pour la paix ,la justice et la fraternit\u00e9 entre les hommes et le peuples.<\/p>\n<p>Profond\u00e9ment attrist\u00e9s par cette nouvelle , en communion avec l&rsquo;Eglise Universelle, nous, Ev\u00eaques du Niger, invitons toutes les personnes de bonne<\/p>\n<p>volont\u00e9 \u00e0 faire monter des pri\u00e8res vers Dieu pour le repos de l&rsquo;\u00e2me\u00a0 de son serviteur, le Pape Fran\u00e7ois ses obs\u00e8ques\u00a0 auront lieu le samedi 26 avril 2025 \u00e0 Rome<\/p>\n<p>Que le Seigneur , dans sa mis\u00e9ricorde , l&rsquo;accueille aupr\u00e8s de lui et qu&rsquo;il lui accorde\u00a0 la r\u00e9compense promise aux serviteurs fid\u00e8les!<\/p>\n<p>Un livre de condol\u00e9ances est ouvert \u00e0 l&rsquo;archev\u00each\u00e9 de Niamey<\/p>\n<p>Mgr\u00a0 Laurent Lompo<\/p>\n<p><img loading=\"lazy\" decoding=\"async\" class=\"alignnone  wp-image-1903\" src=\"http:\/\/eglisecatholiqueniger.org\/wp-content\/uploads\/2025\/04\/logo-Eglise-Catholique-300x213.png\" alt=\"\" width=\"94\" height=\"67\" srcset=\"https:\/\/eglisecatholiqueniger.org\/wp-content\/uploads\/2025\/04\/logo-Eglise-Catholique-300x213.png 300w, https:\/\/eglisecatholiqueniger.org\/wp-content\/uploads\/2025\/04\/logo-Eglise-Catholique-768x544.png 768w, https:\/\/eglisecatholiqueniger.org\/wp-content\/uploads\/2025\/04\/logo-Eglise-Catholique.png 851w\" sizes=\"auto, (max-width: 94px) 100vw, 94px\" \/><\/p>\n","protected":false},"excerpt":{"rendered":"<p>\u00a0 Chers\u00a0 fr\u00e8res et s\u0153urs, Il a plu \u00e0 Dieu de rappeler au pr\u00e8s de lui le Pape Fran\u00e7ois , Pasteur de l&rsquo;Eglise Catholique\u00a0 Universelle, ce lundi 21 avril2025. Durant &#8230;<\/p>\n","protected":false},"author":3,"featured_media":0,"comment_status":"open","ping_status":"open","sticky":false,"template":"","format":"standard","meta":{"footnotes":""},"categories":[1],"tags":[],"class_list":["post-1927","post","type-post","status-publish","format-standard","category-non-classe"],"_links":{"self":[{"href":"https:\/\/eglisecatholiqueniger.org\/index.php\/wp-json\/wp\/v2\/posts\/1927","targetHints":{"allow":["GET"]}}],"collection":[{"href":"https:\/\/eglisecatholiqueniger.org\/index.php\/wp-json\/wp\/v2\/posts"}],"about":[{"href":"https:\/\/eglisecatholiqueniger.org\/index.php\/wp-json\/wp\/v2\/types\/post"}],"author":[{"embeddable":true,"href":"https:\/\/eglisecatholiqueniger.org\/index.php\/wp-json\/wp\/v2\/users\/3"}],"replies":[{"embeddable":true,"href":"https:\/\/eglisecatholiqueniger.org\/index.php\/wp-json\/wp\/v2\/comments?post=1927"}],"version-history":[{"count":12,"href":"https:\/\/eglisecatholiqueniger.org\/index.php\/wp-json\/wp\/v2\/posts\/1927\/revisions"}],"predecessor-version":[{"id":1942,"href":"https:\/\/eglisecatholiqueniger.org\/index.php\/wp-json\/wp\/v2\/posts\/1927\/revisions\/1942"}],"wp:attachment":[{"href":"https:\/\/eglisecatholiqueniger.org\/index.php\/wp-json\/wp\/v2\/media?parent=1927"}],"wp:term":[{"taxonomy":"category","embeddable":true,"href":"https:\/\/eglisecatholiqueniger.org\/index.php\/wp-json\/wp\/v2\/categories?post=1927"},{"taxonomy":"post_tag","embeddable":true,"href":"https:\/\/eglisecatholiqueniger.org\/index.php\/wp-json\/wp\/v2\/tags?post=1927"}],"curies":[{"name":"wp","href":"https:\/\/api.w.org\/{rel}","templated":true}]}}