{"id":1943,"date":"2025-04-29T17:15:52","date_gmt":"2025-04-29T15:15:52","guid":{"rendered":"https:\/\/eglisecatholiqueniger.org\/?p=1943"},"modified":"2025-04-29T17:15:52","modified_gmt":"2025-04-29T15:15:52","slug":"paques-celebrer-la-resurrection-du-christ","status":"publish","type":"post","link":"https:\/\/eglisecatholiqueniger.org\/index.php\/2025\/04\/29\/paques-celebrer-la-resurrection-du-christ\/","title":{"rendered":"P\u00e2ques : c\u00e9l\u00e9brer la r\u00e9surrection du Christ"},"content":{"rendered":"<p><img loading=\"lazy\" decoding=\"async\" class=\"wp-image-1945 alignleft\" src=\"http:\/\/eglisecatholiqueniger.org\/wp-content\/uploads\/2025\/04\/APN3512-300x200.jpg\" alt=\"\" width=\"238\" height=\"158\" srcset=\"https:\/\/eglisecatholiqueniger.org\/wp-content\/uploads\/2025\/04\/APN3512-300x200.jpg 300w, https:\/\/eglisecatholiqueniger.org\/wp-content\/uploads\/2025\/04\/APN3512-1024x683.jpg 1024w, https:\/\/eglisecatholiqueniger.org\/wp-content\/uploads\/2025\/04\/APN3512-768x512.jpg 768w, https:\/\/eglisecatholiqueniger.org\/wp-content\/uploads\/2025\/04\/APN3512-1536x1025.jpg 1536w, https:\/\/eglisecatholiqueniger.org\/wp-content\/uploads\/2025\/04\/APN3512-2048x1367.jpg 2048w, https:\/\/eglisecatholiqueniger.org\/wp-content\/uploads\/2025\/04\/APN3512-274x183.jpg 274w, https:\/\/eglisecatholiqueniger.org\/wp-content\/uploads\/2025\/04\/APN3512-80x54.jpg 80w, https:\/\/eglisecatholiqueniger.org\/wp-content\/uploads\/2025\/04\/APN3512-130x87.jpg 130w, https:\/\/eglisecatholiqueniger.org\/wp-content\/uploads\/2025\/04\/APN3512-359x240.jpg 359w, https:\/\/eglisecatholiqueniger.org\/wp-content\/uploads\/2025\/04\/APN3512-85x57.jpg 85w, https:\/\/eglisecatholiqueniger.org\/wp-content\/uploads\/2025\/04\/APN3512-546x365.jpg 546w, https:\/\/eglisecatholiqueniger.org\/wp-content\/uploads\/2025\/04\/APN3512-165x109.jpg 165w, https:\/\/eglisecatholiqueniger.org\/wp-content\/uploads\/2025\/04\/APN3512-112x75.jpg 112w, https:\/\/eglisecatholiqueniger.org\/wp-content\/uploads\/2025\/04\/APN3512-179x120.jpg 179w, https:\/\/eglisecatholiqueniger.org\/wp-content\/uploads\/2025\/04\/APN3512-170x113.jpg 170w, https:\/\/eglisecatholiqueniger.org\/wp-content\/uploads\/2025\/04\/APN3512-81x55.jpg 81w, https:\/\/eglisecatholiqueniger.org\/wp-content\/uploads\/2025\/04\/APN3512-765x510.jpg 765w\" sizes=\"auto, (max-width: 238px) 100vw, 238px\" \/><\/p>\n<p><strong><em>Apr\u00e8s le long temps du Car\u00eame,\u00a0 <\/em><\/strong><em><strong>La communaut\u00e9 chr\u00e9tienne du Niger a c\u00e9l\u00e9br\u00e9e en communion avec tous les chr\u00e9tiens du monde, la r\u00e9surrection du Christ <\/strong><\/em><strong><em>au cours de la Vigile pascale le samedi soir et le dimanche. <\/em><\/strong><em><strong>Dans un pays \u00e0 majorit\u00e9 musulmane comme le Niger, la c\u00e9l\u00e9bration de P\u00e2ques rev\u00eat un caract\u00e8re particulier, m\u00ealant traditions musulmane et spiritualit\u00e9 chr\u00e9tienne.<\/strong><\/em><\/p>\n<p>Au Niger, o\u00f9 l\u2019islam est la religion dominante, la communaut\u00e9 chr\u00e9tienne est une minorit\u00e9 mais n\u00e9anmoins active et vivante. La c\u00e9l\u00e9bration de P\u00e2ques est une occasion importante pour les chr\u00e9tiens nig\u00e9riens de se rassembler, de prier et de c\u00e9l\u00e9brer leur foi en J\u00e9sus-Christ. C\u2019est la plus grande f\u00eate chr\u00e9tienne.<\/p>\n<p>Les communaut\u00e9s chr\u00e9tiennes \u00e0 travers le pays ont organis\u00e9es des c\u00e9r\u00e9monies sp\u00e9ciales pour marquer la Semaine Sainte, qui culmine avec les c\u00e9l\u00e9brations de P\u00e2ques. Les fid\u00e8les ont particip\u00e9 \u00e0 des processions, des offices religieux et des veill\u00e9es de pri\u00e8re pour comm\u00e9morer la passion, la mort<em> et la r\u00e9surrection de J\u00e9sus<\/em><\/p>\n<p>La tradition chr\u00e9tienne veut donc qu&rsquo;on c\u00e9l\u00e8bre les bapt\u00eames, Pour la communaut\u00e9 chr\u00e9tienne, le bapt\u00eame pendant la Veill\u00e9e Pascale est un rappel de la gr\u00e2ce et de la mis\u00e9ricorde de Dieu, qui appelle chacun \u00e0 la conversion et \u00e0 la communion dans le corps du Christ. C\u2019est ainsi qu\u2019\u00e0 la Cath\u00e9drale de Niamey, plusieurs jeunes ont re\u00e7u le bapt\u00eame.<\/p>\n<p><img loading=\"lazy\" decoding=\"async\" class=\"alignnone  wp-image-1963\" src=\"http:\/\/eglisecatholiqueniger.org\/wp-content\/uploads\/2025\/04\/PAQUES-2025-5-1-300x200.jpg\" alt=\"\" width=\"200\" height=\"133\" srcset=\"https:\/\/eglisecatholiqueniger.org\/wp-content\/uploads\/2025\/04\/PAQUES-2025-5-1-300x200.jpg 300w, https:\/\/eglisecatholiqueniger.org\/wp-content\/uploads\/2025\/04\/PAQUES-2025-5-1-1024x683.jpg 1024w, https:\/\/eglisecatholiqueniger.org\/wp-content\/uploads\/2025\/04\/PAQUES-2025-5-1-768x512.jpg 768w, https:\/\/eglisecatholiqueniger.org\/wp-content\/uploads\/2025\/04\/PAQUES-2025-5-1-1536x1024.jpg 1536w, https:\/\/eglisecatholiqueniger.org\/wp-content\/uploads\/2025\/04\/PAQUES-2025-5-1-2048x1365.jpg 2048w, https:\/\/eglisecatholiqueniger.org\/wp-content\/uploads\/2025\/04\/PAQUES-2025-5-1-274x183.jpg 274w, https:\/\/eglisecatholiqueniger.org\/wp-content\/uploads\/2025\/04\/PAQUES-2025-5-1-80x54.jpg 80w, https:\/\/eglisecatholiqueniger.org\/wp-content\/uploads\/2025\/04\/PAQUES-2025-5-1-130x87.jpg 130w, https:\/\/eglisecatholiqueniger.org\/wp-content\/uploads\/2025\/04\/PAQUES-2025-5-1-359x240.jpg 359w, https:\/\/eglisecatholiqueniger.org\/wp-content\/uploads\/2025\/04\/PAQUES-2025-5-1-85x57.jpg 85w, https:\/\/eglisecatholiqueniger.org\/wp-content\/uploads\/2025\/04\/PAQUES-2025-5-1-546x365.jpg 546w, https:\/\/eglisecatholiqueniger.org\/wp-content\/uploads\/2025\/04\/PAQUES-2025-5-1-165x109.jpg 165w, https:\/\/eglisecatholiqueniger.org\/wp-content\/uploads\/2025\/04\/PAQUES-2025-5-1-347x233.jpg 347w, https:\/\/eglisecatholiqueniger.org\/wp-content\/uploads\/2025\/04\/PAQUES-2025-5-1-112x75.jpg 112w, https:\/\/eglisecatholiqueniger.org\/wp-content\/uploads\/2025\/04\/PAQUES-2025-5-1-179x120.jpg 179w, https:\/\/eglisecatholiqueniger.org\/wp-content\/uploads\/2025\/04\/PAQUES-2025-5-1-170x113.jpg 170w, https:\/\/eglisecatholiqueniger.org\/wp-content\/uploads\/2025\/04\/PAQUES-2025-5-1-81x55.jpg 81w, https:\/\/eglisecatholiqueniger.org\/wp-content\/uploads\/2025\/04\/PAQUES-2025-5-1-765x510.jpg 765w\" sizes=\"auto, (max-width: 200px) 100vw, 200px\" \/> <img loading=\"lazy\" decoding=\"async\" class=\"alignnone  wp-image-1948\" src=\"http:\/\/eglisecatholiqueniger.org\/wp-content\/uploads\/2025\/04\/PAQUES-2025-6-300x200.jpg\" alt=\"\" width=\"200\" height=\"133\" srcset=\"https:\/\/eglisecatholiqueniger.org\/wp-content\/uploads\/2025\/04\/PAQUES-2025-6-300x200.jpg 300w, https:\/\/eglisecatholiqueniger.org\/wp-content\/uploads\/2025\/04\/PAQUES-2025-6-1024x683.jpg 1024w, https:\/\/eglisecatholiqueniger.org\/wp-content\/uploads\/2025\/04\/PAQUES-2025-6-768x512.jpg 768w, https:\/\/eglisecatholiqueniger.org\/wp-content\/uploads\/2025\/04\/PAQUES-2025-6-1536x1024.jpg 1536w, https:\/\/eglisecatholiqueniger.org\/wp-content\/uploads\/2025\/04\/PAQUES-2025-6-2048x1365.jpg 2048w, https:\/\/eglisecatholiqueniger.org\/wp-content\/uploads\/2025\/04\/PAQUES-2025-6-274x183.jpg 274w, https:\/\/eglisecatholiqueniger.org\/wp-content\/uploads\/2025\/04\/PAQUES-2025-6-80x54.jpg 80w, https:\/\/eglisecatholiqueniger.org\/wp-content\/uploads\/2025\/04\/PAQUES-2025-6-130x87.jpg 130w, https:\/\/eglisecatholiqueniger.org\/wp-content\/uploads\/2025\/04\/PAQUES-2025-6-359x240.jpg 359w, https:\/\/eglisecatholiqueniger.org\/wp-content\/uploads\/2025\/04\/PAQUES-2025-6-85x57.jpg 85w, https:\/\/eglisecatholiqueniger.org\/wp-content\/uploads\/2025\/04\/PAQUES-2025-6-546x365.jpg 546w, https:\/\/eglisecatholiqueniger.org\/wp-content\/uploads\/2025\/04\/PAQUES-2025-6-165x109.jpg 165w, https:\/\/eglisecatholiqueniger.org\/wp-content\/uploads\/2025\/04\/PAQUES-2025-6-347x233.jpg 347w, https:\/\/eglisecatholiqueniger.org\/wp-content\/uploads\/2025\/04\/PAQUES-2025-6-112x75.jpg 112w, https:\/\/eglisecatholiqueniger.org\/wp-content\/uploads\/2025\/04\/PAQUES-2025-6-179x120.jpg 179w, https:\/\/eglisecatholiqueniger.org\/wp-content\/uploads\/2025\/04\/PAQUES-2025-6-170x113.jpg 170w, https:\/\/eglisecatholiqueniger.org\/wp-content\/uploads\/2025\/04\/PAQUES-2025-6-81x55.jpg 81w, https:\/\/eglisecatholiqueniger.org\/wp-content\/uploads\/2025\/04\/PAQUES-2025-6-765x510.jpg 765w\" sizes=\"auto, (max-width: 200px) 100vw, 200px\" \/> <img loading=\"lazy\" decoding=\"async\" class=\"alignnone  wp-image-1949\" src=\"http:\/\/eglisecatholiqueniger.org\/wp-content\/uploads\/2025\/04\/PAQUES-2025-8-300x200.jpg\" alt=\"\" width=\"200\" height=\"133\" srcset=\"https:\/\/eglisecatholiqueniger.org\/wp-content\/uploads\/2025\/04\/PAQUES-2025-8-300x200.jpg 300w, https:\/\/eglisecatholiqueniger.org\/wp-content\/uploads\/2025\/04\/PAQUES-2025-8-1024x683.jpg 1024w, https:\/\/eglisecatholiqueniger.org\/wp-content\/uploads\/2025\/04\/PAQUES-2025-8-768x512.jpg 768w, https:\/\/eglisecatholiqueniger.org\/wp-content\/uploads\/2025\/04\/PAQUES-2025-8-1536x1024.jpg 1536w, https:\/\/eglisecatholiqueniger.org\/wp-content\/uploads\/2025\/04\/PAQUES-2025-8-2048x1365.jpg 2048w, https:\/\/eglisecatholiqueniger.org\/wp-content\/uploads\/2025\/04\/PAQUES-2025-8-274x183.jpg 274w, https:\/\/eglisecatholiqueniger.org\/wp-content\/uploads\/2025\/04\/PAQUES-2025-8-80x54.jpg 80w, https:\/\/eglisecatholiqueniger.org\/wp-content\/uploads\/2025\/04\/PAQUES-2025-8-130x87.jpg 130w, https:\/\/eglisecatholiqueniger.org\/wp-content\/uploads\/2025\/04\/PAQUES-2025-8-359x240.jpg 359w, https:\/\/eglisecatholiqueniger.org\/wp-content\/uploads\/2025\/04\/PAQUES-2025-8-85x57.jpg 85w, https:\/\/eglisecatholiqueniger.org\/wp-content\/uploads\/2025\/04\/PAQUES-2025-8-546x365.jpg 546w, https:\/\/eglisecatholiqueniger.org\/wp-content\/uploads\/2025\/04\/PAQUES-2025-8-165x109.jpg 165w, https:\/\/eglisecatholiqueniger.org\/wp-content\/uploads\/2025\/04\/PAQUES-2025-8-347x233.jpg 347w, https:\/\/eglisecatholiqueniger.org\/wp-content\/uploads\/2025\/04\/PAQUES-2025-8-112x75.jpg 112w, https:\/\/eglisecatholiqueniger.org\/wp-content\/uploads\/2025\/04\/PAQUES-2025-8-179x120.jpg 179w, https:\/\/eglisecatholiqueniger.org\/wp-content\/uploads\/2025\/04\/PAQUES-2025-8-170x113.jpg 170w, https:\/\/eglisecatholiqueniger.org\/wp-content\/uploads\/2025\/04\/PAQUES-2025-8-81x55.jpg 81w, https:\/\/eglisecatholiqueniger.org\/wp-content\/uploads\/2025\/04\/PAQUES-2025-8-765x510.jpg 765w\" sizes=\"auto, (max-width: 200px) 100vw, 200px\" \/><\/p>\n<p>Dans son hom\u00e9lie, Mgr Laurent disait\u00a0:\u00a0\u00ab\u00a0Dans quelques instants, nous allons interroger les cat\u00e9chum\u00e8nes pour savoir s\u2019ils rejettent satan et toutes ses \u0153uvres. Chacun d\u2019eux dira\u00a0: <strong><em>\u00ab\u00a0Je le rejette\u00a0\u00bb.<\/em><\/strong> Que cela ne soit pas une pure formalit\u00e9 dans votre vie de chr\u00e9tien. Mais une conviction profonde et par amour pour J\u00e9sus Christ\u00a0 qui a accept\u00e9 de mourir pour que nous ayons la vie.<\/p>\n<p>Dans notre monde d\u2019aujourd\u2019hui, le mal a tendance \u00e0 prendre plus de place dans notre vie \u00e0 tel enseigne que l\u2019auteur de notre existence n\u2019a plus droit de cit\u00e9 dans nos familles, nos communaut\u00e9s et nos lieux de travail etc.<\/p>\n<p>Allons-nous continuer \u00e0 chanter <strong><em>\u00ab\u00a0All\u00e9luia\u00a0\u00bb<\/em><\/strong> si nous ne laissons pas assez de place \u00e0 Dieu, qui par amour pour nous p\u00e9cheurs, a accept\u00e9 d\u2019\u00eatre trait\u00e9 comme un vulgaire, un bandit sur la Croix\u00a0? Rappelons-nous la r\u00e9action du peule au moment o\u00f9 J\u00e9sus est conduit \u00e0 la Croix\u00a0: <strong><em>\u00ab\u00a0A mort, crucifie-le\u00a0\u00bb.<\/em><\/strong><\/p>\n<p><strong>Ne sommes-nous pas ce peuple qui chante la louange du Seigneur en cette nuit sainte, mais avec des l\u00e8vres menteuses pr\u00eatres \u00e0 critiquer et \u00e0 d\u00e9molir le temple de Dieu\u00a0? <\/strong><\/p>\n<p><strong>Ne sommes-nous pas ce peuple qui chante <em>\u00ab\u00a0All\u00e9luia\u00a0\u00bb,<\/em> mais pr\u00eat \u00e0 accueillir les \u0153uvres t\u00e9n\u00e9breuses dans le quotidien de la vie\u00a0? <\/strong><\/p>\n<p><strong>Ne sommes-nous pas ce peuple qui crie lib\u00e9ration, alors que nous faisons tout pour enchainer les pauvres qui sont les amis de Dieu\u00a0? <\/strong><\/p>\n<p><strong>Ne sommes-nous pas ce peuple qui proclame la justice, alors que nous exploitons \u00e0 longueur de nos journ\u00e9es les plus faibles de la soci\u00e9t\u00e9\u00a0? <\/strong><\/p>\n<p>En cette nuit de P\u00e2ques, le Ressuscit\u00e9 nous demande de quitter les t\u00e9n\u00e8bres, le lieu des pratiques incompatibles \u00e0 la foi chr\u00e9tienne. Marchons dans la lumi\u00e8re qu\u2019apporte J\u00e9sus au monde d\u2019aujourd\u2019hui\u00a0; Laissons tomber notre peur, notre tristesse, notre manque d\u2019esp\u00e9rance et engageons-nous \u00e0 la suite du Ressuscit\u00e9 de p\u00e2ques qui nous devance en Galil\u00e9e. Il est d\u00e9sormais notre guide vers Dieu le P\u00e8re qui est fid\u00e8le dans son amour pour les bons et les p\u00e9cheurs que nous sommes. Avec J\u00e9sus Christ, Lumi\u00e8re du monde avan\u00e7ons tous au large sans inqui\u00e9tude, sans peur et d\u00e9couragement car lui-m\u00eame nous a dit\u00a0: <strong><em>\u00ab\u00a0Je suis avec vous jusqu\u2019\u00e0 la fin du monde\u00a0\u00bb<\/em><\/strong> (Mt 28, 20).\u00a0 \u00a0 \u00a0 \u00a0 \u00a0Si nous mettons notre confiance au Ressuscit\u00e9 de p\u00e2ques, sa lumi\u00e8re nous aidera \u00e0 \u00eatre des acteurs de v\u00e9rit\u00e9, de pardon, d\u2019amour et de r\u00e9conciliation dans notre pays, d\u00e9sormais engag\u00e9 pour sa souverainet\u00e9.<\/p>\n<p>Que la r\u00e9surrection du Christ apporte la paix et la s\u00e9curit\u00e9 dont nous avons tant besoin au Niger en ce moment difficile.<\/p>\n<p>Que la r\u00e9surrection du Christ, r\u00e9concilie toutes les familles divis\u00e9es.<\/p>\n<p>Que la r\u00e9surrection du Christ, lib\u00e8re nos c\u0153urs de la peur et nous donne l\u2019audace du t\u00e9moignage dans toutes nos paroisses.<\/p>\n<p>Que la r\u00e9surrection du Christ, donne aux chr\u00e9tiens isol\u00e9s de notre dioc\u00e8se \u00e0 cause de l\u2019ins\u00e9curit\u00e9, l\u2019esp\u00e9rance et la ferme conviction de la proximit\u00e9 de Dieu \u00e0 leurs c\u00f4t\u00e9s.<\/p>\n<p>Que la r\u00e9surrection du Christ, fortifie notre foi au c\u0153ur du monde en difficult\u00e9s.<\/p>\n<p>Que la r\u00e9surrection du Christ, brise nos chaines d\u2019esclavage, repousse loin de nous l\u2019esprit du malin pour nous permettre chaque jour de fixer notre regard sur Dieu, source essentielle de la vie.<\/p>\n<p>Que la r\u00e9surrection du Christ, donne\u00a0 aux nouveaux baptis\u00e9s de notre Archidioc\u00e8se ( ) un enracinement profond dans les valeurs de l\u2019\u00e9vangile afin de briller comme le cierge pascal dans le monde.<\/p>\n<p>Que le Christ en qui nous mettons toute notre confiance, lib\u00e8re tous les otages et change les c\u0153urs de ceux qui les retiennent captifs.<\/p>\n<p>Joyeuse f\u00eate de P\u00e2ques \u00e0 toutes et \u00e0 tous\u00a0\u00bb.<\/p>\n<p><img loading=\"lazy\" decoding=\"async\" class=\"alignnone wp-image-1952\" src=\"http:\/\/eglisecatholiqueniger.org\/wp-content\/uploads\/2025\/04\/PAQUES-2025-7-300x200.jpg\" alt=\"\" width=\"201\" height=\"134\" srcset=\"https:\/\/eglisecatholiqueniger.org\/wp-content\/uploads\/2025\/04\/PAQUES-2025-7-300x200.jpg 300w, https:\/\/eglisecatholiqueniger.org\/wp-content\/uploads\/2025\/04\/PAQUES-2025-7-1024x683.jpg 1024w, https:\/\/eglisecatholiqueniger.org\/wp-content\/uploads\/2025\/04\/PAQUES-2025-7-768x512.jpg 768w, https:\/\/eglisecatholiqueniger.org\/wp-content\/uploads\/2025\/04\/PAQUES-2025-7-1536x1024.jpg 1536w, https:\/\/eglisecatholiqueniger.org\/wp-content\/uploads\/2025\/04\/PAQUES-2025-7-2048x1365.jpg 2048w, https:\/\/eglisecatholiqueniger.org\/wp-content\/uploads\/2025\/04\/PAQUES-2025-7-274x183.jpg 274w, https:\/\/eglisecatholiqueniger.org\/wp-content\/uploads\/2025\/04\/PAQUES-2025-7-364x245.jpg 364w, https:\/\/eglisecatholiqueniger.org\/wp-content\/uploads\/2025\/04\/PAQUES-2025-7-80x54.jpg 80w, https:\/\/eglisecatholiqueniger.org\/wp-content\/uploads\/2025\/04\/PAQUES-2025-7-130x87.jpg 130w, https:\/\/eglisecatholiqueniger.org\/wp-content\/uploads\/2025\/04\/PAQUES-2025-7-359x240.jpg 359w, https:\/\/eglisecatholiqueniger.org\/wp-content\/uploads\/2025\/04\/PAQUES-2025-7-85x57.jpg 85w, https:\/\/eglisecatholiqueniger.org\/wp-content\/uploads\/2025\/04\/PAQUES-2025-7-546x365.jpg 546w, https:\/\/eglisecatholiqueniger.org\/wp-content\/uploads\/2025\/04\/PAQUES-2025-7-266x179.jpg 266w, https:\/\/eglisecatholiqueniger.org\/wp-content\/uploads\/2025\/04\/PAQUES-2025-7-165x109.jpg 165w, https:\/\/eglisecatholiqueniger.org\/wp-content\/uploads\/2025\/04\/PAQUES-2025-7-347x233.jpg 347w, https:\/\/eglisecatholiqueniger.org\/wp-content\/uploads\/2025\/04\/PAQUES-2025-7-112x75.jpg 112w, https:\/\/eglisecatholiqueniger.org\/wp-content\/uploads\/2025\/04\/PAQUES-2025-7-179x120.jpg 179w, https:\/\/eglisecatholiqueniger.org\/wp-content\/uploads\/2025\/04\/PAQUES-2025-7-170x113.jpg 170w, https:\/\/eglisecatholiqueniger.org\/wp-content\/uploads\/2025\/04\/PAQUES-2025-7-81x55.jpg 81w, https:\/\/eglisecatholiqueniger.org\/wp-content\/uploads\/2025\/04\/PAQUES-2025-7-765x510.jpg 765w\" sizes=\"auto, (max-width: 201px) 100vw, 201px\" \/> <img loading=\"lazy\" decoding=\"async\" class=\"alignnone wp-image-1950\" src=\"http:\/\/eglisecatholiqueniger.org\/wp-content\/uploads\/2025\/04\/PAQUES-2025-40-300x200.jpg\" alt=\"\" width=\"202\" height=\"135\" srcset=\"https:\/\/eglisecatholiqueniger.org\/wp-content\/uploads\/2025\/04\/PAQUES-2025-40-300x200.jpg 300w, https:\/\/eglisecatholiqueniger.org\/wp-content\/uploads\/2025\/04\/PAQUES-2025-40-1024x683.jpg 1024w, https:\/\/eglisecatholiqueniger.org\/wp-content\/uploads\/2025\/04\/PAQUES-2025-40-768x512.jpg 768w, https:\/\/eglisecatholiqueniger.org\/wp-content\/uploads\/2025\/04\/PAQUES-2025-40-1536x1024.jpg 1536w, https:\/\/eglisecatholiqueniger.org\/wp-content\/uploads\/2025\/04\/PAQUES-2025-40-2048x1365.jpg 2048w, https:\/\/eglisecatholiqueniger.org\/wp-content\/uploads\/2025\/04\/PAQUES-2025-40-274x183.jpg 274w, https:\/\/eglisecatholiqueniger.org\/wp-content\/uploads\/2025\/04\/PAQUES-2025-40-364x245.jpg 364w, https:\/\/eglisecatholiqueniger.org\/wp-content\/uploads\/2025\/04\/PAQUES-2025-40-80x54.jpg 80w, https:\/\/eglisecatholiqueniger.org\/wp-content\/uploads\/2025\/04\/PAQUES-2025-40-130x87.jpg 130w, https:\/\/eglisecatholiqueniger.org\/wp-content\/uploads\/2025\/04\/PAQUES-2025-40-359x240.jpg 359w, https:\/\/eglisecatholiqueniger.org\/wp-content\/uploads\/2025\/04\/PAQUES-2025-40-85x57.jpg 85w, https:\/\/eglisecatholiqueniger.org\/wp-content\/uploads\/2025\/04\/PAQUES-2025-40-546x365.jpg 546w, https:\/\/eglisecatholiqueniger.org\/wp-content\/uploads\/2025\/04\/PAQUES-2025-40-266x179.jpg 266w, https:\/\/eglisecatholiqueniger.org\/wp-content\/uploads\/2025\/04\/PAQUES-2025-40-165x109.jpg 165w, https:\/\/eglisecatholiqueniger.org\/wp-content\/uploads\/2025\/04\/PAQUES-2025-40-347x233.jpg 347w, https:\/\/eglisecatholiqueniger.org\/wp-content\/uploads\/2025\/04\/PAQUES-2025-40-112x75.jpg 112w, https:\/\/eglisecatholiqueniger.org\/wp-content\/uploads\/2025\/04\/PAQUES-2025-40-179x120.jpg 179w, https:\/\/eglisecatholiqueniger.org\/wp-content\/uploads\/2025\/04\/PAQUES-2025-40-170x113.jpg 170w, https:\/\/eglisecatholiqueniger.org\/wp-content\/uploads\/2025\/04\/PAQUES-2025-40-81x55.jpg 81w, https:\/\/eglisecatholiqueniger.org\/wp-content\/uploads\/2025\/04\/PAQUES-2025-40-765x510.jpg 765w\" sizes=\"auto, (max-width: 202px) 100vw, 202px\" \/><\/p>\n<p>le bapt\u00eame pendant la nuit de P\u00e2ques est un moment sacr\u00e9 et joyeux dans la vie de l&rsquo;\u00c9glise. C&rsquo;est un rappel de la r\u00e9surrection de J\u00e9sus-Christ et de la promesse de vie \u00e9ternelle pour tous ceux qui croient en lui. Que ce soit \u00e0 travers le rite du bapt\u00eame lui-m\u00eame ou par la participation \u00e0 la liturgie de la Veill\u00e9e Pascale, cette nuit sp\u00e9ciale est une occasion de c\u00e9l\u00e9brer la gr\u00e2ce de Dieu qui transforme les c\u0153urs et renouvelle l&rsquo;esp\u00e9rance pour un avenir de lumi\u00e8re et de vie en abondance.<\/p>\n<p>&nbsp;<\/p>\n<p>&nbsp;<\/p>\n<p><img loading=\"lazy\" decoding=\"async\" class=\"alignnone wp-image-1951\" src=\"http:\/\/eglisecatholiqueniger.org\/wp-content\/uploads\/2025\/04\/PAQUES-2025-11-300x200.jpg\" alt=\"\" width=\"274\" height=\"182\" srcset=\"https:\/\/eglisecatholiqueniger.org\/wp-content\/uploads\/2025\/04\/PAQUES-2025-11-300x200.jpg 300w, https:\/\/eglisecatholiqueniger.org\/wp-content\/uploads\/2025\/04\/PAQUES-2025-11-1024x683.jpg 1024w, https:\/\/eglisecatholiqueniger.org\/wp-content\/uploads\/2025\/04\/PAQUES-2025-11-768x512.jpg 768w, https:\/\/eglisecatholiqueniger.org\/wp-content\/uploads\/2025\/04\/PAQUES-2025-11-1536x1024.jpg 1536w, https:\/\/eglisecatholiqueniger.org\/wp-content\/uploads\/2025\/04\/PAQUES-2025-11-2048x1365.jpg 2048w, https:\/\/eglisecatholiqueniger.org\/wp-content\/uploads\/2025\/04\/PAQUES-2025-11-274x183.jpg 274w, https:\/\/eglisecatholiqueniger.org\/wp-content\/uploads\/2025\/04\/PAQUES-2025-11-80x54.jpg 80w, https:\/\/eglisecatholiqueniger.org\/wp-content\/uploads\/2025\/04\/PAQUES-2025-11-130x87.jpg 130w, https:\/\/eglisecatholiqueniger.org\/wp-content\/uploads\/2025\/04\/PAQUES-2025-11-359x240.jpg 359w, https:\/\/eglisecatholiqueniger.org\/wp-content\/uploads\/2025\/04\/PAQUES-2025-11-85x57.jpg 85w, https:\/\/eglisecatholiqueniger.org\/wp-content\/uploads\/2025\/04\/PAQUES-2025-11-546x365.jpg 546w, https:\/\/eglisecatholiqueniger.org\/wp-content\/uploads\/2025\/04\/PAQUES-2025-11-165x109.jpg 165w, https:\/\/eglisecatholiqueniger.org\/wp-content\/uploads\/2025\/04\/PAQUES-2025-11-112x75.jpg 112w, https:\/\/eglisecatholiqueniger.org\/wp-content\/uploads\/2025\/04\/PAQUES-2025-11-179x120.jpg 179w, https:\/\/eglisecatholiqueniger.org\/wp-content\/uploads\/2025\/04\/PAQUES-2025-11-170x113.jpg 170w, https:\/\/eglisecatholiqueniger.org\/wp-content\/uploads\/2025\/04\/PAQUES-2025-11-81x55.jpg 81w, https:\/\/eglisecatholiqueniger.org\/wp-content\/uploads\/2025\/04\/PAQUES-2025-11-765x510.jpg 765w\" sizes=\"auto, (max-width: 274px) 100vw, 274px\" \/> <img loading=\"lazy\" decoding=\"async\" class=\"alignnone wp-image-1955\" src=\"http:\/\/eglisecatholiqueniger.org\/wp-content\/uploads\/2025\/04\/PAQUES-2025-13-2-300x200.jpg\" alt=\"\" width=\"270\" height=\"180\" srcset=\"https:\/\/eglisecatholiqueniger.org\/wp-content\/uploads\/2025\/04\/PAQUES-2025-13-2-300x200.jpg 300w, https:\/\/eglisecatholiqueniger.org\/wp-content\/uploads\/2025\/04\/PAQUES-2025-13-2-1024x683.jpg 1024w, https:\/\/eglisecatholiqueniger.org\/wp-content\/uploads\/2025\/04\/PAQUES-2025-13-2-768x512.jpg 768w, https:\/\/eglisecatholiqueniger.org\/wp-content\/uploads\/2025\/04\/PAQUES-2025-13-2-1536x1024.jpg 1536w, https:\/\/eglisecatholiqueniger.org\/wp-content\/uploads\/2025\/04\/PAQUES-2025-13-2-2048x1365.jpg 2048w, https:\/\/eglisecatholiqueniger.org\/wp-content\/uploads\/2025\/04\/PAQUES-2025-13-2-274x183.jpg 274w, https:\/\/eglisecatholiqueniger.org\/wp-content\/uploads\/2025\/04\/PAQUES-2025-13-2-80x54.jpg 80w, https:\/\/eglisecatholiqueniger.org\/wp-content\/uploads\/2025\/04\/PAQUES-2025-13-2-130x87.jpg 130w, https:\/\/eglisecatholiqueniger.org\/wp-content\/uploads\/2025\/04\/PAQUES-2025-13-2-359x240.jpg 359w, https:\/\/eglisecatholiqueniger.org\/wp-content\/uploads\/2025\/04\/PAQUES-2025-13-2-85x57.jpg 85w, https:\/\/eglisecatholiqueniger.org\/wp-content\/uploads\/2025\/04\/PAQUES-2025-13-2-546x365.jpg 546w, https:\/\/eglisecatholiqueniger.org\/wp-content\/uploads\/2025\/04\/PAQUES-2025-13-2-165x109.jpg 165w, https:\/\/eglisecatholiqueniger.org\/wp-content\/uploads\/2025\/04\/PAQUES-2025-13-2-347x233.jpg 347w, https:\/\/eglisecatholiqueniger.org\/wp-content\/uploads\/2025\/04\/PAQUES-2025-13-2-112x75.jpg 112w, https:\/\/eglisecatholiqueniger.org\/wp-content\/uploads\/2025\/04\/PAQUES-2025-13-2-179x120.jpg 179w, https:\/\/eglisecatholiqueniger.org\/wp-content\/uploads\/2025\/04\/PAQUES-2025-13-2-170x113.jpg 170w, https:\/\/eglisecatholiqueniger.org\/wp-content\/uploads\/2025\/04\/PAQUES-2025-13-2-81x55.jpg 81w, https:\/\/eglisecatholiqueniger.org\/wp-content\/uploads\/2025\/04\/PAQUES-2025-13-2-765x510.jpg 765w\" sizes=\"auto, (max-width: 270px) 100vw, 270px\" \/><\/p>\n<p>&nbsp;<\/p>\n<p>&nbsp;<\/p>\n<p>&nbsp;<\/p>\n<p>&nbsp;<\/p>\n","protected":false},"excerpt":{"rendered":"<p>Apr\u00e8s le long temps du Car\u00eame,\u00a0 La communaut\u00e9 chr\u00e9tienne du Niger a c\u00e9l\u00e9br\u00e9e en communion avec tous les chr\u00e9tiens du monde, la r\u00e9surrection du Christ au cours de la Vigile &#8230;<\/p>\n","protected":false},"author":3,"featured_media":0,"comment_status":"open","ping_status":"open","sticky":false,"template":"","format":"standard","meta":{"footnotes":""},"categories":[1],"tags":[],"class_list":["post-1943","post","type-post","status-publish","format-standard","category-non-classe"],"_links":{"self":[{"href":"https:\/\/eglisecatholiqueniger.org\/index.php\/wp-json\/wp\/v2\/posts\/1943","targetHints":{"allow":["GET"]}}],"collection":[{"href":"https:\/\/eglisecatholiqueniger.org\/index.php\/wp-json\/wp\/v2\/posts"}],"about":[{"href":"https:\/\/eglisecatholiqueniger.org\/index.php\/wp-json\/wp\/v2\/types\/post"}],"author":[{"embeddable":true,"href":"https:\/\/eglisecatholiqueniger.org\/index.php\/wp-json\/wp\/v2\/users\/3"}],"replies":[{"embeddable":true,"href":"https:\/\/eglisecatholiqueniger.org\/index.php\/wp-json\/wp\/v2\/comments?post=1943"}],"version-history":[{"count":12,"href":"https:\/\/eglisecatholiqueniger.org\/index.php\/wp-json\/wp\/v2\/posts\/1943\/revisions"}],"predecessor-version":[{"id":1968,"href":"https:\/\/eglisecatholiqueniger.org\/index.php\/wp-json\/wp\/v2\/posts\/1943\/revisions\/1968"}],"wp:attachment":[{"href":"https:\/\/eglisecatholiqueniger.org\/index.php\/wp-json\/wp\/v2\/media?parent=1943"}],"wp:term":[{"taxonomy":"category","embeddable":true,"href":"https:\/\/eglisecatholiqueniger.org\/index.php\/wp-json\/wp\/v2\/categories?post=1943"},{"taxonomy":"post_tag","embeddable":true,"href":"https:\/\/eglisecatholiqueniger.org\/index.php\/wp-json\/wp\/v2\/tags?post=1943"}],"curies":[{"name":"wp","href":"https:\/\/api.w.org\/{rel}","templated":true}]}}