{"id":1969,"date":"2025-04-30T13:26:04","date_gmt":"2025-04-30T11:26:04","guid":{"rendered":"https:\/\/eglisecatholiqueniger.org\/?p=1969"},"modified":"2025-04-30T13:26:13","modified_gmt":"2025-04-30T11:26:13","slug":"campagne-de-sensibilisation-sur-la-tolerance-culturelle-et-religieuse-a-torodi-spi","status":"publish","type":"post","link":"https:\/\/eglisecatholiqueniger.org\/index.php\/2025\/04\/30\/campagne-de-sensibilisation-sur-la-tolerance-culturelle-et-religieuse-a-torodi-spi\/","title":{"rendered":"campagne de sensibilisation sur la tol\u00e9rance culturelle et religieuse \u00e0 Torodi (SPI)"},"content":{"rendered":"<p><img loading=\"lazy\" decoding=\"async\" class=\"wp-image-1970 aligncenter\" src=\"http:\/\/eglisecatholiqueniger.org\/wp-content\/uploads\/2025\/04\/SPI-300x135.png\" alt=\"\" width=\"460\" height=\"207\" srcset=\"https:\/\/eglisecatholiqueniger.org\/wp-content\/uploads\/2025\/04\/SPI-300x135.png 300w, https:\/\/eglisecatholiqueniger.org\/wp-content\/uploads\/2025\/04\/SPI-768x345.png 768w, https:\/\/eglisecatholiqueniger.org\/wp-content\/uploads\/2025\/04\/SPI.png 916w\" sizes=\"auto, (max-width: 460px) 100vw, 460px\" \/><\/p>\n<p>Dans le cadre de l\u2019Initiative Paix au Sahel (SPI) mise en \u0153uvre par les Conf\u00e9rences \u00c9piscopales R\u00e9gionales d\u2019Afrique de l\u2019Ouest en partenariat avec CRS, une journ\u00e9e d\u2019int\u00e9gration culturelle a \u00e9t\u00e9 organis\u00e9e \u00e0 l\u2019\u00c9cole Mission Catholique Saint Denis de Torodi. Cette activit\u00e9 visait \u00e0 promouvoir la tol\u00e9rance culturelle et religieuse et \u00e0 renforcer la coh\u00e9sion sociale au sein des \u00e9tablissements scolaires accueillant aussi bien des enfants d\u00e9plac\u00e9s internes (PDI) que ceux issus des communaut\u00e9s h\u00f4tes.<\/p>\n<p>L\u2019\u00e9v\u00e9nement a r\u00e9uni plus de <strong>500 enfants<\/strong>, ainsi que des <strong>autorit\u00e9s locales et \u00e9ducatives<\/strong>, notamment le Pr\u00e9fet de Torodi, le Secr\u00e9taire G\u00e9n\u00e9ral, l\u2019Administrateur D\u00e9l\u00e9gu\u00e9, le Commissaire, des hauts grad\u00e9s de la Garde Nationale, les inspecteurs de l\u2019enseignement, des enseignants, des parents d\u2019\u00e9l\u00e8ves et des leaders religieux.<\/p>\n<p>&nbsp;<\/p>\n<p><img loading=\"lazy\" decoding=\"async\" class=\"alignnone wp-image-1972\" src=\"http:\/\/eglisecatholiqueniger.org\/wp-content\/uploads\/2025\/04\/antoine-02-300x184.jpg\" alt=\"\" width=\"264\" height=\"162\" srcset=\"https:\/\/eglisecatholiqueniger.org\/wp-content\/uploads\/2025\/04\/antoine-02-300x184.jpg 300w, https:\/\/eglisecatholiqueniger.org\/wp-content\/uploads\/2025\/04\/antoine-02-702x432.jpg 702w, https:\/\/eglisecatholiqueniger.org\/wp-content\/uploads\/2025\/04\/antoine-02.jpg 626w\" sizes=\"auto, (max-width: 264px) 100vw, 264px\" \/>\u00a0 \u00a0<img loading=\"lazy\" decoding=\"async\" class=\"alignnone wp-image-1973\" src=\"http:\/\/eglisecatholiqueniger.org\/wp-content\/uploads\/2025\/04\/antoine01-300x193.jpg\" alt=\"\" width=\"254\" height=\"163\" srcset=\"https:\/\/eglisecatholiqueniger.org\/wp-content\/uploads\/2025\/04\/antoine01-300x193.jpg 300w, https:\/\/eglisecatholiqueniger.org\/wp-content\/uploads\/2025\/04\/antoine01-179x116.jpg 179w, https:\/\/eglisecatholiqueniger.org\/wp-content\/uploads\/2025\/04\/antoine01-367x237.jpg 367w, https:\/\/eglisecatholiqueniger.org\/wp-content\/uploads\/2025\/04\/antoine01.jpg 602w\" sizes=\"auto, (max-width: 254px) 100vw, 254px\" \/><\/p>\n<p><strong><em>\u00a0 \u00a0 \u00a0 \u00a0 \u00a0 Temp<\/em><\/strong><strong>s forts de la journ\u00e9e :<\/strong><\/p>\n<ul>\n<li>D\u00e9fil\u00e9s culturels pr\u00e9sent\u00e9s par des groupes d&rsquo;\u00e9l\u00e8ves issus des communaut\u00e9s Zarma, Hausa, Peulh, Gulmanc\u00e9ma, illustrant la diversit\u00e9 culturelle de la zone.<\/li>\n<li>Danses traditionnelles, symboles d\u2019identit\u00e9 culturelle et de convivialit\u00e9 entre les jeunes.<\/li>\n<li>Th\u00e9\u00e2tre participatif autour des th\u00e8mes du vivre-ensemble, du respect des valeurs partag\u00e9es et de la tol\u00e9rance intercommunautaire.<\/li>\n<li>Po\u00e8mes, slogans et contes en Zarma, Peulh et fran\u00e7ais traitant de la cohabitation pacifique entre enfants des PDI et des communaut\u00e9s h\u00f4tes.<\/li>\n<\/ul>\n<p><strong>Objectifs atteints :<\/strong><\/p>\n<ul>\n<li>Sensibilisation r\u00e9ussie de plusieurs centaines d\u2019enfants aux valeurs de tol\u00e9rance, de respect et de compr\u00e9hension mutuelle.<\/li>\n<li>Implication active des \u00e9l\u00e8ves et des enseignants \u00e0 travers des activit\u00e9s \u00e9ducatives et culturelles inclusives.<\/li>\n<li>Renforcement du dialogue interreligieux et interculturel dans un cadre scolaire.<\/li>\n<li>Mobilisation effective des autorit\u00e9s locales et du syst\u00e8me \u00e9ducatif, renfor\u00e7ant la l\u00e9gitimit\u00e9 et l\u2019impact de l\u2019activit\u00e9<\/li>\n<li><img loading=\"lazy\" decoding=\"async\" class=\"alignnone wp-image-1976\" src=\"http:\/\/eglisecatholiqueniger.org\/wp-content\/uploads\/2025\/04\/antoine03-300x166.jpg\" alt=\"\" width=\"255\" height=\"141\" srcset=\"https:\/\/eglisecatholiqueniger.org\/wp-content\/uploads\/2025\/04\/antoine03-300x166.jpg 300w, https:\/\/eglisecatholiqueniger.org\/wp-content\/uploads\/2025\/04\/antoine03-546x300.jpg 546w, https:\/\/eglisecatholiqueniger.org\/wp-content\/uploads\/2025\/04\/antoine03.jpg 640w\" sizes=\"auto, (max-width: 255px) 100vw, 255px\" \/> <img loading=\"lazy\" decoding=\"async\" class=\"alignnone wp-image-1977\" src=\"http:\/\/eglisecatholiqueniger.org\/wp-content\/uploads\/2025\/04\/antoiiiine-002-300x167.jpg\" alt=\"\" width=\"255\" height=\"142\" srcset=\"https:\/\/eglisecatholiqueniger.org\/wp-content\/uploads\/2025\/04\/antoiiiine-002-300x167.jpg 300w, https:\/\/eglisecatholiqueniger.org\/wp-content\/uploads\/2025\/04\/antoiiiine-002.jpg 642w\" sizes=\"auto, (max-width: 255px) 100vw, 255px\" \/><strong><em>\u00a0 \u00a0 \u00a0 <\/em><\/strong><\/li>\n<\/ul>\n<p><strong>Temps forts de la journ\u00e9e :<\/strong><\/p>\n<p><img loading=\"lazy\" decoding=\"async\" class=\"alignnone size-medium wp-image-1979\" src=\"http:\/\/eglisecatholiqueniger.org\/wp-content\/uploads\/2025\/04\/antoine-04-300x167.jpg\" alt=\"\" width=\"300\" height=\"167\" srcset=\"https:\/\/eglisecatholiqueniger.org\/wp-content\/uploads\/2025\/04\/antoine-04-300x167.jpg 300w, https:\/\/eglisecatholiqueniger.org\/wp-content\/uploads\/2025\/04\/antoine-04.jpg 642w\" sizes=\"auto, (max-width: 300px) 100vw, 300px\" \/> <img loading=\"lazy\" decoding=\"async\" class=\"alignnone size-medium wp-image-1980\" src=\"http:\/\/eglisecatholiqueniger.org\/wp-content\/uploads\/2025\/04\/antoine-06-300x169.jpg\" alt=\"\" width=\"300\" height=\"169\" srcset=\"https:\/\/eglisecatholiqueniger.org\/wp-content\/uploads\/2025\/04\/antoine-06-300x169.jpg 300w, https:\/\/eglisecatholiqueniger.org\/wp-content\/uploads\/2025\/04\/antoine-06-1024x576.jpg 1024w, https:\/\/eglisecatholiqueniger.org\/wp-content\/uploads\/2025\/04\/antoine-06-768x432.jpg 768w, https:\/\/eglisecatholiqueniger.org\/wp-content\/uploads\/2025\/04\/antoine-06.jpg 1217w\" sizes=\"auto, (max-width: 300px) 100vw, 300px\" \/><\/p>\n<ul>\n<li>L&rsquo;activit\u00e9 a permis de semer les graines d\u2019un <strong>vivre-ensemble durable<\/strong> au sein des \u00e9coles de Torodi, dans un contexte o\u00f9 l\u2019\u00e9ducation reste un pilier essentiel de la r\u00e9silience communautaire face aux d\u00e9fis s\u00e9curitaires.<\/li>\n<li><strong>Pour SPI, Niger, le Coordonnateur<\/strong><\/li>\n<\/ul>\n","protected":false},"excerpt":{"rendered":"<p>Dans le cadre de l\u2019Initiative Paix au Sahel (SPI) mise en \u0153uvre par les Conf\u00e9rences \u00c9piscopales R\u00e9gionales d\u2019Afrique de l\u2019Ouest en partenariat avec CRS, une journ\u00e9e d\u2019int\u00e9gration culturelle a \u00e9t\u00e9 &#8230;<\/p>\n","protected":false},"author":3,"featured_media":0,"comment_status":"open","ping_status":"open","sticky":false,"template":"","format":"standard","meta":{"footnotes":""},"categories":[1],"tags":[],"class_list":["post-1969","post","type-post","status-publish","format-standard","category-non-classe"],"_links":{"self":[{"href":"https:\/\/eglisecatholiqueniger.org\/index.php\/wp-json\/wp\/v2\/posts\/1969","targetHints":{"allow":["GET"]}}],"collection":[{"href":"https:\/\/eglisecatholiqueniger.org\/index.php\/wp-json\/wp\/v2\/posts"}],"about":[{"href":"https:\/\/eglisecatholiqueniger.org\/index.php\/wp-json\/wp\/v2\/types\/post"}],"author":[{"embeddable":true,"href":"https:\/\/eglisecatholiqueniger.org\/index.php\/wp-json\/wp\/v2\/users\/3"}],"replies":[{"embeddable":true,"href":"https:\/\/eglisecatholiqueniger.org\/index.php\/wp-json\/wp\/v2\/comments?post=1969"}],"version-history":[{"count":9,"href":"https:\/\/eglisecatholiqueniger.org\/index.php\/wp-json\/wp\/v2\/posts\/1969\/revisions"}],"predecessor-version":[{"id":1985,"href":"https:\/\/eglisecatholiqueniger.org\/index.php\/wp-json\/wp\/v2\/posts\/1969\/revisions\/1985"}],"wp:attachment":[{"href":"https:\/\/eglisecatholiqueniger.org\/index.php\/wp-json\/wp\/v2\/media?parent=1969"}],"wp:term":[{"taxonomy":"category","embeddable":true,"href":"https:\/\/eglisecatholiqueniger.org\/index.php\/wp-json\/wp\/v2\/categories?post=1969"},{"taxonomy":"post_tag","embeddable":true,"href":"https:\/\/eglisecatholiqueniger.org\/index.php\/wp-json\/wp\/v2\/tags?post=1969"}],"curies":[{"name":"wp","href":"https:\/\/api.w.org\/{rel}","templated":true}]}}