{"id":1992,"date":"2025-05-12T13:12:56","date_gmt":"2025-05-12T11:12:56","guid":{"rendered":"https:\/\/eglisecatholiqueniger.org\/?p=1992"},"modified":"2025-05-12T13:12:56","modified_gmt":"2025-05-12T11:12:56","slug":"1992","status":"publish","type":"post","link":"https:\/\/eglisecatholiqueniger.org\/index.php\/2025\/05\/12\/1992\/","title":{"rendered":""},"content":{"rendered":"<p><img loading=\"lazy\" decoding=\"async\" class=\"wp-image-1991 alignleft\" src=\"http:\/\/eglisecatholiqueniger.org\/wp-content\/uploads\/2025\/05\/torodi-100525.09-300x135.jpg\" alt=\"\" width=\"385\" height=\"173\" srcset=\"https:\/\/eglisecatholiqueniger.org\/wp-content\/uploads\/2025\/05\/torodi-100525.09-300x135.jpg 300w, https:\/\/eglisecatholiqueniger.org\/wp-content\/uploads\/2025\/05\/torodi-100525.09-1024x461.jpg 1024w, https:\/\/eglisecatholiqueniger.org\/wp-content\/uploads\/2025\/05\/torodi-100525.09-768x346.jpg 768w, https:\/\/eglisecatholiqueniger.org\/wp-content\/uploads\/2025\/05\/torodi-100525.09-1536x691.jpg 1536w, https:\/\/eglisecatholiqueniger.org\/wp-content\/uploads\/2025\/05\/torodi-100525.09-2048x922.jpg 2048w\" sizes=\"auto, (max-width: 385px) 100vw, 385px\" \/><\/p>\n<p>Le samedi 10 mai 2025, plus de <strong>2 500 \u00e9l\u00e8ves, enseignants, autorit\u00e9s locales et partenaires<\/strong> se sont r\u00e9unis \u00e0 l\u2019\u00c9cole du Centre de Torodi pour une <strong>Journ\u00e9e Culturelle exceptionnelle<\/strong>. Organis\u00e9e par l\u2019Inspection de l\u2019Enseignement Primaire avec les \u00e9coles primaires de la ville, en partenariat avec le <strong>Projet Initiative Paix au Sahel<\/strong> port\u00e9 par l\u2019\u00c9glise et mis en \u0153uvre par <strong>CADEV Niger<\/strong>, cette journ\u00e9e a \u00e9t\u00e9 un vibrant hommage \u00e0 la <strong>paix, la coh\u00e9sion sociale et \u00e0 la richesse culturelle du Niger<\/strong>.<\/p>\n<p>D\u00e9fil\u00e9s d\u2019ethnies, danses traditionnelles, po\u00e8mes engag\u00e9s, th\u00e9\u00e2tre participatif\u2026 Les \u00e9l\u00e8ves ont exprim\u00e9 avec passion les valeurs de tol\u00e9rance, d\u2019unit\u00e9 et de vivre-ensemble.<\/p>\n<p>Un grand merci \u00e0 toutes les parties prenantes, aux autorit\u00e9s municipales et d\u00e9partementales, et \u00e0 la population de Torodi pour leur mobilisation.<\/p>\n<p>Ensemble, construisons la paix d\u00e8s l\u2019\u00e9cole !<\/p>\n<p>Paix Au Sahel Torodi Coh\u00e9sion Sociale Diversit\u00e9 Culturelle<\/p>\n<p><img loading=\"lazy\" decoding=\"async\" class=\"alignnone  wp-image-1988\" src=\"http:\/\/eglisecatholiqueniger.org\/wp-content\/uploads\/2025\/05\/torodi-100525.04-300x169.jpg\" alt=\"\" width=\"217\" height=\"122\" srcset=\"https:\/\/eglisecatholiqueniger.org\/wp-content\/uploads\/2025\/05\/torodi-100525.04-300x169.jpg 300w, https:\/\/eglisecatholiqueniger.org\/wp-content\/uploads\/2025\/05\/torodi-100525.04-1024x576.jpg 1024w, https:\/\/eglisecatholiqueniger.org\/wp-content\/uploads\/2025\/05\/torodi-100525.04-768x432.jpg 768w, https:\/\/eglisecatholiqueniger.org\/wp-content\/uploads\/2025\/05\/torodi-100525.04-1536x864.jpg 1536w, https:\/\/eglisecatholiqueniger.org\/wp-content\/uploads\/2025\/05\/torodi-100525.04.jpg 1920w\" sizes=\"auto, (max-width: 217px) 100vw, 217px\" \/><img loading=\"lazy\" decoding=\"async\" class=\"alignnone  wp-image-1990\" src=\"http:\/\/eglisecatholiqueniger.org\/wp-content\/uploads\/2025\/05\/torodi-0100525.03-300x135.jpg\" alt=\"\" width=\"262\" height=\"118\" srcset=\"https:\/\/eglisecatholiqueniger.org\/wp-content\/uploads\/2025\/05\/torodi-0100525.03-300x135.jpg 300w, https:\/\/eglisecatholiqueniger.org\/wp-content\/uploads\/2025\/05\/torodi-0100525.03-1024x461.jpg 1024w, https:\/\/eglisecatholiqueniger.org\/wp-content\/uploads\/2025\/05\/torodi-0100525.03-768x346.jpg 768w, https:\/\/eglisecatholiqueniger.org\/wp-content\/uploads\/2025\/05\/torodi-0100525.03-1536x691.jpg 1536w, https:\/\/eglisecatholiqueniger.org\/wp-content\/uploads\/2025\/05\/torodi-0100525.03-2048x922.jpg 2048w\" sizes=\"auto, (max-width: 262px) 100vw, 262px\" \/><\/p>\n<p><img loading=\"lazy\" decoding=\"async\" class=\"alignnone  wp-image-1994\" src=\"http:\/\/eglisecatholiqueniger.org\/wp-content\/uploads\/2025\/05\/torodi-100525.05-1-300x135.jpg\" alt=\"\" width=\"262\" height=\"118\" srcset=\"https:\/\/eglisecatholiqueniger.org\/wp-content\/uploads\/2025\/05\/torodi-100525.05-1-300x135.jpg 300w, https:\/\/eglisecatholiqueniger.org\/wp-content\/uploads\/2025\/05\/torodi-100525.05-1-1024x461.jpg 1024w, https:\/\/eglisecatholiqueniger.org\/wp-content\/uploads\/2025\/05\/torodi-100525.05-1-768x346.jpg 768w, https:\/\/eglisecatholiqueniger.org\/wp-content\/uploads\/2025\/05\/torodi-100525.05-1-1536x691.jpg 1536w, https:\/\/eglisecatholiqueniger.org\/wp-content\/uploads\/2025\/05\/torodi-100525.05-1-2048x922.jpg 2048w\" sizes=\"auto, (max-width: 262px) 100vw, 262px\" \/><img loading=\"lazy\" decoding=\"async\" class=\"alignnone  wp-image-1995\" src=\"http:\/\/eglisecatholiqueniger.org\/wp-content\/uploads\/2025\/05\/torodi-11005025.01-300x169.jpg\" alt=\"\" width=\"212\" height=\"119\" srcset=\"https:\/\/eglisecatholiqueniger.org\/wp-content\/uploads\/2025\/05\/torodi-11005025.01-300x169.jpg 300w, https:\/\/eglisecatholiqueniger.org\/wp-content\/uploads\/2025\/05\/torodi-11005025.01-1024x576.jpg 1024w, https:\/\/eglisecatholiqueniger.org\/wp-content\/uploads\/2025\/05\/torodi-11005025.01-768x432.jpg 768w, https:\/\/eglisecatholiqueniger.org\/wp-content\/uploads\/2025\/05\/torodi-11005025.01-1536x864.jpg 1536w, https:\/\/eglisecatholiqueniger.org\/wp-content\/uploads\/2025\/05\/torodi-11005025.01.jpg 1920w\" sizes=\"auto, (max-width: 212px) 100vw, 212px\" \/><\/p>\n<p><img loading=\"lazy\" decoding=\"async\" class=\"alignnone  wp-image-1996\" src=\"http:\/\/eglisecatholiqueniger.org\/wp-content\/uploads\/2025\/05\/torodi-100525.08-300x135.jpg\" alt=\"\" width=\"245\" height=\"110\" srcset=\"https:\/\/eglisecatholiqueniger.org\/wp-content\/uploads\/2025\/05\/torodi-100525.08-300x135.jpg 300w, https:\/\/eglisecatholiqueniger.org\/wp-content\/uploads\/2025\/05\/torodi-100525.08-1024x461.jpg 1024w, https:\/\/eglisecatholiqueniger.org\/wp-content\/uploads\/2025\/05\/torodi-100525.08-768x346.jpg 768w, https:\/\/eglisecatholiqueniger.org\/wp-content\/uploads\/2025\/05\/torodi-100525.08-1536x691.jpg 1536w, https:\/\/eglisecatholiqueniger.org\/wp-content\/uploads\/2025\/05\/torodi-100525.08-2048x922.jpg 2048w\" sizes=\"auto, (max-width: 245px) 100vw, 245px\" \/><img loading=\"lazy\" decoding=\"async\" class=\"alignnone  wp-image-2000\" src=\"http:\/\/eglisecatholiqueniger.org\/wp-content\/uploads\/2025\/05\/torodi-100525.010-300x135.jpg\" alt=\"\" width=\"251\" height=\"113\" srcset=\"https:\/\/eglisecatholiqueniger.org\/wp-content\/uploads\/2025\/05\/torodi-100525.010-300x135.jpg 300w, https:\/\/eglisecatholiqueniger.org\/wp-content\/uploads\/2025\/05\/torodi-100525.010-1024x461.jpg 1024w, https:\/\/eglisecatholiqueniger.org\/wp-content\/uploads\/2025\/05\/torodi-100525.010-768x346.jpg 768w, https:\/\/eglisecatholiqueniger.org\/wp-content\/uploads\/2025\/05\/torodi-100525.010-1536x691.jpg 1536w, https:\/\/eglisecatholiqueniger.org\/wp-content\/uploads\/2025\/05\/torodi-100525.010-2048x922.jpg 2048w\" sizes=\"auto, (max-width: 251px) 100vw, 251px\" \/><\/p>\n<p>&nbsp;<\/p>\n","protected":false},"excerpt":{"rendered":"<p>Le samedi 10 mai 2025, plus de 2 500 \u00e9l\u00e8ves, enseignants, autorit\u00e9s locales et partenaires se sont r\u00e9unis \u00e0 l\u2019\u00c9cole du Centre de Torodi pour une Journ\u00e9e Culturelle exceptionnelle. Organis\u00e9e &#8230;<\/p>\n","protected":false},"author":3,"featured_media":0,"comment_status":"open","ping_status":"open","sticky":false,"template":"","format":"standard","meta":{"footnotes":""},"categories":[1],"tags":[],"class_list":["post-1992","post","type-post","status-publish","format-standard","category-non-classe"],"_links":{"self":[{"href":"https:\/\/eglisecatholiqueniger.org\/index.php\/wp-json\/wp\/v2\/posts\/1992","targetHints":{"allow":["GET"]}}],"collection":[{"href":"https:\/\/eglisecatholiqueniger.org\/index.php\/wp-json\/wp\/v2\/posts"}],"about":[{"href":"https:\/\/eglisecatholiqueniger.org\/index.php\/wp-json\/wp\/v2\/types\/post"}],"author":[{"embeddable":true,"href":"https:\/\/eglisecatholiqueniger.org\/index.php\/wp-json\/wp\/v2\/users\/3"}],"replies":[{"embeddable":true,"href":"https:\/\/eglisecatholiqueniger.org\/index.php\/wp-json\/wp\/v2\/comments?post=1992"}],"version-history":[{"count":8,"href":"https:\/\/eglisecatholiqueniger.org\/index.php\/wp-json\/wp\/v2\/posts\/1992\/revisions"}],"predecessor-version":[{"id":2005,"href":"https:\/\/eglisecatholiqueniger.org\/index.php\/wp-json\/wp\/v2\/posts\/1992\/revisions\/2005"}],"wp:attachment":[{"href":"https:\/\/eglisecatholiqueniger.org\/index.php\/wp-json\/wp\/v2\/media?parent=1992"}],"wp:term":[{"taxonomy":"category","embeddable":true,"href":"https:\/\/eglisecatholiqueniger.org\/index.php\/wp-json\/wp\/v2\/categories?post=1992"},{"taxonomy":"post_tag","embeddable":true,"href":"https:\/\/eglisecatholiqueniger.org\/index.php\/wp-json\/wp\/v2\/tags?post=1992"}],"curies":[{"name":"wp","href":"https:\/\/api.w.org\/{rel}","templated":true}]}}