{"id":2021,"date":"2025-05-30T18:24:14","date_gmt":"2025-05-30T16:24:14","guid":{"rendered":"https:\/\/eglisecatholiqueniger.org\/?p=2021"},"modified":"2025-05-30T18:24:14","modified_gmt":"2025-05-30T16:24:14","slug":"ceremonie-dengagement-definitif-de-rachidath-anne-marie","status":"publish","type":"post","link":"https:\/\/eglisecatholiqueniger.org\/index.php\/2025\/05\/30\/ceremonie-dengagement-definitif-de-rachidath-anne-marie\/","title":{"rendered":"C\u00e9r\u00e9monie  d\u2019engagement d\u00e9finitif de Rachidath Anne Marie"},"content":{"rendered":"<p><img loading=\"lazy\" decoding=\"async\" class=\" wp-image-2024 alignright\" src=\"http:\/\/eglisecatholiqueniger.org\/wp-content\/uploads\/2025\/05\/ENGAGEMENT-Rachidath-00-200x300.jpg\" alt=\"\" width=\"127\" height=\"191\" srcset=\"https:\/\/eglisecatholiqueniger.org\/wp-content\/uploads\/2025\/05\/ENGAGEMENT-Rachidath-00-200x300.jpg 200w, https:\/\/eglisecatholiqueniger.org\/wp-content\/uploads\/2025\/05\/ENGAGEMENT-Rachidath-00-683x1024.jpg 683w, https:\/\/eglisecatholiqueniger.org\/wp-content\/uploads\/2025\/05\/ENGAGEMENT-Rachidath-00-768x1152.jpg 768w, https:\/\/eglisecatholiqueniger.org\/wp-content\/uploads\/2025\/05\/ENGAGEMENT-Rachidath-00-1024x1536.jpg 1024w, https:\/\/eglisecatholiqueniger.org\/wp-content\/uploads\/2025\/05\/ENGAGEMENT-Rachidath-00-1365x2048.jpg 1365w, https:\/\/eglisecatholiqueniger.org\/wp-content\/uploads\/2025\/05\/ENGAGEMENT-Rachidath-00-scaled.jpg 1707w\" sizes=\"auto, (max-width: 127px) 100vw, 127px\" \/><\/p>\n<p style=\"text-align: left;\">C\u2019est dans un \u00e9lan missionnaire, d\u2019amour et de paix du Christ\u00a0 que la s\u0153ur IBRAHIMA GOMINA Rachidath Anne Marie Christine, membre permanente de Claire Amiti\u00e9, s\u2019est engag\u00e9e d\u00e9finitivement le dimanche 25 mai 2025 \u00e0 la paroisse Cath\u00e9drale N.D.P.S.<\/p>\n<p>Pr\u00e9sid\u00e9e par Mgr Laurent LOMPO, la c\u00e9r\u00e9monie solennelle d\u2019engagement de la s\u0153ur Rachidath Anne Marie Christine, s\u2019est d\u00e9roul\u00e9e en pr\u00e9sence de nombreux invit\u00e9s venus d\u2019horizons divers\u00a0: les parents d\u2019Anne Marie, les responsables de Claire Amiti\u00e9 au niveau international, des membres du corps diplomatique accr\u00e9dit\u00e9s au Niger ainsi que de nombreux invit\u00e9s et fid\u00e8les venus des diff\u00e9rentes paroisses du dioc\u00e8se de Niamey.<\/p>\n<p>Assise au milieu de l\u2019assembl\u00e9e avec ses parents, Anne Marie se l\u00e8ve et r\u00e9pond \u00e0 l\u2019appel de son nom. Elle s\u2019avance ensuite \u00e0 l\u2019autel accompagn\u00e9e de ses deux parents. C\u2019est apr\u00e8s la liturgie de la parole, l\u2019\u00e9vangile et l\u2019hom\u00e9lie prononc\u00e9e par Mgr Laurent LOMPO que d\u00e9marra le rite d\u2019engagement par un dialogue entre G\u00e9rardine KOFFI, Responsable G\u00e9n\u00e9rale Adjointe de Claire Amiti\u00e9 et Rachidath Anne Marie\u00a0:<\/p>\n<p><strong>G\u00e9raldine\u00a0<\/strong>: Ch\u00e8re\u00a0 Rachidath Anne Marie, dans ton parcours de vie familiale et personnelle tu as pu exp\u00e9rimenter l\u2019amour inconditionnel du Christ et tu as \u00e9t\u00e9 saisie par lui. Ta qu\u00eate spirituelle t\u2019a conduite dans la famille Claire Amiti\u00e9. D\u00e9couvrant les richesses de cette communaut\u00e9 et de son charisme, tu as poursuivi ta formation sur diff\u00e9rents lieux de mission aboutissant \u00e0 ce OUI pl\u00e9nier que tu veux prononcer aujourd\u2019hui pour \u00eatre membre permanent de Claire Amiti\u00e9.<\/p>\n<p>Es-tu d\u00e9sireuse et libre de t\u2019engager officiellement dans le la\u00efcat en Eglise qui implique un choix radical pour le Christ, une ob\u00e9issance d\u2019amour et une pauvret\u00e9 de partage pour t\u00e9moigner aupr\u00e8s des plus petits de l\u2019amour du Seigneur\u00a0?<\/p>\n<p><img loading=\"lazy\" decoding=\"async\" class=\"alignnone  wp-image-2026\" src=\"http:\/\/eglisecatholiqueniger.org\/wp-content\/uploads\/2025\/05\/ENGAGEMENT-Rachidath-06-300x200.jpg\" alt=\"\" width=\"200\" height=\"133\" srcset=\"https:\/\/eglisecatholiqueniger.org\/wp-content\/uploads\/2025\/05\/ENGAGEMENT-Rachidath-06-300x200.jpg 300w, https:\/\/eglisecatholiqueniger.org\/wp-content\/uploads\/2025\/05\/ENGAGEMENT-Rachidath-06-1024x683.jpg 1024w, https:\/\/eglisecatholiqueniger.org\/wp-content\/uploads\/2025\/05\/ENGAGEMENT-Rachidath-06-768x512.jpg 768w, https:\/\/eglisecatholiqueniger.org\/wp-content\/uploads\/2025\/05\/ENGAGEMENT-Rachidath-06-1536x1024.jpg 1536w, https:\/\/eglisecatholiqueniger.org\/wp-content\/uploads\/2025\/05\/ENGAGEMENT-Rachidath-06-2048x1365.jpg 2048w, https:\/\/eglisecatholiqueniger.org\/wp-content\/uploads\/2025\/05\/ENGAGEMENT-Rachidath-06-274x183.jpg 274w, https:\/\/eglisecatholiqueniger.org\/wp-content\/uploads\/2025\/05\/ENGAGEMENT-Rachidath-06-80x54.jpg 80w, https:\/\/eglisecatholiqueniger.org\/wp-content\/uploads\/2025\/05\/ENGAGEMENT-Rachidath-06-130x87.jpg 130w, https:\/\/eglisecatholiqueniger.org\/wp-content\/uploads\/2025\/05\/ENGAGEMENT-Rachidath-06-359x240.jpg 359w, https:\/\/eglisecatholiqueniger.org\/wp-content\/uploads\/2025\/05\/ENGAGEMENT-Rachidath-06-85x57.jpg 85w, https:\/\/eglisecatholiqueniger.org\/wp-content\/uploads\/2025\/05\/ENGAGEMENT-Rachidath-06-546x365.jpg 546w, https:\/\/eglisecatholiqueniger.org\/wp-content\/uploads\/2025\/05\/ENGAGEMENT-Rachidath-06-165x109.jpg 165w, https:\/\/eglisecatholiqueniger.org\/wp-content\/uploads\/2025\/05\/ENGAGEMENT-Rachidath-06-347x233.jpg 347w, https:\/\/eglisecatholiqueniger.org\/wp-content\/uploads\/2025\/05\/ENGAGEMENT-Rachidath-06-112x75.jpg 112w, https:\/\/eglisecatholiqueniger.org\/wp-content\/uploads\/2025\/05\/ENGAGEMENT-Rachidath-06-179x120.jpg 179w, https:\/\/eglisecatholiqueniger.org\/wp-content\/uploads\/2025\/05\/ENGAGEMENT-Rachidath-06-170x113.jpg 170w, https:\/\/eglisecatholiqueniger.org\/wp-content\/uploads\/2025\/05\/ENGAGEMENT-Rachidath-06-81x55.jpg 81w, https:\/\/eglisecatholiqueniger.org\/wp-content\/uploads\/2025\/05\/ENGAGEMENT-Rachidath-06-765x510.jpg 765w\" sizes=\"auto, (max-width: 200px) 100vw, 200px\" \/><img loading=\"lazy\" decoding=\"async\" class=\"alignnone  wp-image-2028\" src=\"http:\/\/eglisecatholiqueniger.org\/wp-content\/uploads\/2025\/05\/ENGAGEMENT-Rachidath-07-300x200.jpg\" alt=\"\" width=\"200\" height=\"133\" srcset=\"https:\/\/eglisecatholiqueniger.org\/wp-content\/uploads\/2025\/05\/ENGAGEMENT-Rachidath-07-300x200.jpg 300w, https:\/\/eglisecatholiqueniger.org\/wp-content\/uploads\/2025\/05\/ENGAGEMENT-Rachidath-07-1024x683.jpg 1024w, https:\/\/eglisecatholiqueniger.org\/wp-content\/uploads\/2025\/05\/ENGAGEMENT-Rachidath-07-768x512.jpg 768w, https:\/\/eglisecatholiqueniger.org\/wp-content\/uploads\/2025\/05\/ENGAGEMENT-Rachidath-07-1536x1024.jpg 1536w, https:\/\/eglisecatholiqueniger.org\/wp-content\/uploads\/2025\/05\/ENGAGEMENT-Rachidath-07-2048x1365.jpg 2048w, https:\/\/eglisecatholiqueniger.org\/wp-content\/uploads\/2025\/05\/ENGAGEMENT-Rachidath-07-274x183.jpg 274w, https:\/\/eglisecatholiqueniger.org\/wp-content\/uploads\/2025\/05\/ENGAGEMENT-Rachidath-07-80x54.jpg 80w, https:\/\/eglisecatholiqueniger.org\/wp-content\/uploads\/2025\/05\/ENGAGEMENT-Rachidath-07-130x87.jpg 130w, https:\/\/eglisecatholiqueniger.org\/wp-content\/uploads\/2025\/05\/ENGAGEMENT-Rachidath-07-359x240.jpg 359w, https:\/\/eglisecatholiqueniger.org\/wp-content\/uploads\/2025\/05\/ENGAGEMENT-Rachidath-07-85x57.jpg 85w, https:\/\/eglisecatholiqueniger.org\/wp-content\/uploads\/2025\/05\/ENGAGEMENT-Rachidath-07-546x365.jpg 546w, https:\/\/eglisecatholiqueniger.org\/wp-content\/uploads\/2025\/05\/ENGAGEMENT-Rachidath-07-165x109.jpg 165w, https:\/\/eglisecatholiqueniger.org\/wp-content\/uploads\/2025\/05\/ENGAGEMENT-Rachidath-07-347x233.jpg 347w, https:\/\/eglisecatholiqueniger.org\/wp-content\/uploads\/2025\/05\/ENGAGEMENT-Rachidath-07-112x75.jpg 112w, https:\/\/eglisecatholiqueniger.org\/wp-content\/uploads\/2025\/05\/ENGAGEMENT-Rachidath-07-179x120.jpg 179w, https:\/\/eglisecatholiqueniger.org\/wp-content\/uploads\/2025\/05\/ENGAGEMENT-Rachidath-07-170x113.jpg 170w, https:\/\/eglisecatholiqueniger.org\/wp-content\/uploads\/2025\/05\/ENGAGEMENT-Rachidath-07-81x55.jpg 81w, https:\/\/eglisecatholiqueniger.org\/wp-content\/uploads\/2025\/05\/ENGAGEMENT-Rachidath-07-765x510.jpg 765w\" sizes=\"auto, (max-width: 200px) 100vw, 200px\" \/><img loading=\"lazy\" decoding=\"async\" class=\"alignnone  wp-image-2049\" src=\"http:\/\/eglisecatholiqueniger.org\/wp-content\/uploads\/2025\/05\/ENGAGEMENT-Rachidath-014-300x200.jpg\" alt=\"\" width=\"200\" height=\"133\" srcset=\"https:\/\/eglisecatholiqueniger.org\/wp-content\/uploads\/2025\/05\/ENGAGEMENT-Rachidath-014-300x200.jpg 300w, https:\/\/eglisecatholiqueniger.org\/wp-content\/uploads\/2025\/05\/ENGAGEMENT-Rachidath-014-1024x683.jpg 1024w, https:\/\/eglisecatholiqueniger.org\/wp-content\/uploads\/2025\/05\/ENGAGEMENT-Rachidath-014-768x512.jpg 768w, https:\/\/eglisecatholiqueniger.org\/wp-content\/uploads\/2025\/05\/ENGAGEMENT-Rachidath-014-1536x1024.jpg 1536w, https:\/\/eglisecatholiqueniger.org\/wp-content\/uploads\/2025\/05\/ENGAGEMENT-Rachidath-014-2048x1365.jpg 2048w, https:\/\/eglisecatholiqueniger.org\/wp-content\/uploads\/2025\/05\/ENGAGEMENT-Rachidath-014-274x183.jpg 274w, https:\/\/eglisecatholiqueniger.org\/wp-content\/uploads\/2025\/05\/ENGAGEMENT-Rachidath-014-80x54.jpg 80w, https:\/\/eglisecatholiqueniger.org\/wp-content\/uploads\/2025\/05\/ENGAGEMENT-Rachidath-014-130x87.jpg 130w, https:\/\/eglisecatholiqueniger.org\/wp-content\/uploads\/2025\/05\/ENGAGEMENT-Rachidath-014-359x240.jpg 359w, https:\/\/eglisecatholiqueniger.org\/wp-content\/uploads\/2025\/05\/ENGAGEMENT-Rachidath-014-85x57.jpg 85w, https:\/\/eglisecatholiqueniger.org\/wp-content\/uploads\/2025\/05\/ENGAGEMENT-Rachidath-014-546x365.jpg 546w, https:\/\/eglisecatholiqueniger.org\/wp-content\/uploads\/2025\/05\/ENGAGEMENT-Rachidath-014-165x109.jpg 165w, https:\/\/eglisecatholiqueniger.org\/wp-content\/uploads\/2025\/05\/ENGAGEMENT-Rachidath-014-347x233.jpg 347w, https:\/\/eglisecatholiqueniger.org\/wp-content\/uploads\/2025\/05\/ENGAGEMENT-Rachidath-014-112x75.jpg 112w, https:\/\/eglisecatholiqueniger.org\/wp-content\/uploads\/2025\/05\/ENGAGEMENT-Rachidath-014-179x120.jpg 179w, https:\/\/eglisecatholiqueniger.org\/wp-content\/uploads\/2025\/05\/ENGAGEMENT-Rachidath-014-170x113.jpg 170w, https:\/\/eglisecatholiqueniger.org\/wp-content\/uploads\/2025\/05\/ENGAGEMENT-Rachidath-014-81x55.jpg 81w, https:\/\/eglisecatholiqueniger.org\/wp-content\/uploads\/2025\/05\/ENGAGEMENT-Rachidath-014-765x510.jpg 765w\" sizes=\"auto, (max-width: 200px) 100vw, 200px\" \/><\/p>\n<p><strong>Rachidath Anne Marie<\/strong>\u00a0: \u00ab\u00a0Il n\u2019y a pas de plus grand amour que de donner sa vie pour ceux qu\u2019on aime\u00a0\u00bb (Jean 15, 16)<\/p>\n<p>Ch\u00e8re G\u00e9raldine KOFFI, responsable G\u00e9n\u00e9rale Adjointe de Claire Amiti\u00e9, repr\u00e9sentant Sylvie LOURRY Responsable g\u00e9n\u00e9rale de Claire Amiti\u00e9, c\u2019est avec une immense joie et une profonde gratitude que je viens, en toute libert\u00e9, vous adresser ma demande d\u2019engagement comme membre permanent de Claire Amiti\u00e9.<\/p>\n<p>N\u00e9e dans une famille musulmane du nord B\u00e9nin, j\u2019ai rencontr\u00e9 le Christ en 2011 et j\u2019ai \u00e9t\u00e9 saisie par son amour. Tr\u00e8s vite, j\u2019ai ressenti l\u2019appel \u00e0 lui consacrer ma vie dans une \u0153uvre d\u2019amour et de service.<\/p>\n<p>Dans cette qu\u00eate, j\u2019ai fait la connaissance de Claire Amiti\u00e9 par le biais providentiel d\u2019un pr\u00eatre qui \u00e9tait r\u00e9sident \u00e0 la paroisse Sainte Rita de Cotonou ou je travaillais comme secr\u00e9taire.<\/p>\n<p>Il m\u2019a mise en contact avec la communaut\u00e9 Claire Amiti\u00e9 de Cotonou. D\u00e8s ce premier contact, j\u2019ai per\u00e7u en cette famille une r\u00e9ponse \u00e0 mon inspiration profonde. Je me suis laiss\u00e9 conduire par l\u2019Esprit Saint.<\/p>\n<p>Depuis huit ans, j\u2019ai chemin\u00e9 avec cette communaut\u00e9 fond\u00e9e par Th\u00e9r\u00e8se Cornille, qui a donn\u00e9 sa vie pour l\u2019accueil et l\u2019\u00e9ducation des jeunes en difficult\u00e9. J\u2019ai d\u00e9couvert que claire Amiti\u00e9 est plus qu\u2019une Association\u00a0: c\u2019est une famille de femmes la\u00efques engag\u00e9es par amour du Christ qui, \u00e0 la mani\u00e8re d\u2019un ferment, vivent leur foi dans le monde et en communaut\u00e9 tout en \u00e9tant totalement donn\u00e9es \u00e0 leur mission.<\/p>\n<p>Aujourd\u2019hui, connaissant et acceptant pleinement cette forme de vie, ch\u00e8re G\u00e9rardine Koffi Responsable G\u00e9n\u00e9rale adjointe de Claire Amiti\u00e9, je d\u00e9sire r\u00e9pondre d\u00e9finitivement \u00e0 l\u2019appel du Seigneur, et en toute libert\u00e9, je demande \u00e0 m\u2019engager au sein de Claire Amiti\u00e9, Association Priv\u00e9e Internationale de fid\u00e8les de droit pontifical pour vivre fid\u00e8lement\u00a0:<\/p>\n<ul>\n<li>Le c\u00e9libat volontaire pour le Christ\u00a0;<\/li>\n<li>L\u2019ob\u00e9issance d\u2019amour au Christ pour participer pleinement \u00e0 la mission\u00a0;<\/li>\n<li>La pauvret\u00e9 de partage dans une communaut\u00e9 fraternelle Claire Amiti\u00e9.<\/li>\n<\/ul>\n<p>Je fais mienne la parole de la Vierge Marie\u00a0: \u00ab\u00a0Voici la servante du Seigneur\u00a0; que tout se passe pour moi selon ta parole.\u00a0\u00bb Lc1, 38.<\/p>\n<p><strong>G\u00e9raldine\u00a0<\/strong>: Ch\u00e8re Rachidath Anne Marie, en r\u00e9ponse \u00e0 ta demande du 19 f\u00e9vrier 2025, \u00e0 la suite du d\u00e9lib\u00e9r\u00e9 du Conseil du 11 mars 2025 qui t\u2019a admise au sein de Claire Amiti\u00e9, je suis heureuse de t\u2019accueillir pour ton engagement d\u00e9finitif comme membre permanent.<\/p>\n<p>Ch\u00e8re Rachidath Anne Marie, tu pourras continuer \u00e0 t\u2019appuyer sur\u00a0: toutes ces valeurs qui te confirment aujourd\u2019hui, dans cet appel re\u00e7u auquel tu r\u00e9ponds en toute libert\u00e9, en te laissant conduire par le Christ, le tout de ta vie, l\u2019Esprit Saint, et en te confiant \u00e0 la Vierge Marie.<\/p>\n<p><img loading=\"lazy\" decoding=\"async\" class=\"alignnone  wp-image-2033\" src=\"http:\/\/eglisecatholiqueniger.org\/wp-content\/uploads\/2025\/05\/ENGAGEMENT-Rachidath-017-300x200.jpg\" alt=\"\" width=\"201\" height=\"134\" srcset=\"https:\/\/eglisecatholiqueniger.org\/wp-content\/uploads\/2025\/05\/ENGAGEMENT-Rachidath-017-300x200.jpg 300w, https:\/\/eglisecatholiqueniger.org\/wp-content\/uploads\/2025\/05\/ENGAGEMENT-Rachidath-017-1024x683.jpg 1024w, https:\/\/eglisecatholiqueniger.org\/wp-content\/uploads\/2025\/05\/ENGAGEMENT-Rachidath-017-768x512.jpg 768w, https:\/\/eglisecatholiqueniger.org\/wp-content\/uploads\/2025\/05\/ENGAGEMENT-Rachidath-017-1536x1024.jpg 1536w, https:\/\/eglisecatholiqueniger.org\/wp-content\/uploads\/2025\/05\/ENGAGEMENT-Rachidath-017-2048x1365.jpg 2048w, https:\/\/eglisecatholiqueniger.org\/wp-content\/uploads\/2025\/05\/ENGAGEMENT-Rachidath-017-274x183.jpg 274w, https:\/\/eglisecatholiqueniger.org\/wp-content\/uploads\/2025\/05\/ENGAGEMENT-Rachidath-017-364x245.jpg 364w, https:\/\/eglisecatholiqueniger.org\/wp-content\/uploads\/2025\/05\/ENGAGEMENT-Rachidath-017-80x54.jpg 80w, https:\/\/eglisecatholiqueniger.org\/wp-content\/uploads\/2025\/05\/ENGAGEMENT-Rachidath-017-130x87.jpg 130w, https:\/\/eglisecatholiqueniger.org\/wp-content\/uploads\/2025\/05\/ENGAGEMENT-Rachidath-017-359x240.jpg 359w, https:\/\/eglisecatholiqueniger.org\/wp-content\/uploads\/2025\/05\/ENGAGEMENT-Rachidath-017-85x57.jpg 85w, https:\/\/eglisecatholiqueniger.org\/wp-content\/uploads\/2025\/05\/ENGAGEMENT-Rachidath-017-546x365.jpg 546w, https:\/\/eglisecatholiqueniger.org\/wp-content\/uploads\/2025\/05\/ENGAGEMENT-Rachidath-017-266x179.jpg 266w, https:\/\/eglisecatholiqueniger.org\/wp-content\/uploads\/2025\/05\/ENGAGEMENT-Rachidath-017-165x109.jpg 165w, https:\/\/eglisecatholiqueniger.org\/wp-content\/uploads\/2025\/05\/ENGAGEMENT-Rachidath-017-347x233.jpg 347w, https:\/\/eglisecatholiqueniger.org\/wp-content\/uploads\/2025\/05\/ENGAGEMENT-Rachidath-017-112x75.jpg 112w, https:\/\/eglisecatholiqueniger.org\/wp-content\/uploads\/2025\/05\/ENGAGEMENT-Rachidath-017-179x120.jpg 179w, https:\/\/eglisecatholiqueniger.org\/wp-content\/uploads\/2025\/05\/ENGAGEMENT-Rachidath-017-170x113.jpg 170w, https:\/\/eglisecatholiqueniger.org\/wp-content\/uploads\/2025\/05\/ENGAGEMENT-Rachidath-017-81x55.jpg 81w, https:\/\/eglisecatholiqueniger.org\/wp-content\/uploads\/2025\/05\/ENGAGEMENT-Rachidath-017-765x510.jpg 765w\" sizes=\"auto, (max-width: 201px) 100vw, 201px\" \/><img loading=\"lazy\" decoding=\"async\" class=\"alignnone  wp-image-2031\" src=\"http:\/\/eglisecatholiqueniger.org\/wp-content\/uploads\/2025\/05\/ENGAGEMENT-Rachidath-015-300x200.jpg\" alt=\"\" width=\"200\" height=\"133\" srcset=\"https:\/\/eglisecatholiqueniger.org\/wp-content\/uploads\/2025\/05\/ENGAGEMENT-Rachidath-015-300x200.jpg 300w, https:\/\/eglisecatholiqueniger.org\/wp-content\/uploads\/2025\/05\/ENGAGEMENT-Rachidath-015-1024x683.jpg 1024w, https:\/\/eglisecatholiqueniger.org\/wp-content\/uploads\/2025\/05\/ENGAGEMENT-Rachidath-015-768x512.jpg 768w, https:\/\/eglisecatholiqueniger.org\/wp-content\/uploads\/2025\/05\/ENGAGEMENT-Rachidath-015-1536x1024.jpg 1536w, https:\/\/eglisecatholiqueniger.org\/wp-content\/uploads\/2025\/05\/ENGAGEMENT-Rachidath-015-2048x1365.jpg 2048w, https:\/\/eglisecatholiqueniger.org\/wp-content\/uploads\/2025\/05\/ENGAGEMENT-Rachidath-015-274x183.jpg 274w, https:\/\/eglisecatholiqueniger.org\/wp-content\/uploads\/2025\/05\/ENGAGEMENT-Rachidath-015-80x54.jpg 80w, https:\/\/eglisecatholiqueniger.org\/wp-content\/uploads\/2025\/05\/ENGAGEMENT-Rachidath-015-130x87.jpg 130w, https:\/\/eglisecatholiqueniger.org\/wp-content\/uploads\/2025\/05\/ENGAGEMENT-Rachidath-015-359x240.jpg 359w, https:\/\/eglisecatholiqueniger.org\/wp-content\/uploads\/2025\/05\/ENGAGEMENT-Rachidath-015-85x57.jpg 85w, https:\/\/eglisecatholiqueniger.org\/wp-content\/uploads\/2025\/05\/ENGAGEMENT-Rachidath-015-546x365.jpg 546w, https:\/\/eglisecatholiqueniger.org\/wp-content\/uploads\/2025\/05\/ENGAGEMENT-Rachidath-015-165x109.jpg 165w, https:\/\/eglisecatholiqueniger.org\/wp-content\/uploads\/2025\/05\/ENGAGEMENT-Rachidath-015-347x233.jpg 347w, https:\/\/eglisecatholiqueniger.org\/wp-content\/uploads\/2025\/05\/ENGAGEMENT-Rachidath-015-112x75.jpg 112w, https:\/\/eglisecatholiqueniger.org\/wp-content\/uploads\/2025\/05\/ENGAGEMENT-Rachidath-015-179x120.jpg 179w, https:\/\/eglisecatholiqueniger.org\/wp-content\/uploads\/2025\/05\/ENGAGEMENT-Rachidath-015-170x113.jpg 170w, https:\/\/eglisecatholiqueniger.org\/wp-content\/uploads\/2025\/05\/ENGAGEMENT-Rachidath-015-81x55.jpg 81w, https:\/\/eglisecatholiqueniger.org\/wp-content\/uploads\/2025\/05\/ENGAGEMENT-Rachidath-015-765x510.jpg 765w\" sizes=\"auto, (max-width: 200px) 100vw, 200px\" \/><img loading=\"lazy\" decoding=\"async\" class=\"alignnone  wp-image-2034\" src=\"http:\/\/eglisecatholiqueniger.org\/wp-content\/uploads\/2025\/05\/ENGAGEMENT-Rachidath-018-300x200.jpg\" alt=\"\" width=\"201\" height=\"134\" srcset=\"https:\/\/eglisecatholiqueniger.org\/wp-content\/uploads\/2025\/05\/ENGAGEMENT-Rachidath-018-300x200.jpg 300w, https:\/\/eglisecatholiqueniger.org\/wp-content\/uploads\/2025\/05\/ENGAGEMENT-Rachidath-018-1024x683.jpg 1024w, https:\/\/eglisecatholiqueniger.org\/wp-content\/uploads\/2025\/05\/ENGAGEMENT-Rachidath-018-768x512.jpg 768w, https:\/\/eglisecatholiqueniger.org\/wp-content\/uploads\/2025\/05\/ENGAGEMENT-Rachidath-018-1536x1024.jpg 1536w, https:\/\/eglisecatholiqueniger.org\/wp-content\/uploads\/2025\/05\/ENGAGEMENT-Rachidath-018-2048x1365.jpg 2048w, https:\/\/eglisecatholiqueniger.org\/wp-content\/uploads\/2025\/05\/ENGAGEMENT-Rachidath-018-274x183.jpg 274w, https:\/\/eglisecatholiqueniger.org\/wp-content\/uploads\/2025\/05\/ENGAGEMENT-Rachidath-018-364x245.jpg 364w, https:\/\/eglisecatholiqueniger.org\/wp-content\/uploads\/2025\/05\/ENGAGEMENT-Rachidath-018-80x54.jpg 80w, https:\/\/eglisecatholiqueniger.org\/wp-content\/uploads\/2025\/05\/ENGAGEMENT-Rachidath-018-130x87.jpg 130w, https:\/\/eglisecatholiqueniger.org\/wp-content\/uploads\/2025\/05\/ENGAGEMENT-Rachidath-018-359x240.jpg 359w, https:\/\/eglisecatholiqueniger.org\/wp-content\/uploads\/2025\/05\/ENGAGEMENT-Rachidath-018-85x57.jpg 85w, https:\/\/eglisecatholiqueniger.org\/wp-content\/uploads\/2025\/05\/ENGAGEMENT-Rachidath-018-546x365.jpg 546w, https:\/\/eglisecatholiqueniger.org\/wp-content\/uploads\/2025\/05\/ENGAGEMENT-Rachidath-018-266x179.jpg 266w, https:\/\/eglisecatholiqueniger.org\/wp-content\/uploads\/2025\/05\/ENGAGEMENT-Rachidath-018-165x109.jpg 165w, https:\/\/eglisecatholiqueniger.org\/wp-content\/uploads\/2025\/05\/ENGAGEMENT-Rachidath-018-347x233.jpg 347w, https:\/\/eglisecatholiqueniger.org\/wp-content\/uploads\/2025\/05\/ENGAGEMENT-Rachidath-018-112x75.jpg 112w, https:\/\/eglisecatholiqueniger.org\/wp-content\/uploads\/2025\/05\/ENGAGEMENT-Rachidath-018-179x120.jpg 179w, https:\/\/eglisecatholiqueniger.org\/wp-content\/uploads\/2025\/05\/ENGAGEMENT-Rachidath-018-170x113.jpg 170w, https:\/\/eglisecatholiqueniger.org\/wp-content\/uploads\/2025\/05\/ENGAGEMENT-Rachidath-018-81x55.jpg 81w, https:\/\/eglisecatholiqueniger.org\/wp-content\/uploads\/2025\/05\/ENGAGEMENT-Rachidath-018-765x510.jpg 765w\" sizes=\"auto, (max-width: 201px) 100vw, 201px\" \/><\/p>\n<p>Que la B\u00e9n\u00e9diction de notre Dieu plein d\u2019Amour te soit donn\u00e9e en abondance pour que tu vives la mission\u00a0 Claire Amiti\u00e9, dans l\u2019ob\u00e9issance \u00e0 tes Responsables, par un apostolat vivant, ouvert aux r\u00e9alit\u00e9s de la jeunesse du monde dans un esprit de partage et d\u2019universalit\u00e9\u00a0\u00bb.<\/p>\n<p>Apr\u00e8s ce dialogue entre la Responsable g\u00e9n\u00e9rale Adjointe et Rachidath Anne Marie, s\u2019en suivit la litanie des saints et la remise de la lettre officielle d\u2019engagement de Claire amiti\u00e9 \u00e0 l\u2019int\u00e9ress\u00e9e avant la b\u00e9n\u00e9diction\u00a0 et la remise de l\u2019alliance par Mgr Laurent LOMPO.<\/p>\n<p>&nbsp;<\/p>\n<p>La liturgie eucharistique a \u00e9t\u00e9 marqu\u00e9e par une procession d\u2019offrandes. En plus du pain et du vin, plusieurs objets symboliques ont \u00e9t\u00e9 apport\u00e9s par les proches de Rachidath Anne Marie\u00a0:<\/p>\n<ul>\n<li>Un panier d\u2019ustensiles de cuisine qui symbolise d\u2019une part, la g\u00e9n\u00e9rosit\u00e9 des parents d\u2019Anne Marie, qui accompagnent leur fille pour la mission et d\u2019autre part, cela marque le d\u00e9tachement d\u2019Anne Marie de sa famille humaine pour s\u2019attacher d\u00e9sormais \u00e0 sa famille spirituelle.<\/li>\n<li>Quelques plantes porteurs d\u2019un symbolisme profond en terre b\u00e9ninoise, patrie d\u2019origine d\u2019Anne Marie dont\u00a0:<\/li>\n<li>Le Cocotier, avec ses racines solides et ses fruits g\u00e9n\u00e9reux, symbolise la r\u00e9silience\u00a0;<\/li>\n<li>Le palmier, arbre de vie, de prosp\u00e9rit\u00e9, et d\u2019hospitalit\u00e9\u00a0;<\/li>\n<li>Le bananier, par sa croissance rapide et ses multiples r\u00e9g\u00e9n\u00e9rations, par la f\u00e9condit\u00e9 spirituelle et fraternelle.<\/li>\n<\/ul>\n<p>Que toutes ces offrandes soient le signe de la vie nouvelle qu\u2019Anne Marie choisit d\u2019embrasser d\u00e9sormais.<\/p>\n<p>En action de gr\u00e2ce, apr\u00e8s la communion, Mgr Laurent LOMPO a proc\u00e9d\u00e9 \u00e0 la remise des symbolismes \u00e0 Anne Marie\u00a0:<\/p>\n<p>Une bible, une bougie, une ic\u00f4ne de la Vierge Marie et un pagne traditionnel du Niger.<\/p>\n<p>A la fin de la messe,<\/p>\n<p>Rachidath Anne Marie a ensuite\u00a0 pris la parole pour adresser ses sinc\u00e8res remerciements \u00e0 Mgr Laurent LOMPO, Archev\u00eaque de Niamey qui a bien voulu pr\u00e9sider la c\u00e9r\u00e9monie, malgr\u00e9 son agenda hyper charg\u00e9, les Responsables de Claire Amiti\u00e9 qui ont fait le d\u00e9placement, aux nombreux invit\u00e9s officiels ainsi qu\u2019\u00e0 l\u2019ensemble de la communaut\u00e9 qui s\u2019est fortement mobilis\u00e9e pour la r\u00e9ussite \u00e9clatante de la c\u00e9r\u00e9monie.<\/p>\n<p>Apr\u00e8s sa c\u00e9r\u00e9monie d\u2019engagement d\u00e9finitif, Rachidath Anne Marie\u00a0 a convi\u00e9 ses invit\u00e9s \u00a0\u00e0 un banquet qu\u2019elle a offert dans l\u2019enceinte de l\u2019archev\u00each\u00e9 \u00a0dans une ambiance festive.<\/p>\n<p>Il est important de rappeler que la c\u00e9r\u00e9monie d\u2019engagement d\u00e9finitif de rachidath Anne marie a commenc\u00e9 d\u00e8s le Mercredi 21 mai par un triduum qui a pris fin le vendredi 23 mai par un t\u00e9moignage poignant et tr\u00e8s \u00e9motif de Anne Marie sur les motivations de son engagement.<\/p>\n<p>Au deuxi\u00e8me jour du triduum, un film documentaire sur le foyer Claire Amiti\u00e9 a \u00e9t\u00e9 projet\u00e9 dans l\u2019enceinte de l\u2019\u00e9glise pour \u00e9difier la communaut\u00e9 sur l\u2019importance de la mission des engag\u00e9s consacr\u00e9s.<\/p>\n<p>La veille de la c\u00e9r\u00e9monie, samedi 24 mai 2025, la Communaut\u00e9 de Base Saint Augustin a fait voyag\u00e9 l\u2019ic\u00f4ne\u00a0 de la Vierge Marie au foyer Claire Amiti\u00e9 pour soutenir la s\u0153ur Anne marie dans son d\u00e9sir d\u2019engagement d\u00e9finitif. En cette circonstance les enfants de ladite CCB ont ex\u00e9cut\u00e9 des chants, danses et chor\u00e9graphies pour animer et t\u00e9moigner aussi leur reconnaissance \u00e0 l\u2019endroit d\u2019Anne Marie.<\/p>\n<p>Davies A . Alain<\/p>\n<p><img loading=\"lazy\" decoding=\"async\" class=\"alignnone  wp-image-2035\" src=\"http:\/\/eglisecatholiqueniger.org\/wp-content\/uploads\/2025\/05\/ENGAGEMENT-Rachidath-01-1-300x200.jpg\" alt=\"\" width=\"201\" height=\"134\" srcset=\"https:\/\/eglisecatholiqueniger.org\/wp-content\/uploads\/2025\/05\/ENGAGEMENT-Rachidath-01-1-300x200.jpg 300w, https:\/\/eglisecatholiqueniger.org\/wp-content\/uploads\/2025\/05\/ENGAGEMENT-Rachidath-01-1-1024x683.jpg 1024w, https:\/\/eglisecatholiqueniger.org\/wp-content\/uploads\/2025\/05\/ENGAGEMENT-Rachidath-01-1-768x512.jpg 768w, https:\/\/eglisecatholiqueniger.org\/wp-content\/uploads\/2025\/05\/ENGAGEMENT-Rachidath-01-1-1536x1024.jpg 1536w, https:\/\/eglisecatholiqueniger.org\/wp-content\/uploads\/2025\/05\/ENGAGEMENT-Rachidath-01-1-2048x1365.jpg 2048w, https:\/\/eglisecatholiqueniger.org\/wp-content\/uploads\/2025\/05\/ENGAGEMENT-Rachidath-01-1-274x183.jpg 274w, https:\/\/eglisecatholiqueniger.org\/wp-content\/uploads\/2025\/05\/ENGAGEMENT-Rachidath-01-1-364x245.jpg 364w, https:\/\/eglisecatholiqueniger.org\/wp-content\/uploads\/2025\/05\/ENGAGEMENT-Rachidath-01-1-80x54.jpg 80w, https:\/\/eglisecatholiqueniger.org\/wp-content\/uploads\/2025\/05\/ENGAGEMENT-Rachidath-01-1-130x87.jpg 130w, https:\/\/eglisecatholiqueniger.org\/wp-content\/uploads\/2025\/05\/ENGAGEMENT-Rachidath-01-1-359x240.jpg 359w, https:\/\/eglisecatholiqueniger.org\/wp-content\/uploads\/2025\/05\/ENGAGEMENT-Rachidath-01-1-85x57.jpg 85w, https:\/\/eglisecatholiqueniger.org\/wp-content\/uploads\/2025\/05\/ENGAGEMENT-Rachidath-01-1-546x365.jpg 546w, https:\/\/eglisecatholiqueniger.org\/wp-content\/uploads\/2025\/05\/ENGAGEMENT-Rachidath-01-1-266x179.jpg 266w, https:\/\/eglisecatholiqueniger.org\/wp-content\/uploads\/2025\/05\/ENGAGEMENT-Rachidath-01-1-165x109.jpg 165w, https:\/\/eglisecatholiqueniger.org\/wp-content\/uploads\/2025\/05\/ENGAGEMENT-Rachidath-01-1-347x233.jpg 347w, https:\/\/eglisecatholiqueniger.org\/wp-content\/uploads\/2025\/05\/ENGAGEMENT-Rachidath-01-1-112x75.jpg 112w, https:\/\/eglisecatholiqueniger.org\/wp-content\/uploads\/2025\/05\/ENGAGEMENT-Rachidath-01-1-179x120.jpg 179w, https:\/\/eglisecatholiqueniger.org\/wp-content\/uploads\/2025\/05\/ENGAGEMENT-Rachidath-01-1-170x113.jpg 170w, https:\/\/eglisecatholiqueniger.org\/wp-content\/uploads\/2025\/05\/ENGAGEMENT-Rachidath-01-1-81x55.jpg 81w, https:\/\/eglisecatholiqueniger.org\/wp-content\/uploads\/2025\/05\/ENGAGEMENT-Rachidath-01-1-765x510.jpg 765w\" sizes=\"auto, (max-width: 201px) 100vw, 201px\" \/> <img loading=\"lazy\" decoding=\"async\" class=\"alignnone  wp-image-2036\" src=\"http:\/\/eglisecatholiqueniger.org\/wp-content\/uploads\/2025\/05\/ENGAGEMENT-Rachidath-02-300x200.jpg\" alt=\"\" width=\"200\" height=\"133\" srcset=\"https:\/\/eglisecatholiqueniger.org\/wp-content\/uploads\/2025\/05\/ENGAGEMENT-Rachidath-02-300x200.jpg 300w, https:\/\/eglisecatholiqueniger.org\/wp-content\/uploads\/2025\/05\/ENGAGEMENT-Rachidath-02-1024x683.jpg 1024w, https:\/\/eglisecatholiqueniger.org\/wp-content\/uploads\/2025\/05\/ENGAGEMENT-Rachidath-02-768x512.jpg 768w, https:\/\/eglisecatholiqueniger.org\/wp-content\/uploads\/2025\/05\/ENGAGEMENT-Rachidath-02-1536x1024.jpg 1536w, https:\/\/eglisecatholiqueniger.org\/wp-content\/uploads\/2025\/05\/ENGAGEMENT-Rachidath-02-2048x1365.jpg 2048w, https:\/\/eglisecatholiqueniger.org\/wp-content\/uploads\/2025\/05\/ENGAGEMENT-Rachidath-02-274x183.jpg 274w, https:\/\/eglisecatholiqueniger.org\/wp-content\/uploads\/2025\/05\/ENGAGEMENT-Rachidath-02-80x54.jpg 80w, https:\/\/eglisecatholiqueniger.org\/wp-content\/uploads\/2025\/05\/ENGAGEMENT-Rachidath-02-130x87.jpg 130w, https:\/\/eglisecatholiqueniger.org\/wp-content\/uploads\/2025\/05\/ENGAGEMENT-Rachidath-02-359x240.jpg 359w, https:\/\/eglisecatholiqueniger.org\/wp-content\/uploads\/2025\/05\/ENGAGEMENT-Rachidath-02-85x57.jpg 85w, https:\/\/eglisecatholiqueniger.org\/wp-content\/uploads\/2025\/05\/ENGAGEMENT-Rachidath-02-546x365.jpg 546w, https:\/\/eglisecatholiqueniger.org\/wp-content\/uploads\/2025\/05\/ENGAGEMENT-Rachidath-02-165x109.jpg 165w, https:\/\/eglisecatholiqueniger.org\/wp-content\/uploads\/2025\/05\/ENGAGEMENT-Rachidath-02-347x233.jpg 347w, https:\/\/eglisecatholiqueniger.org\/wp-content\/uploads\/2025\/05\/ENGAGEMENT-Rachidath-02-112x75.jpg 112w, https:\/\/eglisecatholiqueniger.org\/wp-content\/uploads\/2025\/05\/ENGAGEMENT-Rachidath-02-179x120.jpg 179w, https:\/\/eglisecatholiqueniger.org\/wp-content\/uploads\/2025\/05\/ENGAGEMENT-Rachidath-02-170x113.jpg 170w, https:\/\/eglisecatholiqueniger.org\/wp-content\/uploads\/2025\/05\/ENGAGEMENT-Rachidath-02-81x55.jpg 81w, https:\/\/eglisecatholiqueniger.org\/wp-content\/uploads\/2025\/05\/ENGAGEMENT-Rachidath-02-765x510.jpg 765w\" sizes=\"auto, (max-width: 200px) 100vw, 200px\" \/> <img loading=\"lazy\" decoding=\"async\" class=\"alignnone  wp-image-2037\" src=\"http:\/\/eglisecatholiqueniger.org\/wp-content\/uploads\/2025\/05\/ENGAGEMENT-Rachidath-03-300x200.jpg\" alt=\"\" width=\"200\" height=\"133\" srcset=\"https:\/\/eglisecatholiqueniger.org\/wp-content\/uploads\/2025\/05\/ENGAGEMENT-Rachidath-03-300x200.jpg 300w, https:\/\/eglisecatholiqueniger.org\/wp-content\/uploads\/2025\/05\/ENGAGEMENT-Rachidath-03-1024x683.jpg 1024w, https:\/\/eglisecatholiqueniger.org\/wp-content\/uploads\/2025\/05\/ENGAGEMENT-Rachidath-03-768x512.jpg 768w, https:\/\/eglisecatholiqueniger.org\/wp-content\/uploads\/2025\/05\/ENGAGEMENT-Rachidath-03-1536x1024.jpg 1536w, https:\/\/eglisecatholiqueniger.org\/wp-content\/uploads\/2025\/05\/ENGAGEMENT-Rachidath-03-2048x1365.jpg 2048w, https:\/\/eglisecatholiqueniger.org\/wp-content\/uploads\/2025\/05\/ENGAGEMENT-Rachidath-03-274x183.jpg 274w, https:\/\/eglisecatholiqueniger.org\/wp-content\/uploads\/2025\/05\/ENGAGEMENT-Rachidath-03-80x54.jpg 80w, https:\/\/eglisecatholiqueniger.org\/wp-content\/uploads\/2025\/05\/ENGAGEMENT-Rachidath-03-130x87.jpg 130w, https:\/\/eglisecatholiqueniger.org\/wp-content\/uploads\/2025\/05\/ENGAGEMENT-Rachidath-03-359x240.jpg 359w, https:\/\/eglisecatholiqueniger.org\/wp-content\/uploads\/2025\/05\/ENGAGEMENT-Rachidath-03-85x57.jpg 85w, https:\/\/eglisecatholiqueniger.org\/wp-content\/uploads\/2025\/05\/ENGAGEMENT-Rachidath-03-546x365.jpg 546w, https:\/\/eglisecatholiqueniger.org\/wp-content\/uploads\/2025\/05\/ENGAGEMENT-Rachidath-03-165x109.jpg 165w, https:\/\/eglisecatholiqueniger.org\/wp-content\/uploads\/2025\/05\/ENGAGEMENT-Rachidath-03-347x233.jpg 347w, https:\/\/eglisecatholiqueniger.org\/wp-content\/uploads\/2025\/05\/ENGAGEMENT-Rachidath-03-112x75.jpg 112w, https:\/\/eglisecatholiqueniger.org\/wp-content\/uploads\/2025\/05\/ENGAGEMENT-Rachidath-03-179x120.jpg 179w, https:\/\/eglisecatholiqueniger.org\/wp-content\/uploads\/2025\/05\/ENGAGEMENT-Rachidath-03-170x113.jpg 170w, https:\/\/eglisecatholiqueniger.org\/wp-content\/uploads\/2025\/05\/ENGAGEMENT-Rachidath-03-81x55.jpg 81w, https:\/\/eglisecatholiqueniger.org\/wp-content\/uploads\/2025\/05\/ENGAGEMENT-Rachidath-03-765x510.jpg 765w\" sizes=\"auto, (max-width: 200px) 100vw, 200px\" \/><\/p>\n<p>&nbsp;<\/p>\n<p><img loading=\"lazy\" decoding=\"async\" class=\"alignnone  wp-image-2043\" src=\"http:\/\/eglisecatholiqueniger.org\/wp-content\/uploads\/2025\/05\/ENGAGEMENT-Rachidath-04-300x200.jpg\" alt=\"\" width=\"200\" height=\"133\" srcset=\"https:\/\/eglisecatholiqueniger.org\/wp-content\/uploads\/2025\/05\/ENGAGEMENT-Rachidath-04-300x200.jpg 300w, https:\/\/eglisecatholiqueniger.org\/wp-content\/uploads\/2025\/05\/ENGAGEMENT-Rachidath-04-1024x683.jpg 1024w, https:\/\/eglisecatholiqueniger.org\/wp-content\/uploads\/2025\/05\/ENGAGEMENT-Rachidath-04-768x512.jpg 768w, https:\/\/eglisecatholiqueniger.org\/wp-content\/uploads\/2025\/05\/ENGAGEMENT-Rachidath-04-1536x1024.jpg 1536w, https:\/\/eglisecatholiqueniger.org\/wp-content\/uploads\/2025\/05\/ENGAGEMENT-Rachidath-04-2048x1365.jpg 2048w, https:\/\/eglisecatholiqueniger.org\/wp-content\/uploads\/2025\/05\/ENGAGEMENT-Rachidath-04-274x183.jpg 274w, https:\/\/eglisecatholiqueniger.org\/wp-content\/uploads\/2025\/05\/ENGAGEMENT-Rachidath-04-80x54.jpg 80w, https:\/\/eglisecatholiqueniger.org\/wp-content\/uploads\/2025\/05\/ENGAGEMENT-Rachidath-04-130x87.jpg 130w, https:\/\/eglisecatholiqueniger.org\/wp-content\/uploads\/2025\/05\/ENGAGEMENT-Rachidath-04-359x240.jpg 359w, https:\/\/eglisecatholiqueniger.org\/wp-content\/uploads\/2025\/05\/ENGAGEMENT-Rachidath-04-85x57.jpg 85w, https:\/\/eglisecatholiqueniger.org\/wp-content\/uploads\/2025\/05\/ENGAGEMENT-Rachidath-04-546x365.jpg 546w, https:\/\/eglisecatholiqueniger.org\/wp-content\/uploads\/2025\/05\/ENGAGEMENT-Rachidath-04-165x109.jpg 165w, https:\/\/eglisecatholiqueniger.org\/wp-content\/uploads\/2025\/05\/ENGAGEMENT-Rachidath-04-347x233.jpg 347w, https:\/\/eglisecatholiqueniger.org\/wp-content\/uploads\/2025\/05\/ENGAGEMENT-Rachidath-04-112x75.jpg 112w, https:\/\/eglisecatholiqueniger.org\/wp-content\/uploads\/2025\/05\/ENGAGEMENT-Rachidath-04-179x120.jpg 179w, https:\/\/eglisecatholiqueniger.org\/wp-content\/uploads\/2025\/05\/ENGAGEMENT-Rachidath-04-170x113.jpg 170w, https:\/\/eglisecatholiqueniger.org\/wp-content\/uploads\/2025\/05\/ENGAGEMENT-Rachidath-04-81x55.jpg 81w, https:\/\/eglisecatholiqueniger.org\/wp-content\/uploads\/2025\/05\/ENGAGEMENT-Rachidath-04-765x510.jpg 765w\" sizes=\"auto, (max-width: 200px) 100vw, 200px\" \/> <img loading=\"lazy\" decoding=\"async\" class=\"alignnone  wp-image-2045\" src=\"http:\/\/eglisecatholiqueniger.org\/wp-content\/uploads\/2025\/05\/ENGAGEMENT-Rachidath-011-300x200.jpg\" alt=\"\" width=\"200\" height=\"133\" srcset=\"https:\/\/eglisecatholiqueniger.org\/wp-content\/uploads\/2025\/05\/ENGAGEMENT-Rachidath-011-300x200.jpg 300w, https:\/\/eglisecatholiqueniger.org\/wp-content\/uploads\/2025\/05\/ENGAGEMENT-Rachidath-011-1024x683.jpg 1024w, https:\/\/eglisecatholiqueniger.org\/wp-content\/uploads\/2025\/05\/ENGAGEMENT-Rachidath-011-768x512.jpg 768w, https:\/\/eglisecatholiqueniger.org\/wp-content\/uploads\/2025\/05\/ENGAGEMENT-Rachidath-011-1536x1024.jpg 1536w, https:\/\/eglisecatholiqueniger.org\/wp-content\/uploads\/2025\/05\/ENGAGEMENT-Rachidath-011-2048x1365.jpg 2048w, https:\/\/eglisecatholiqueniger.org\/wp-content\/uploads\/2025\/05\/ENGAGEMENT-Rachidath-011-274x183.jpg 274w, https:\/\/eglisecatholiqueniger.org\/wp-content\/uploads\/2025\/05\/ENGAGEMENT-Rachidath-011-80x54.jpg 80w, https:\/\/eglisecatholiqueniger.org\/wp-content\/uploads\/2025\/05\/ENGAGEMENT-Rachidath-011-130x87.jpg 130w, https:\/\/eglisecatholiqueniger.org\/wp-content\/uploads\/2025\/05\/ENGAGEMENT-Rachidath-011-359x240.jpg 359w, https:\/\/eglisecatholiqueniger.org\/wp-content\/uploads\/2025\/05\/ENGAGEMENT-Rachidath-011-85x57.jpg 85w, https:\/\/eglisecatholiqueniger.org\/wp-content\/uploads\/2025\/05\/ENGAGEMENT-Rachidath-011-546x365.jpg 546w, https:\/\/eglisecatholiqueniger.org\/wp-content\/uploads\/2025\/05\/ENGAGEMENT-Rachidath-011-165x109.jpg 165w, https:\/\/eglisecatholiqueniger.org\/wp-content\/uploads\/2025\/05\/ENGAGEMENT-Rachidath-011-347x233.jpg 347w, https:\/\/eglisecatholiqueniger.org\/wp-content\/uploads\/2025\/05\/ENGAGEMENT-Rachidath-011-112x75.jpg 112w, https:\/\/eglisecatholiqueniger.org\/wp-content\/uploads\/2025\/05\/ENGAGEMENT-Rachidath-011-179x120.jpg 179w, https:\/\/eglisecatholiqueniger.org\/wp-content\/uploads\/2025\/05\/ENGAGEMENT-Rachidath-011-170x113.jpg 170w, https:\/\/eglisecatholiqueniger.org\/wp-content\/uploads\/2025\/05\/ENGAGEMENT-Rachidath-011-81x55.jpg 81w, https:\/\/eglisecatholiqueniger.org\/wp-content\/uploads\/2025\/05\/ENGAGEMENT-Rachidath-011-765x510.jpg 765w\" sizes=\"auto, (max-width: 200px) 100vw, 200px\" \/> <img loading=\"lazy\" decoding=\"async\" class=\"alignnone  wp-image-2046\" src=\"http:\/\/eglisecatholiqueniger.org\/wp-content\/uploads\/2025\/05\/ENGAGEMENT-Rachidath-012-300x200.jpg\" alt=\"\" width=\"201\" height=\"134\" srcset=\"https:\/\/eglisecatholiqueniger.org\/wp-content\/uploads\/2025\/05\/ENGAGEMENT-Rachidath-012-300x200.jpg 300w, https:\/\/eglisecatholiqueniger.org\/wp-content\/uploads\/2025\/05\/ENGAGEMENT-Rachidath-012-1024x683.jpg 1024w, https:\/\/eglisecatholiqueniger.org\/wp-content\/uploads\/2025\/05\/ENGAGEMENT-Rachidath-012-768x512.jpg 768w, https:\/\/eglisecatholiqueniger.org\/wp-content\/uploads\/2025\/05\/ENGAGEMENT-Rachidath-012-1536x1024.jpg 1536w, https:\/\/eglisecatholiqueniger.org\/wp-content\/uploads\/2025\/05\/ENGAGEMENT-Rachidath-012-2048x1365.jpg 2048w, https:\/\/eglisecatholiqueniger.org\/wp-content\/uploads\/2025\/05\/ENGAGEMENT-Rachidath-012-274x183.jpg 274w, https:\/\/eglisecatholiqueniger.org\/wp-content\/uploads\/2025\/05\/ENGAGEMENT-Rachidath-012-364x245.jpg 364w, https:\/\/eglisecatholiqueniger.org\/wp-content\/uploads\/2025\/05\/ENGAGEMENT-Rachidath-012-80x54.jpg 80w, https:\/\/eglisecatholiqueniger.org\/wp-content\/uploads\/2025\/05\/ENGAGEMENT-Rachidath-012-130x87.jpg 130w, https:\/\/eglisecatholiqueniger.org\/wp-content\/uploads\/2025\/05\/ENGAGEMENT-Rachidath-012-359x240.jpg 359w, https:\/\/eglisecatholiqueniger.org\/wp-content\/uploads\/2025\/05\/ENGAGEMENT-Rachidath-012-85x57.jpg 85w, https:\/\/eglisecatholiqueniger.org\/wp-content\/uploads\/2025\/05\/ENGAGEMENT-Rachidath-012-546x365.jpg 546w, https:\/\/eglisecatholiqueniger.org\/wp-content\/uploads\/2025\/05\/ENGAGEMENT-Rachidath-012-266x179.jpg 266w, https:\/\/eglisecatholiqueniger.org\/wp-content\/uploads\/2025\/05\/ENGAGEMENT-Rachidath-012-165x109.jpg 165w, https:\/\/eglisecatholiqueniger.org\/wp-content\/uploads\/2025\/05\/ENGAGEMENT-Rachidath-012-347x233.jpg 347w, https:\/\/eglisecatholiqueniger.org\/wp-content\/uploads\/2025\/05\/ENGAGEMENT-Rachidath-012-112x75.jpg 112w, https:\/\/eglisecatholiqueniger.org\/wp-content\/uploads\/2025\/05\/ENGAGEMENT-Rachidath-012-179x120.jpg 179w, https:\/\/eglisecatholiqueniger.org\/wp-content\/uploads\/2025\/05\/ENGAGEMENT-Rachidath-012-170x113.jpg 170w, https:\/\/eglisecatholiqueniger.org\/wp-content\/uploads\/2025\/05\/ENGAGEMENT-Rachidath-012-81x55.jpg 81w, https:\/\/eglisecatholiqueniger.org\/wp-content\/uploads\/2025\/05\/ENGAGEMENT-Rachidath-012-765x510.jpg 765w\" sizes=\"auto, (max-width: 201px) 100vw, 201px\" \/><\/p>\n","protected":false},"excerpt":{"rendered":"<p>C\u2019est dans un \u00e9lan missionnaire, d\u2019amour et de paix du Christ\u00a0 que la s\u0153ur IBRAHIMA GOMINA Rachidath Anne Marie Christine, membre permanente de Claire Amiti\u00e9, s\u2019est engag\u00e9e d\u00e9finitivement le dimanche &#8230;<\/p>\n","protected":false},"author":3,"featured_media":0,"comment_status":"open","ping_status":"open","sticky":false,"template":"","format":"standard","meta":{"footnotes":""},"categories":[1],"tags":[],"class_list":["post-2021","post","type-post","status-publish","format-standard","category-non-classe"],"_links":{"self":[{"href":"https:\/\/eglisecatholiqueniger.org\/index.php\/wp-json\/wp\/v2\/posts\/2021","targetHints":{"allow":["GET"]}}],"collection":[{"href":"https:\/\/eglisecatholiqueniger.org\/index.php\/wp-json\/wp\/v2\/posts"}],"about":[{"href":"https:\/\/eglisecatholiqueniger.org\/index.php\/wp-json\/wp\/v2\/types\/post"}],"author":[{"embeddable":true,"href":"https:\/\/eglisecatholiqueniger.org\/index.php\/wp-json\/wp\/v2\/users\/3"}],"replies":[{"embeddable":true,"href":"https:\/\/eglisecatholiqueniger.org\/index.php\/wp-json\/wp\/v2\/comments?post=2021"}],"version-history":[{"count":16,"href":"https:\/\/eglisecatholiqueniger.org\/index.php\/wp-json\/wp\/v2\/posts\/2021\/revisions"}],"predecessor-version":[{"id":2053,"href":"https:\/\/eglisecatholiqueniger.org\/index.php\/wp-json\/wp\/v2\/posts\/2021\/revisions\/2053"}],"wp:attachment":[{"href":"https:\/\/eglisecatholiqueniger.org\/index.php\/wp-json\/wp\/v2\/media?parent=2021"}],"wp:term":[{"taxonomy":"category","embeddable":true,"href":"https:\/\/eglisecatholiqueniger.org\/index.php\/wp-json\/wp\/v2\/categories?post=2021"},{"taxonomy":"post_tag","embeddable":true,"href":"https:\/\/eglisecatholiqueniger.org\/index.php\/wp-json\/wp\/v2\/tags?post=2021"}],"curies":[{"name":"wp","href":"https:\/\/api.w.org\/{rel}","templated":true}]}}