{"id":2055,"date":"2025-06-05T16:55:25","date_gmt":"2025-06-05T14:55:25","guid":{"rendered":"https:\/\/eglisecatholiqueniger.org\/?p=2055"},"modified":"2025-06-05T18:29:45","modified_gmt":"2025-06-05T16:29:45","slug":"ordination-episcopale-et-installation-de-mgr-ignatius-anipu-a-maradi","status":"publish","type":"post","link":"https:\/\/eglisecatholiqueniger.org\/index.php\/2025\/06\/05\/ordination-episcopale-et-installation-de-mgr-ignatius-anipu-a-maradi\/","title":{"rendered":"Ordination Episcopale et Installation  de Mgr Ignatius ANIPU  \u00e0  Maradi"},"content":{"rendered":"<p>Le nouvel \u00e9v\u00eaque du dioc\u00e8se de Maradi\u00a0 est entr\u00e9 en fonction le samedi 31 mai 2025. C\u2019est \u00e0 l\u2019occasion d\u2019une grande c\u00e9l\u00e9bration eucharistique \u00e0 la Cath\u00e9drale de notre Dame de Lourdes de Maradi<\/p>\n<p><strong><img loading=\"lazy\" decoding=\"async\" class=\"alignnone size-medium wp-image-2056\" src=\"http:\/\/eglisecatholiqueniger.org\/wp-content\/uploads\/2025\/06\/ORDINATION-01-300x200.jpg\" alt=\"\" width=\"300\" height=\"200\" srcset=\"https:\/\/eglisecatholiqueniger.org\/wp-content\/uploads\/2025\/06\/ORDINATION-01-300x200.jpg 300w, https:\/\/eglisecatholiqueniger.org\/wp-content\/uploads\/2025\/06\/ORDINATION-01-1024x683.jpg 1024w, https:\/\/eglisecatholiqueniger.org\/wp-content\/uploads\/2025\/06\/ORDINATION-01-768x512.jpg 768w, https:\/\/eglisecatholiqueniger.org\/wp-content\/uploads\/2025\/06\/ORDINATION-01-1536x1024.jpg 1536w, https:\/\/eglisecatholiqueniger.org\/wp-content\/uploads\/2025\/06\/ORDINATION-01-2048x1365.jpg 2048w, https:\/\/eglisecatholiqueniger.org\/wp-content\/uploads\/2025\/06\/ORDINATION-01-274x183.jpg 274w, https:\/\/eglisecatholiqueniger.org\/wp-content\/uploads\/2025\/06\/ORDINATION-01-80x54.jpg 80w, https:\/\/eglisecatholiqueniger.org\/wp-content\/uploads\/2025\/06\/ORDINATION-01-130x87.jpg 130w, https:\/\/eglisecatholiqueniger.org\/wp-content\/uploads\/2025\/06\/ORDINATION-01-359x240.jpg 359w, https:\/\/eglisecatholiqueniger.org\/wp-content\/uploads\/2025\/06\/ORDINATION-01-85x57.jpg 85w, https:\/\/eglisecatholiqueniger.org\/wp-content\/uploads\/2025\/06\/ORDINATION-01-546x365.jpg 546w, https:\/\/eglisecatholiqueniger.org\/wp-content\/uploads\/2025\/06\/ORDINATION-01-165x109.jpg 165w, https:\/\/eglisecatholiqueniger.org\/wp-content\/uploads\/2025\/06\/ORDINATION-01-347x233.jpg 347w, https:\/\/eglisecatholiqueniger.org\/wp-content\/uploads\/2025\/06\/ORDINATION-01-112x75.jpg 112w, https:\/\/eglisecatholiqueniger.org\/wp-content\/uploads\/2025\/06\/ORDINATION-01-179x120.jpg 179w, https:\/\/eglisecatholiqueniger.org\/wp-content\/uploads\/2025\/06\/ORDINATION-01-170x113.jpg 170w, https:\/\/eglisecatholiqueniger.org\/wp-content\/uploads\/2025\/06\/ORDINATION-01-81x55.jpg 81w, https:\/\/eglisecatholiqueniger.org\/wp-content\/uploads\/2025\/06\/ORDINATION-01-765x510.jpg 765w\" sizes=\"auto, (max-width: 300px) 100vw, 300px\" \/>\u00a0 Mgr<\/strong> <strong>Ignatius<\/strong> <strong>Anipu<\/strong> <strong>: un<\/strong> <strong>pasteur<\/strong> <strong>exp\u00e9riment\u00e9<\/strong><\/p>\n<p>N\u00e9 le 7 novembre 1959dansledioc\u00e8sedeNavrongo-BolgatangaauGhana, Mgr Ignatius Anipu est membre de la Soci\u00e9t\u00e9 des Missionnaires d\u2019Afrique. Ordonn\u00e9 pr\u00eatre en 1991, il a servi dans de nombreuses missions pastorales et acad\u00e9miques.<\/p>\n<p>Il a \u00e9t\u00e9 vicaire \u00e0 Zinder (1991-1995), cur\u00e9 \u00e0 Birni N\u2019Konni (1998-2001), enseignant en missiologie et islamologie \u00e0 Londres, Abidjan et Bamako.<\/p>\n<p>De 2011 \u00e0 2016, il fut sup\u00e9rieur provincial pour l\u2019Afrique de l\u2019Ouest, puis conseiller g\u00e9n\u00e9ral \u00e0 Rome (2016-2022). Depuis2023, il dirige l\u2019Institut de formation islamo-chr\u00e9tienne de Bamako.<\/p>\n<p>Sa nomination comme \u00e9v\u00eaque de Maradi, annonc\u00e9ele22f\u00e9vrier2025, est accueillie avec joie et espoir dans tout le dioc\u00e8se.<\/p>\n<p><img loading=\"lazy\" decoding=\"async\" class=\"alignnone size-medium wp-image-2068\" src=\"http:\/\/eglisecatholiqueniger.org\/wp-content\/uploads\/2025\/06\/ORDINATION-05-300x200.jpg\" alt=\"\" width=\"300\" height=\"200\" srcset=\"https:\/\/eglisecatholiqueniger.org\/wp-content\/uploads\/2025\/06\/ORDINATION-05-300x200.jpg 300w, https:\/\/eglisecatholiqueniger.org\/wp-content\/uploads\/2025\/06\/ORDINATION-05-1024x683.jpg 1024w, https:\/\/eglisecatholiqueniger.org\/wp-content\/uploads\/2025\/06\/ORDINATION-05-768x512.jpg 768w, https:\/\/eglisecatholiqueniger.org\/wp-content\/uploads\/2025\/06\/ORDINATION-05-1536x1024.jpg 1536w, https:\/\/eglisecatholiqueniger.org\/wp-content\/uploads\/2025\/06\/ORDINATION-05-2048x1365.jpg 2048w, https:\/\/eglisecatholiqueniger.org\/wp-content\/uploads\/2025\/06\/ORDINATION-05-274x183.jpg 274w, https:\/\/eglisecatholiqueniger.org\/wp-content\/uploads\/2025\/06\/ORDINATION-05-80x54.jpg 80w, https:\/\/eglisecatholiqueniger.org\/wp-content\/uploads\/2025\/06\/ORDINATION-05-130x87.jpg 130w, https:\/\/eglisecatholiqueniger.org\/wp-content\/uploads\/2025\/06\/ORDINATION-05-359x240.jpg 359w, https:\/\/eglisecatholiqueniger.org\/wp-content\/uploads\/2025\/06\/ORDINATION-05-85x57.jpg 85w, https:\/\/eglisecatholiqueniger.org\/wp-content\/uploads\/2025\/06\/ORDINATION-05-546x365.jpg 546w, https:\/\/eglisecatholiqueniger.org\/wp-content\/uploads\/2025\/06\/ORDINATION-05-165x109.jpg 165w, https:\/\/eglisecatholiqueniger.org\/wp-content\/uploads\/2025\/06\/ORDINATION-05-347x233.jpg 347w, https:\/\/eglisecatholiqueniger.org\/wp-content\/uploads\/2025\/06\/ORDINATION-05-112x75.jpg 112w, https:\/\/eglisecatholiqueniger.org\/wp-content\/uploads\/2025\/06\/ORDINATION-05-179x120.jpg 179w, https:\/\/eglisecatholiqueniger.org\/wp-content\/uploads\/2025\/06\/ORDINATION-05-170x113.jpg 170w, https:\/\/eglisecatholiqueniger.org\/wp-content\/uploads\/2025\/06\/ORDINATION-05-81x55.jpg 81w, https:\/\/eglisecatholiqueniger.org\/wp-content\/uploads\/2025\/06\/ORDINATION-05-765x510.jpg 765w\" sizes=\"auto, (max-width: 300px) 100vw, 300px\" \/>\u00a0 <img loading=\"lazy\" decoding=\"async\" class=\"alignnone size-medium wp-image-2069\" src=\"http:\/\/eglisecatholiqueniger.org\/wp-content\/uploads\/2025\/06\/ORDINATION-06-300x200.jpg\" alt=\"\" width=\"300\" height=\"200\" srcset=\"https:\/\/eglisecatholiqueniger.org\/wp-content\/uploads\/2025\/06\/ORDINATION-06-300x200.jpg 300w, https:\/\/eglisecatholiqueniger.org\/wp-content\/uploads\/2025\/06\/ORDINATION-06-1024x683.jpg 1024w, https:\/\/eglisecatholiqueniger.org\/wp-content\/uploads\/2025\/06\/ORDINATION-06-768x512.jpg 768w, https:\/\/eglisecatholiqueniger.org\/wp-content\/uploads\/2025\/06\/ORDINATION-06-1536x1024.jpg 1536w, https:\/\/eglisecatholiqueniger.org\/wp-content\/uploads\/2025\/06\/ORDINATION-06-2048x1365.jpg 2048w, https:\/\/eglisecatholiqueniger.org\/wp-content\/uploads\/2025\/06\/ORDINATION-06-274x183.jpg 274w, https:\/\/eglisecatholiqueniger.org\/wp-content\/uploads\/2025\/06\/ORDINATION-06-80x54.jpg 80w, https:\/\/eglisecatholiqueniger.org\/wp-content\/uploads\/2025\/06\/ORDINATION-06-130x87.jpg 130w, https:\/\/eglisecatholiqueniger.org\/wp-content\/uploads\/2025\/06\/ORDINATION-06-359x240.jpg 359w, https:\/\/eglisecatholiqueniger.org\/wp-content\/uploads\/2025\/06\/ORDINATION-06-85x57.jpg 85w, https:\/\/eglisecatholiqueniger.org\/wp-content\/uploads\/2025\/06\/ORDINATION-06-546x365.jpg 546w, https:\/\/eglisecatholiqueniger.org\/wp-content\/uploads\/2025\/06\/ORDINATION-06-165x109.jpg 165w, https:\/\/eglisecatholiqueniger.org\/wp-content\/uploads\/2025\/06\/ORDINATION-06-347x233.jpg 347w, https:\/\/eglisecatholiqueniger.org\/wp-content\/uploads\/2025\/06\/ORDINATION-06-112x75.jpg 112w, https:\/\/eglisecatholiqueniger.org\/wp-content\/uploads\/2025\/06\/ORDINATION-06-179x120.jpg 179w, https:\/\/eglisecatholiqueniger.org\/wp-content\/uploads\/2025\/06\/ORDINATION-06-170x113.jpg 170w, https:\/\/eglisecatholiqueniger.org\/wp-content\/uploads\/2025\/06\/ORDINATION-06-81x55.jpg 81w, https:\/\/eglisecatholiqueniger.org\/wp-content\/uploads\/2025\/06\/ORDINATION-06-765x510.jpg 765w\" sizes=\"auto, (max-width: 300px) 100vw, 300px\" \/><\/p>\n<p>&nbsp;<\/p>\n<p>La c\u00e9r\u00e9monie d\u2019ordination \u00e9piscopale de Mgr Ignatius Anipu a lieu le samedi 31 mai 2025 \u00e0 la cath\u00e9drale Notre-Dame de Lourdes de Maradi. Elle a r\u00e9uni de nombreux fid\u00e8les, \u00e9v\u00eaques de la sous-r\u00e9gion, pr\u00eatres, religieuses, autorit\u00e9s civiles, diplomates et repr\u00e9sentants religieux.<\/p>\n<p>Cet \u00e9v\u00e9nement a \u00e9t\u00e9 une occasion unique de c\u00e9l\u00e9brer l\u2019unit\u00e9 de l\u2019\u00c9glise et de renforcer les liens entre communaut\u00e9s religieuses au Niger. Il t\u00e9moigne aussi de la r\u00e9silience de la foi chr\u00e9tienne dans un environnement parfois hostile, mais toujours ouvert au dialogue.<\/p>\n<p>&nbsp;<\/p>\n<p><img loading=\"lazy\" decoding=\"async\" class=\"alignnone size-medium wp-image-2058\" src=\"http:\/\/eglisecatholiqueniger.org\/wp-content\/uploads\/2025\/06\/ORDINATION-07-300x200.jpg\" alt=\"\" width=\"300\" height=\"200\" srcset=\"https:\/\/eglisecatholiqueniger.org\/wp-content\/uploads\/2025\/06\/ORDINATION-07-300x200.jpg 300w, https:\/\/eglisecatholiqueniger.org\/wp-content\/uploads\/2025\/06\/ORDINATION-07-1024x683.jpg 1024w, https:\/\/eglisecatholiqueniger.org\/wp-content\/uploads\/2025\/06\/ORDINATION-07-768x512.jpg 768w, https:\/\/eglisecatholiqueniger.org\/wp-content\/uploads\/2025\/06\/ORDINATION-07-1536x1024.jpg 1536w, https:\/\/eglisecatholiqueniger.org\/wp-content\/uploads\/2025\/06\/ORDINATION-07-2048x1365.jpg 2048w, https:\/\/eglisecatholiqueniger.org\/wp-content\/uploads\/2025\/06\/ORDINATION-07-274x183.jpg 274w, https:\/\/eglisecatholiqueniger.org\/wp-content\/uploads\/2025\/06\/ORDINATION-07-80x54.jpg 80w, https:\/\/eglisecatholiqueniger.org\/wp-content\/uploads\/2025\/06\/ORDINATION-07-130x87.jpg 130w, https:\/\/eglisecatholiqueniger.org\/wp-content\/uploads\/2025\/06\/ORDINATION-07-359x240.jpg 359w, https:\/\/eglisecatholiqueniger.org\/wp-content\/uploads\/2025\/06\/ORDINATION-07-85x57.jpg 85w, https:\/\/eglisecatholiqueniger.org\/wp-content\/uploads\/2025\/06\/ORDINATION-07-546x365.jpg 546w, https:\/\/eglisecatholiqueniger.org\/wp-content\/uploads\/2025\/06\/ORDINATION-07-165x109.jpg 165w, https:\/\/eglisecatholiqueniger.org\/wp-content\/uploads\/2025\/06\/ORDINATION-07-347x233.jpg 347w, https:\/\/eglisecatholiqueniger.org\/wp-content\/uploads\/2025\/06\/ORDINATION-07-112x75.jpg 112w, https:\/\/eglisecatholiqueniger.org\/wp-content\/uploads\/2025\/06\/ORDINATION-07-179x120.jpg 179w, https:\/\/eglisecatholiqueniger.org\/wp-content\/uploads\/2025\/06\/ORDINATION-07-170x113.jpg 170w, https:\/\/eglisecatholiqueniger.org\/wp-content\/uploads\/2025\/06\/ORDINATION-07-81x55.jpg 81w, https:\/\/eglisecatholiqueniger.org\/wp-content\/uploads\/2025\/06\/ORDINATION-07-765x510.jpg 765w\" sizes=\"auto, (max-width: 300px) 100vw, 300px\" \/> <img loading=\"lazy\" decoding=\"async\" class=\"alignnone size-medium wp-image-2059\" src=\"http:\/\/eglisecatholiqueniger.org\/wp-content\/uploads\/2025\/06\/ORDINATION-09-300x200.jpg\" alt=\"\" width=\"300\" height=\"200\" srcset=\"https:\/\/eglisecatholiqueniger.org\/wp-content\/uploads\/2025\/06\/ORDINATION-09-300x200.jpg 300w, https:\/\/eglisecatholiqueniger.org\/wp-content\/uploads\/2025\/06\/ORDINATION-09-1024x683.jpg 1024w, https:\/\/eglisecatholiqueniger.org\/wp-content\/uploads\/2025\/06\/ORDINATION-09-768x512.jpg 768w, https:\/\/eglisecatholiqueniger.org\/wp-content\/uploads\/2025\/06\/ORDINATION-09-1536x1024.jpg 1536w, https:\/\/eglisecatholiqueniger.org\/wp-content\/uploads\/2025\/06\/ORDINATION-09-2048x1365.jpg 2048w, https:\/\/eglisecatholiqueniger.org\/wp-content\/uploads\/2025\/06\/ORDINATION-09-274x183.jpg 274w, https:\/\/eglisecatholiqueniger.org\/wp-content\/uploads\/2025\/06\/ORDINATION-09-80x54.jpg 80w, https:\/\/eglisecatholiqueniger.org\/wp-content\/uploads\/2025\/06\/ORDINATION-09-130x87.jpg 130w, https:\/\/eglisecatholiqueniger.org\/wp-content\/uploads\/2025\/06\/ORDINATION-09-359x240.jpg 359w, https:\/\/eglisecatholiqueniger.org\/wp-content\/uploads\/2025\/06\/ORDINATION-09-85x57.jpg 85w, https:\/\/eglisecatholiqueniger.org\/wp-content\/uploads\/2025\/06\/ORDINATION-09-546x365.jpg 546w, https:\/\/eglisecatholiqueniger.org\/wp-content\/uploads\/2025\/06\/ORDINATION-09-165x109.jpg 165w, https:\/\/eglisecatholiqueniger.org\/wp-content\/uploads\/2025\/06\/ORDINATION-09-347x233.jpg 347w, https:\/\/eglisecatholiqueniger.org\/wp-content\/uploads\/2025\/06\/ORDINATION-09-112x75.jpg 112w, https:\/\/eglisecatholiqueniger.org\/wp-content\/uploads\/2025\/06\/ORDINATION-09-179x120.jpg 179w, https:\/\/eglisecatholiqueniger.org\/wp-content\/uploads\/2025\/06\/ORDINATION-09-170x113.jpg 170w, https:\/\/eglisecatholiqueniger.org\/wp-content\/uploads\/2025\/06\/ORDINATION-09-81x55.jpg 81w, https:\/\/eglisecatholiqueniger.org\/wp-content\/uploads\/2025\/06\/ORDINATION-09-765x510.jpg 765w\" sizes=\"auto, (max-width: 300px) 100vw, 300px\" \/><\/p>\n<p><img loading=\"lazy\" decoding=\"async\" class=\"alignnone size-medium wp-image-2060\" src=\"http:\/\/eglisecatholiqueniger.org\/wp-content\/uploads\/2025\/06\/ORDINATION-022-300x200.jpg\" alt=\"\" width=\"300\" height=\"200\" srcset=\"https:\/\/eglisecatholiqueniger.org\/wp-content\/uploads\/2025\/06\/ORDINATION-022-300x200.jpg 300w, https:\/\/eglisecatholiqueniger.org\/wp-content\/uploads\/2025\/06\/ORDINATION-022-1024x683.jpg 1024w, https:\/\/eglisecatholiqueniger.org\/wp-content\/uploads\/2025\/06\/ORDINATION-022-768x512.jpg 768w, https:\/\/eglisecatholiqueniger.org\/wp-content\/uploads\/2025\/06\/ORDINATION-022-1536x1024.jpg 1536w, https:\/\/eglisecatholiqueniger.org\/wp-content\/uploads\/2025\/06\/ORDINATION-022-2048x1365.jpg 2048w, https:\/\/eglisecatholiqueniger.org\/wp-content\/uploads\/2025\/06\/ORDINATION-022-274x183.jpg 274w, https:\/\/eglisecatholiqueniger.org\/wp-content\/uploads\/2025\/06\/ORDINATION-022-80x54.jpg 80w, https:\/\/eglisecatholiqueniger.org\/wp-content\/uploads\/2025\/06\/ORDINATION-022-130x87.jpg 130w, https:\/\/eglisecatholiqueniger.org\/wp-content\/uploads\/2025\/06\/ORDINATION-022-359x240.jpg 359w, https:\/\/eglisecatholiqueniger.org\/wp-content\/uploads\/2025\/06\/ORDINATION-022-85x57.jpg 85w, https:\/\/eglisecatholiqueniger.org\/wp-content\/uploads\/2025\/06\/ORDINATION-022-546x365.jpg 546w, https:\/\/eglisecatholiqueniger.org\/wp-content\/uploads\/2025\/06\/ORDINATION-022-165x109.jpg 165w, https:\/\/eglisecatholiqueniger.org\/wp-content\/uploads\/2025\/06\/ORDINATION-022-347x233.jpg 347w, https:\/\/eglisecatholiqueniger.org\/wp-content\/uploads\/2025\/06\/ORDINATION-022-112x75.jpg 112w, https:\/\/eglisecatholiqueniger.org\/wp-content\/uploads\/2025\/06\/ORDINATION-022-179x120.jpg 179w, https:\/\/eglisecatholiqueniger.org\/wp-content\/uploads\/2025\/06\/ORDINATION-022-170x113.jpg 170w, https:\/\/eglisecatholiqueniger.org\/wp-content\/uploads\/2025\/06\/ORDINATION-022-81x55.jpg 81w, https:\/\/eglisecatholiqueniger.org\/wp-content\/uploads\/2025\/06\/ORDINATION-022-765x510.jpg 765w\" sizes=\"auto, (max-width: 300px) 100vw, 300px\" \/> <img loading=\"lazy\" decoding=\"async\" class=\"alignnone size-medium wp-image-2061\" src=\"http:\/\/eglisecatholiqueniger.org\/wp-content\/uploads\/2025\/06\/ORDINATION-024-300x200.jpg\" alt=\"\" width=\"300\" height=\"200\" srcset=\"https:\/\/eglisecatholiqueniger.org\/wp-content\/uploads\/2025\/06\/ORDINATION-024-300x200.jpg 300w, https:\/\/eglisecatholiqueniger.org\/wp-content\/uploads\/2025\/06\/ORDINATION-024-1024x683.jpg 1024w, https:\/\/eglisecatholiqueniger.org\/wp-content\/uploads\/2025\/06\/ORDINATION-024-768x512.jpg 768w, https:\/\/eglisecatholiqueniger.org\/wp-content\/uploads\/2025\/06\/ORDINATION-024-1536x1024.jpg 1536w, https:\/\/eglisecatholiqueniger.org\/wp-content\/uploads\/2025\/06\/ORDINATION-024-2048x1365.jpg 2048w, https:\/\/eglisecatholiqueniger.org\/wp-content\/uploads\/2025\/06\/ORDINATION-024-274x183.jpg 274w, https:\/\/eglisecatholiqueniger.org\/wp-content\/uploads\/2025\/06\/ORDINATION-024-80x54.jpg 80w, https:\/\/eglisecatholiqueniger.org\/wp-content\/uploads\/2025\/06\/ORDINATION-024-130x87.jpg 130w, https:\/\/eglisecatholiqueniger.org\/wp-content\/uploads\/2025\/06\/ORDINATION-024-359x240.jpg 359w, https:\/\/eglisecatholiqueniger.org\/wp-content\/uploads\/2025\/06\/ORDINATION-024-85x57.jpg 85w, https:\/\/eglisecatholiqueniger.org\/wp-content\/uploads\/2025\/06\/ORDINATION-024-546x365.jpg 546w, https:\/\/eglisecatholiqueniger.org\/wp-content\/uploads\/2025\/06\/ORDINATION-024-165x109.jpg 165w, https:\/\/eglisecatholiqueniger.org\/wp-content\/uploads\/2025\/06\/ORDINATION-024-347x233.jpg 347w, https:\/\/eglisecatholiqueniger.org\/wp-content\/uploads\/2025\/06\/ORDINATION-024-112x75.jpg 112w, https:\/\/eglisecatholiqueniger.org\/wp-content\/uploads\/2025\/06\/ORDINATION-024-179x120.jpg 179w, https:\/\/eglisecatholiqueniger.org\/wp-content\/uploads\/2025\/06\/ORDINATION-024-170x113.jpg 170w, https:\/\/eglisecatholiqueniger.org\/wp-content\/uploads\/2025\/06\/ORDINATION-024-81x55.jpg 81w, https:\/\/eglisecatholiqueniger.org\/wp-content\/uploads\/2025\/06\/ORDINATION-024-765x510.jpg 765w\" sizes=\"auto, (max-width: 300px) 100vw, 300px\" \/><\/p>\n<p>Apr\u00e8s l\u2019hom\u00e9lie, place au rite d\u2019ordination \u00e9piscopale Le cons\u00e9crateur principal \u00e9tait L\u2019archev\u00eaque \u00e9m\u00e9rite de Ouagadougou le cardinal Mgr Philippe Ou\u00e9draogo<\/p>\n<p>Au terme d\u2019un dialogue entre le cons\u00e9crateur principal et le p\u00e8re Ignatius ANIPU, ce dernier a marqu\u00e9 son accord \u00a0d\u2019\u00eatre ordonn\u00e9 \u00e9v\u00eaque\u00a0: \u00ab\u00a0oui j\u2019accepte\u00a0 cette charge au service du peuple de Dieu et je m\u2019engage \u00e0 le remplir jusqu\u2019\u00e0 ma mort\u00bb<\/p>\n<p>Apr\u00e8s cette acceptation, on a proc\u00e9d\u00e9 \u00e0 la litanie des saint, l\u2019imposition des mains puis de l\u2019\u00e9vang\u00e9liaire sur la t\u00eate du nouvel \u00e9v\u00eaque, l\u2019onction d\u2019huile sainte et enfin la remise des attributs \u00e9piscopaux. Tous ces rites et rituels ont permis \u00e0 celui qu\u2019on appelait p\u00e8re Ignatius de devenir Monseigneur Ignatius\u00a0 Kan-Murum ANIPU<\/p>\n<p><img loading=\"lazy\" decoding=\"async\" class=\"alignnone size-medium wp-image-2062\" src=\"http:\/\/eglisecatholiqueniger.org\/wp-content\/uploads\/2025\/06\/ORDINATION-023-300x200.jpg\" alt=\"\" width=\"300\" height=\"200\" srcset=\"https:\/\/eglisecatholiqueniger.org\/wp-content\/uploads\/2025\/06\/ORDINATION-023-300x200.jpg 300w, https:\/\/eglisecatholiqueniger.org\/wp-content\/uploads\/2025\/06\/ORDINATION-023-1024x683.jpg 1024w, https:\/\/eglisecatholiqueniger.org\/wp-content\/uploads\/2025\/06\/ORDINATION-023-768x512.jpg 768w, https:\/\/eglisecatholiqueniger.org\/wp-content\/uploads\/2025\/06\/ORDINATION-023-1536x1024.jpg 1536w, https:\/\/eglisecatholiqueniger.org\/wp-content\/uploads\/2025\/06\/ORDINATION-023-2048x1365.jpg 2048w, https:\/\/eglisecatholiqueniger.org\/wp-content\/uploads\/2025\/06\/ORDINATION-023-274x183.jpg 274w, https:\/\/eglisecatholiqueniger.org\/wp-content\/uploads\/2025\/06\/ORDINATION-023-80x54.jpg 80w, https:\/\/eglisecatholiqueniger.org\/wp-content\/uploads\/2025\/06\/ORDINATION-023-130x87.jpg 130w, https:\/\/eglisecatholiqueniger.org\/wp-content\/uploads\/2025\/06\/ORDINATION-023-359x240.jpg 359w, https:\/\/eglisecatholiqueniger.org\/wp-content\/uploads\/2025\/06\/ORDINATION-023-85x57.jpg 85w, https:\/\/eglisecatholiqueniger.org\/wp-content\/uploads\/2025\/06\/ORDINATION-023-546x365.jpg 546w, https:\/\/eglisecatholiqueniger.org\/wp-content\/uploads\/2025\/06\/ORDINATION-023-165x109.jpg 165w, https:\/\/eglisecatholiqueniger.org\/wp-content\/uploads\/2025\/06\/ORDINATION-023-347x233.jpg 347w, https:\/\/eglisecatholiqueniger.org\/wp-content\/uploads\/2025\/06\/ORDINATION-023-112x75.jpg 112w, https:\/\/eglisecatholiqueniger.org\/wp-content\/uploads\/2025\/06\/ORDINATION-023-179x120.jpg 179w, https:\/\/eglisecatholiqueniger.org\/wp-content\/uploads\/2025\/06\/ORDINATION-023-170x113.jpg 170w, https:\/\/eglisecatholiqueniger.org\/wp-content\/uploads\/2025\/06\/ORDINATION-023-81x55.jpg 81w, https:\/\/eglisecatholiqueniger.org\/wp-content\/uploads\/2025\/06\/ORDINATION-023-765x510.jpg 765w\" sizes=\"auto, (max-width: 300px) 100vw, 300px\" \/>\u00a0<img loading=\"lazy\" decoding=\"async\" class=\"alignnone size-medium wp-image-2066\" src=\"http:\/\/eglisecatholiqueniger.org\/wp-content\/uploads\/2025\/06\/ORDINATION-025-300x200.jpg\" alt=\"\" width=\"300\" height=\"200\" srcset=\"https:\/\/eglisecatholiqueniger.org\/wp-content\/uploads\/2025\/06\/ORDINATION-025-300x200.jpg 300w, https:\/\/eglisecatholiqueniger.org\/wp-content\/uploads\/2025\/06\/ORDINATION-025-1024x683.jpg 1024w, https:\/\/eglisecatholiqueniger.org\/wp-content\/uploads\/2025\/06\/ORDINATION-025-768x512.jpg 768w, https:\/\/eglisecatholiqueniger.org\/wp-content\/uploads\/2025\/06\/ORDINATION-025-1536x1024.jpg 1536w, https:\/\/eglisecatholiqueniger.org\/wp-content\/uploads\/2025\/06\/ORDINATION-025-2048x1365.jpg 2048w, https:\/\/eglisecatholiqueniger.org\/wp-content\/uploads\/2025\/06\/ORDINATION-025-274x183.jpg 274w, https:\/\/eglisecatholiqueniger.org\/wp-content\/uploads\/2025\/06\/ORDINATION-025-80x54.jpg 80w, https:\/\/eglisecatholiqueniger.org\/wp-content\/uploads\/2025\/06\/ORDINATION-025-130x87.jpg 130w, https:\/\/eglisecatholiqueniger.org\/wp-content\/uploads\/2025\/06\/ORDINATION-025-359x240.jpg 359w, https:\/\/eglisecatholiqueniger.org\/wp-content\/uploads\/2025\/06\/ORDINATION-025-85x57.jpg 85w, https:\/\/eglisecatholiqueniger.org\/wp-content\/uploads\/2025\/06\/ORDINATION-025-546x365.jpg 546w, https:\/\/eglisecatholiqueniger.org\/wp-content\/uploads\/2025\/06\/ORDINATION-025-165x109.jpg 165w, https:\/\/eglisecatholiqueniger.org\/wp-content\/uploads\/2025\/06\/ORDINATION-025-347x233.jpg 347w, https:\/\/eglisecatholiqueniger.org\/wp-content\/uploads\/2025\/06\/ORDINATION-025-112x75.jpg 112w, https:\/\/eglisecatholiqueniger.org\/wp-content\/uploads\/2025\/06\/ORDINATION-025-179x120.jpg 179w, https:\/\/eglisecatholiqueniger.org\/wp-content\/uploads\/2025\/06\/ORDINATION-025-170x113.jpg 170w, https:\/\/eglisecatholiqueniger.org\/wp-content\/uploads\/2025\/06\/ORDINATION-025-81x55.jpg 81w, https:\/\/eglisecatholiqueniger.org\/wp-content\/uploads\/2025\/06\/ORDINATION-025-765x510.jpg 765w\" sizes=\"auto, (max-width: 300px) 100vw, 300px\" \/><\/p>\n<p>Le dioc\u00e8se de Maradi, malgr\u00e9 sa petite taille en nombre de fid\u00e8les, se distingue par un engagement pastoral, \u00e9ducatif, sanitaire et interreligieux important. Les institutions \u00e9ducatives g\u00e9r\u00e9es par l\u2019\u00c9glise jouent un r\u00f4le essentiel dans la formation des jeunes, souvent en partenariat avec l\u2019\u00c9tat et des ONG internationales.<\/p>\n<p>Dans le domaine de la sant\u00e9, le dioc\u00e8se administre des centres de sant\u00e9 et des dispensaires. Les \u0153uvres caritatives sont coordonn\u00e9es en grande partie par Caritas D\u00e9veloppement Niger (CADEV), qui intervient dans la lutte contre l\u2019ins\u00e9curit\u00e9 alimentaire, le soutien aux personnes d\u00e9plac\u00e9es internes, la promotion de la paix et de la coh\u00e9sion sociale.<\/p>\n<p>L\u2019engagement pour le dialogue inter-religieux est au c\u0153ur de la mission du dioc\u00e8se. Les relations avec les leaders musulmans sont marqu\u00e9es par le respect et la collaboration, notamment \u00e0 travers des initiatives conjointes pour la paix et la m\u00e9diation communautaire.<\/p>\n<p style=\"direction: ltr;\"><img loading=\"lazy\" decoding=\"async\" class=\"alignnone size-medium wp-image-2063\" src=\"http:\/\/eglisecatholiqueniger.org\/wp-content\/uploads\/2025\/06\/ORDINATION-026-300x200.jpg\" alt=\"\" width=\"300\" height=\"200\" srcset=\"https:\/\/eglisecatholiqueniger.org\/wp-content\/uploads\/2025\/06\/ORDINATION-026-300x200.jpg 300w, https:\/\/eglisecatholiqueniger.org\/wp-content\/uploads\/2025\/06\/ORDINATION-026-1024x683.jpg 1024w, https:\/\/eglisecatholiqueniger.org\/wp-content\/uploads\/2025\/06\/ORDINATION-026-768x512.jpg 768w, https:\/\/eglisecatholiqueniger.org\/wp-content\/uploads\/2025\/06\/ORDINATION-026-1536x1024.jpg 1536w, https:\/\/eglisecatholiqueniger.org\/wp-content\/uploads\/2025\/06\/ORDINATION-026-2048x1365.jpg 2048w, https:\/\/eglisecatholiqueniger.org\/wp-content\/uploads\/2025\/06\/ORDINATION-026-274x183.jpg 274w, https:\/\/eglisecatholiqueniger.org\/wp-content\/uploads\/2025\/06\/ORDINATION-026-80x54.jpg 80w, https:\/\/eglisecatholiqueniger.org\/wp-content\/uploads\/2025\/06\/ORDINATION-026-130x87.jpg 130w, https:\/\/eglisecatholiqueniger.org\/wp-content\/uploads\/2025\/06\/ORDINATION-026-359x240.jpg 359w, https:\/\/eglisecatholiqueniger.org\/wp-content\/uploads\/2025\/06\/ORDINATION-026-85x57.jpg 85w, https:\/\/eglisecatholiqueniger.org\/wp-content\/uploads\/2025\/06\/ORDINATION-026-546x365.jpg 546w, https:\/\/eglisecatholiqueniger.org\/wp-content\/uploads\/2025\/06\/ORDINATION-026-165x109.jpg 165w, https:\/\/eglisecatholiqueniger.org\/wp-content\/uploads\/2025\/06\/ORDINATION-026-347x233.jpg 347w, https:\/\/eglisecatholiqueniger.org\/wp-content\/uploads\/2025\/06\/ORDINATION-026-112x75.jpg 112w, https:\/\/eglisecatholiqueniger.org\/wp-content\/uploads\/2025\/06\/ORDINATION-026-179x120.jpg 179w, https:\/\/eglisecatholiqueniger.org\/wp-content\/uploads\/2025\/06\/ORDINATION-026-170x113.jpg 170w, https:\/\/eglisecatholiqueniger.org\/wp-content\/uploads\/2025\/06\/ORDINATION-026-81x55.jpg 81w, https:\/\/eglisecatholiqueniger.org\/wp-content\/uploads\/2025\/06\/ORDINATION-026-765x510.jpg 765w\" sizes=\"auto, (max-width: 300px) 100vw, 300px\" \/> <img loading=\"lazy\" decoding=\"async\" class=\"alignnone size-medium wp-image-2065\" src=\"http:\/\/eglisecatholiqueniger.org\/wp-content\/uploads\/2025\/06\/ORDINATION-014-1-300x200.jpg\" alt=\"\" width=\"300\" height=\"200\" srcset=\"https:\/\/eglisecatholiqueniger.org\/wp-content\/uploads\/2025\/06\/ORDINATION-014-1-300x200.jpg 300w, https:\/\/eglisecatholiqueniger.org\/wp-content\/uploads\/2025\/06\/ORDINATION-014-1-1024x683.jpg 1024w, https:\/\/eglisecatholiqueniger.org\/wp-content\/uploads\/2025\/06\/ORDINATION-014-1-768x512.jpg 768w, https:\/\/eglisecatholiqueniger.org\/wp-content\/uploads\/2025\/06\/ORDINATION-014-1-1536x1024.jpg 1536w, https:\/\/eglisecatholiqueniger.org\/wp-content\/uploads\/2025\/06\/ORDINATION-014-1-2048x1365.jpg 2048w, https:\/\/eglisecatholiqueniger.org\/wp-content\/uploads\/2025\/06\/ORDINATION-014-1-274x183.jpg 274w, https:\/\/eglisecatholiqueniger.org\/wp-content\/uploads\/2025\/06\/ORDINATION-014-1-80x54.jpg 80w, https:\/\/eglisecatholiqueniger.org\/wp-content\/uploads\/2025\/06\/ORDINATION-014-1-130x87.jpg 130w, https:\/\/eglisecatholiqueniger.org\/wp-content\/uploads\/2025\/06\/ORDINATION-014-1-359x240.jpg 359w, https:\/\/eglisecatholiqueniger.org\/wp-content\/uploads\/2025\/06\/ORDINATION-014-1-85x57.jpg 85w, https:\/\/eglisecatholiqueniger.org\/wp-content\/uploads\/2025\/06\/ORDINATION-014-1-546x365.jpg 546w, https:\/\/eglisecatholiqueniger.org\/wp-content\/uploads\/2025\/06\/ORDINATION-014-1-165x109.jpg 165w, https:\/\/eglisecatholiqueniger.org\/wp-content\/uploads\/2025\/06\/ORDINATION-014-1-347x233.jpg 347w, https:\/\/eglisecatholiqueniger.org\/wp-content\/uploads\/2025\/06\/ORDINATION-014-1-112x75.jpg 112w, https:\/\/eglisecatholiqueniger.org\/wp-content\/uploads\/2025\/06\/ORDINATION-014-1-179x120.jpg 179w, https:\/\/eglisecatholiqueniger.org\/wp-content\/uploads\/2025\/06\/ORDINATION-014-1-170x113.jpg 170w, https:\/\/eglisecatholiqueniger.org\/wp-content\/uploads\/2025\/06\/ORDINATION-014-1-81x55.jpg 81w, https:\/\/eglisecatholiqueniger.org\/wp-content\/uploads\/2025\/06\/ORDINATION-014-1-765x510.jpg 765w\" sizes=\"auto, (max-width: 300px) 100vw, 300px\" \/><\/p>\n<p>Dans un contexte o\u00f9 les d\u00e9fis socio\u00e9conomiques et s\u00e9curitaires sont nombreux, le dioc\u00e8se s\u2019illustre par un engagement concret au service des populations, ind\u00e9pendamment de leur appartenance religieuse.<\/p>\n<p><img loading=\"lazy\" decoding=\"async\" class=\"alignnone size-medium wp-image-2085\" src=\"http:\/\/eglisecatholiqueniger.org\/wp-content\/uploads\/2025\/06\/ORDINATION-016-300x200.jpg\" alt=\"\" width=\"300\" height=\"200\" srcset=\"https:\/\/eglisecatholiqueniger.org\/wp-content\/uploads\/2025\/06\/ORDINATION-016-300x200.jpg 300w, https:\/\/eglisecatholiqueniger.org\/wp-content\/uploads\/2025\/06\/ORDINATION-016-1024x683.jpg 1024w, https:\/\/eglisecatholiqueniger.org\/wp-content\/uploads\/2025\/06\/ORDINATION-016-768x512.jpg 768w, https:\/\/eglisecatholiqueniger.org\/wp-content\/uploads\/2025\/06\/ORDINATION-016-1536x1024.jpg 1536w, https:\/\/eglisecatholiqueniger.org\/wp-content\/uploads\/2025\/06\/ORDINATION-016-2048x1365.jpg 2048w, https:\/\/eglisecatholiqueniger.org\/wp-content\/uploads\/2025\/06\/ORDINATION-016-274x183.jpg 274w, https:\/\/eglisecatholiqueniger.org\/wp-content\/uploads\/2025\/06\/ORDINATION-016-80x54.jpg 80w, https:\/\/eglisecatholiqueniger.org\/wp-content\/uploads\/2025\/06\/ORDINATION-016-130x87.jpg 130w, https:\/\/eglisecatholiqueniger.org\/wp-content\/uploads\/2025\/06\/ORDINATION-016-359x240.jpg 359w, https:\/\/eglisecatholiqueniger.org\/wp-content\/uploads\/2025\/06\/ORDINATION-016-85x57.jpg 85w, https:\/\/eglisecatholiqueniger.org\/wp-content\/uploads\/2025\/06\/ORDINATION-016-546x365.jpg 546w, https:\/\/eglisecatholiqueniger.org\/wp-content\/uploads\/2025\/06\/ORDINATION-016-165x109.jpg 165w, https:\/\/eglisecatholiqueniger.org\/wp-content\/uploads\/2025\/06\/ORDINATION-016-347x233.jpg 347w, https:\/\/eglisecatholiqueniger.org\/wp-content\/uploads\/2025\/06\/ORDINATION-016-112x75.jpg 112w, https:\/\/eglisecatholiqueniger.org\/wp-content\/uploads\/2025\/06\/ORDINATION-016-179x120.jpg 179w, https:\/\/eglisecatholiqueniger.org\/wp-content\/uploads\/2025\/06\/ORDINATION-016-170x113.jpg 170w, https:\/\/eglisecatholiqueniger.org\/wp-content\/uploads\/2025\/06\/ORDINATION-016-81x55.jpg 81w, https:\/\/eglisecatholiqueniger.org\/wp-content\/uploads\/2025\/06\/ORDINATION-016-765x510.jpg 765w\" sizes=\"auto, (max-width: 300px) 100vw, 300px\" \/> <img loading=\"lazy\" decoding=\"async\" class=\"alignnone size-medium wp-image-2088\" src=\"http:\/\/eglisecatholiqueniger.org\/wp-content\/uploads\/2025\/06\/ORDINATION-031-300x200.jpg\" alt=\"\" width=\"300\" height=\"200\" srcset=\"https:\/\/eglisecatholiqueniger.org\/wp-content\/uploads\/2025\/06\/ORDINATION-031-300x200.jpg 300w, https:\/\/eglisecatholiqueniger.org\/wp-content\/uploads\/2025\/06\/ORDINATION-031-1024x683.jpg 1024w, https:\/\/eglisecatholiqueniger.org\/wp-content\/uploads\/2025\/06\/ORDINATION-031-768x512.jpg 768w, https:\/\/eglisecatholiqueniger.org\/wp-content\/uploads\/2025\/06\/ORDINATION-031-1536x1024.jpg 1536w, https:\/\/eglisecatholiqueniger.org\/wp-content\/uploads\/2025\/06\/ORDINATION-031-2048x1365.jpg 2048w, https:\/\/eglisecatholiqueniger.org\/wp-content\/uploads\/2025\/06\/ORDINATION-031-274x183.jpg 274w, https:\/\/eglisecatholiqueniger.org\/wp-content\/uploads\/2025\/06\/ORDINATION-031-80x54.jpg 80w, https:\/\/eglisecatholiqueniger.org\/wp-content\/uploads\/2025\/06\/ORDINATION-031-130x87.jpg 130w, https:\/\/eglisecatholiqueniger.org\/wp-content\/uploads\/2025\/06\/ORDINATION-031-359x240.jpg 359w, https:\/\/eglisecatholiqueniger.org\/wp-content\/uploads\/2025\/06\/ORDINATION-031-85x57.jpg 85w, https:\/\/eglisecatholiqueniger.org\/wp-content\/uploads\/2025\/06\/ORDINATION-031-546x365.jpg 546w, https:\/\/eglisecatholiqueniger.org\/wp-content\/uploads\/2025\/06\/ORDINATION-031-165x109.jpg 165w, https:\/\/eglisecatholiqueniger.org\/wp-content\/uploads\/2025\/06\/ORDINATION-031-347x233.jpg 347w, https:\/\/eglisecatholiqueniger.org\/wp-content\/uploads\/2025\/06\/ORDINATION-031-112x75.jpg 112w, https:\/\/eglisecatholiqueniger.org\/wp-content\/uploads\/2025\/06\/ORDINATION-031-179x120.jpg 179w, https:\/\/eglisecatholiqueniger.org\/wp-content\/uploads\/2025\/06\/ORDINATION-031-170x113.jpg 170w, https:\/\/eglisecatholiqueniger.org\/wp-content\/uploads\/2025\/06\/ORDINATION-031-81x55.jpg 81w, https:\/\/eglisecatholiqueniger.org\/wp-content\/uploads\/2025\/06\/ORDINATION-031-765x510.jpg 765w\" sizes=\"auto, (max-width: 300px) 100vw, 300px\" \/><\/p>\n<p><img loading=\"lazy\" decoding=\"async\" class=\"alignnone size-medium wp-image-2087\" src=\"http:\/\/eglisecatholiqueniger.org\/wp-content\/uploads\/2025\/06\/ORDINATION-033-300x200.jpg\" alt=\"\" width=\"300\" height=\"200\" srcset=\"https:\/\/eglisecatholiqueniger.org\/wp-content\/uploads\/2025\/06\/ORDINATION-033-300x200.jpg 300w, https:\/\/eglisecatholiqueniger.org\/wp-content\/uploads\/2025\/06\/ORDINATION-033-1024x683.jpg 1024w, https:\/\/eglisecatholiqueniger.org\/wp-content\/uploads\/2025\/06\/ORDINATION-033-768x512.jpg 768w, https:\/\/eglisecatholiqueniger.org\/wp-content\/uploads\/2025\/06\/ORDINATION-033-1536x1024.jpg 1536w, https:\/\/eglisecatholiqueniger.org\/wp-content\/uploads\/2025\/06\/ORDINATION-033-2048x1365.jpg 2048w, https:\/\/eglisecatholiqueniger.org\/wp-content\/uploads\/2025\/06\/ORDINATION-033-274x183.jpg 274w, https:\/\/eglisecatholiqueniger.org\/wp-content\/uploads\/2025\/06\/ORDINATION-033-80x54.jpg 80w, https:\/\/eglisecatholiqueniger.org\/wp-content\/uploads\/2025\/06\/ORDINATION-033-130x87.jpg 130w, https:\/\/eglisecatholiqueniger.org\/wp-content\/uploads\/2025\/06\/ORDINATION-033-359x240.jpg 359w, https:\/\/eglisecatholiqueniger.org\/wp-content\/uploads\/2025\/06\/ORDINATION-033-85x57.jpg 85w, https:\/\/eglisecatholiqueniger.org\/wp-content\/uploads\/2025\/06\/ORDINATION-033-546x365.jpg 546w, https:\/\/eglisecatholiqueniger.org\/wp-content\/uploads\/2025\/06\/ORDINATION-033-165x109.jpg 165w, https:\/\/eglisecatholiqueniger.org\/wp-content\/uploads\/2025\/06\/ORDINATION-033-347x233.jpg 347w, https:\/\/eglisecatholiqueniger.org\/wp-content\/uploads\/2025\/06\/ORDINATION-033-112x75.jpg 112w, https:\/\/eglisecatholiqueniger.org\/wp-content\/uploads\/2025\/06\/ORDINATION-033-179x120.jpg 179w, https:\/\/eglisecatholiqueniger.org\/wp-content\/uploads\/2025\/06\/ORDINATION-033-170x113.jpg 170w, https:\/\/eglisecatholiqueniger.org\/wp-content\/uploads\/2025\/06\/ORDINATION-033-81x55.jpg 81w, https:\/\/eglisecatholiqueniger.org\/wp-content\/uploads\/2025\/06\/ORDINATION-033-765x510.jpg 765w\" sizes=\"auto, (max-width: 300px) 100vw, 300px\" \/> \u00a0 <img loading=\"lazy\" decoding=\"async\" class=\"alignnone size-medium wp-image-2089\" src=\"http:\/\/eglisecatholiqueniger.org\/wp-content\/uploads\/2025\/06\/ordination-0028-300x200.jpg\" alt=\"\" width=\"300\" height=\"200\" srcset=\"https:\/\/eglisecatholiqueniger.org\/wp-content\/uploads\/2025\/06\/ordination-0028-300x200.jpg 300w, https:\/\/eglisecatholiqueniger.org\/wp-content\/uploads\/2025\/06\/ordination-0028-1024x683.jpg 1024w, https:\/\/eglisecatholiqueniger.org\/wp-content\/uploads\/2025\/06\/ordination-0028-768x512.jpg 768w, https:\/\/eglisecatholiqueniger.org\/wp-content\/uploads\/2025\/06\/ordination-0028-1536x1024.jpg 1536w, https:\/\/eglisecatholiqueniger.org\/wp-content\/uploads\/2025\/06\/ordination-0028-2048x1365.jpg 2048w, https:\/\/eglisecatholiqueniger.org\/wp-content\/uploads\/2025\/06\/ordination-0028-274x183.jpg 274w, https:\/\/eglisecatholiqueniger.org\/wp-content\/uploads\/2025\/06\/ordination-0028-80x54.jpg 80w, https:\/\/eglisecatholiqueniger.org\/wp-content\/uploads\/2025\/06\/ordination-0028-130x87.jpg 130w, https:\/\/eglisecatholiqueniger.org\/wp-content\/uploads\/2025\/06\/ordination-0028-359x240.jpg 359w, https:\/\/eglisecatholiqueniger.org\/wp-content\/uploads\/2025\/06\/ordination-0028-85x57.jpg 85w, https:\/\/eglisecatholiqueniger.org\/wp-content\/uploads\/2025\/06\/ordination-0028-546x365.jpg 546w, https:\/\/eglisecatholiqueniger.org\/wp-content\/uploads\/2025\/06\/ordination-0028-165x109.jpg 165w, https:\/\/eglisecatholiqueniger.org\/wp-content\/uploads\/2025\/06\/ordination-0028-347x233.jpg 347w, https:\/\/eglisecatholiqueniger.org\/wp-content\/uploads\/2025\/06\/ordination-0028-112x75.jpg 112w, https:\/\/eglisecatholiqueniger.org\/wp-content\/uploads\/2025\/06\/ordination-0028-179x120.jpg 179w, https:\/\/eglisecatholiqueniger.org\/wp-content\/uploads\/2025\/06\/ordination-0028-170x113.jpg 170w, https:\/\/eglisecatholiqueniger.org\/wp-content\/uploads\/2025\/06\/ordination-0028-81x55.jpg 81w, https:\/\/eglisecatholiqueniger.org\/wp-content\/uploads\/2025\/06\/ordination-0028-765x510.jpg 765w\" sizes=\"auto, (max-width: 300px) 100vw, 300px\" \/><\/p>\n<p><img loading=\"lazy\" decoding=\"async\" class=\"alignnone size-medium wp-image-2090\" src=\"http:\/\/eglisecatholiqueniger.org\/wp-content\/uploads\/2025\/06\/ORDINATION-014-2-300x200.jpg\" alt=\"\" width=\"300\" height=\"200\" srcset=\"https:\/\/eglisecatholiqueniger.org\/wp-content\/uploads\/2025\/06\/ORDINATION-014-2-300x200.jpg 300w, https:\/\/eglisecatholiqueniger.org\/wp-content\/uploads\/2025\/06\/ORDINATION-014-2-1024x683.jpg 1024w, https:\/\/eglisecatholiqueniger.org\/wp-content\/uploads\/2025\/06\/ORDINATION-014-2-768x512.jpg 768w, https:\/\/eglisecatholiqueniger.org\/wp-content\/uploads\/2025\/06\/ORDINATION-014-2-1536x1024.jpg 1536w, https:\/\/eglisecatholiqueniger.org\/wp-content\/uploads\/2025\/06\/ORDINATION-014-2-2048x1365.jpg 2048w, https:\/\/eglisecatholiqueniger.org\/wp-content\/uploads\/2025\/06\/ORDINATION-014-2-274x183.jpg 274w, https:\/\/eglisecatholiqueniger.org\/wp-content\/uploads\/2025\/06\/ORDINATION-014-2-80x54.jpg 80w, https:\/\/eglisecatholiqueniger.org\/wp-content\/uploads\/2025\/06\/ORDINATION-014-2-130x87.jpg 130w, https:\/\/eglisecatholiqueniger.org\/wp-content\/uploads\/2025\/06\/ORDINATION-014-2-359x240.jpg 359w, https:\/\/eglisecatholiqueniger.org\/wp-content\/uploads\/2025\/06\/ORDINATION-014-2-85x57.jpg 85w, https:\/\/eglisecatholiqueniger.org\/wp-content\/uploads\/2025\/06\/ORDINATION-014-2-546x365.jpg 546w, https:\/\/eglisecatholiqueniger.org\/wp-content\/uploads\/2025\/06\/ORDINATION-014-2-165x109.jpg 165w, https:\/\/eglisecatholiqueniger.org\/wp-content\/uploads\/2025\/06\/ORDINATION-014-2-347x233.jpg 347w, https:\/\/eglisecatholiqueniger.org\/wp-content\/uploads\/2025\/06\/ORDINATION-014-2-112x75.jpg 112w, https:\/\/eglisecatholiqueniger.org\/wp-content\/uploads\/2025\/06\/ORDINATION-014-2-179x120.jpg 179w, https:\/\/eglisecatholiqueniger.org\/wp-content\/uploads\/2025\/06\/ORDINATION-014-2-170x113.jpg 170w, https:\/\/eglisecatholiqueniger.org\/wp-content\/uploads\/2025\/06\/ORDINATION-014-2-81x55.jpg 81w, https:\/\/eglisecatholiqueniger.org\/wp-content\/uploads\/2025\/06\/ORDINATION-014-2-765x510.jpg 765w\" sizes=\"auto, (max-width: 300px) 100vw, 300px\" \/> \u00a0<img loading=\"lazy\" decoding=\"async\" class=\"alignnone size-medium wp-image-2091\" src=\"http:\/\/eglisecatholiqueniger.org\/wp-content\/uploads\/2025\/06\/ORDINATION-032-300x200.jpg\" alt=\"\" width=\"300\" height=\"200\" srcset=\"https:\/\/eglisecatholiqueniger.org\/wp-content\/uploads\/2025\/06\/ORDINATION-032-300x200.jpg 300w, https:\/\/eglisecatholiqueniger.org\/wp-content\/uploads\/2025\/06\/ORDINATION-032-1024x683.jpg 1024w, https:\/\/eglisecatholiqueniger.org\/wp-content\/uploads\/2025\/06\/ORDINATION-032-768x512.jpg 768w, https:\/\/eglisecatholiqueniger.org\/wp-content\/uploads\/2025\/06\/ORDINATION-032-1536x1024.jpg 1536w, https:\/\/eglisecatholiqueniger.org\/wp-content\/uploads\/2025\/06\/ORDINATION-032-2048x1365.jpg 2048w, https:\/\/eglisecatholiqueniger.org\/wp-content\/uploads\/2025\/06\/ORDINATION-032-274x183.jpg 274w, https:\/\/eglisecatholiqueniger.org\/wp-content\/uploads\/2025\/06\/ORDINATION-032-80x54.jpg 80w, https:\/\/eglisecatholiqueniger.org\/wp-content\/uploads\/2025\/06\/ORDINATION-032-130x87.jpg 130w, https:\/\/eglisecatholiqueniger.org\/wp-content\/uploads\/2025\/06\/ORDINATION-032-359x240.jpg 359w, https:\/\/eglisecatholiqueniger.org\/wp-content\/uploads\/2025\/06\/ORDINATION-032-85x57.jpg 85w, https:\/\/eglisecatholiqueniger.org\/wp-content\/uploads\/2025\/06\/ORDINATION-032-546x365.jpg 546w, https:\/\/eglisecatholiqueniger.org\/wp-content\/uploads\/2025\/06\/ORDINATION-032-165x109.jpg 165w, https:\/\/eglisecatholiqueniger.org\/wp-content\/uploads\/2025\/06\/ORDINATION-032-347x233.jpg 347w, https:\/\/eglisecatholiqueniger.org\/wp-content\/uploads\/2025\/06\/ORDINATION-032-112x75.jpg 112w, https:\/\/eglisecatholiqueniger.org\/wp-content\/uploads\/2025\/06\/ORDINATION-032-179x120.jpg 179w, https:\/\/eglisecatholiqueniger.org\/wp-content\/uploads\/2025\/06\/ORDINATION-032-170x113.jpg 170w, https:\/\/eglisecatholiqueniger.org\/wp-content\/uploads\/2025\/06\/ORDINATION-032-81x55.jpg 81w, https:\/\/eglisecatholiqueniger.org\/wp-content\/uploads\/2025\/06\/ORDINATION-032-765x510.jpg 765w\" sizes=\"auto, (max-width: 300px) 100vw, 300px\" \/><\/p>\n<p><img loading=\"lazy\" decoding=\"async\" class=\"alignnone size-medium wp-image-2093\" src=\"http:\/\/eglisecatholiqueniger.org\/wp-content\/uploads\/2025\/06\/ORDINATION-04-300x200.jpg\" alt=\"\" width=\"300\" height=\"200\" srcset=\"https:\/\/eglisecatholiqueniger.org\/wp-content\/uploads\/2025\/06\/ORDINATION-04-300x200.jpg 300w, https:\/\/eglisecatholiqueniger.org\/wp-content\/uploads\/2025\/06\/ORDINATION-04-1024x683.jpg 1024w, https:\/\/eglisecatholiqueniger.org\/wp-content\/uploads\/2025\/06\/ORDINATION-04-768x512.jpg 768w, https:\/\/eglisecatholiqueniger.org\/wp-content\/uploads\/2025\/06\/ORDINATION-04-1536x1024.jpg 1536w, https:\/\/eglisecatholiqueniger.org\/wp-content\/uploads\/2025\/06\/ORDINATION-04-2048x1365.jpg 2048w, https:\/\/eglisecatholiqueniger.org\/wp-content\/uploads\/2025\/06\/ORDINATION-04-274x183.jpg 274w, https:\/\/eglisecatholiqueniger.org\/wp-content\/uploads\/2025\/06\/ORDINATION-04-80x54.jpg 80w, https:\/\/eglisecatholiqueniger.org\/wp-content\/uploads\/2025\/06\/ORDINATION-04-130x87.jpg 130w, https:\/\/eglisecatholiqueniger.org\/wp-content\/uploads\/2025\/06\/ORDINATION-04-359x240.jpg 359w, https:\/\/eglisecatholiqueniger.org\/wp-content\/uploads\/2025\/06\/ORDINATION-04-85x57.jpg 85w, https:\/\/eglisecatholiqueniger.org\/wp-content\/uploads\/2025\/06\/ORDINATION-04-546x365.jpg 546w, https:\/\/eglisecatholiqueniger.org\/wp-content\/uploads\/2025\/06\/ORDINATION-04-165x109.jpg 165w, https:\/\/eglisecatholiqueniger.org\/wp-content\/uploads\/2025\/06\/ORDINATION-04-347x233.jpg 347w, https:\/\/eglisecatholiqueniger.org\/wp-content\/uploads\/2025\/06\/ORDINATION-04-112x75.jpg 112w, https:\/\/eglisecatholiqueniger.org\/wp-content\/uploads\/2025\/06\/ORDINATION-04-179x120.jpg 179w, https:\/\/eglisecatholiqueniger.org\/wp-content\/uploads\/2025\/06\/ORDINATION-04-170x113.jpg 170w, https:\/\/eglisecatholiqueniger.org\/wp-content\/uploads\/2025\/06\/ORDINATION-04-81x55.jpg 81w, https:\/\/eglisecatholiqueniger.org\/wp-content\/uploads\/2025\/06\/ORDINATION-04-765x510.jpg 765w\" sizes=\"auto, (max-width: 300px) 100vw, 300px\" \/> <img loading=\"lazy\" decoding=\"async\" class=\"alignnone size-medium wp-image-2092\" src=\"http:\/\/eglisecatholiqueniger.org\/wp-content\/uploads\/2025\/06\/ORDINATION-034-300x200.jpg\" alt=\"\" width=\"300\" height=\"200\" srcset=\"https:\/\/eglisecatholiqueniger.org\/wp-content\/uploads\/2025\/06\/ORDINATION-034-300x200.jpg 300w, https:\/\/eglisecatholiqueniger.org\/wp-content\/uploads\/2025\/06\/ORDINATION-034-1024x683.jpg 1024w, https:\/\/eglisecatholiqueniger.org\/wp-content\/uploads\/2025\/06\/ORDINATION-034-768x512.jpg 768w, https:\/\/eglisecatholiqueniger.org\/wp-content\/uploads\/2025\/06\/ORDINATION-034-1536x1024.jpg 1536w, https:\/\/eglisecatholiqueniger.org\/wp-content\/uploads\/2025\/06\/ORDINATION-034-2048x1365.jpg 2048w, https:\/\/eglisecatholiqueniger.org\/wp-content\/uploads\/2025\/06\/ORDINATION-034-274x183.jpg 274w, https:\/\/eglisecatholiqueniger.org\/wp-content\/uploads\/2025\/06\/ORDINATION-034-80x54.jpg 80w, https:\/\/eglisecatholiqueniger.org\/wp-content\/uploads\/2025\/06\/ORDINATION-034-130x87.jpg 130w, https:\/\/eglisecatholiqueniger.org\/wp-content\/uploads\/2025\/06\/ORDINATION-034-359x240.jpg 359w, https:\/\/eglisecatholiqueniger.org\/wp-content\/uploads\/2025\/06\/ORDINATION-034-85x57.jpg 85w, https:\/\/eglisecatholiqueniger.org\/wp-content\/uploads\/2025\/06\/ORDINATION-034-546x365.jpg 546w, https:\/\/eglisecatholiqueniger.org\/wp-content\/uploads\/2025\/06\/ORDINATION-034-165x109.jpg 165w, https:\/\/eglisecatholiqueniger.org\/wp-content\/uploads\/2025\/06\/ORDINATION-034-347x233.jpg 347w, https:\/\/eglisecatholiqueniger.org\/wp-content\/uploads\/2025\/06\/ORDINATION-034-112x75.jpg 112w, https:\/\/eglisecatholiqueniger.org\/wp-content\/uploads\/2025\/06\/ORDINATION-034-179x120.jpg 179w, https:\/\/eglisecatholiqueniger.org\/wp-content\/uploads\/2025\/06\/ORDINATION-034-170x113.jpg 170w, https:\/\/eglisecatholiqueniger.org\/wp-content\/uploads\/2025\/06\/ORDINATION-034-81x55.jpg 81w, https:\/\/eglisecatholiqueniger.org\/wp-content\/uploads\/2025\/06\/ORDINATION-034-765x510.jpg 765w\" sizes=\"auto, (max-width: 300px) 100vw, 300px\" \/><\/p>\n<p>&nbsp;<\/p>\n<p>&nbsp;<\/p>\n<p>&nbsp;<\/p>\n<p>&nbsp;<\/p>\n<p>&nbsp;<\/p>\n","protected":false},"excerpt":{"rendered":"<p>Le nouvel \u00e9v\u00eaque du dioc\u00e8se de Maradi\u00a0 est entr\u00e9 en fonction le samedi 31 mai 2025. C\u2019est \u00e0 l\u2019occasion d\u2019une grande c\u00e9l\u00e9bration eucharistique \u00e0 la Cath\u00e9drale de notre Dame de &#8230;<\/p>\n","protected":false},"author":3,"featured_media":0,"comment_status":"open","ping_status":"open","sticky":false,"template":"","format":"standard","meta":{"footnotes":""},"categories":[1],"tags":[],"class_list":["post-2055","post","type-post","status-publish","format-standard","category-non-classe"],"_links":{"self":[{"href":"https:\/\/eglisecatholiqueniger.org\/index.php\/wp-json\/wp\/v2\/posts\/2055","targetHints":{"allow":["GET"]}}],"collection":[{"href":"https:\/\/eglisecatholiqueniger.org\/index.php\/wp-json\/wp\/v2\/posts"}],"about":[{"href":"https:\/\/eglisecatholiqueniger.org\/index.php\/wp-json\/wp\/v2\/types\/post"}],"author":[{"embeddable":true,"href":"https:\/\/eglisecatholiqueniger.org\/index.php\/wp-json\/wp\/v2\/users\/3"}],"replies":[{"embeddable":true,"href":"https:\/\/eglisecatholiqueniger.org\/index.php\/wp-json\/wp\/v2\/comments?post=2055"}],"version-history":[{"count":9,"href":"https:\/\/eglisecatholiqueniger.org\/index.php\/wp-json\/wp\/v2\/posts\/2055\/revisions"}],"predecessor-version":[{"id":2096,"href":"https:\/\/eglisecatholiqueniger.org\/index.php\/wp-json\/wp\/v2\/posts\/2055\/revisions\/2096"}],"wp:attachment":[{"href":"https:\/\/eglisecatholiqueniger.org\/index.php\/wp-json\/wp\/v2\/media?parent=2055"}],"wp:term":[{"taxonomy":"category","embeddable":true,"href":"https:\/\/eglisecatholiqueniger.org\/index.php\/wp-json\/wp\/v2\/categories?post=2055"},{"taxonomy":"post_tag","embeddable":true,"href":"https:\/\/eglisecatholiqueniger.org\/index.php\/wp-json\/wp\/v2\/tags?post=2055"}],"curies":[{"name":"wp","href":"https:\/\/api.w.org\/{rel}","templated":true}]}}