{"id":2104,"date":"2025-07-09T18:16:59","date_gmt":"2025-07-09T16:16:59","guid":{"rendered":"https:\/\/eglisecatholiqueniger.org\/?p=2104"},"modified":"2025-07-09T18:16:59","modified_gmt":"2025-07-09T16:16:59","slug":"ordination-de-labbe-michel-woba-oliga","status":"publish","type":"post","link":"https:\/\/eglisecatholiqueniger.org\/index.php\/2025\/07\/09\/ordination-de-labbe-michel-woba-oliga\/","title":{"rendered":"ORDINATION DE L&rsquo;ABBE MICHEL WOBA OLIGA"},"content":{"rendered":"<p><img loading=\"lazy\" decoding=\"async\" class=\"size-medium wp-image-2107 alignright\" src=\"http:\/\/eglisecatholiqueniger.org\/wp-content\/uploads\/2025\/07\/ORDI-MICHE-0010-300x200.jpg\" alt=\"\" width=\"300\" height=\"200\" srcset=\"https:\/\/eglisecatholiqueniger.org\/wp-content\/uploads\/2025\/07\/ORDI-MICHE-0010-300x200.jpg 300w, https:\/\/eglisecatholiqueniger.org\/wp-content\/uploads\/2025\/07\/ORDI-MICHE-0010-1024x683.jpg 1024w, https:\/\/eglisecatholiqueniger.org\/wp-content\/uploads\/2025\/07\/ORDI-MICHE-0010-768x512.jpg 768w, https:\/\/eglisecatholiqueniger.org\/wp-content\/uploads\/2025\/07\/ORDI-MICHE-0010-1536x1024.jpg 1536w, https:\/\/eglisecatholiqueniger.org\/wp-content\/uploads\/2025\/07\/ORDI-MICHE-0010-2048x1365.jpg 2048w, https:\/\/eglisecatholiqueniger.org\/wp-content\/uploads\/2025\/07\/ORDI-MICHE-0010-274x183.jpg 274w, https:\/\/eglisecatholiqueniger.org\/wp-content\/uploads\/2025\/07\/ORDI-MICHE-0010-80x54.jpg 80w, https:\/\/eglisecatholiqueniger.org\/wp-content\/uploads\/2025\/07\/ORDI-MICHE-0010-130x87.jpg 130w, https:\/\/eglisecatholiqueniger.org\/wp-content\/uploads\/2025\/07\/ORDI-MICHE-0010-359x240.jpg 359w, https:\/\/eglisecatholiqueniger.org\/wp-content\/uploads\/2025\/07\/ORDI-MICHE-0010-85x57.jpg 85w, https:\/\/eglisecatholiqueniger.org\/wp-content\/uploads\/2025\/07\/ORDI-MICHE-0010-546x365.jpg 546w, https:\/\/eglisecatholiqueniger.org\/wp-content\/uploads\/2025\/07\/ORDI-MICHE-0010-165x109.jpg 165w, https:\/\/eglisecatholiqueniger.org\/wp-content\/uploads\/2025\/07\/ORDI-MICHE-0010-347x233.jpg 347w, https:\/\/eglisecatholiqueniger.org\/wp-content\/uploads\/2025\/07\/ORDI-MICHE-0010-112x75.jpg 112w, https:\/\/eglisecatholiqueniger.org\/wp-content\/uploads\/2025\/07\/ORDI-MICHE-0010-179x120.jpg 179w, https:\/\/eglisecatholiqueniger.org\/wp-content\/uploads\/2025\/07\/ORDI-MICHE-0010-170x113.jpg 170w, https:\/\/eglisecatholiqueniger.org\/wp-content\/uploads\/2025\/07\/ORDI-MICHE-0010-81x55.jpg 81w, https:\/\/eglisecatholiqueniger.org\/wp-content\/uploads\/2025\/07\/ORDI-MICHE-0010-765x510.jpg 765w\" sizes=\"auto, (max-width: 300px) 100vw, 300px\" \/><\/p>\n<p><strong>Le samedi 5 juillet, c\u2019est avec joie que la Communaut\u00e9 catholique du Niger a particip\u00e9 \u00e0 l\u2019ordination presbyt\u00e9rale de l\u2019Abb\u00e9<\/strong> <strong>Michel WOBA OLIGA<\/strong>.<\/p>\n<p><strong>\u00a0<\/strong><strong>C\u2019est l\u2019Archev\u00eaque de l\u2019Archidioc\u00e8se de Niamey, Mgr Laurent Lompo qui a ordonn\u00e9 le nouveau pr\u00eatre, dans la Cath\u00e9drale de Niamey, <\/strong><\/p>\n<p><strong>A 17 heures, \u00e0 l\u2019heure o\u00f9 a d\u00e9but\u00e9 la messe d\u2019ordination, les chr\u00e9tiens catholiques venus de tous les horizons, les amis des autres religions et une grande d\u00e9l\u00e9gation venue de Makalondi, kankani, Bomoanga et Torodi\u00a0 ont assist\u00e9 \u00e0 la c\u00e9l\u00e9bration. <\/strong><\/p>\n<p><strong>\u00a0<\/strong><strong>\u00ab <img loading=\"lazy\" decoding=\"async\" class=\"alignnone  wp-image-2109\" src=\"http:\/\/eglisecatholiqueniger.org\/wp-content\/uploads\/2025\/07\/ORDI-MICHE-0002-300x200.jpg\" alt=\"\" width=\"275\" height=\"183\" srcset=\"https:\/\/eglisecatholiqueniger.org\/wp-content\/uploads\/2025\/07\/ORDI-MICHE-0002-300x200.jpg 300w, https:\/\/eglisecatholiqueniger.org\/wp-content\/uploads\/2025\/07\/ORDI-MICHE-0002-1024x683.jpg 1024w, https:\/\/eglisecatholiqueniger.org\/wp-content\/uploads\/2025\/07\/ORDI-MICHE-0002-768x512.jpg 768w, https:\/\/eglisecatholiqueniger.org\/wp-content\/uploads\/2025\/07\/ORDI-MICHE-0002-1536x1024.jpg 1536w, https:\/\/eglisecatholiqueniger.org\/wp-content\/uploads\/2025\/07\/ORDI-MICHE-0002-2048x1365.jpg 2048w, https:\/\/eglisecatholiqueniger.org\/wp-content\/uploads\/2025\/07\/ORDI-MICHE-0002-274x183.jpg 274w, https:\/\/eglisecatholiqueniger.org\/wp-content\/uploads\/2025\/07\/ORDI-MICHE-0002-80x54.jpg 80w, https:\/\/eglisecatholiqueniger.org\/wp-content\/uploads\/2025\/07\/ORDI-MICHE-0002-130x87.jpg 130w, https:\/\/eglisecatholiqueniger.org\/wp-content\/uploads\/2025\/07\/ORDI-MICHE-0002-359x240.jpg 359w, https:\/\/eglisecatholiqueniger.org\/wp-content\/uploads\/2025\/07\/ORDI-MICHE-0002-85x57.jpg 85w, https:\/\/eglisecatholiqueniger.org\/wp-content\/uploads\/2025\/07\/ORDI-MICHE-0002-546x365.jpg 546w, https:\/\/eglisecatholiqueniger.org\/wp-content\/uploads\/2025\/07\/ORDI-MICHE-0002-165x109.jpg 165w, https:\/\/eglisecatholiqueniger.org\/wp-content\/uploads\/2025\/07\/ORDI-MICHE-0002-112x75.jpg 112w, https:\/\/eglisecatholiqueniger.org\/wp-content\/uploads\/2025\/07\/ORDI-MICHE-0002-179x120.jpg 179w, https:\/\/eglisecatholiqueniger.org\/wp-content\/uploads\/2025\/07\/ORDI-MICHE-0002-170x113.jpg 170w, https:\/\/eglisecatholiqueniger.org\/wp-content\/uploads\/2025\/07\/ORDI-MICHE-0002-81x55.jpg 81w, https:\/\/eglisecatholiqueniger.org\/wp-content\/uploads\/2025\/07\/ORDI-MICHE-0002-765x510.jpg 765w\" sizes=\"auto, (max-width: 275px) 100vw, 275px\" \/> <img loading=\"lazy\" decoding=\"async\" class=\"alignnone  wp-image-2110\" src=\"http:\/\/eglisecatholiqueniger.org\/wp-content\/uploads\/2025\/07\/ORDI-MICHE-0005-300x200.jpg\" alt=\"\" width=\"275\" height=\"183\" srcset=\"https:\/\/eglisecatholiqueniger.org\/wp-content\/uploads\/2025\/07\/ORDI-MICHE-0005-300x200.jpg 300w, https:\/\/eglisecatholiqueniger.org\/wp-content\/uploads\/2025\/07\/ORDI-MICHE-0005-1024x683.jpg 1024w, https:\/\/eglisecatholiqueniger.org\/wp-content\/uploads\/2025\/07\/ORDI-MICHE-0005-768x512.jpg 768w, https:\/\/eglisecatholiqueniger.org\/wp-content\/uploads\/2025\/07\/ORDI-MICHE-0005-1536x1024.jpg 1536w, https:\/\/eglisecatholiqueniger.org\/wp-content\/uploads\/2025\/07\/ORDI-MICHE-0005-2048x1365.jpg 2048w, https:\/\/eglisecatholiqueniger.org\/wp-content\/uploads\/2025\/07\/ORDI-MICHE-0005-274x183.jpg 274w, https:\/\/eglisecatholiqueniger.org\/wp-content\/uploads\/2025\/07\/ORDI-MICHE-0005-80x54.jpg 80w, https:\/\/eglisecatholiqueniger.org\/wp-content\/uploads\/2025\/07\/ORDI-MICHE-0005-130x87.jpg 130w, https:\/\/eglisecatholiqueniger.org\/wp-content\/uploads\/2025\/07\/ORDI-MICHE-0005-359x240.jpg 359w, https:\/\/eglisecatholiqueniger.org\/wp-content\/uploads\/2025\/07\/ORDI-MICHE-0005-85x57.jpg 85w, https:\/\/eglisecatholiqueniger.org\/wp-content\/uploads\/2025\/07\/ORDI-MICHE-0005-546x365.jpg 546w, https:\/\/eglisecatholiqueniger.org\/wp-content\/uploads\/2025\/07\/ORDI-MICHE-0005-165x109.jpg 165w, https:\/\/eglisecatholiqueniger.org\/wp-content\/uploads\/2025\/07\/ORDI-MICHE-0005-112x75.jpg 112w, https:\/\/eglisecatholiqueniger.org\/wp-content\/uploads\/2025\/07\/ORDI-MICHE-0005-179x120.jpg 179w, https:\/\/eglisecatholiqueniger.org\/wp-content\/uploads\/2025\/07\/ORDI-MICHE-0005-170x113.jpg 170w, https:\/\/eglisecatholiqueniger.org\/wp-content\/uploads\/2025\/07\/ORDI-MICHE-0005-81x55.jpg 81w, https:\/\/eglisecatholiqueniger.org\/wp-content\/uploads\/2025\/07\/ORDI-MICHE-0005-765x510.jpg 765w\" sizes=\"auto, (max-width: 275px) 100vw, 275px\" \/><\/strong><\/p>\n<p><strong>Nous pouvons rendre gr\u00e2ce au Seigneur pour le don de sacerdoce qui conf\u00e8re \u00e0 chacun de ceux que le Seigneur choisit, \u00ab\u00a0un pouvoir sacr\u00e9 de former et conduire le peuple sacerdotal, pour accomplir, dans le r\u00f4le du Christ, le sacrifice eucharistique et l\u2019offrir \u00e0 Dieu au nom du peuple tout entier\u00a0\u00bb. Une t\u00e2che noble et difficile \u00e0 laquelle le Seigneur convie en ce jour, notre fr\u00e8re et ami <\/strong><strong>l\u2019Abb\u00e9 Michel WOBA OLIGA<\/strong><strong>. Il a re\u00e7u, la gr\u00e2ce sacerdotale par l\u2019imposition des mains de son excellence Mgr Laurent Lompo qui a fait de lui, un pr\u00eatre de J\u00e9sus Christ pour l\u2019\u00e9ternit\u00e9.<\/strong><strong>\u00a0 <\/strong><strong>\u00a0<\/strong><\/p>\n<p><strong> <img loading=\"lazy\" decoding=\"async\" class=\"alignnone  wp-image-2113\" src=\"http:\/\/eglisecatholiqueniger.org\/wp-content\/uploads\/2025\/07\/ORDI-MICHE-0008-300x200.jpg\" alt=\"\" width=\"251\" height=\"167\" srcset=\"https:\/\/eglisecatholiqueniger.org\/wp-content\/uploads\/2025\/07\/ORDI-MICHE-0008-300x200.jpg 300w, https:\/\/eglisecatholiqueniger.org\/wp-content\/uploads\/2025\/07\/ORDI-MICHE-0008-1024x683.jpg 1024w, https:\/\/eglisecatholiqueniger.org\/wp-content\/uploads\/2025\/07\/ORDI-MICHE-0008-768x512.jpg 768w, https:\/\/eglisecatholiqueniger.org\/wp-content\/uploads\/2025\/07\/ORDI-MICHE-0008-1536x1024.jpg 1536w, https:\/\/eglisecatholiqueniger.org\/wp-content\/uploads\/2025\/07\/ORDI-MICHE-0008-2048x1365.jpg 2048w, https:\/\/eglisecatholiqueniger.org\/wp-content\/uploads\/2025\/07\/ORDI-MICHE-0008-274x183.jpg 274w, https:\/\/eglisecatholiqueniger.org\/wp-content\/uploads\/2025\/07\/ORDI-MICHE-0008-80x54.jpg 80w, https:\/\/eglisecatholiqueniger.org\/wp-content\/uploads\/2025\/07\/ORDI-MICHE-0008-130x87.jpg 130w, https:\/\/eglisecatholiqueniger.org\/wp-content\/uploads\/2025\/07\/ORDI-MICHE-0008-359x240.jpg 359w, https:\/\/eglisecatholiqueniger.org\/wp-content\/uploads\/2025\/07\/ORDI-MICHE-0008-85x57.jpg 85w, https:\/\/eglisecatholiqueniger.org\/wp-content\/uploads\/2025\/07\/ORDI-MICHE-0008-546x365.jpg 546w, https:\/\/eglisecatholiqueniger.org\/wp-content\/uploads\/2025\/07\/ORDI-MICHE-0008-165x109.jpg 165w, https:\/\/eglisecatholiqueniger.org\/wp-content\/uploads\/2025\/07\/ORDI-MICHE-0008-112x75.jpg 112w, https:\/\/eglisecatholiqueniger.org\/wp-content\/uploads\/2025\/07\/ORDI-MICHE-0008-179x120.jpg 179w, https:\/\/eglisecatholiqueniger.org\/wp-content\/uploads\/2025\/07\/ORDI-MICHE-0008-170x113.jpg 170w, https:\/\/eglisecatholiqueniger.org\/wp-content\/uploads\/2025\/07\/ORDI-MICHE-0008-81x55.jpg 81w, https:\/\/eglisecatholiqueniger.org\/wp-content\/uploads\/2025\/07\/ORDI-MICHE-0008-765x510.jpg 765w\" sizes=\"auto, (max-width: 251px) 100vw, 251px\" \/> <img loading=\"lazy\" decoding=\"async\" class=\"alignnone size-medium wp-image-2114\" src=\"http:\/\/eglisecatholiqueniger.org\/wp-content\/uploads\/2025\/07\/ORDI-MICHE-0015-300x168.jpg\" alt=\"\" width=\"300\" height=\"168\" srcset=\"https:\/\/eglisecatholiqueniger.org\/wp-content\/uploads\/2025\/07\/ORDI-MICHE-0015-300x168.jpg 300w, https:\/\/eglisecatholiqueniger.org\/wp-content\/uploads\/2025\/07\/ORDI-MICHE-0015-1024x575.jpg 1024w, https:\/\/eglisecatholiqueniger.org\/wp-content\/uploads\/2025\/07\/ORDI-MICHE-0015-768x431.jpg 768w, https:\/\/eglisecatholiqueniger.org\/wp-content\/uploads\/2025\/07\/ORDI-MICHE-0015-1536x863.jpg 1536w, https:\/\/eglisecatholiqueniger.org\/wp-content\/uploads\/2025\/07\/ORDI-MICHE-0015-2048x1150.jpg 2048w\" sizes=\"auto, (max-width: 300px) 100vw, 300px\" \/><\/strong><\/p>\n<p><strong>Dans son hom\u00e9lie, <\/strong><strong>Mgr Laurent Lompo dira que \u00ab<\/strong><strong>le pr\u00eatre annonce la Parole de Dieu, c\u00e9l\u00e8bre l\u2019Eucharistie et dispense l\u2019amour mis\u00e9ricordieux de Dieu qui pardonne, devenant ainsi l\u2019instrument de vie, de renouvellement, de progr\u00e8s authentique de l\u2019humanit\u00e9. <\/strong><\/p>\n<p><strong>\u00a0\u00a0\u00a0\u00a0\u00a0\u00a0 Ce soir, nous sommes rassembl\u00e9s pour accompagner de nos pri\u00e8res l\u2019abb\u00e9 Michel dans le don total de sa vie \u00e0 Dieu, \u00e0 travers le sacerdoce. Pour nourrir notre m\u00e9ditation, l\u2019abb\u00e9 Michel nous a propos\u00e9 des textes riches en enseignement.<\/strong><strong>\u00bb<\/strong><\/p>\n<p><strong>\u00a0<img loading=\"lazy\" decoding=\"async\" class=\"alignnone  wp-image-2117\" src=\"http:\/\/eglisecatholiqueniger.org\/wp-content\/uploads\/2025\/07\/ORDI-MICHE-0017-300x168.jpg\" alt=\"\" width=\"252\" height=\"141\" srcset=\"https:\/\/eglisecatholiqueniger.org\/wp-content\/uploads\/2025\/07\/ORDI-MICHE-0017-300x168.jpg 300w, https:\/\/eglisecatholiqueniger.org\/wp-content\/uploads\/2025\/07\/ORDI-MICHE-0017-1024x575.jpg 1024w, https:\/\/eglisecatholiqueniger.org\/wp-content\/uploads\/2025\/07\/ORDI-MICHE-0017-768x431.jpg 768w, https:\/\/eglisecatholiqueniger.org\/wp-content\/uploads\/2025\/07\/ORDI-MICHE-0017-1536x863.jpg 1536w, https:\/\/eglisecatholiqueniger.org\/wp-content\/uploads\/2025\/07\/ORDI-MICHE-0017-2048x1150.jpg 2048w\" sizes=\"auto, (max-width: 252px) 100vw, 252px\" \/> <img loading=\"lazy\" decoding=\"async\" class=\"alignnone  wp-image-2120\" src=\"http:\/\/eglisecatholiqueniger.org\/wp-content\/uploads\/2025\/07\/ORDI-MICHE-0012-300x200.jpg\" alt=\"\" width=\"213\" height=\"142\" srcset=\"https:\/\/eglisecatholiqueniger.org\/wp-content\/uploads\/2025\/07\/ORDI-MICHE-0012-300x200.jpg 300w, https:\/\/eglisecatholiqueniger.org\/wp-content\/uploads\/2025\/07\/ORDI-MICHE-0012-1024x683.jpg 1024w, https:\/\/eglisecatholiqueniger.org\/wp-content\/uploads\/2025\/07\/ORDI-MICHE-0012-768x512.jpg 768w, https:\/\/eglisecatholiqueniger.org\/wp-content\/uploads\/2025\/07\/ORDI-MICHE-0012-1536x1024.jpg 1536w, https:\/\/eglisecatholiqueniger.org\/wp-content\/uploads\/2025\/07\/ORDI-MICHE-0012-2048x1365.jpg 2048w, https:\/\/eglisecatholiqueniger.org\/wp-content\/uploads\/2025\/07\/ORDI-MICHE-0012-274x183.jpg 274w, https:\/\/eglisecatholiqueniger.org\/wp-content\/uploads\/2025\/07\/ORDI-MICHE-0012-364x245.jpg 364w, https:\/\/eglisecatholiqueniger.org\/wp-content\/uploads\/2025\/07\/ORDI-MICHE-0012-80x54.jpg 80w, https:\/\/eglisecatholiqueniger.org\/wp-content\/uploads\/2025\/07\/ORDI-MICHE-0012-130x87.jpg 130w, https:\/\/eglisecatholiqueniger.org\/wp-content\/uploads\/2025\/07\/ORDI-MICHE-0012-359x240.jpg 359w, https:\/\/eglisecatholiqueniger.org\/wp-content\/uploads\/2025\/07\/ORDI-MICHE-0012-85x57.jpg 85w, https:\/\/eglisecatholiqueniger.org\/wp-content\/uploads\/2025\/07\/ORDI-MICHE-0012-546x365.jpg 546w, https:\/\/eglisecatholiqueniger.org\/wp-content\/uploads\/2025\/07\/ORDI-MICHE-0012-266x179.jpg 266w, https:\/\/eglisecatholiqueniger.org\/wp-content\/uploads\/2025\/07\/ORDI-MICHE-0012-165x109.jpg 165w, https:\/\/eglisecatholiqueniger.org\/wp-content\/uploads\/2025\/07\/ORDI-MICHE-0012-347x233.jpg 347w, https:\/\/eglisecatholiqueniger.org\/wp-content\/uploads\/2025\/07\/ORDI-MICHE-0012-112x75.jpg 112w, https:\/\/eglisecatholiqueniger.org\/wp-content\/uploads\/2025\/07\/ORDI-MICHE-0012-179x120.jpg 179w, https:\/\/eglisecatholiqueniger.org\/wp-content\/uploads\/2025\/07\/ORDI-MICHE-0012-170x113.jpg 170w, https:\/\/eglisecatholiqueniger.org\/wp-content\/uploads\/2025\/07\/ORDI-MICHE-0012-81x55.jpg 81w, https:\/\/eglisecatholiqueniger.org\/wp-content\/uploads\/2025\/07\/ORDI-MICHE-0012-765x510.jpg 765w\" sizes=\"auto, (max-width: 213px) 100vw, 213px\" \/><\/strong><\/p>\n<p><strong>Dans la premi\u00e8re lecture, tir\u00e9e de la 2<sup>\u00e8me<\/sup> lettre aux Corinthiens, saint Paul poursuit sa d\u00e9fense contre ceux qui pensent que l\u2019\u0153uvre d\u2019\u00e9vang\u00e9lisation qu\u2019il accomplit est motiv\u00e9e par des raisons purement humaines (2 Co 10, 2). Ici, il t\u00e9moigne qu\u2019il n\u2019a aucun m\u00e9rite \u00e0 partager avec ses fr\u00e8res les r\u00e9v\u00e9lations qu\u2019il re\u00e7oit. Il aurait aim\u00e9 s\u2019en vanter pour se montrer sup\u00e9rieur \u00e0 ses adversaires. Mais par une gr\u00e2ce particuli\u00e8re, l\u2019humiliation et l\u2019exp\u00e9rience de la faiblesse lui ont montr\u00e9 sa d\u00e9pendance au Christ. Ainsi, il est faible, mais fort avec le Christ, qui lui accorde sa gr\u00e2ce.<\/strong><\/p>\n<p><strong>\u00a0\u00a0\u00a0\u00a0\u00a0\u00a0 On comprend alors, \u00e0 travers ce texte, que Dieu ne nous confie pas une mission parce que nous le m\u00e9ritons, mais par pure gr\u00e2ce. Dans ce sens, on ne devient pas pr\u00eatre par m\u00e9rite, mais par la gr\u00e2ce de Dieu. Et cela, Michel, tu sembles l\u2019avoir bien compris.<\/strong><\/p>\n<p><strong>\u00a0\u00a0\u00a0\u00a0\u00a0\u00a0 \u00ab\u00a0Ma gr\u00e2ce te suffit\u00a0!\u00a0\u00bb Telle est la devise que tu as choisie pour vivre ton sacerdoce au milieu de tes a\u00een\u00e9s pr\u00eatres et de tes fr\u00e8res et s\u0153urs fid\u00e8les du Christ. <\/strong><\/p>\n<p><strong>\u00a0\u00a0\u00a0\u00a0\u00a0\u00a0 Engag\u00e9 \u00e0 la suite du Christ, tu auras \u00e0 te conformer \u00e0 lui qui <em>a appris l\u2019ob\u00e9issance par les souffrances de sa passion. . <\/em>Comme lui, au jour le jour, tu donneras ta vie pour les brebis qui sont dans la bergerie, et tu n\u2019oublieras jamais qu\u2019il y a encore d\u2019autres brebis qui ne sont pas de cette bergerie, dont tu d\u00e9sireras qu\u2019elles \u00e9coutent la voix du Sauveur. C\u2019est ainsi que tu seras uni \u00e0 l\u2019unique Pr\u00eatre <em>devenu pour tous ceux qui lui ob\u00e9issent la cause du salut \u00e9ternel.<\/em><\/strong><\/p>\n<p><strong>\u00a0\u00a0\u00a0 \u00a0 \u00a0<\/strong><img loading=\"lazy\" decoding=\"async\" class=\"alignnone  wp-image-2122\" src=\"http:\/\/eglisecatholiqueniger.org\/wp-content\/uploads\/2025\/07\/ORDI-MICHE-0014-300x168.jpg\" alt=\"\" width=\"243\" height=\"136\" srcset=\"https:\/\/eglisecatholiqueniger.org\/wp-content\/uploads\/2025\/07\/ORDI-MICHE-0014-300x168.jpg 300w, https:\/\/eglisecatholiqueniger.org\/wp-content\/uploads\/2025\/07\/ORDI-MICHE-0014-1024x575.jpg 1024w, https:\/\/eglisecatholiqueniger.org\/wp-content\/uploads\/2025\/07\/ORDI-MICHE-0014-768x431.jpg 768w, https:\/\/eglisecatholiqueniger.org\/wp-content\/uploads\/2025\/07\/ORDI-MICHE-0014-1536x863.jpg 1536w, https:\/\/eglisecatholiqueniger.org\/wp-content\/uploads\/2025\/07\/ORDI-MICHE-0014-2048x1150.jpg 2048w\" sizes=\"auto, (max-width: 243px) 100vw, 243px\" \/>\u00a0 <img loading=\"lazy\" decoding=\"async\" class=\"alignnone  wp-image-2128\" src=\"http:\/\/eglisecatholiqueniger.org\/wp-content\/uploads\/2025\/07\/ORDI-MICHE-0018-1-300x168.jpg\" alt=\"\" width=\"248\" height=\"139\" srcset=\"https:\/\/eglisecatholiqueniger.org\/wp-content\/uploads\/2025\/07\/ORDI-MICHE-0018-1-300x168.jpg 300w, https:\/\/eglisecatholiqueniger.org\/wp-content\/uploads\/2025\/07\/ORDI-MICHE-0018-1-1024x575.jpg 1024w, https:\/\/eglisecatholiqueniger.org\/wp-content\/uploads\/2025\/07\/ORDI-MICHE-0018-1-768x431.jpg 768w, https:\/\/eglisecatholiqueniger.org\/wp-content\/uploads\/2025\/07\/ORDI-MICHE-0018-1-1536x863.jpg 1536w, https:\/\/eglisecatholiqueniger.org\/wp-content\/uploads\/2025\/07\/ORDI-MICHE-0018-1-2048x1150.jpg 2048w\" sizes=\"auto, (max-width: 248px) 100vw, 248px\" \/><\/p>\n<p><strong>Pou<\/strong><strong>r \u00eatre sinc\u00e8re, l\u2019ob\u00e9issance doit s\u2019enraciner dans l\u2019humilit\u00e9. Le texte aux Corinthiens d\u2019o\u00f9 tu as tir\u00e9 ta devise sacerdotale inspire aussi \u00e0 \u00eatre humble, \u00e0 l\u2019image du Christ. <em>Lui qui, ayant la condition de Dieu, ne retint pas jalousement le rang qui l\u2019\u00e9galait \u00e0 Dieu. Mais\u2026 s\u2019est an\u00e9anti, prenant la condition de serviteur\u2026<\/em> (Ph 2, 5-6).<\/strong><\/p>\n<p><strong>Mgr Laurent pr\u00e9cise\u00a0: \u00ab\u00a0<\/strong><strong>Cher fils, Michel, le don que tu vas recevoir ce soir est exigeant, comme l\u2019est aussi l\u2019amour avec lequel le Christ te l\u2019accorde. Le pr\u00eatre est avant tout un serviteur et pour servir selon la volont\u00e9 de Dieu, il se doit d\u2019\u00eatre humble comme le Christ, son Ma\u00eetre et son Mod\u00e8le. Durant toutes ces ann\u00e9es d\u2019\u00e9tudes, tu as acquis beaucoup de connaissances. Mais, n\u2019oublie jamais que toutes ces connaissances visent \u00e0 conduire tes fr\u00e8res et s\u0153urs vers Dieu, qui est la Source du Salut. Qu\u2019elle est immense la grandeur et la dignit\u00e9 du sacerdoce\u00a0! Le monde regarde le pr\u00eatre parce qu\u2019il regarde J\u00e9sus\u00a0! Personne ne peut voir le Christ, mais tous voient le pr\u00eatre et, \u00e0 travers lui, ils veulent voir le Seigneur\u00a0! <\/strong><\/p>\n<p><strong>Sois le signe de la pr\u00e9sence du Christ parmi les hommes, aussi bien par la parole que par l\u2019exemple. Ne tiens jamais pour une v\u00e9rit\u00e9 absolue ce que tu penses savoir. C\u2019est le Christ qui est la V\u00e9rit\u00e9\u00a0! Sois toujours disponible et engage-toi \u00e0 rendre n\u2019importe quel service qui te sera demand\u00e9, pourvu qu\u2019il concoure au bien des hommes. Sois plus attentif \u00e0 la vie des fid\u00e8les et rends-leur visite autant que possible. Sans distinction de classe sociale. Ne rends pas seulement visite aux personnes qui te tendent les enveloppes.\u00a0\u00bb<\/strong><\/p>\n<p><strong>Je sais que tu es conscient de tes faiblesses humaines, et les textes que tu as choisis pour cette c\u00e9l\u00e9bration laissent constater que tu comptes aussi sur la gr\u00e2ce de Dieu pour vivre ton sacerdoce selon le c\u0153ur de Dieu. Alors, le Seigneur te r\u00e9pond dans l\u2019\u00e9vangile, en t\u2019assurant de sa pr\u00e9sence\u00a0: jamais Il ne t\u2019abandonnera, si tu t\u2019appuies sur Lui\u00a0: \u00ab\u00a0Sois sans crainte\u00a0!\u00a0\u00bb Mets ta confiance en lui\u00a0!<\/strong><\/p>\n<p><strong>Que sa gr\u00e2ce t\u2019accompagne et te soutienne toujours ! Amen.\u00a0<\/strong><strong>Heureux minist\u00e8re sacerdotal<\/strong><\/p>\n<p><img loading=\"lazy\" decoding=\"async\" class=\"alignnone size-medium wp-image-2124\" src=\"http:\/\/eglisecatholiqueniger.org\/wp-content\/uploads\/2025\/07\/ORDI-MICHE-0020-300x168.jpg\" alt=\"\" width=\"300\" height=\"168\" srcset=\"https:\/\/eglisecatholiqueniger.org\/wp-content\/uploads\/2025\/07\/ORDI-MICHE-0020-300x168.jpg 300w, https:\/\/eglisecatholiqueniger.org\/wp-content\/uploads\/2025\/07\/ORDI-MICHE-0020-1024x575.jpg 1024w, https:\/\/eglisecatholiqueniger.org\/wp-content\/uploads\/2025\/07\/ORDI-MICHE-0020-768x431.jpg 768w, https:\/\/eglisecatholiqueniger.org\/wp-content\/uploads\/2025\/07\/ORDI-MICHE-0020-1536x863.jpg 1536w, https:\/\/eglisecatholiqueniger.org\/wp-content\/uploads\/2025\/07\/ORDI-MICHE-0020-2048x1150.jpg 2048w\" sizes=\"auto, (max-width: 300px) 100vw, 300px\" \/> <img loading=\"lazy\" decoding=\"async\" class=\"alignnone size-medium wp-image-2125\" src=\"http:\/\/eglisecatholiqueniger.org\/wp-content\/uploads\/2025\/07\/ORDI-MICHE-0021-168x300.jpg\" alt=\"\" width=\"168\" height=\"300\" srcset=\"https:\/\/eglisecatholiqueniger.org\/wp-content\/uploads\/2025\/07\/ORDI-MICHE-0021-168x300.jpg 168w, https:\/\/eglisecatholiqueniger.org\/wp-content\/uploads\/2025\/07\/ORDI-MICHE-0021-575x1024.jpg 575w, https:\/\/eglisecatholiqueniger.org\/wp-content\/uploads\/2025\/07\/ORDI-MICHE-0021-768x1368.jpg 768w, https:\/\/eglisecatholiqueniger.org\/wp-content\/uploads\/2025\/07\/ORDI-MICHE-0021-863x1536.jpg 863w, https:\/\/eglisecatholiqueniger.org\/wp-content\/uploads\/2025\/07\/ORDI-MICHE-0021-1150x2048.jpg 1150w, https:\/\/eglisecatholiqueniger.org\/wp-content\/uploads\/2025\/07\/ORDI-MICHE-0021-scaled.jpg 1438w\" sizes=\"auto, (max-width: 168px) 100vw, 168px\" \/><\/p>\n<p><strong>Abb\u00e9 Michel WOBA OLIGA est n\u00e9 le 1 janvier 1997 \u00e0 Djayeli \/ Makalondi. <\/strong><strong>IL fut inscrit <\/strong><strong>\u00a0\u00a0<\/strong><strong>\u00e0 l\u2019\u00e9cole mission N\u2019Goula avec obtention du CFEPD en2009, \u00a0\u00a0le BEPC en 2013 et le Baccalaur\u00e9ats en 2016.\u00a0 \u00a0 \u00a0<\/strong><strong>IL fut admis ensuite, en octobre 201 7 par son Excellence Mgr Laurent LOMPO <\/strong><strong>au grand s\u00e9minaire saint Pierre saint Paul de Kossoghin et \u00e0 l\u2019Universit\u00e9 saint Tomas d\u2019Aquin de Ouagadougou avec obtention de la licence pour le\u00a0 cycle de philosophie. \u00a0De 2020 \u00e0 2022 : premi\u00e8re phase des \u00e9tudes th\u00e9ologiques au grand s\u00e9minaire saint Jean Baptiste de Wayalghin de Ouagadougou. 2022-2023 : stage canonique dans la paroisse saint Jean de Yantala (Archidioc\u00e8se de Niamey) 2023-2025 : deuxi\u00e8me phase des \u00e9tudes th\u00e9ologiques au grand s\u00e9minaire saint Jean Baptiste de Wayalghin, suivie de l\u2019ordination diaconale le 13 juin 2024.<\/strong><\/p>\n<p><img loading=\"lazy\" decoding=\"async\" class=\"alignnone size-medium wp-image-2132\" src=\"http:\/\/eglisecatholiqueniger.org\/wp-content\/uploads\/2025\/07\/ORDI-MICHE-0022-1-300x168.jpg\" alt=\"\" width=\"300\" height=\"168\" srcset=\"https:\/\/eglisecatholiqueniger.org\/wp-content\/uploads\/2025\/07\/ORDI-MICHE-0022-1-300x168.jpg 300w, https:\/\/eglisecatholiqueniger.org\/wp-content\/uploads\/2025\/07\/ORDI-MICHE-0022-1-1024x575.jpg 1024w, https:\/\/eglisecatholiqueniger.org\/wp-content\/uploads\/2025\/07\/ORDI-MICHE-0022-1-768x431.jpg 768w, https:\/\/eglisecatholiqueniger.org\/wp-content\/uploads\/2025\/07\/ORDI-MICHE-0022-1-1536x863.jpg 1536w, https:\/\/eglisecatholiqueniger.org\/wp-content\/uploads\/2025\/07\/ORDI-MICHE-0022-1-2048x1150.jpg 2048w\" sizes=\"auto, (max-width: 300px) 100vw, 300px\" \/>\u00a0 <img loading=\"lazy\" decoding=\"async\" class=\"alignnone size-medium wp-image-2133\" src=\"http:\/\/eglisecatholiqueniger.org\/wp-content\/uploads\/2025\/07\/ORDI-MICHE-0023-300x168.jpg\" alt=\"\" width=\"300\" height=\"168\" srcset=\"https:\/\/eglisecatholiqueniger.org\/wp-content\/uploads\/2025\/07\/ORDI-MICHE-0023-300x168.jpg 300w, https:\/\/eglisecatholiqueniger.org\/wp-content\/uploads\/2025\/07\/ORDI-MICHE-0023-1024x575.jpg 1024w, https:\/\/eglisecatholiqueniger.org\/wp-content\/uploads\/2025\/07\/ORDI-MICHE-0023-768x431.jpg 768w, https:\/\/eglisecatholiqueniger.org\/wp-content\/uploads\/2025\/07\/ORDI-MICHE-0023-1536x863.jpg 1536w, https:\/\/eglisecatholiqueniger.org\/wp-content\/uploads\/2025\/07\/ORDI-MICHE-0023-2048x1150.jpg 2048w\" sizes=\"auto, (max-width: 300px) 100vw, 300px\" \/><\/p>\n<p><img loading=\"lazy\" decoding=\"async\" class=\"alignnone size-medium wp-image-2134\" src=\"http:\/\/eglisecatholiqueniger.org\/wp-content\/uploads\/2025\/07\/ORDI-MICHE-0024-300x168.jpg\" alt=\"\" width=\"300\" height=\"168\" srcset=\"https:\/\/eglisecatholiqueniger.org\/wp-content\/uploads\/2025\/07\/ORDI-MICHE-0024-300x168.jpg 300w, https:\/\/eglisecatholiqueniger.org\/wp-content\/uploads\/2025\/07\/ORDI-MICHE-0024-1024x575.jpg 1024w, https:\/\/eglisecatholiqueniger.org\/wp-content\/uploads\/2025\/07\/ORDI-MICHE-0024-768x431.jpg 768w, https:\/\/eglisecatholiqueniger.org\/wp-content\/uploads\/2025\/07\/ORDI-MICHE-0024-1536x863.jpg 1536w, https:\/\/eglisecatholiqueniger.org\/wp-content\/uploads\/2025\/07\/ORDI-MICHE-0024-2048x1150.jpg 2048w\" sizes=\"auto, (max-width: 300px) 100vw, 300px\" \/> <img loading=\"lazy\" decoding=\"async\" class=\"alignnone size-medium wp-image-2135\" src=\"http:\/\/eglisecatholiqueniger.org\/wp-content\/uploads\/2025\/07\/ORDI-MICHE-0025-300x168.jpg\" alt=\"\" width=\"300\" height=\"168\" srcset=\"https:\/\/eglisecatholiqueniger.org\/wp-content\/uploads\/2025\/07\/ORDI-MICHE-0025-300x168.jpg 300w, https:\/\/eglisecatholiqueniger.org\/wp-content\/uploads\/2025\/07\/ORDI-MICHE-0025-1024x575.jpg 1024w, https:\/\/eglisecatholiqueniger.org\/wp-content\/uploads\/2025\/07\/ORDI-MICHE-0025-768x431.jpg 768w, https:\/\/eglisecatholiqueniger.org\/wp-content\/uploads\/2025\/07\/ORDI-MICHE-0025-1536x863.jpg 1536w, https:\/\/eglisecatholiqueniger.org\/wp-content\/uploads\/2025\/07\/ORDI-MICHE-0025-2048x1150.jpg 2048w\" sizes=\"auto, (max-width: 300px) 100vw, 300px\" \/><\/p>\n<p><img loading=\"lazy\" decoding=\"async\" class=\"alignnone size-medium wp-image-2137\" src=\"http:\/\/eglisecatholiqueniger.org\/wp-content\/uploads\/2025\/07\/ORDI-MICHE-0028-300x200.jpg\" alt=\"\" width=\"300\" height=\"200\" srcset=\"https:\/\/eglisecatholiqueniger.org\/wp-content\/uploads\/2025\/07\/ORDI-MICHE-0028-300x200.jpg 300w, https:\/\/eglisecatholiqueniger.org\/wp-content\/uploads\/2025\/07\/ORDI-MICHE-0028-1024x683.jpg 1024w, https:\/\/eglisecatholiqueniger.org\/wp-content\/uploads\/2025\/07\/ORDI-MICHE-0028-768x512.jpg 768w, https:\/\/eglisecatholiqueniger.org\/wp-content\/uploads\/2025\/07\/ORDI-MICHE-0028-1536x1024.jpg 1536w, https:\/\/eglisecatholiqueniger.org\/wp-content\/uploads\/2025\/07\/ORDI-MICHE-0028-2048x1365.jpg 2048w, https:\/\/eglisecatholiqueniger.org\/wp-content\/uploads\/2025\/07\/ORDI-MICHE-0028-274x183.jpg 274w, https:\/\/eglisecatholiqueniger.org\/wp-content\/uploads\/2025\/07\/ORDI-MICHE-0028-80x54.jpg 80w, https:\/\/eglisecatholiqueniger.org\/wp-content\/uploads\/2025\/07\/ORDI-MICHE-0028-130x87.jpg 130w, https:\/\/eglisecatholiqueniger.org\/wp-content\/uploads\/2025\/07\/ORDI-MICHE-0028-359x240.jpg 359w, https:\/\/eglisecatholiqueniger.org\/wp-content\/uploads\/2025\/07\/ORDI-MICHE-0028-85x57.jpg 85w, https:\/\/eglisecatholiqueniger.org\/wp-content\/uploads\/2025\/07\/ORDI-MICHE-0028-546x365.jpg 546w, https:\/\/eglisecatholiqueniger.org\/wp-content\/uploads\/2025\/07\/ORDI-MICHE-0028-165x109.jpg 165w, https:\/\/eglisecatholiqueniger.org\/wp-content\/uploads\/2025\/07\/ORDI-MICHE-0028-347x233.jpg 347w, https:\/\/eglisecatholiqueniger.org\/wp-content\/uploads\/2025\/07\/ORDI-MICHE-0028-112x75.jpg 112w, https:\/\/eglisecatholiqueniger.org\/wp-content\/uploads\/2025\/07\/ORDI-MICHE-0028-179x120.jpg 179w, https:\/\/eglisecatholiqueniger.org\/wp-content\/uploads\/2025\/07\/ORDI-MICHE-0028-170x113.jpg 170w, https:\/\/eglisecatholiqueniger.org\/wp-content\/uploads\/2025\/07\/ORDI-MICHE-0028-81x55.jpg 81w, https:\/\/eglisecatholiqueniger.org\/wp-content\/uploads\/2025\/07\/ORDI-MICHE-0028-765x510.jpg 765w\" sizes=\"auto, (max-width: 300px) 100vw, 300px\" \/> <img loading=\"lazy\" decoding=\"async\" class=\"alignnone size-medium wp-image-2138\" src=\"http:\/\/eglisecatholiqueniger.org\/wp-content\/uploads\/2025\/07\/ORDI-MICHE-0029-300x200.jpg\" alt=\"\" width=\"300\" height=\"200\" srcset=\"https:\/\/eglisecatholiqueniger.org\/wp-content\/uploads\/2025\/07\/ORDI-MICHE-0029-300x200.jpg 300w, https:\/\/eglisecatholiqueniger.org\/wp-content\/uploads\/2025\/07\/ORDI-MICHE-0029-1024x683.jpg 1024w, https:\/\/eglisecatholiqueniger.org\/wp-content\/uploads\/2025\/07\/ORDI-MICHE-0029-768x512.jpg 768w, https:\/\/eglisecatholiqueniger.org\/wp-content\/uploads\/2025\/07\/ORDI-MICHE-0029-1536x1024.jpg 1536w, https:\/\/eglisecatholiqueniger.org\/wp-content\/uploads\/2025\/07\/ORDI-MICHE-0029-2048x1365.jpg 2048w, https:\/\/eglisecatholiqueniger.org\/wp-content\/uploads\/2025\/07\/ORDI-MICHE-0029-274x183.jpg 274w, https:\/\/eglisecatholiqueniger.org\/wp-content\/uploads\/2025\/07\/ORDI-MICHE-0029-80x54.jpg 80w, https:\/\/eglisecatholiqueniger.org\/wp-content\/uploads\/2025\/07\/ORDI-MICHE-0029-130x87.jpg 130w, https:\/\/eglisecatholiqueniger.org\/wp-content\/uploads\/2025\/07\/ORDI-MICHE-0029-359x240.jpg 359w, https:\/\/eglisecatholiqueniger.org\/wp-content\/uploads\/2025\/07\/ORDI-MICHE-0029-85x57.jpg 85w, https:\/\/eglisecatholiqueniger.org\/wp-content\/uploads\/2025\/07\/ORDI-MICHE-0029-546x365.jpg 546w, https:\/\/eglisecatholiqueniger.org\/wp-content\/uploads\/2025\/07\/ORDI-MICHE-0029-165x109.jpg 165w, https:\/\/eglisecatholiqueniger.org\/wp-content\/uploads\/2025\/07\/ORDI-MICHE-0029-347x233.jpg 347w, https:\/\/eglisecatholiqueniger.org\/wp-content\/uploads\/2025\/07\/ORDI-MICHE-0029-112x75.jpg 112w, https:\/\/eglisecatholiqueniger.org\/wp-content\/uploads\/2025\/07\/ORDI-MICHE-0029-179x120.jpg 179w, https:\/\/eglisecatholiqueniger.org\/wp-content\/uploads\/2025\/07\/ORDI-MICHE-0029-170x113.jpg 170w, https:\/\/eglisecatholiqueniger.org\/wp-content\/uploads\/2025\/07\/ORDI-MICHE-0029-81x55.jpg 81w, https:\/\/eglisecatholiqueniger.org\/wp-content\/uploads\/2025\/07\/ORDI-MICHE-0029-765x510.jpg 765w\" sizes=\"auto, (max-width: 300px) 100vw, 300px\" \/><\/p>\n<p>&nbsp;<\/p>\n<p>&nbsp;<\/p>\n<p>&nbsp;<\/p>\n<p>&nbsp;<\/p>\n<p>&nbsp;<\/p>\n","protected":false},"excerpt":{"rendered":"<p>Le samedi 5 juillet, c\u2019est avec joie que la Communaut\u00e9 catholique du Niger a particip\u00e9 \u00e0 l\u2019ordination presbyt\u00e9rale de l\u2019Abb\u00e9 Michel WOBA OLIGA. \u00a0C\u2019est l\u2019Archev\u00eaque de l\u2019Archidioc\u00e8se de Niamey, Mgr &#8230;<\/p>\n","protected":false},"author":3,"featured_media":0,"comment_status":"open","ping_status":"open","sticky":false,"template":"","format":"standard","meta":{"footnotes":""},"categories":[1],"tags":[],"class_list":["post-2104","post","type-post","status-publish","format-standard","category-non-classe"],"_links":{"self":[{"href":"https:\/\/eglisecatholiqueniger.org\/index.php\/wp-json\/wp\/v2\/posts\/2104","targetHints":{"allow":["GET"]}}],"collection":[{"href":"https:\/\/eglisecatholiqueniger.org\/index.php\/wp-json\/wp\/v2\/posts"}],"about":[{"href":"https:\/\/eglisecatholiqueniger.org\/index.php\/wp-json\/wp\/v2\/types\/post"}],"author":[{"embeddable":true,"href":"https:\/\/eglisecatholiqueniger.org\/index.php\/wp-json\/wp\/v2\/users\/3"}],"replies":[{"embeddable":true,"href":"https:\/\/eglisecatholiqueniger.org\/index.php\/wp-json\/wp\/v2\/comments?post=2104"}],"version-history":[{"count":19,"href":"https:\/\/eglisecatholiqueniger.org\/index.php\/wp-json\/wp\/v2\/posts\/2104\/revisions"}],"predecessor-version":[{"id":2147,"href":"https:\/\/eglisecatholiqueniger.org\/index.php\/wp-json\/wp\/v2\/posts\/2104\/revisions\/2147"}],"wp:attachment":[{"href":"https:\/\/eglisecatholiqueniger.org\/index.php\/wp-json\/wp\/v2\/media?parent=2104"}],"wp:term":[{"taxonomy":"category","embeddable":true,"href":"https:\/\/eglisecatholiqueniger.org\/index.php\/wp-json\/wp\/v2\/categories?post=2104"},{"taxonomy":"post_tag","embeddable":true,"href":"https:\/\/eglisecatholiqueniger.org\/index.php\/wp-json\/wp\/v2\/tags?post=2104"}],"curies":[{"name":"wp","href":"https:\/\/api.w.org\/{rel}","templated":true}]}}