{"id":2150,"date":"2025-09-15T16:48:14","date_gmt":"2025-09-15T14:48:14","guid":{"rendered":"https:\/\/eglisecatholiqueniger.org\/?p=2150"},"modified":"2025-09-15T16:49:18","modified_gmt":"2025-09-15T14:49:18","slug":"nomination-du-nonce-apostolique-au-niger","status":"publish","type":"post","link":"https:\/\/eglisecatholiqueniger.org\/index.php\/2025\/09\/15\/nomination-du-nonce-apostolique-au-niger\/","title":{"rendered":"Nomination du Nonce Apostolique au Niger"},"content":{"rendered":"<p style=\"margin: 0cm; margin-bottom: .0001pt; text-align: justify; text-indent: 14.2pt; line-height: 115%;\"><span style=\"font-size: 14.0pt; line-height: 115%; font-family: 'Maiandra GD','sans-serif';\">La Conf\u00e9rence Episcopale Burkina-Niger a le plaisir d\u2019annoncer la nomination officielle de Son Excellence Mgr \u00c9ric SOVIGUIDI, nouveau Nonce Apostolique aupr\u00e8s de la R\u00e9publique du Niger. <\/span><\/p>\n<p style=\"margin: 0cm; margin-bottom: .0001pt; text-align: justify; text-indent: 14.2pt; line-height: 115%;\"><span style=\"font-size: 14.0pt; line-height: 115%; font-family: 'Maiandra GD','sans-serif';\">\u00a0<\/span><\/p>\n<p style=\"margin: 0cm; margin-bottom: .0001pt; text-align: justify; text-indent: 14.2pt; line-height: 115%;\"><span style=\"font-size: 14.0pt; line-height: 115%; font-family: 'Maiandra GD','sans-serif';\">En raison de d\u00e9lais diplomatiques distincts entre les deux \u00c9tats, le Burkina Faso et le Niger, la nomination de Son Excellence Mgr \u00c9ric SOVIGUIDI a d\u2019abord \u00e9t\u00e9 annonc\u00e9e pour le Burkina Faso, le 15 ao\u00fbt 2025, dans l\u2019attente de l\u2019accord des autorit\u00e9s nig\u00e9riennes. D\u00e9sormais, avec l\u2019aval officiel du gouvernement du Niger, en date d\u2019aujourd\u2019hui, Sa Saintet\u00e9 le Pape L\u00e9on XIV a nomm\u00e9 Son Excellence Mgr \u00c9ric SOVIGUIDI, nouveau Nonce Apostolique au Niger. <\/span><\/p>\n<p style=\"margin: 0cm; margin-bottom: .0001pt; text-align: justify; text-indent: 14.2pt; line-height: 115%;\"><span style=\"font-size: 14.0pt; line-height: 115%; font-family: 'Maiandra GD','sans-serif';\">\u00a0<\/span><\/p>\n<p style=\"margin: 0cm; margin-bottom: .0001pt; text-align: justify; text-indent: 14.2pt; line-height: 115%;\"><span style=\"font-size: 14.0pt; line-height: 115%; font-family: 'Maiandra GD','sans-serif';\">Cette double reconnaissance marque une \u00e9tape significative dans la collaboration eccl\u00e9siale et diplomatique entre le Saint-Si\u00e8ge, le Burkina Faso et le Niger. Mgr \u00c9ric SOVIGUIDI, Nonce Apostolique au Burkina Faso et au Niger, pourra ainsi pleinement exercer sa mission pastorale et diplomatique aupr\u00e8s des deux \u00c9glises particuli\u00e8res qui forment une m\u00eame Conf\u00e9rence Episcopale, dans un esprit de communion et de service.<\/span><\/p>\n","protected":false},"excerpt":{"rendered":"<p>La Conf\u00e9rence Episcopale Burkina-Niger a le plaisir d\u2019annoncer la nomination officielle de Son Excellence Mgr \u00c9ric SOVIGUIDI, nouveau Nonce Apostolique aupr\u00e8s de la R\u00e9publique du Niger. \u00a0 En raison de &#8230;<\/p>\n","protected":false},"author":3,"featured_media":0,"comment_status":"open","ping_status":"open","sticky":false,"template":"","format":"standard","meta":{"footnotes":""},"categories":[1],"tags":[],"class_list":["post-2150","post","type-post","status-publish","format-standard","category-non-classe"],"_links":{"self":[{"href":"https:\/\/eglisecatholiqueniger.org\/index.php\/wp-json\/wp\/v2\/posts\/2150","targetHints":{"allow":["GET"]}}],"collection":[{"href":"https:\/\/eglisecatholiqueniger.org\/index.php\/wp-json\/wp\/v2\/posts"}],"about":[{"href":"https:\/\/eglisecatholiqueniger.org\/index.php\/wp-json\/wp\/v2\/types\/post"}],"author":[{"embeddable":true,"href":"https:\/\/eglisecatholiqueniger.org\/index.php\/wp-json\/wp\/v2\/users\/3"}],"replies":[{"embeddable":true,"href":"https:\/\/eglisecatholiqueniger.org\/index.php\/wp-json\/wp\/v2\/comments?post=2150"}],"version-history":[{"count":14,"href":"https:\/\/eglisecatholiqueniger.org\/index.php\/wp-json\/wp\/v2\/posts\/2150\/revisions"}],"predecessor-version":[{"id":2165,"href":"https:\/\/eglisecatholiqueniger.org\/index.php\/wp-json\/wp\/v2\/posts\/2150\/revisions\/2165"}],"wp:attachment":[{"href":"https:\/\/eglisecatholiqueniger.org\/index.php\/wp-json\/wp\/v2\/media?parent=2150"}],"wp:term":[{"taxonomy":"category","embeddable":true,"href":"https:\/\/eglisecatholiqueniger.org\/index.php\/wp-json\/wp\/v2\/categories?post=2150"},{"taxonomy":"post_tag","embeddable":true,"href":"https:\/\/eglisecatholiqueniger.org\/index.php\/wp-json\/wp\/v2\/tags?post=2150"}],"curies":[{"name":"wp","href":"https:\/\/api.w.org\/{rel}","templated":true}]}}